{"id":11936,"date":"2015-12-18T09:05:28","date_gmt":"2015-12-18T07:05:28","guid":{"rendered":"https:\/\/iraurgiberritzen.eus\/jornada-pais-marruecos-argelia-ultima-actividad-del-plan-de-accion-2015-para-la-internacionalizacion\/"},"modified":"2015-12-18T09:05:28","modified_gmt":"2015-12-18T07:05:28","slug":"jornada-pais-marruecos-argelia-ultima-actividad-del-plan-de-accion-2015-para-la-internacionalizacion","status":"publish","type":"post","link":"https:\/\/iraurgiberritzen.eus\/es\/jornada-pais-marruecos-argelia-ultima-actividad-del-plan-de-accion-2015-para-la-internacionalizacion\/","title":{"rendered":"Jornada Pa\u00eds: Marruecos-Argelia.  \u00daltima actividad del Plan de Acci\u00f3n 2015 para la Internacionalizaci\u00f3n"},"content":{"rendered":"<p style=\"text-align: justify;\">El pasado 16 de diciembre, en el Palacio Intsausti de Azkoitia, se celebr\u00f3 una sesi\u00f3n bajo el lema \u00abJornada pa\u00eds: Marruecos-Argelia\u00bb, organizada por Iraurgi Berritzen y subvencionada por la Diputaci\u00f3n Foral de Gipuzkoa.<\/p>\n<p>&nbsp;<\/p>\n<p style=\"text-align: justify;\">La ponente de la misma fue Amaia Ferro, Directora de Desarrollo Industrial e Internacionalizaci\u00f3n en la C\u00e1mara de Gipuzkoa.<\/p>\n<p style=\"text-align: justify;\">En la jornada se explicaron los elementos m\u00e1s importantes a la hora de introducirse en esos mercados, como pueden ser algunas costumbres locales as\u00ed como los sectores m\u00e1s importantes de sus respectivas econom\u00edas. Adem\u00e1s de \u00e9sto, hubo oportunidad de intercambiar opiniones entre las empresas participantes, explicando las experiencias de cada una de ellas.<\/p>\n<p style=\"text-align: justify;\">Este a\u00f1o 2015, hemos realizado las siguientes actividades en el marco del Plan de Acci\u00f3n para la internacionalizaci\u00f3n: jornada pa\u00eds sobre M\u00e9xico, jornada pa\u00eds sobre Marruecos y Argelia, una formaci\u00f3n avanzada sobre gesti\u00f3n aduanera, prediagn\u00f3sticos para analizar el nivel de internacionalizaci\u00f3n de las empresas y hojas de ruta.<\/p>\n","protected":false},"excerpt":{"rendered":"<p>El pasado 16 de diciembre, en el Palacio Intsausti de Azkoitia, se celebr\u00f3 una sesi\u00f3n bajo el lema \u00abJornada pa\u00eds: Marruecos-Argelia\u00bb, organizada por Iraurgi Berritzen y subvencionada por la Diputaci\u00f3n Foral de Gipuzkoa. &nbsp; La ponente de la misma fue Amaia Ferro, Directora de Desarrollo Industrial e Internacionalizaci\u00f3n en la C\u00e1mara de Gipuzkoa. En la [&hellip;]<\/p>\n","protected":false},"author":1,"featured_media":18003,"comment_status":"","ping_status":"closed","sticky":false,"template":"","format":"standard","meta":{"_acf_changed":false,"footnotes":""},"categories":[4],"tags":[],"class_list":["post-11936","post","type-post","status-publish","format-standard","has-post-thumbnail","hentry","category-noticias"],"acf":[],"yoast_head":"<!-- This site is optimized with the Yoast SEO plugin v27.4 - https:\/\/yoast.com\/product\/yoast-seo-wordpress\/ -->\n<title>Jornada Pa\u00eds: Marruecos-Argelia. \u00daltima actividad del Plan de Acci\u00f3n 2015 para la Internacionalizaci\u00f3n - Iraurgi Berritzen<\/title>\n<meta name=\"robots\" content=\"index, follow, max-snippet:-1, max-image-preview:large, max-video-preview:-1\" \/>\n<link rel=\"canonical\" href=\"https:\/\/iraurgiberritzen.eus\/es\/jornada-pais-marruecos-argelia-ultima-actividad-del-plan-de-accion-2015-para-la-internacionalizacion\/\" \/>\n<meta property=\"og:locale\" content=\"es_ES\" \/>\n<meta property=\"og:type\" content=\"article\" \/>\n<meta property=\"og:title\" content=\"Jornada Pa\u00eds: Marruecos-Argelia. \u00daltima actividad del Plan de Acci\u00f3n 2015 para la Internacionalizaci\u00f3n - Iraurgi Berritzen\" \/>\n<meta property=\"og:description\" content=\"El pasado 16 de diciembre, en el Palacio Intsausti de Azkoitia, se celebr\u00f3 una sesi\u00f3n bajo el lema \u00abJornada pa\u00eds: Marruecos-Argelia\u00bb, organizada por Iraurgi Berritzen y subvencionada por la Diputaci\u00f3n Foral de Gipuzkoa. &nbsp; La ponente de la misma fue Amaia Ferro, Directora de Desarrollo Industrial e Internacionalizaci\u00f3n en la C\u00e1mara de Gipuzkoa. En la [&hellip;]\" \/>\n<meta property=\"og:url\" content=\"https:\/\/iraurgiberritzen.eus\/es\/jornada-pais-marruecos-argelia-ultima-actividad-del-plan-de-accion-2015-para-la-internacionalizacion\/\" \/>\n<meta property=\"og:site_name\" content=\"Iraurgi Berritzen\" \/>\n<meta property=\"article:published_time\" content=\"2015-12-18T07:05:28+00:00\" \/>\n<meta name=\"author\" content=\"kudeatzailea\" \/>\n<meta name=\"twitter:card\" content=\"summary_large_image\" \/>\n<meta name=\"twitter:label1\" content=\"Escrito por\" \/>\n\t<meta name=\"twitter:data1\" content=\"kudeatzailea\" \/>\n\t<meta name=\"twitter:label2\" content=\"Tiempo de lectura\" \/>\n\t<meta name=\"twitter:data2\" content=\"1 minuto\" \/>\n<script type=\"application\/ld+json\" class=\"yoast-schema-graph\">{\"@context\":\"https:\\\/\\\/schema.org\",\"@graph\":[{\"@type\":\"Article\",\"@id\":\"https:\\\/\\\/iraurgiberritzen.eus\\\/es\\\/jornada-pais-marruecos-argelia-ultima-actividad-del-plan-de-accion-2015-para-la-internacionalizacion\\\/#article\",\"isPartOf\":{\"@id\":\"https:\\\/\\\/iraurgiberritzen.eus\\\/es\\\/jornada-pais-marruecos-argelia-ultima-actividad-del-plan-de-accion-2015-para-la-internacionalizacion\\\/\"},\"author\":{\"name\":\"kudeatzailea\",\"@id\":\"https:\\\/\\\/iraurgiberritzen.eus\\\/es\\\/#\\\/schema\\\/person\\\/5ab41aaf388a9097177601ebf45738d2\"},\"headline\":\"Jornada Pa\u00eds: Marruecos-Argelia. \u00daltima actividad del Plan de Acci\u00f3n 2015 para la Internacionalizaci\u00f3n\",\"datePublished\":\"2015-12-18T07:05:28+00:00\",\"mainEntityOfPage\":{\"@id\":\"https:\\\/\\\/iraurgiberritzen.eus\\\/es\\\/jornada-pais-marruecos-argelia-ultima-actividad-del-plan-de-accion-2015-para-la-internacionalizacion\\\/\"},\"wordCount\":186,\"publisher\":{\"@id\":\"https:\\\/\\\/iraurgiberritzen.eus\\\/es\\\/#organization\"},\"image\":{\"@id\":\"https:\\\/\\\/iraurgiberritzen.eus\\\/es\\\/jornada-pais-marruecos-argelia-ultima-actividad-del-plan-de-accion-2015-para-la-internacionalizacion\\\/#primaryimage\"},\"thumbnailUrl\":\"https:\\\/\\\/iraurgiberritzen.eus\\\/wp-content\\\/uploads\\\/2023\\\/09\\\/0fcccca5b510e5bb86a94045046d252d.jpg\",\"articleSection\":[\"Noticias\"],\"inLanguage\":\"es\"},{\"@type\":\"WebPage\",\"@id\":\"https:\\\/\\\/iraurgiberritzen.eus\\\/es\\\/jornada-pais-marruecos-argelia-ultima-actividad-del-plan-de-accion-2015-para-la-internacionalizacion\\\/\",\"url\":\"https:\\\/\\\/iraurgiberritzen.eus\\\/es\\\/jornada-pais-marruecos-argelia-ultima-actividad-del-plan-de-accion-2015-para-la-internacionalizacion\\\/\",\"name\":\"Jornada Pa\u00eds: Marruecos-Argelia. \u00daltima actividad del Plan de Acci\u00f3n 2015 para la Internacionalizaci\u00f3n - Iraurgi Berritzen\",\"isPartOf\":{\"@id\":\"https:\\\/\\\/iraurgiberritzen.eus\\\/es\\\/#website\"},\"primaryImageOfPage\":{\"@id\":\"https:\\\/\\\/iraurgiberritzen.eus\\\/es\\\/jornada-pais-marruecos-argelia-ultima-actividad-del-plan-de-accion-2015-para-la-internacionalizacion\\\/#primaryimage\"},\"image\":{\"@id\":\"https:\\\/\\\/iraurgiberritzen.eus\\\/es\\\/jornada-pais-marruecos-argelia-ultima-actividad-del-plan-de-accion-2015-para-la-internacionalizacion\\\/#primaryimage\"},\"thumbnailUrl\":\"https:\\\/\\\/iraurgiberritzen.eus\\\/wp-content\\\/uploads\\\/2023\\\/09\\\/0fcccca5b510e5bb86a94045046d252d.jpg\",\"datePublished\":\"2015-12-18T07:05:28+00:00\",\"breadcrumb\":{\"@id\":\"https:\\\/\\\/iraurgiberritzen.eus\\\/es\\\/jornada-pais-marruecos-argelia-ultima-actividad-del-plan-de-accion-2015-para-la-internacionalizacion\\\/#breadcrumb\"},\"inLanguage\":\"es\",\"potentialAction\":[{\"@type\":\"ReadAction\",\"target\":[\"https:\\\/\\\/iraurgiberritzen.eus\\\/es\\\/jornada-pais-marruecos-argelia-ultima-actividad-del-plan-de-accion-2015-para-la-internacionalizacion\\\/\"]}]},{\"@type\":\"ImageObject\",\"inLanguage\":\"es\",\"@id\":\"https:\\\/\\\/iraurgiberritzen.eus\\\/es\\\/jornada-pais-marruecos-argelia-ultima-actividad-del-plan-de-accion-2015-para-la-internacionalizacion\\\/#primaryimage\",\"url\":\"https:\\\/\\\/iraurgiberritzen.eus\\\/wp-content\\\/uploads\\\/2023\\\/09\\\/0fcccca5b510e5bb86a94045046d252d.jpg\",\"contentUrl\":\"https:\\\/\\\/iraurgiberritzen.eus\\\/wp-content\\\/uploads\\\/2023\\\/09\\\/0fcccca5b510e5bb86a94045046d252d.jpg\",\"width\":600,\"height\":390},{\"@type\":\"BreadcrumbList\",\"@id\":\"https:\\\/\\\/iraurgiberritzen.eus\\\/es\\\/jornada-pais-marruecos-argelia-ultima-actividad-del-plan-de-accion-2015-para-la-internacionalizacion\\\/#breadcrumb\",\"itemListElement\":[{\"@type\":\"ListItem\",\"position\":1,\"name\":\"Home\",\"item\":\"https:\\\/\\\/iraurgiberritzen.eus\\\/es\\\/\"},{\"@type\":\"ListItem\",\"position\":2,\"name\":\"Jornada Pa\u00eds: Marruecos-Argelia. \u00daltima actividad del Plan de Acci\u00f3n 2015 para la Internacionalizaci\u00f3n\"}]},{\"@type\":\"WebSite\",\"@id\":\"https:\\\/\\\/iraurgiberritzen.eus\\\/es\\\/#website\",\"url\":\"https:\\\/\\\/iraurgiberritzen.eus\\\/es\\\/\",\"name\":\"Iraurgi Berritzen\",\"description\":\"Urola Erdiko Garapen Agentzia\",\"publisher\":{\"@id\":\"https:\\\/\\\/iraurgiberritzen.eus\\\/es\\\/#organization\"},\"potentialAction\":[{\"@type\":\"SearchAction\",\"target\":{\"@type\":\"EntryPoint\",\"urlTemplate\":\"https:\\\/\\\/iraurgiberritzen.eus\\\/es\\\/?s={search_term_string}\"},\"query-input\":{\"@type\":\"PropertyValueSpecification\",\"valueRequired\":true,\"valueName\":\"search_term_string\"}}],\"inLanguage\":\"es\"},{\"@type\":\"Organization\",\"@id\":\"https:\\\/\\\/iraurgiberritzen.eus\\\/es\\\/#organization\",\"name\":\"Iraurgi Berritzen\",\"url\":\"https:\\\/\\\/iraurgiberritzen.eus\\\/es\\\/\",\"logo\":{\"@type\":\"ImageObject\",\"inLanguage\":\"es\",\"@id\":\"https:\\\/\\\/iraurgiberritzen.eus\\\/es\\\/#\\\/schema\\\/logo\\\/image\\\/\",\"url\":\"https:\\\/\\\/iraurgiberritzen.eus\\\/wp-content\\\/uploads\\\/2024\\\/02\\\/IRAURGI-BERRITZEN-logotipoa_2.png\",\"contentUrl\":\"https:\\\/\\\/iraurgiberritzen.eus\\\/wp-content\\\/uploads\\\/2024\\\/02\\\/IRAURGI-BERRITZEN-logotipoa_2.png\",\"width\":496,\"height\":190,\"caption\":\"Iraurgi Berritzen\"},\"image\":{\"@id\":\"https:\\\/\\\/iraurgiberritzen.eus\\\/es\\\/#\\\/schema\\\/logo\\\/image\\\/\"}},{\"@type\":\"Person\",\"@id\":\"https:\\\/\\\/iraurgiberritzen.eus\\\/es\\\/#\\\/schema\\\/person\\\/5ab41aaf388a9097177601ebf45738d2\",\"name\":\"kudeatzailea\",\"sameAs\":[\"https:\\\/\\\/iraurgiberritzen.eus\"]}]}<\/script>\n<!-- \/ Yoast SEO plugin. -->","yoast_head_json":{"title":"Jornada Pa\u00eds: Marruecos-Argelia. \u00daltima actividad del Plan de Acci\u00f3n 2015 para la Internacionalizaci\u00f3n - Iraurgi Berritzen","robots":{"index":"index","follow":"follow","max-snippet":"max-snippet:-1","max-image-preview":"max-image-preview:large","max-video-preview":"max-video-preview:-1"},"canonical":"https:\/\/iraurgiberritzen.eus\/es\/jornada-pais-marruecos-argelia-ultima-actividad-del-plan-de-accion-2015-para-la-internacionalizacion\/","og_locale":"es_ES","og_type":"article","og_title":"Jornada Pa\u00eds: Marruecos-Argelia. \u00daltima actividad del Plan de Acci\u00f3n 2015 para la Internacionalizaci\u00f3n - Iraurgi Berritzen","og_description":"El pasado 16 de diciembre, en el Palacio Intsausti de Azkoitia, se celebr\u00f3 una sesi\u00f3n bajo el lema \u00abJornada pa\u00eds: Marruecos-Argelia\u00bb, organizada por Iraurgi Berritzen y subvencionada por la Diputaci\u00f3n Foral de Gipuzkoa. &nbsp; La ponente de la misma fue Amaia Ferro, Directora de Desarrollo Industrial e Internacionalizaci\u00f3n en la C\u00e1mara de Gipuzkoa. En la [&hellip;]","og_url":"https:\/\/iraurgiberritzen.eus\/es\/jornada-pais-marruecos-argelia-ultima-actividad-del-plan-de-accion-2015-para-la-internacionalizacion\/","og_site_name":"Iraurgi Berritzen","article_published_time":"2015-12-18T07:05:28+00:00","author":"kudeatzailea","twitter_card":"summary_large_image","twitter_misc":{"Escrito por":"kudeatzailea","Tiempo de lectura":"1 minuto"},"schema":{"@context":"https:\/\/schema.org","@graph":[{"@type":"Article","@id":"https:\/\/iraurgiberritzen.eus\/es\/jornada-pais-marruecos-argelia-ultima-actividad-del-plan-de-accion-2015-para-la-internacionalizacion\/#article","isPartOf":{"@id":"https:\/\/iraurgiberritzen.eus\/es\/jornada-pais-marruecos-argelia-ultima-actividad-del-plan-de-accion-2015-para-la-internacionalizacion\/"},"author":{"name":"kudeatzailea","@id":"https:\/\/iraurgiberritzen.eus\/es\/#\/schema\/person\/5ab41aaf388a9097177601ebf45738d2"},"headline":"Jornada Pa\u00eds: Marruecos-Argelia. \u00daltima actividad del Plan de Acci\u00f3n 2015 para la Internacionalizaci\u00f3n","datePublished":"2015-12-18T07:05:28+00:00","mainEntityOfPage":{"@id":"https:\/\/iraurgiberritzen.eus\/es\/jornada-pais-marruecos-argelia-ultima-actividad-del-plan-de-accion-2015-para-la-internacionalizacion\/"},"wordCount":186,"publisher":{"@id":"https:\/\/iraurgiberritzen.eus\/es\/#organization"},"image":{"@id":"https:\/\/iraurgiberritzen.eus\/es\/jornada-pais-marruecos-argelia-ultima-actividad-del-plan-de-accion-2015-para-la-internacionalizacion\/#primaryimage"},"thumbnailUrl":"https:\/\/iraurgiberritzen.eus\/wp-content\/uploads\/2023\/09\/0fcccca5b510e5bb86a94045046d252d.jpg","articleSection":["Noticias"],"inLanguage":"es"},{"@type":"WebPage","@id":"https:\/\/iraurgiberritzen.eus\/es\/jornada-pais-marruecos-argelia-ultima-actividad-del-plan-de-accion-2015-para-la-internacionalizacion\/","url":"https:\/\/iraurgiberritzen.eus\/es\/jornada-pais-marruecos-argelia-ultima-actividad-del-plan-de-accion-2015-para-la-internacionalizacion\/","name":"Jornada Pa\u00eds: Marruecos-Argelia. \u00daltima actividad del Plan de Acci\u00f3n 2015 para la Internacionalizaci\u00f3n - Iraurgi Berritzen","isPartOf":{"@id":"https:\/\/iraurgiberritzen.eus\/es\/#website"},"primaryImageOfPage":{"@id":"https:\/\/iraurgiberritzen.eus\/es\/jornada-pais-marruecos-argelia-ultima-actividad-del-plan-de-accion-2015-para-la-internacionalizacion\/#primaryimage"},"image":{"@id":"https:\/\/iraurgiberritzen.eus\/es\/jornada-pais-marruecos-argelia-ultima-actividad-del-plan-de-accion-2015-para-la-internacionalizacion\/#primaryimage"},"thumbnailUrl":"https:\/\/iraurgiberritzen.eus\/wp-content\/uploads\/2023\/09\/0fcccca5b510e5bb86a94045046d252d.jpg","datePublished":"2015-12-18T07:05:28+00:00","breadcrumb":{"@id":"https:\/\/iraurgiberritzen.eus\/es\/jornada-pais-marruecos-argelia-ultima-actividad-del-plan-de-accion-2015-para-la-internacionalizacion\/#breadcrumb"},"inLanguage":"es","potentialAction":[{"@type":"ReadAction","target":["https:\/\/iraurgiberritzen.eus\/es\/jornada-pais-marruecos-argelia-ultima-actividad-del-plan-de-accion-2015-para-la-internacionalizacion\/"]}]},{"@type":"ImageObject","inLanguage":"es","@id":"https:\/\/iraurgiberritzen.eus\/es\/jornada-pais-marruecos-argelia-ultima-actividad-del-plan-de-accion-2015-para-la-internacionalizacion\/#primaryimage","url":"https:\/\/iraurgiberritzen.eus\/wp-content\/uploads\/2023\/09\/0fcccca5b510e5bb86a94045046d252d.jpg","contentUrl":"https:\/\/iraurgiberritzen.eus\/wp-content\/uploads\/2023\/09\/0fcccca5b510e5bb86a94045046d252d.jpg","width":600,"height":390},{"@type":"BreadcrumbList","@id":"https:\/\/iraurgiberritzen.eus\/es\/jornada-pais-marruecos-argelia-ultima-actividad-del-plan-de-accion-2015-para-la-internacionalizacion\/#breadcrumb","itemListElement":[{"@type":"ListItem","position":1,"name":"Home","item":"https:\/\/iraurgiberritzen.eus\/es\/"},{"@type":"ListItem","position":2,"name":"Jornada Pa\u00eds: Marruecos-Argelia. \u00daltima actividad del Plan de Acci\u00f3n 2015 para la Internacionalizaci\u00f3n"}]},{"@type":"WebSite","@id":"https:\/\/iraurgiberritzen.eus\/es\/#website","url":"https:\/\/iraurgiberritzen.eus\/es\/","name":"Iraurgi Berritzen","description":"Urola Erdiko Garapen Agentzia","publisher":{"@id":"https:\/\/iraurgiberritzen.eus\/es\/#organization"},"potentialAction":[{"@type":"SearchAction","target":{"@type":"EntryPoint","urlTemplate":"https:\/\/iraurgiberritzen.eus\/es\/?s={search_term_string}"},"query-input":{"@type":"PropertyValueSpecification","valueRequired":true,"valueName":"search_term_string"}}],"inLanguage":"es"},{"@type":"Organization","@id":"https:\/\/iraurgiberritzen.eus\/es\/#organization","name":"Iraurgi Berritzen","url":"https:\/\/iraurgiberritzen.eus\/es\/","logo":{"@type":"ImageObject","inLanguage":"es","@id":"https:\/\/iraurgiberritzen.eus\/es\/#\/schema\/logo\/image\/","url":"https:\/\/iraurgiberritzen.eus\/wp-content\/uploads\/2024\/02\/IRAURGI-BERRITZEN-logotipoa_2.png","contentUrl":"https:\/\/iraurgiberritzen.eus\/wp-content\/uploads\/2024\/02\/IRAURGI-BERRITZEN-logotipoa_2.png","width":496,"height":190,"caption":"Iraurgi Berritzen"},"image":{"@id":"https:\/\/iraurgiberritzen.eus\/es\/#\/schema\/logo\/image\/"}},{"@type":"Person","@id":"https:\/\/iraurgiberritzen.eus\/es\/#\/schema\/person\/5ab41aaf388a9097177601ebf45738d2","name":"kudeatzailea","sameAs":["https:\/\/iraurgiberritzen.eus"]}]}},"_links":{"self":[{"href":"https:\/\/iraurgiberritzen.eus\/es\/wp-json\/wp\/v2\/posts\/11936","targetHints":{"allow":["GET"]}}],"collection":[{"href":"https:\/\/iraurgiberritzen.eus\/es\/wp-json\/wp\/v2\/posts"}],"about":[{"href":"https:\/\/iraurgiberritzen.eus\/es\/wp-json\/wp\/v2\/types\/post"}],"author":[{"embeddable":true,"href":"https:\/\/iraurgiberritzen.eus\/es\/wp-json\/wp\/v2\/users\/1"}],"replies":[{"embeddable":true,"href":"https:\/\/iraurgiberritzen.eus\/es\/wp-json\/wp\/v2\/comments?post=11936"}],"version-history":[{"count":0,"href":"https:\/\/iraurgiberritzen.eus\/es\/wp-json\/wp\/v2\/posts\/11936\/revisions"}],"wp:featuredmedia":[{"embeddable":true,"href":"https:\/\/iraurgiberritzen.eus\/es\/wp-json\/wp\/v2\/media\/18003"}],"wp:attachment":[{"href":"https:\/\/iraurgiberritzen.eus\/es\/wp-json\/wp\/v2\/media?parent=11936"}],"wp:term":[{"taxonomy":"category","embeddable":true,"href":"https:\/\/iraurgiberritzen.eus\/es\/wp-json\/wp\/v2\/categories?post=11936"},{"taxonomy":"post_tag","embeddable":true,"href":"https:\/\/iraurgiberritzen.eus\/es\/wp-json\/wp\/v2\/tags?post=11936"}],"curies":[{"name":"wp","href":"https:\/\/api.w.org\/{rel}","templated":true}]}}