{"id":11942,"date":"2016-01-21T09:00:19","date_gmt":"2016-01-21T07:00:19","guid":{"rendered":"https:\/\/iraurgiberritzen.eus\/urola-kidetuz-red-de-colaboracion-del-sector-madera-mueble-del-valle-del-urola\/"},"modified":"2016-01-21T09:00:19","modified_gmt":"2016-01-21T07:00:19","slug":"urola-kidetuz-red-de-colaboracion-del-sector-madera-mueble-del-valle-del-urola","status":"publish","type":"post","link":"https:\/\/iraurgiberritzen.eus\/es\/urola-kidetuz-red-de-colaboracion-del-sector-madera-mueble-del-valle-del-urola\/","title":{"rendered":"UROLA KIDEtuz  Red de colaboraci\u00f3n del sector madera-mueble del valle del Urola"},"content":{"rendered":"<p style=\"text-align: justify;\"><strong>Proyecto UROLA KIDEtuz: proyecto de colaboraci\u00f3n de agentes p\u00fablicos y agentes y empresas del sector de la madera-mueble para fomentar la cooperaci\u00f3n y la identificaci\u00f3n de proyectos de diversificaci\u00f3n del sector estrat\u00e9gico de la madera y mueble, desarrollado por las agencias de desarrollo del valle del Urola (Uggasa, Iraurgi Berritzen y la Mancomunidad Urola Kosta).<\/strong><\/p>\n<p><strong>El proyecto, se ha desarrollado durante tres a\u00f1os (2013-2015).<\/strong><\/p>\n<p><strong>El valle del Urola cuenta con una larga tradici\u00f3n en el sector de la madera y del mueble, con una presencia desigual en casi todas las actividades de la cadena de valor y una oferta heterog\u00e9nea de productos, siendo la madera su componente principal.<\/strong><\/p>\n<p style=\"text-align: justify;\">Habiendo estado tradicionalmente el sector muy vinculado a la construcci\u00f3n, presenta adem\u00e1s una gran sensibilidad a factores como las variaciones del consumo familiar, entre otros.<\/p>\n<p style=\"text-align: justify;\">Este sector viene de atravesar un fuerte proceso de restructuraci\u00f3n que, aunque m\u00e1s tard\u00edo, ha sido com\u00fan al de otros pa\u00edses europeos. Sin embargo, en la actualidad se le presenta un nuevo horizonte de oportunidades de la mano de la revalorizaci\u00f3n de la madera como materia prima, desde la perspectiva de la sostenibilidad medioambiental.<\/p>\n<p style=\"text-align: justify;\">Estas consideraciones han estado en el origen de la apuesta de las tres agencias de desarrollo del Urola al impulsar el proyecto UROLA KIDEtuz, que trata de reforzar a las empresas del sector a trav\u00e9s de la b\u00fasqueda de nuevos productos y mercados, apoyando su diversificaci\u00f3n y adaptaci\u00f3n a este nuevo horizonte.<\/p>\n<p style=\"text-align: justify;\">Este proyecto, de tres a\u00f1os de duraci\u00f3n (2013-2015), se ha desarrollado dentro del marco del programa PO FSE 2007-2013 \u00abEmpleos Estrat\u00e9gicos\u00bb y, desde su concepci\u00f3n y filosof\u00eda, se ha tratado de un proyecto abierto a la colaboraci\u00f3n e intercambio con todos aquellos agentes del sector, tanto p\u00fablicos como privados.<\/p>\n<p style=\"text-align: justify;\">Durante este \u00faltimo a\u00f1o de proyecto, se ha trabajado con 10 empresas del valle en la elaboraci\u00f3n de planes de diversificaci\u00f3n sectoriales y de mercado y en paralelo, se ha realizado un estudio sobre materiales complementarios a la madera. Para finalizar el proyecto, se desarrollo una jornada el pasado mes de Diciembre.<\/p>\n<p style=\"text-align: justify;\">Con el fin de finalizar esta iniciativa se ha elaborado y publicado un cat\u00e1logo de referencia que recoge los servicios y productos que ofertan las empresas participantes.<\/p>\n<p style=\"text-align: justify;\">ORGANIZADORES\/AS<\/p>\n<ul>\n<li style=\"text-align: justify;\">Iraurgi Berritzen<\/li>\n<li style=\"text-align: justify;\">UGGASA<\/li>\n<li style=\"text-align: justify;\">Urola Kostako Udal Elkartea<\/li>\n<\/ul>\n<p style=\"text-align: justify;\">EMPRESAS PARTICIPANTES<\/p>\n<ul>\n<li style=\"text-align: justify;\">Arrona Hermanos SL (Induo)<\/li>\n<li style=\"text-align: justify;\">Ongi Mecanizados en Madera SL<\/li>\n<li style=\"text-align: justify;\">Muebles Uria Bi Gipuzkoa SL<\/li>\n<li style=\"text-align: justify;\">Lita-Kit SLU (Muebles Lotegi)<\/li>\n<li style=\"text-align: justify;\">Manipulaci\u00f3n Mendizabal SL<\/li>\n<li style=\"text-align: justify;\">Modelos Ezguba SA<\/li>\n<li style=\"text-align: justify;\">Escaleras Interiores de Madera SL (Eima)<\/li>\n<li style=\"text-align: justify;\">Barnizados Lixatu SL<\/li>\n<li style=\"text-align: justify;\">ISEQ Azpeitia SLL<\/li>\n<li style=\"text-align: justify;\">Arimar SL<\/li>\n<\/ul>\n<p>En este <a href=\"images\/iraurgiberritzen\/berriak\/2016\/kidetuz_katalogoa_def-ilovepdf-compressed.pdf\" target=\"_blank\" rel=\"noopener\">enlace<\/a> se puede ver el cat\u00e1logo de este proyecto.<\/p>\n","protected":false},"excerpt":{"rendered":"<p>Proyecto UROLA KIDEtuz: proyecto de colaboraci\u00f3n de agentes p\u00fablicos y agentes y empresas del sector de la madera-mueble para fomentar la cooperaci\u00f3n y la identificaci\u00f3n de proyectos de diversificaci\u00f3n del sector estrat\u00e9gico de la madera y mueble, desarrollado por las agencias de desarrollo del valle del Urola (Uggasa, Iraurgi Berritzen y la Mancomunidad Urola Kosta). [&hellip;]<\/p>\n","protected":false},"author":1,"featured_media":18005,"comment_status":"","ping_status":"closed","sticky":false,"template":"","format":"standard","meta":{"_acf_changed":false,"footnotes":""},"categories":[4],"tags":[],"class_list":["post-11942","post","type-post","status-publish","format-standard","has-post-thumbnail","hentry","category-noticias"],"acf":[],"yoast_head":"<!-- This site is optimized with the Yoast SEO plugin v27.4 - https:\/\/yoast.com\/product\/yoast-seo-wordpress\/ -->\n<title>UROLA KIDEtuz Red de colaboraci\u00f3n del sector madera-mueble del valle del Urola - Iraurgi Berritzen<\/title>\n<meta name=\"robots\" content=\"index, follow, max-snippet:-1, max-image-preview:large, max-video-preview:-1\" \/>\n<link rel=\"canonical\" href=\"https:\/\/iraurgiberritzen.eus\/es\/urola-kidetuz-red-de-colaboracion-del-sector-madera-mueble-del-valle-del-urola\/\" \/>\n<meta property=\"og:locale\" content=\"es_ES\" \/>\n<meta property=\"og:type\" content=\"article\" \/>\n<meta property=\"og:title\" content=\"UROLA KIDEtuz Red de colaboraci\u00f3n del sector madera-mueble del valle del Urola - Iraurgi Berritzen\" \/>\n<meta property=\"og:description\" content=\"Proyecto UROLA KIDEtuz: proyecto de colaboraci\u00f3n de agentes p\u00fablicos y agentes y empresas del sector de la madera-mueble para fomentar la cooperaci\u00f3n y la identificaci\u00f3n de proyectos de diversificaci\u00f3n del sector estrat\u00e9gico de la madera y mueble, desarrollado por las agencias de desarrollo del valle del Urola (Uggasa, Iraurgi Berritzen y la Mancomunidad Urola Kosta). [&hellip;]\" \/>\n<meta property=\"og:url\" content=\"https:\/\/iraurgiberritzen.eus\/es\/urola-kidetuz-red-de-colaboracion-del-sector-madera-mueble-del-valle-del-urola\/\" \/>\n<meta property=\"og:site_name\" content=\"Iraurgi Berritzen\" \/>\n<meta property=\"article:published_time\" content=\"2016-01-21T07:00:19+00:00\" \/>\n<meta name=\"author\" content=\"kudeatzailea\" \/>\n<meta name=\"twitter:card\" content=\"summary_large_image\" \/>\n<meta name=\"twitter:label1\" content=\"Escrito por\" \/>\n\t<meta name=\"twitter:data1\" content=\"kudeatzailea\" \/>\n\t<meta name=\"twitter:label2\" content=\"Tiempo de lectura\" \/>\n\t<meta name=\"twitter:data2\" content=\"2 minutos\" \/>\n<script type=\"application\/ld+json\" class=\"yoast-schema-graph\">{\"@context\":\"https:\\\/\\\/schema.org\",\"@graph\":[{\"@type\":\"Article\",\"@id\":\"https:\\\/\\\/iraurgiberritzen.eus\\\/es\\\/urola-kidetuz-red-de-colaboracion-del-sector-madera-mueble-del-valle-del-urola\\\/#article\",\"isPartOf\":{\"@id\":\"https:\\\/\\\/iraurgiberritzen.eus\\\/es\\\/urola-kidetuz-red-de-colaboracion-del-sector-madera-mueble-del-valle-del-urola\\\/\"},\"author\":{\"name\":\"kudeatzailea\",\"@id\":\"https:\\\/\\\/iraurgiberritzen.eus\\\/es\\\/#\\\/schema\\\/person\\\/5ab41aaf388a9097177601ebf45738d2\"},\"headline\":\"UROLA KIDEtuz Red de colaboraci\u00f3n del sector madera-mueble del valle del Urola\",\"datePublished\":\"2016-01-21T07:00:19+00:00\",\"mainEntityOfPage\":{\"@id\":\"https:\\\/\\\/iraurgiberritzen.eus\\\/es\\\/urola-kidetuz-red-de-colaboracion-del-sector-madera-mueble-del-valle-del-urola\\\/\"},\"wordCount\":473,\"publisher\":{\"@id\":\"https:\\\/\\\/iraurgiberritzen.eus\\\/es\\\/#organization\"},\"image\":{\"@id\":\"https:\\\/\\\/iraurgiberritzen.eus\\\/es\\\/urola-kidetuz-red-de-colaboracion-del-sector-madera-mueble-del-valle-del-urola\\\/#primaryimage\"},\"thumbnailUrl\":\"https:\\\/\\\/iraurgiberritzen.eus\\\/wp-content\\\/uploads\\\/2023\\\/09\\\/9189082f4804c1ab16e77d2cfe8d09d4.jpg\",\"articleSection\":[\"Noticias\"],\"inLanguage\":\"es\"},{\"@type\":\"WebPage\",\"@id\":\"https:\\\/\\\/iraurgiberritzen.eus\\\/es\\\/urola-kidetuz-red-de-colaboracion-del-sector-madera-mueble-del-valle-del-urola\\\/\",\"url\":\"https:\\\/\\\/iraurgiberritzen.eus\\\/es\\\/urola-kidetuz-red-de-colaboracion-del-sector-madera-mueble-del-valle-del-urola\\\/\",\"name\":\"UROLA KIDEtuz Red de colaboraci\u00f3n del sector madera-mueble del valle del Urola - Iraurgi Berritzen\",\"isPartOf\":{\"@id\":\"https:\\\/\\\/iraurgiberritzen.eus\\\/es\\\/#website\"},\"primaryImageOfPage\":{\"@id\":\"https:\\\/\\\/iraurgiberritzen.eus\\\/es\\\/urola-kidetuz-red-de-colaboracion-del-sector-madera-mueble-del-valle-del-urola\\\/#primaryimage\"},\"image\":{\"@id\":\"https:\\\/\\\/iraurgiberritzen.eus\\\/es\\\/urola-kidetuz-red-de-colaboracion-del-sector-madera-mueble-del-valle-del-urola\\\/#primaryimage\"},\"thumbnailUrl\":\"https:\\\/\\\/iraurgiberritzen.eus\\\/wp-content\\\/uploads\\\/2023\\\/09\\\/9189082f4804c1ab16e77d2cfe8d09d4.jpg\",\"datePublished\":\"2016-01-21T07:00:19+00:00\",\"breadcrumb\":{\"@id\":\"https:\\\/\\\/iraurgiberritzen.eus\\\/es\\\/urola-kidetuz-red-de-colaboracion-del-sector-madera-mueble-del-valle-del-urola\\\/#breadcrumb\"},\"inLanguage\":\"es\",\"potentialAction\":[{\"@type\":\"ReadAction\",\"target\":[\"https:\\\/\\\/iraurgiberritzen.eus\\\/es\\\/urola-kidetuz-red-de-colaboracion-del-sector-madera-mueble-del-valle-del-urola\\\/\"]}]},{\"@type\":\"ImageObject\",\"inLanguage\":\"es\",\"@id\":\"https:\\\/\\\/iraurgiberritzen.eus\\\/es\\\/urola-kidetuz-red-de-colaboracion-del-sector-madera-mueble-del-valle-del-urola\\\/#primaryimage\",\"url\":\"https:\\\/\\\/iraurgiberritzen.eus\\\/wp-content\\\/uploads\\\/2023\\\/09\\\/9189082f4804c1ab16e77d2cfe8d09d4.jpg\",\"contentUrl\":\"https:\\\/\\\/iraurgiberritzen.eus\\\/wp-content\\\/uploads\\\/2023\\\/09\\\/9189082f4804c1ab16e77d2cfe8d09d4.jpg\",\"width\":600,\"height\":390},{\"@type\":\"BreadcrumbList\",\"@id\":\"https:\\\/\\\/iraurgiberritzen.eus\\\/es\\\/urola-kidetuz-red-de-colaboracion-del-sector-madera-mueble-del-valle-del-urola\\\/#breadcrumb\",\"itemListElement\":[{\"@type\":\"ListItem\",\"position\":1,\"name\":\"Home\",\"item\":\"https:\\\/\\\/iraurgiberritzen.eus\\\/es\\\/\"},{\"@type\":\"ListItem\",\"position\":2,\"name\":\"UROLA KIDEtuz Red de colaboraci\u00f3n del sector madera-mueble del valle del Urola\"}]},{\"@type\":\"WebSite\",\"@id\":\"https:\\\/\\\/iraurgiberritzen.eus\\\/es\\\/#website\",\"url\":\"https:\\\/\\\/iraurgiberritzen.eus\\\/es\\\/\",\"name\":\"Iraurgi Berritzen\",\"description\":\"Urola Erdiko Garapen Agentzia\",\"publisher\":{\"@id\":\"https:\\\/\\\/iraurgiberritzen.eus\\\/es\\\/#organization\"},\"potentialAction\":[{\"@type\":\"SearchAction\",\"target\":{\"@type\":\"EntryPoint\",\"urlTemplate\":\"https:\\\/\\\/iraurgiberritzen.eus\\\/es\\\/?s={search_term_string}\"},\"query-input\":{\"@type\":\"PropertyValueSpecification\",\"valueRequired\":true,\"valueName\":\"search_term_string\"}}],\"inLanguage\":\"es\"},{\"@type\":\"Organization\",\"@id\":\"https:\\\/\\\/iraurgiberritzen.eus\\\/es\\\/#organization\",\"name\":\"Iraurgi Berritzen\",\"url\":\"https:\\\/\\\/iraurgiberritzen.eus\\\/es\\\/\",\"logo\":{\"@type\":\"ImageObject\",\"inLanguage\":\"es\",\"@id\":\"https:\\\/\\\/iraurgiberritzen.eus\\\/es\\\/#\\\/schema\\\/logo\\\/image\\\/\",\"url\":\"https:\\\/\\\/iraurgiberritzen.eus\\\/wp-content\\\/uploads\\\/2024\\\/02\\\/IRAURGI-BERRITZEN-logotipoa_2.png\",\"contentUrl\":\"https:\\\/\\\/iraurgiberritzen.eus\\\/wp-content\\\/uploads\\\/2024\\\/02\\\/IRAURGI-BERRITZEN-logotipoa_2.png\",\"width\":496,\"height\":190,\"caption\":\"Iraurgi Berritzen\"},\"image\":{\"@id\":\"https:\\\/\\\/iraurgiberritzen.eus\\\/es\\\/#\\\/schema\\\/logo\\\/image\\\/\"}},{\"@type\":\"Person\",\"@id\":\"https:\\\/\\\/iraurgiberritzen.eus\\\/es\\\/#\\\/schema\\\/person\\\/5ab41aaf388a9097177601ebf45738d2\",\"name\":\"kudeatzailea\",\"sameAs\":[\"https:\\\/\\\/iraurgiberritzen.eus\"]}]}<\/script>\n<!-- \/ Yoast SEO plugin. -->","yoast_head_json":{"title":"UROLA KIDEtuz Red de colaboraci\u00f3n del sector madera-mueble del valle del Urola - Iraurgi Berritzen","robots":{"index":"index","follow":"follow","max-snippet":"max-snippet:-1","max-image-preview":"max-image-preview:large","max-video-preview":"max-video-preview:-1"},"canonical":"https:\/\/iraurgiberritzen.eus\/es\/urola-kidetuz-red-de-colaboracion-del-sector-madera-mueble-del-valle-del-urola\/","og_locale":"es_ES","og_type":"article","og_title":"UROLA KIDEtuz Red de colaboraci\u00f3n del sector madera-mueble del valle del Urola - Iraurgi Berritzen","og_description":"Proyecto UROLA KIDEtuz: proyecto de colaboraci\u00f3n de agentes p\u00fablicos y agentes y empresas del sector de la madera-mueble para fomentar la cooperaci\u00f3n y la identificaci\u00f3n de proyectos de diversificaci\u00f3n del sector estrat\u00e9gico de la madera y mueble, desarrollado por las agencias de desarrollo del valle del Urola (Uggasa, Iraurgi Berritzen y la Mancomunidad Urola Kosta). [&hellip;]","og_url":"https:\/\/iraurgiberritzen.eus\/es\/urola-kidetuz-red-de-colaboracion-del-sector-madera-mueble-del-valle-del-urola\/","og_site_name":"Iraurgi Berritzen","article_published_time":"2016-01-21T07:00:19+00:00","author":"kudeatzailea","twitter_card":"summary_large_image","twitter_misc":{"Escrito por":"kudeatzailea","Tiempo de lectura":"2 minutos"},"schema":{"@context":"https:\/\/schema.org","@graph":[{"@type":"Article","@id":"https:\/\/iraurgiberritzen.eus\/es\/urola-kidetuz-red-de-colaboracion-del-sector-madera-mueble-del-valle-del-urola\/#article","isPartOf":{"@id":"https:\/\/iraurgiberritzen.eus\/es\/urola-kidetuz-red-de-colaboracion-del-sector-madera-mueble-del-valle-del-urola\/"},"author":{"name":"kudeatzailea","@id":"https:\/\/iraurgiberritzen.eus\/es\/#\/schema\/person\/5ab41aaf388a9097177601ebf45738d2"},"headline":"UROLA KIDEtuz Red de colaboraci\u00f3n del sector madera-mueble del valle del Urola","datePublished":"2016-01-21T07:00:19+00:00","mainEntityOfPage":{"@id":"https:\/\/iraurgiberritzen.eus\/es\/urola-kidetuz-red-de-colaboracion-del-sector-madera-mueble-del-valle-del-urola\/"},"wordCount":473,"publisher":{"@id":"https:\/\/iraurgiberritzen.eus\/es\/#organization"},"image":{"@id":"https:\/\/iraurgiberritzen.eus\/es\/urola-kidetuz-red-de-colaboracion-del-sector-madera-mueble-del-valle-del-urola\/#primaryimage"},"thumbnailUrl":"https:\/\/iraurgiberritzen.eus\/wp-content\/uploads\/2023\/09\/9189082f4804c1ab16e77d2cfe8d09d4.jpg","articleSection":["Noticias"],"inLanguage":"es"},{"@type":"WebPage","@id":"https:\/\/iraurgiberritzen.eus\/es\/urola-kidetuz-red-de-colaboracion-del-sector-madera-mueble-del-valle-del-urola\/","url":"https:\/\/iraurgiberritzen.eus\/es\/urola-kidetuz-red-de-colaboracion-del-sector-madera-mueble-del-valle-del-urola\/","name":"UROLA KIDEtuz Red de colaboraci\u00f3n del sector madera-mueble del valle del Urola - Iraurgi Berritzen","isPartOf":{"@id":"https:\/\/iraurgiberritzen.eus\/es\/#website"},"primaryImageOfPage":{"@id":"https:\/\/iraurgiberritzen.eus\/es\/urola-kidetuz-red-de-colaboracion-del-sector-madera-mueble-del-valle-del-urola\/#primaryimage"},"image":{"@id":"https:\/\/iraurgiberritzen.eus\/es\/urola-kidetuz-red-de-colaboracion-del-sector-madera-mueble-del-valle-del-urola\/#primaryimage"},"thumbnailUrl":"https:\/\/iraurgiberritzen.eus\/wp-content\/uploads\/2023\/09\/9189082f4804c1ab16e77d2cfe8d09d4.jpg","datePublished":"2016-01-21T07:00:19+00:00","breadcrumb":{"@id":"https:\/\/iraurgiberritzen.eus\/es\/urola-kidetuz-red-de-colaboracion-del-sector-madera-mueble-del-valle-del-urola\/#breadcrumb"},"inLanguage":"es","potentialAction":[{"@type":"ReadAction","target":["https:\/\/iraurgiberritzen.eus\/es\/urola-kidetuz-red-de-colaboracion-del-sector-madera-mueble-del-valle-del-urola\/"]}]},{"@type":"ImageObject","inLanguage":"es","@id":"https:\/\/iraurgiberritzen.eus\/es\/urola-kidetuz-red-de-colaboracion-del-sector-madera-mueble-del-valle-del-urola\/#primaryimage","url":"https:\/\/iraurgiberritzen.eus\/wp-content\/uploads\/2023\/09\/9189082f4804c1ab16e77d2cfe8d09d4.jpg","contentUrl":"https:\/\/iraurgiberritzen.eus\/wp-content\/uploads\/2023\/09\/9189082f4804c1ab16e77d2cfe8d09d4.jpg","width":600,"height":390},{"@type":"BreadcrumbList","@id":"https:\/\/iraurgiberritzen.eus\/es\/urola-kidetuz-red-de-colaboracion-del-sector-madera-mueble-del-valle-del-urola\/#breadcrumb","itemListElement":[{"@type":"ListItem","position":1,"name":"Home","item":"https:\/\/iraurgiberritzen.eus\/es\/"},{"@type":"ListItem","position":2,"name":"UROLA KIDEtuz Red de colaboraci\u00f3n del sector madera-mueble del valle del Urola"}]},{"@type":"WebSite","@id":"https:\/\/iraurgiberritzen.eus\/es\/#website","url":"https:\/\/iraurgiberritzen.eus\/es\/","name":"Iraurgi Berritzen","description":"Urola Erdiko Garapen Agentzia","publisher":{"@id":"https:\/\/iraurgiberritzen.eus\/es\/#organization"},"potentialAction":[{"@type":"SearchAction","target":{"@type":"EntryPoint","urlTemplate":"https:\/\/iraurgiberritzen.eus\/es\/?s={search_term_string}"},"query-input":{"@type":"PropertyValueSpecification","valueRequired":true,"valueName":"search_term_string"}}],"inLanguage":"es"},{"@type":"Organization","@id":"https:\/\/iraurgiberritzen.eus\/es\/#organization","name":"Iraurgi Berritzen","url":"https:\/\/iraurgiberritzen.eus\/es\/","logo":{"@type":"ImageObject","inLanguage":"es","@id":"https:\/\/iraurgiberritzen.eus\/es\/#\/schema\/logo\/image\/","url":"https:\/\/iraurgiberritzen.eus\/wp-content\/uploads\/2024\/02\/IRAURGI-BERRITZEN-logotipoa_2.png","contentUrl":"https:\/\/iraurgiberritzen.eus\/wp-content\/uploads\/2024\/02\/IRAURGI-BERRITZEN-logotipoa_2.png","width":496,"height":190,"caption":"Iraurgi Berritzen"},"image":{"@id":"https:\/\/iraurgiberritzen.eus\/es\/#\/schema\/logo\/image\/"}},{"@type":"Person","@id":"https:\/\/iraurgiberritzen.eus\/es\/#\/schema\/person\/5ab41aaf388a9097177601ebf45738d2","name":"kudeatzailea","sameAs":["https:\/\/iraurgiberritzen.eus"]}]}},"_links":{"self":[{"href":"https:\/\/iraurgiberritzen.eus\/es\/wp-json\/wp\/v2\/posts\/11942","targetHints":{"allow":["GET"]}}],"collection":[{"href":"https:\/\/iraurgiberritzen.eus\/es\/wp-json\/wp\/v2\/posts"}],"about":[{"href":"https:\/\/iraurgiberritzen.eus\/es\/wp-json\/wp\/v2\/types\/post"}],"author":[{"embeddable":true,"href":"https:\/\/iraurgiberritzen.eus\/es\/wp-json\/wp\/v2\/users\/1"}],"replies":[{"embeddable":true,"href":"https:\/\/iraurgiberritzen.eus\/es\/wp-json\/wp\/v2\/comments?post=11942"}],"version-history":[{"count":0,"href":"https:\/\/iraurgiberritzen.eus\/es\/wp-json\/wp\/v2\/posts\/11942\/revisions"}],"wp:featuredmedia":[{"embeddable":true,"href":"https:\/\/iraurgiberritzen.eus\/es\/wp-json\/wp\/v2\/media\/18005"}],"wp:attachment":[{"href":"https:\/\/iraurgiberritzen.eus\/es\/wp-json\/wp\/v2\/media?parent=11942"}],"wp:term":[{"taxonomy":"category","embeddable":true,"href":"https:\/\/iraurgiberritzen.eus\/es\/wp-json\/wp\/v2\/categories?post=11942"},{"taxonomy":"post_tag","embeddable":true,"href":"https:\/\/iraurgiberritzen.eus\/es\/wp-json\/wp\/v2\/tags?post=11942"}],"curies":[{"name":"wp","href":"https:\/\/api.w.org\/{rel}","templated":true}]}}