{"id":11950,"date":"2016-02-12T09:01:21","date_gmt":"2016-02-12T07:01:21","guid":{"rendered":"https:\/\/iraurgiberritzen.eus\/el-ayuntamiento-de-azpeitia-ha-firmado-un-acuerdo-con-la-universidad-de-deusto-para-poner-en-marcha-dos-programas-formativos\/"},"modified":"2016-02-12T09:01:21","modified_gmt":"2016-02-12T07:01:21","slug":"el-ayuntamiento-de-azpeitia-ha-firmado-un-acuerdo-con-la-universidad-de-deusto-para-poner-en-marcha-dos-programas-formativos","status":"publish","type":"post","link":"https:\/\/iraurgiberritzen.eus\/es\/el-ayuntamiento-de-azpeitia-ha-firmado-un-acuerdo-con-la-universidad-de-deusto-para-poner-en-marcha-dos-programas-formativos\/","title":{"rendered":"El Ayuntamiento de Azpeitia ha firmado un acuerdo con la Universidad de Deusto para poner en marcha dos programas formativos"},"content":{"rendered":"<p style=\"text-align: justify;\">El alcalde de Azpeitia, Eneko Etxebarria y el rector de Universidad de Deusto, Jos\u00e9 Mar\u00eda Guibert, presentaron el 5 de febrero el acuerdo de colaboraci\u00f3n para el desarrollo de dos programas formativos para adultos: <strong>Ocio cultural universitario y Emprender y aprender a gestionar la empresa<\/strong>.<\/p>\n<p style=\"text-align: justify;\">Azpeitia es el \u00fanico municipio de Gipuzkoa en el cual se pondr\u00e1n en marcha los citados programas mediante un acuerdo.<\/p>\n<p style=\"text-align: justify;\">Estos dos programas, organizados por <strong>DeustoBide Escuela de Ciudadan\u00eda de la Universidad de Deusto<\/strong>, tienen como objetivo promover intercambios sociales e incentivar el sentido cr\u00edtico y participativo de la ciudadan\u00eda en la construcci\u00f3n de un modelo de convivencia solidario.<\/p>\n<p style=\"text-align: justify;\"><strong>El programa Ocio cultural universitario es un programa de formaci\u00f3n abierto<\/strong> dirigido a toda persona con inquietud cultural, de cualquier edad y sin la exigencia de un t\u00edtulo previo. Quiere promover un ocio humanista en el entorno, defendiendo la idea de la formaci\u00f3n como ocio y de \u00e9ste como desarrollo personal y social. Su objetivo es fomentar el aprendizaje desde el disfrute, difundir la cultura y el conocimiento.<\/p>\n<p style=\"text-align: justify;\">Dentro del programa acordado con el Ayuntamiento de Azpeitia, se impartir\u00e1n <strong>tres cursos de 12 horas de duraci\u00f3n, cada uno de ellos, que abordar\u00e1n las tem\u00e1ticas de Mitolog\u00eda Vasca y cristianismo, M\u00fasica para una tarde de primavera y Culturas, identidades y territorios.<\/strong><\/p>\n<ul style=\"text-align: justify;\">\n<li><a href=\"images\/iraurgiberritzen\/berriak\/2016\/Kultur_aisia_Programa.pdf\" target=\"_blank\" rel=\"noopener\">Informaci\u00f3n sobre el programa de ocio cultural<\/a><\/li>\n<li><a href=\"images\/iraurgiberritzen\/berriak\/2016\/Kultur_aisia_Aurre_matrikula_orriapdf.pdf\" target=\"_blank\" rel=\"noopener\">Impreso para la preinscripci\u00f3n<\/a><\/li>\n<\/ul>\n<p style=\"text-align: justify;\">El programa <strong>Emprender y aprender a gestionar la empresa<\/strong> ofrecer\u00e1 talleres con la finalidad de dotar de herramientas b\u00e1sicas y pr\u00e1cticas de gesti\u00f3n empresarial a aquellas personas con inquietud de mejorar su empleabilidad, su situaci\u00f3n laboral o su negocio, en el contexto actual.<\/p>\n<p style=\"text-align: justify;\">El programa est\u00e1 compuesto de <strong>4 talleres de 16 horas de duraci\u00f3n cada una<\/strong>, para as\u00ed abordar distintas \u00e1reas de inter\u00e9s para los participantes. Los talleres son los siguientes: <strong>De la Idea al Plan de Negocio, Gesti\u00f3n Financiera para No Financieros, Herramientas Digitales imprescindibles para el desarrollo de un negocio y Aspectos legales de la empresa (marco jur\u00eddico b\u00e1sico)<\/strong>.<\/p>\n<ul>\n<li style=\"text-align: justify;\"><a href=\"images\/iraurgiberritzen\/berriak\/2016\/Ekitea_eta_enpresak_kudeatzen_ikastea_Programa.pdf\" target=\"_blank\" rel=\"noopener\">Informaci\u00f3n sobre el programa de emprender y aprender a gestionar la empresa<\/a><\/li>\n<li style=\"text-align: justify;\"><a href=\"images\/iraurgiberritzen\/berriak\/2016\/Ekitea_eta_enpresak_kudeatzen_ikastea_Aurre_matrikula_orria.pdf\" target=\"_blank\" rel=\"noopener\">Impreso para la preinscripci\u00f3n<\/a><\/li>\n<\/ul>\n","protected":false},"excerpt":{"rendered":"<p>El alcalde de Azpeitia, Eneko Etxebarria y el rector de Universidad de Deusto, Jos\u00e9 Mar\u00eda Guibert, presentaron el 5 de febrero el acuerdo de colaboraci\u00f3n para el desarrollo de dos programas formativos para adultos: Ocio cultural universitario y Emprender y aprender a gestionar la empresa. Azpeitia es el \u00fanico municipio de Gipuzkoa en el cual [&hellip;]<\/p>\n","protected":false},"author":1,"featured_media":18007,"comment_status":"","ping_status":"closed","sticky":false,"template":"","format":"standard","meta":{"_acf_changed":false,"footnotes":""},"categories":[4],"tags":[],"class_list":["post-11950","post","type-post","status-publish","format-standard","has-post-thumbnail","hentry","category-noticias"],"acf":[],"yoast_head":"<!-- This site is optimized with the Yoast SEO plugin v27.4 - https:\/\/yoast.com\/product\/yoast-seo-wordpress\/ -->\n<title>El Ayuntamiento de Azpeitia ha firmado un acuerdo con la Universidad de Deusto para poner en marcha dos programas formativos - Iraurgi Berritzen<\/title>\n<meta name=\"robots\" content=\"index, follow, max-snippet:-1, max-image-preview:large, max-video-preview:-1\" \/>\n<link rel=\"canonical\" href=\"https:\/\/iraurgiberritzen.eus\/es\/el-ayuntamiento-de-azpeitia-ha-firmado-un-acuerdo-con-la-universidad-de-deusto-para-poner-en-marcha-dos-programas-formativos\/\" \/>\n<meta property=\"og:locale\" content=\"es_ES\" \/>\n<meta property=\"og:type\" content=\"article\" \/>\n<meta property=\"og:title\" content=\"El Ayuntamiento de Azpeitia ha firmado un acuerdo con la Universidad de Deusto para poner en marcha dos programas formativos - Iraurgi Berritzen\" \/>\n<meta property=\"og:description\" content=\"El alcalde de Azpeitia, Eneko Etxebarria y el rector de Universidad de Deusto, Jos\u00e9 Mar\u00eda Guibert, presentaron el 5 de febrero el acuerdo de colaboraci\u00f3n para el desarrollo de dos programas formativos para adultos: Ocio cultural universitario y Emprender y aprender a gestionar la empresa. Azpeitia es el \u00fanico municipio de Gipuzkoa en el cual [&hellip;]\" \/>\n<meta property=\"og:url\" content=\"https:\/\/iraurgiberritzen.eus\/es\/el-ayuntamiento-de-azpeitia-ha-firmado-un-acuerdo-con-la-universidad-de-deusto-para-poner-en-marcha-dos-programas-formativos\/\" \/>\n<meta property=\"og:site_name\" content=\"Iraurgi Berritzen\" \/>\n<meta property=\"article:published_time\" content=\"2016-02-12T07:01:21+00:00\" \/>\n<meta name=\"author\" content=\"kudeatzailea\" \/>\n<meta name=\"twitter:card\" content=\"summary_large_image\" \/>\n<meta name=\"twitter:label1\" content=\"Escrito por\" \/>\n\t<meta name=\"twitter:data1\" content=\"kudeatzailea\" \/>\n\t<meta name=\"twitter:label2\" content=\"Tiempo de lectura\" \/>\n\t<meta name=\"twitter:data2\" content=\"2 minutos\" \/>\n<script type=\"application\/ld+json\" class=\"yoast-schema-graph\">{\"@context\":\"https:\\\/\\\/schema.org\",\"@graph\":[{\"@type\":\"Article\",\"@id\":\"https:\\\/\\\/iraurgiberritzen.eus\\\/es\\\/el-ayuntamiento-de-azpeitia-ha-firmado-un-acuerdo-con-la-universidad-de-deusto-para-poner-en-marcha-dos-programas-formativos\\\/#article\",\"isPartOf\":{\"@id\":\"https:\\\/\\\/iraurgiberritzen.eus\\\/es\\\/el-ayuntamiento-de-azpeitia-ha-firmado-un-acuerdo-con-la-universidad-de-deusto-para-poner-en-marcha-dos-programas-formativos\\\/\"},\"author\":{\"name\":\"kudeatzailea\",\"@id\":\"https:\\\/\\\/iraurgiberritzen.eus\\\/es\\\/#\\\/schema\\\/person\\\/5ab41aaf388a9097177601ebf45738d2\"},\"headline\":\"El Ayuntamiento de Azpeitia ha firmado un acuerdo con la Universidad de Deusto para poner en marcha dos programas formativos\",\"datePublished\":\"2016-02-12T07:01:21+00:00\",\"mainEntityOfPage\":{\"@id\":\"https:\\\/\\\/iraurgiberritzen.eus\\\/es\\\/el-ayuntamiento-de-azpeitia-ha-firmado-un-acuerdo-con-la-universidad-de-deusto-para-poner-en-marcha-dos-programas-formativos\\\/\"},\"wordCount\":388,\"publisher\":{\"@id\":\"https:\\\/\\\/iraurgiberritzen.eus\\\/es\\\/#organization\"},\"image\":{\"@id\":\"https:\\\/\\\/iraurgiberritzen.eus\\\/es\\\/el-ayuntamiento-de-azpeitia-ha-firmado-un-acuerdo-con-la-universidad-de-deusto-para-poner-en-marcha-dos-programas-formativos\\\/#primaryimage\"},\"thumbnailUrl\":\"https:\\\/\\\/iraurgiberritzen.eus\\\/wp-content\\\/uploads\\\/2023\\\/09\\\/0e8bfd1d071657cbc63f9ace1550f1f3.jpg\",\"articleSection\":[\"Noticias\"],\"inLanguage\":\"es\"},{\"@type\":\"WebPage\",\"@id\":\"https:\\\/\\\/iraurgiberritzen.eus\\\/es\\\/el-ayuntamiento-de-azpeitia-ha-firmado-un-acuerdo-con-la-universidad-de-deusto-para-poner-en-marcha-dos-programas-formativos\\\/\",\"url\":\"https:\\\/\\\/iraurgiberritzen.eus\\\/es\\\/el-ayuntamiento-de-azpeitia-ha-firmado-un-acuerdo-con-la-universidad-de-deusto-para-poner-en-marcha-dos-programas-formativos\\\/\",\"name\":\"El Ayuntamiento de Azpeitia ha firmado un acuerdo con la Universidad de Deusto para poner en marcha dos programas formativos - Iraurgi Berritzen\",\"isPartOf\":{\"@id\":\"https:\\\/\\\/iraurgiberritzen.eus\\\/es\\\/#website\"},\"primaryImageOfPage\":{\"@id\":\"https:\\\/\\\/iraurgiberritzen.eus\\\/es\\\/el-ayuntamiento-de-azpeitia-ha-firmado-un-acuerdo-con-la-universidad-de-deusto-para-poner-en-marcha-dos-programas-formativos\\\/#primaryimage\"},\"image\":{\"@id\":\"https:\\\/\\\/iraurgiberritzen.eus\\\/es\\\/el-ayuntamiento-de-azpeitia-ha-firmado-un-acuerdo-con-la-universidad-de-deusto-para-poner-en-marcha-dos-programas-formativos\\\/#primaryimage\"},\"thumbnailUrl\":\"https:\\\/\\\/iraurgiberritzen.eus\\\/wp-content\\\/uploads\\\/2023\\\/09\\\/0e8bfd1d071657cbc63f9ace1550f1f3.jpg\",\"datePublished\":\"2016-02-12T07:01:21+00:00\",\"breadcrumb\":{\"@id\":\"https:\\\/\\\/iraurgiberritzen.eus\\\/es\\\/el-ayuntamiento-de-azpeitia-ha-firmado-un-acuerdo-con-la-universidad-de-deusto-para-poner-en-marcha-dos-programas-formativos\\\/#breadcrumb\"},\"inLanguage\":\"es\",\"potentialAction\":[{\"@type\":\"ReadAction\",\"target\":[\"https:\\\/\\\/iraurgiberritzen.eus\\\/es\\\/el-ayuntamiento-de-azpeitia-ha-firmado-un-acuerdo-con-la-universidad-de-deusto-para-poner-en-marcha-dos-programas-formativos\\\/\"]}]},{\"@type\":\"ImageObject\",\"inLanguage\":\"es\",\"@id\":\"https:\\\/\\\/iraurgiberritzen.eus\\\/es\\\/el-ayuntamiento-de-azpeitia-ha-firmado-un-acuerdo-con-la-universidad-de-deusto-para-poner-en-marcha-dos-programas-formativos\\\/#primaryimage\",\"url\":\"https:\\\/\\\/iraurgiberritzen.eus\\\/wp-content\\\/uploads\\\/2023\\\/09\\\/0e8bfd1d071657cbc63f9ace1550f1f3.jpg\",\"contentUrl\":\"https:\\\/\\\/iraurgiberritzen.eus\\\/wp-content\\\/uploads\\\/2023\\\/09\\\/0e8bfd1d071657cbc63f9ace1550f1f3.jpg\",\"width\":600,\"height\":386},{\"@type\":\"BreadcrumbList\",\"@id\":\"https:\\\/\\\/iraurgiberritzen.eus\\\/es\\\/el-ayuntamiento-de-azpeitia-ha-firmado-un-acuerdo-con-la-universidad-de-deusto-para-poner-en-marcha-dos-programas-formativos\\\/#breadcrumb\",\"itemListElement\":[{\"@type\":\"ListItem\",\"position\":1,\"name\":\"Home\",\"item\":\"https:\\\/\\\/iraurgiberritzen.eus\\\/es\\\/\"},{\"@type\":\"ListItem\",\"position\":2,\"name\":\"El Ayuntamiento de Azpeitia ha firmado un acuerdo con la Universidad de Deusto para poner en marcha dos programas formativos\"}]},{\"@type\":\"WebSite\",\"@id\":\"https:\\\/\\\/iraurgiberritzen.eus\\\/es\\\/#website\",\"url\":\"https:\\\/\\\/iraurgiberritzen.eus\\\/es\\\/\",\"name\":\"Iraurgi Berritzen\",\"description\":\"Urola Erdiko Garapen Agentzia\",\"publisher\":{\"@id\":\"https:\\\/\\\/iraurgiberritzen.eus\\\/es\\\/#organization\"},\"potentialAction\":[{\"@type\":\"SearchAction\",\"target\":{\"@type\":\"EntryPoint\",\"urlTemplate\":\"https:\\\/\\\/iraurgiberritzen.eus\\\/es\\\/?s={search_term_string}\"},\"query-input\":{\"@type\":\"PropertyValueSpecification\",\"valueRequired\":true,\"valueName\":\"search_term_string\"}}],\"inLanguage\":\"es\"},{\"@type\":\"Organization\",\"@id\":\"https:\\\/\\\/iraurgiberritzen.eus\\\/es\\\/#organization\",\"name\":\"Iraurgi Berritzen\",\"url\":\"https:\\\/\\\/iraurgiberritzen.eus\\\/es\\\/\",\"logo\":{\"@type\":\"ImageObject\",\"inLanguage\":\"es\",\"@id\":\"https:\\\/\\\/iraurgiberritzen.eus\\\/es\\\/#\\\/schema\\\/logo\\\/image\\\/\",\"url\":\"https:\\\/\\\/iraurgiberritzen.eus\\\/wp-content\\\/uploads\\\/2024\\\/02\\\/IRAURGI-BERRITZEN-logotipoa_2.png\",\"contentUrl\":\"https:\\\/\\\/iraurgiberritzen.eus\\\/wp-content\\\/uploads\\\/2024\\\/02\\\/IRAURGI-BERRITZEN-logotipoa_2.png\",\"width\":496,\"height\":190,\"caption\":\"Iraurgi Berritzen\"},\"image\":{\"@id\":\"https:\\\/\\\/iraurgiberritzen.eus\\\/es\\\/#\\\/schema\\\/logo\\\/image\\\/\"}},{\"@type\":\"Person\",\"@id\":\"https:\\\/\\\/iraurgiberritzen.eus\\\/es\\\/#\\\/schema\\\/person\\\/5ab41aaf388a9097177601ebf45738d2\",\"name\":\"kudeatzailea\",\"sameAs\":[\"https:\\\/\\\/iraurgiberritzen.eus\"]}]}<\/script>\n<!-- \/ Yoast SEO plugin. -->","yoast_head_json":{"title":"El Ayuntamiento de Azpeitia ha firmado un acuerdo con la Universidad de Deusto para poner en marcha dos programas formativos - Iraurgi Berritzen","robots":{"index":"index","follow":"follow","max-snippet":"max-snippet:-1","max-image-preview":"max-image-preview:large","max-video-preview":"max-video-preview:-1"},"canonical":"https:\/\/iraurgiberritzen.eus\/es\/el-ayuntamiento-de-azpeitia-ha-firmado-un-acuerdo-con-la-universidad-de-deusto-para-poner-en-marcha-dos-programas-formativos\/","og_locale":"es_ES","og_type":"article","og_title":"El Ayuntamiento de Azpeitia ha firmado un acuerdo con la Universidad de Deusto para poner en marcha dos programas formativos - Iraurgi Berritzen","og_description":"El alcalde de Azpeitia, Eneko Etxebarria y el rector de Universidad de Deusto, Jos\u00e9 Mar\u00eda Guibert, presentaron el 5 de febrero el acuerdo de colaboraci\u00f3n para el desarrollo de dos programas formativos para adultos: Ocio cultural universitario y Emprender y aprender a gestionar la empresa. Azpeitia es el \u00fanico municipio de Gipuzkoa en el cual [&hellip;]","og_url":"https:\/\/iraurgiberritzen.eus\/es\/el-ayuntamiento-de-azpeitia-ha-firmado-un-acuerdo-con-la-universidad-de-deusto-para-poner-en-marcha-dos-programas-formativos\/","og_site_name":"Iraurgi Berritzen","article_published_time":"2016-02-12T07:01:21+00:00","author":"kudeatzailea","twitter_card":"summary_large_image","twitter_misc":{"Escrito por":"kudeatzailea","Tiempo de lectura":"2 minutos"},"schema":{"@context":"https:\/\/schema.org","@graph":[{"@type":"Article","@id":"https:\/\/iraurgiberritzen.eus\/es\/el-ayuntamiento-de-azpeitia-ha-firmado-un-acuerdo-con-la-universidad-de-deusto-para-poner-en-marcha-dos-programas-formativos\/#article","isPartOf":{"@id":"https:\/\/iraurgiberritzen.eus\/es\/el-ayuntamiento-de-azpeitia-ha-firmado-un-acuerdo-con-la-universidad-de-deusto-para-poner-en-marcha-dos-programas-formativos\/"},"author":{"name":"kudeatzailea","@id":"https:\/\/iraurgiberritzen.eus\/es\/#\/schema\/person\/5ab41aaf388a9097177601ebf45738d2"},"headline":"El Ayuntamiento de Azpeitia ha firmado un acuerdo con la Universidad de Deusto para poner en marcha dos programas formativos","datePublished":"2016-02-12T07:01:21+00:00","mainEntityOfPage":{"@id":"https:\/\/iraurgiberritzen.eus\/es\/el-ayuntamiento-de-azpeitia-ha-firmado-un-acuerdo-con-la-universidad-de-deusto-para-poner-en-marcha-dos-programas-formativos\/"},"wordCount":388,"publisher":{"@id":"https:\/\/iraurgiberritzen.eus\/es\/#organization"},"image":{"@id":"https:\/\/iraurgiberritzen.eus\/es\/el-ayuntamiento-de-azpeitia-ha-firmado-un-acuerdo-con-la-universidad-de-deusto-para-poner-en-marcha-dos-programas-formativos\/#primaryimage"},"thumbnailUrl":"https:\/\/iraurgiberritzen.eus\/wp-content\/uploads\/2023\/09\/0e8bfd1d071657cbc63f9ace1550f1f3.jpg","articleSection":["Noticias"],"inLanguage":"es"},{"@type":"WebPage","@id":"https:\/\/iraurgiberritzen.eus\/es\/el-ayuntamiento-de-azpeitia-ha-firmado-un-acuerdo-con-la-universidad-de-deusto-para-poner-en-marcha-dos-programas-formativos\/","url":"https:\/\/iraurgiberritzen.eus\/es\/el-ayuntamiento-de-azpeitia-ha-firmado-un-acuerdo-con-la-universidad-de-deusto-para-poner-en-marcha-dos-programas-formativos\/","name":"El Ayuntamiento de Azpeitia ha firmado un acuerdo con la Universidad de Deusto para poner en marcha dos programas formativos - Iraurgi Berritzen","isPartOf":{"@id":"https:\/\/iraurgiberritzen.eus\/es\/#website"},"primaryImageOfPage":{"@id":"https:\/\/iraurgiberritzen.eus\/es\/el-ayuntamiento-de-azpeitia-ha-firmado-un-acuerdo-con-la-universidad-de-deusto-para-poner-en-marcha-dos-programas-formativos\/#primaryimage"},"image":{"@id":"https:\/\/iraurgiberritzen.eus\/es\/el-ayuntamiento-de-azpeitia-ha-firmado-un-acuerdo-con-la-universidad-de-deusto-para-poner-en-marcha-dos-programas-formativos\/#primaryimage"},"thumbnailUrl":"https:\/\/iraurgiberritzen.eus\/wp-content\/uploads\/2023\/09\/0e8bfd1d071657cbc63f9ace1550f1f3.jpg","datePublished":"2016-02-12T07:01:21+00:00","breadcrumb":{"@id":"https:\/\/iraurgiberritzen.eus\/es\/el-ayuntamiento-de-azpeitia-ha-firmado-un-acuerdo-con-la-universidad-de-deusto-para-poner-en-marcha-dos-programas-formativos\/#breadcrumb"},"inLanguage":"es","potentialAction":[{"@type":"ReadAction","target":["https:\/\/iraurgiberritzen.eus\/es\/el-ayuntamiento-de-azpeitia-ha-firmado-un-acuerdo-con-la-universidad-de-deusto-para-poner-en-marcha-dos-programas-formativos\/"]}]},{"@type":"ImageObject","inLanguage":"es","@id":"https:\/\/iraurgiberritzen.eus\/es\/el-ayuntamiento-de-azpeitia-ha-firmado-un-acuerdo-con-la-universidad-de-deusto-para-poner-en-marcha-dos-programas-formativos\/#primaryimage","url":"https:\/\/iraurgiberritzen.eus\/wp-content\/uploads\/2023\/09\/0e8bfd1d071657cbc63f9ace1550f1f3.jpg","contentUrl":"https:\/\/iraurgiberritzen.eus\/wp-content\/uploads\/2023\/09\/0e8bfd1d071657cbc63f9ace1550f1f3.jpg","width":600,"height":386},{"@type":"BreadcrumbList","@id":"https:\/\/iraurgiberritzen.eus\/es\/el-ayuntamiento-de-azpeitia-ha-firmado-un-acuerdo-con-la-universidad-de-deusto-para-poner-en-marcha-dos-programas-formativos\/#breadcrumb","itemListElement":[{"@type":"ListItem","position":1,"name":"Home","item":"https:\/\/iraurgiberritzen.eus\/es\/"},{"@type":"ListItem","position":2,"name":"El Ayuntamiento de Azpeitia ha firmado un acuerdo con la Universidad de Deusto para poner en marcha dos programas formativos"}]},{"@type":"WebSite","@id":"https:\/\/iraurgiberritzen.eus\/es\/#website","url":"https:\/\/iraurgiberritzen.eus\/es\/","name":"Iraurgi Berritzen","description":"Urola Erdiko Garapen Agentzia","publisher":{"@id":"https:\/\/iraurgiberritzen.eus\/es\/#organization"},"potentialAction":[{"@type":"SearchAction","target":{"@type":"EntryPoint","urlTemplate":"https:\/\/iraurgiberritzen.eus\/es\/?s={search_term_string}"},"query-input":{"@type":"PropertyValueSpecification","valueRequired":true,"valueName":"search_term_string"}}],"inLanguage":"es"},{"@type":"Organization","@id":"https:\/\/iraurgiberritzen.eus\/es\/#organization","name":"Iraurgi Berritzen","url":"https:\/\/iraurgiberritzen.eus\/es\/","logo":{"@type":"ImageObject","inLanguage":"es","@id":"https:\/\/iraurgiberritzen.eus\/es\/#\/schema\/logo\/image\/","url":"https:\/\/iraurgiberritzen.eus\/wp-content\/uploads\/2024\/02\/IRAURGI-BERRITZEN-logotipoa_2.png","contentUrl":"https:\/\/iraurgiberritzen.eus\/wp-content\/uploads\/2024\/02\/IRAURGI-BERRITZEN-logotipoa_2.png","width":496,"height":190,"caption":"Iraurgi Berritzen"},"image":{"@id":"https:\/\/iraurgiberritzen.eus\/es\/#\/schema\/logo\/image\/"}},{"@type":"Person","@id":"https:\/\/iraurgiberritzen.eus\/es\/#\/schema\/person\/5ab41aaf388a9097177601ebf45738d2","name":"kudeatzailea","sameAs":["https:\/\/iraurgiberritzen.eus"]}]}},"_links":{"self":[{"href":"https:\/\/iraurgiberritzen.eus\/es\/wp-json\/wp\/v2\/posts\/11950","targetHints":{"allow":["GET"]}}],"collection":[{"href":"https:\/\/iraurgiberritzen.eus\/es\/wp-json\/wp\/v2\/posts"}],"about":[{"href":"https:\/\/iraurgiberritzen.eus\/es\/wp-json\/wp\/v2\/types\/post"}],"author":[{"embeddable":true,"href":"https:\/\/iraurgiberritzen.eus\/es\/wp-json\/wp\/v2\/users\/1"}],"replies":[{"embeddable":true,"href":"https:\/\/iraurgiberritzen.eus\/es\/wp-json\/wp\/v2\/comments?post=11950"}],"version-history":[{"count":0,"href":"https:\/\/iraurgiberritzen.eus\/es\/wp-json\/wp\/v2\/posts\/11950\/revisions"}],"wp:featuredmedia":[{"embeddable":true,"href":"https:\/\/iraurgiberritzen.eus\/es\/wp-json\/wp\/v2\/media\/18007"}],"wp:attachment":[{"href":"https:\/\/iraurgiberritzen.eus\/es\/wp-json\/wp\/v2\/media?parent=11950"}],"wp:term":[{"taxonomy":"category","embeddable":true,"href":"https:\/\/iraurgiberritzen.eus\/es\/wp-json\/wp\/v2\/categories?post=11950"},{"taxonomy":"post_tag","embeddable":true,"href":"https:\/\/iraurgiberritzen.eus\/es\/wp-json\/wp\/v2\/tags?post=11950"}],"curies":[{"name":"wp","href":"https:\/\/api.w.org\/{rel}","templated":true}]}}