{"id":11953,"date":"2016-02-16T09:20:16","date_gmt":"2016-02-16T07:20:16","guid":{"rendered":"https:\/\/iraurgiberritzen.eus\/con-el-fin-de-incidir-en-la-innovacion-social-de-la-comarca-iraurgi-berritzen-presentara-el-proyecto-urberritzen\/"},"modified":"2016-02-16T09:20:16","modified_gmt":"2016-02-16T07:20:16","slug":"con-el-fin-de-incidir-en-la-innovacion-social-de-la-comarca-iraurgi-berritzen-presentara-el-proyecto-urberritzen","status":"publish","type":"post","link":"https:\/\/iraurgiberritzen.eus\/es\/con-el-fin-de-incidir-en-la-innovacion-social-de-la-comarca-iraurgi-berritzen-presentara-el-proyecto-urberritzen\/","title":{"rendered":"Con el fin de incidir en la innovaci\u00f3n social de la comarca Iraurgi Berritzen presentar\u00e1 el Proyecto UrBerritzen"},"content":{"rendered":"<p style=\"text-align: justify;\">Iraurgi Berritzen, en colaboraci\u00f3n con los Ayuntamientos de la comarca Donostia-Beterri y Elhuyar, y gracias a la subvenci\u00f3n recibida de la Diputaci\u00f3n Foral de Gipuzkoa, ha puesto en marcha el proyecto Urberritzen. El objetivo del proyecto es mejorar la capacidad de las comarcas para poder hacer frente a los retos sociales actuales y crear una din\u00e1mica duradera centrada en la innovaci\u00f3n social.<\/p>\n<p style=\"text-align: justify;\">Este proyecto se desarrollar\u00e1 entre enero y junio. Entre enero y mayo, cada comarca tendr\u00e1 su proceso propio, y a partir mayo, la intenci\u00f3n es que las dos comarcas se unan para trabajar e intercambiar relaciones y experiencias. Estos son los objetivos concretos a trabajar en Urola Erdia:<\/p>\n<ul style=\"text-align: justify;\">\n<li>Conocer las pr\u00e1cticas sociales transformadoras e innovadoras que existen en la comarca, y analizando y evaluando \u00e9stas bajo la innovaci\u00f3n social, identificar mejoras para poder trabajar de manera eficaz en un futuro.<\/li>\n<li>Realizar una reflexi\u00f3n en com\u00fan en relaci\u00f3n a la innovaci\u00f3n social de la comarca y trabajar retos a futuro en cooperaci\u00f3n, poniendo a disposici\u00f3n de los agentes conocimientos y herramientas metodol\u00f3gicas nuevas, para as\u00ed poder incidir en la innovaci\u00f3n social de la comarca.<\/li>\n<li>Reforzar las relaciones y la cooperaci\u00f3n entre los agentes.<\/li>\n<\/ul>\n<p style=\"text-align: justify;\">Para ello, queremos evaluar varios proyectos innovadores que se est\u00e1n desarrollando en la comarca, con el fin de darnos cuenta de la innovaci\u00f3n social actual de la comarca, y mejorar el impacto social, econ\u00f3mico y ambiental que creamos mediante los proyectos que ponemos en marcha. As\u00ed, con el prop\u00f3sito de dar a conocer los resultados de esa evaluaci\u00f3n y mejorar la capacidad de innovaci\u00f3n social comarcal, queremos organizar un ENCUENTRO formado por diversos agentes. Hasta marzo realizaremos evaluaciones, y en abril y mayo llevaremos a cabo 2 jornadas.<\/p>\n<p style=\"text-align: justify;\">Este proyecto se presenta este jueves, 18 de febrero, en el primer piso del Sindikatu Zaharra, de 18:00 a 20:30 de la tarde, mediante un acto que estar\u00e1 abierto al p\u00fablico. En este acto, adem\u00e1s de presentarse el proyecto, se explicar\u00e1n el marco y caracter\u00edsticas de la innovaci\u00f3n social, d\u00e1ndose a conocer 3 casos pr\u00e1cticos: Karabeleko\/Orona, Azpeitiko Kultur Mahaia y Eroski\/Gureak.<\/p>\n<p style=\"text-align: justify;\">Queremos animar a todos los agentes de la comarca a participar en el proceso: empresas y emprendedores; ayuntamientos y otras entidades p\u00fablicas; sociedades civiles organizadas; centros educativos y formativos; y, en general a cualquier persona interesada en este tema.<\/p>\n<p style=\"text-align: justify;\">Para participar en esta jornada, agradeceremos a los agentes interesados que llamen al 943 02 60 69 o escriban a las siguientes direcciones de correo: <a href=\"mailto:iabarisketa@iraurgiberritzen.eus\">iabarisketa@iraurgiberritzen.eus<\/a> o <a href=\"mailto:isorazu@iraurgiberritzen.eus\">isorazu@iraurgiberritzen.eus<\/a><\/p>\n<img loading=\"lazy\" decoding=\"async\" style=\"display: block; margin-left: auto; margin-right: auto;\" src=\"images\/Untitled_design44.png\" alt=\"Untitled_design44.png\" width=\"624\" height=\"110\" \/>\n","protected":false},"excerpt":{"rendered":"<p>Iraurgi Berritzen, en colaboraci\u00f3n con los Ayuntamientos de la comarca Donostia-Beterri y Elhuyar, y gracias a la subvenci\u00f3n recibida de la Diputaci\u00f3n Foral de Gipuzkoa, ha puesto en marcha el proyecto Urberritzen. El objetivo del proyecto es mejorar la capacidad de las comarcas para poder hacer frente a los retos sociales actuales y crear una [&hellip;]<\/p>\n","protected":false},"author":1,"featured_media":18008,"comment_status":"","ping_status":"closed","sticky":false,"template":"","format":"standard","meta":{"_acf_changed":false,"footnotes":""},"categories":[4],"tags":[],"class_list":["post-11953","post","type-post","status-publish","format-standard","has-post-thumbnail","hentry","category-noticias"],"acf":[],"yoast_head":"<!-- This site is optimized with the Yoast SEO plugin v27.4 - https:\/\/yoast.com\/product\/yoast-seo-wordpress\/ -->\n<title>Con el fin de incidir en la innovaci\u00f3n social de la comarca Iraurgi Berritzen presentar\u00e1 el Proyecto UrBerritzen - Iraurgi Berritzen<\/title>\n<meta name=\"robots\" content=\"index, follow, max-snippet:-1, max-image-preview:large, max-video-preview:-1\" \/>\n<link rel=\"canonical\" href=\"https:\/\/iraurgiberritzen.eus\/es\/con-el-fin-de-incidir-en-la-innovacion-social-de-la-comarca-iraurgi-berritzen-presentara-el-proyecto-urberritzen\/\" \/>\n<meta property=\"og:locale\" content=\"es_ES\" \/>\n<meta property=\"og:type\" content=\"article\" \/>\n<meta property=\"og:title\" content=\"Con el fin de incidir en la innovaci\u00f3n social de la comarca Iraurgi Berritzen presentar\u00e1 el Proyecto UrBerritzen - Iraurgi Berritzen\" \/>\n<meta property=\"og:description\" content=\"Iraurgi Berritzen, en colaboraci\u00f3n con los Ayuntamientos de la comarca Donostia-Beterri y Elhuyar, y gracias a la subvenci\u00f3n recibida de la Diputaci\u00f3n Foral de Gipuzkoa, ha puesto en marcha el proyecto Urberritzen. El objetivo del proyecto es mejorar la capacidad de las comarcas para poder hacer frente a los retos sociales actuales y crear una [&hellip;]\" \/>\n<meta property=\"og:url\" content=\"https:\/\/iraurgiberritzen.eus\/es\/con-el-fin-de-incidir-en-la-innovacion-social-de-la-comarca-iraurgi-berritzen-presentara-el-proyecto-urberritzen\/\" \/>\n<meta property=\"og:site_name\" content=\"Iraurgi Berritzen\" \/>\n<meta property=\"article:published_time\" content=\"2016-02-16T07:20:16+00:00\" \/>\n<meta name=\"author\" content=\"kudeatzailea\" \/>\n<meta name=\"twitter:card\" content=\"summary_large_image\" \/>\n<meta name=\"twitter:label1\" content=\"Escrito por\" \/>\n\t<meta name=\"twitter:data1\" content=\"kudeatzailea\" \/>\n\t<meta name=\"twitter:label2\" content=\"Tiempo de lectura\" \/>\n\t<meta name=\"twitter:data2\" content=\"2 minutos\" \/>\n<script type=\"application\/ld+json\" class=\"yoast-schema-graph\">{\"@context\":\"https:\\\/\\\/schema.org\",\"@graph\":[{\"@type\":\"Article\",\"@id\":\"https:\\\/\\\/iraurgiberritzen.eus\\\/es\\\/con-el-fin-de-incidir-en-la-innovacion-social-de-la-comarca-iraurgi-berritzen-presentara-el-proyecto-urberritzen\\\/#article\",\"isPartOf\":{\"@id\":\"https:\\\/\\\/iraurgiberritzen.eus\\\/es\\\/con-el-fin-de-incidir-en-la-innovacion-social-de-la-comarca-iraurgi-berritzen-presentara-el-proyecto-urberritzen\\\/\"},\"author\":{\"name\":\"kudeatzailea\",\"@id\":\"https:\\\/\\\/iraurgiberritzen.eus\\\/es\\\/#\\\/schema\\\/person\\\/5ab41aaf388a9097177601ebf45738d2\"},\"headline\":\"Con el fin de incidir en la innovaci\u00f3n social de la comarca Iraurgi Berritzen presentar\u00e1 el Proyecto UrBerritzen\",\"datePublished\":\"2016-02-16T07:20:16+00:00\",\"mainEntityOfPage\":{\"@id\":\"https:\\\/\\\/iraurgiberritzen.eus\\\/es\\\/con-el-fin-de-incidir-en-la-innovacion-social-de-la-comarca-iraurgi-berritzen-presentara-el-proyecto-urberritzen\\\/\"},\"wordCount\":457,\"publisher\":{\"@id\":\"https:\\\/\\\/iraurgiberritzen.eus\\\/es\\\/#organization\"},\"image\":{\"@id\":\"https:\\\/\\\/iraurgiberritzen.eus\\\/es\\\/con-el-fin-de-incidir-en-la-innovacion-social-de-la-comarca-iraurgi-berritzen-presentara-el-proyecto-urberritzen\\\/#primaryimage\"},\"thumbnailUrl\":\"https:\\\/\\\/iraurgiberritzen.eus\\\/wp-content\\\/uploads\\\/2023\\\/09\\\/8835fed4de3847a26822c5cc338a0cab.jpg\",\"articleSection\":[\"Noticias\"],\"inLanguage\":\"es\"},{\"@type\":\"WebPage\",\"@id\":\"https:\\\/\\\/iraurgiberritzen.eus\\\/es\\\/con-el-fin-de-incidir-en-la-innovacion-social-de-la-comarca-iraurgi-berritzen-presentara-el-proyecto-urberritzen\\\/\",\"url\":\"https:\\\/\\\/iraurgiberritzen.eus\\\/es\\\/con-el-fin-de-incidir-en-la-innovacion-social-de-la-comarca-iraurgi-berritzen-presentara-el-proyecto-urberritzen\\\/\",\"name\":\"Con el fin de incidir en la innovaci\u00f3n social de la comarca Iraurgi Berritzen presentar\u00e1 el Proyecto UrBerritzen - Iraurgi Berritzen\",\"isPartOf\":{\"@id\":\"https:\\\/\\\/iraurgiberritzen.eus\\\/es\\\/#website\"},\"primaryImageOfPage\":{\"@id\":\"https:\\\/\\\/iraurgiberritzen.eus\\\/es\\\/con-el-fin-de-incidir-en-la-innovacion-social-de-la-comarca-iraurgi-berritzen-presentara-el-proyecto-urberritzen\\\/#primaryimage\"},\"image\":{\"@id\":\"https:\\\/\\\/iraurgiberritzen.eus\\\/es\\\/con-el-fin-de-incidir-en-la-innovacion-social-de-la-comarca-iraurgi-berritzen-presentara-el-proyecto-urberritzen\\\/#primaryimage\"},\"thumbnailUrl\":\"https:\\\/\\\/iraurgiberritzen.eus\\\/wp-content\\\/uploads\\\/2023\\\/09\\\/8835fed4de3847a26822c5cc338a0cab.jpg\",\"datePublished\":\"2016-02-16T07:20:16+00:00\",\"breadcrumb\":{\"@id\":\"https:\\\/\\\/iraurgiberritzen.eus\\\/es\\\/con-el-fin-de-incidir-en-la-innovacion-social-de-la-comarca-iraurgi-berritzen-presentara-el-proyecto-urberritzen\\\/#breadcrumb\"},\"inLanguage\":\"es\",\"potentialAction\":[{\"@type\":\"ReadAction\",\"target\":[\"https:\\\/\\\/iraurgiberritzen.eus\\\/es\\\/con-el-fin-de-incidir-en-la-innovacion-social-de-la-comarca-iraurgi-berritzen-presentara-el-proyecto-urberritzen\\\/\"]}]},{\"@type\":\"ImageObject\",\"inLanguage\":\"es\",\"@id\":\"https:\\\/\\\/iraurgiberritzen.eus\\\/es\\\/con-el-fin-de-incidir-en-la-innovacion-social-de-la-comarca-iraurgi-berritzen-presentara-el-proyecto-urberritzen\\\/#primaryimage\",\"url\":\"https:\\\/\\\/iraurgiberritzen.eus\\\/wp-content\\\/uploads\\\/2023\\\/09\\\/8835fed4de3847a26822c5cc338a0cab.jpg\",\"contentUrl\":\"https:\\\/\\\/iraurgiberritzen.eus\\\/wp-content\\\/uploads\\\/2023\\\/09\\\/8835fed4de3847a26822c5cc338a0cab.jpg\",\"width\":600,\"height\":386},{\"@type\":\"BreadcrumbList\",\"@id\":\"https:\\\/\\\/iraurgiberritzen.eus\\\/es\\\/con-el-fin-de-incidir-en-la-innovacion-social-de-la-comarca-iraurgi-berritzen-presentara-el-proyecto-urberritzen\\\/#breadcrumb\",\"itemListElement\":[{\"@type\":\"ListItem\",\"position\":1,\"name\":\"Home\",\"item\":\"https:\\\/\\\/iraurgiberritzen.eus\\\/es\\\/\"},{\"@type\":\"ListItem\",\"position\":2,\"name\":\"Con el fin de incidir en la innovaci\u00f3n social de la comarca Iraurgi Berritzen presentar\u00e1 el Proyecto UrBerritzen\"}]},{\"@type\":\"WebSite\",\"@id\":\"https:\\\/\\\/iraurgiberritzen.eus\\\/es\\\/#website\",\"url\":\"https:\\\/\\\/iraurgiberritzen.eus\\\/es\\\/\",\"name\":\"Iraurgi Berritzen\",\"description\":\"Urola Erdiko Garapen Agentzia\",\"publisher\":{\"@id\":\"https:\\\/\\\/iraurgiberritzen.eus\\\/es\\\/#organization\"},\"potentialAction\":[{\"@type\":\"SearchAction\",\"target\":{\"@type\":\"EntryPoint\",\"urlTemplate\":\"https:\\\/\\\/iraurgiberritzen.eus\\\/es\\\/?s={search_term_string}\"},\"query-input\":{\"@type\":\"PropertyValueSpecification\",\"valueRequired\":true,\"valueName\":\"search_term_string\"}}],\"inLanguage\":\"es\"},{\"@type\":\"Organization\",\"@id\":\"https:\\\/\\\/iraurgiberritzen.eus\\\/es\\\/#organization\",\"name\":\"Iraurgi Berritzen\",\"url\":\"https:\\\/\\\/iraurgiberritzen.eus\\\/es\\\/\",\"logo\":{\"@type\":\"ImageObject\",\"inLanguage\":\"es\",\"@id\":\"https:\\\/\\\/iraurgiberritzen.eus\\\/es\\\/#\\\/schema\\\/logo\\\/image\\\/\",\"url\":\"https:\\\/\\\/iraurgiberritzen.eus\\\/wp-content\\\/uploads\\\/2024\\\/02\\\/IRAURGI-BERRITZEN-logotipoa_2.png\",\"contentUrl\":\"https:\\\/\\\/iraurgiberritzen.eus\\\/wp-content\\\/uploads\\\/2024\\\/02\\\/IRAURGI-BERRITZEN-logotipoa_2.png\",\"width\":496,\"height\":190,\"caption\":\"Iraurgi Berritzen\"},\"image\":{\"@id\":\"https:\\\/\\\/iraurgiberritzen.eus\\\/es\\\/#\\\/schema\\\/logo\\\/image\\\/\"}},{\"@type\":\"Person\",\"@id\":\"https:\\\/\\\/iraurgiberritzen.eus\\\/es\\\/#\\\/schema\\\/person\\\/5ab41aaf388a9097177601ebf45738d2\",\"name\":\"kudeatzailea\",\"sameAs\":[\"https:\\\/\\\/iraurgiberritzen.eus\"]}]}<\/script>\n<!-- \/ Yoast SEO plugin. -->","yoast_head_json":{"title":"Con el fin de incidir en la innovaci\u00f3n social de la comarca Iraurgi Berritzen presentar\u00e1 el Proyecto UrBerritzen - Iraurgi Berritzen","robots":{"index":"index","follow":"follow","max-snippet":"max-snippet:-1","max-image-preview":"max-image-preview:large","max-video-preview":"max-video-preview:-1"},"canonical":"https:\/\/iraurgiberritzen.eus\/es\/con-el-fin-de-incidir-en-la-innovacion-social-de-la-comarca-iraurgi-berritzen-presentara-el-proyecto-urberritzen\/","og_locale":"es_ES","og_type":"article","og_title":"Con el fin de incidir en la innovaci\u00f3n social de la comarca Iraurgi Berritzen presentar\u00e1 el Proyecto UrBerritzen - Iraurgi Berritzen","og_description":"Iraurgi Berritzen, en colaboraci\u00f3n con los Ayuntamientos de la comarca Donostia-Beterri y Elhuyar, y gracias a la subvenci\u00f3n recibida de la Diputaci\u00f3n Foral de Gipuzkoa, ha puesto en marcha el proyecto Urberritzen. El objetivo del proyecto es mejorar la capacidad de las comarcas para poder hacer frente a los retos sociales actuales y crear una [&hellip;]","og_url":"https:\/\/iraurgiberritzen.eus\/es\/con-el-fin-de-incidir-en-la-innovacion-social-de-la-comarca-iraurgi-berritzen-presentara-el-proyecto-urberritzen\/","og_site_name":"Iraurgi Berritzen","article_published_time":"2016-02-16T07:20:16+00:00","author":"kudeatzailea","twitter_card":"summary_large_image","twitter_misc":{"Escrito por":"kudeatzailea","Tiempo de lectura":"2 minutos"},"schema":{"@context":"https:\/\/schema.org","@graph":[{"@type":"Article","@id":"https:\/\/iraurgiberritzen.eus\/es\/con-el-fin-de-incidir-en-la-innovacion-social-de-la-comarca-iraurgi-berritzen-presentara-el-proyecto-urberritzen\/#article","isPartOf":{"@id":"https:\/\/iraurgiberritzen.eus\/es\/con-el-fin-de-incidir-en-la-innovacion-social-de-la-comarca-iraurgi-berritzen-presentara-el-proyecto-urberritzen\/"},"author":{"name":"kudeatzailea","@id":"https:\/\/iraurgiberritzen.eus\/es\/#\/schema\/person\/5ab41aaf388a9097177601ebf45738d2"},"headline":"Con el fin de incidir en la innovaci\u00f3n social de la comarca Iraurgi Berritzen presentar\u00e1 el Proyecto UrBerritzen","datePublished":"2016-02-16T07:20:16+00:00","mainEntityOfPage":{"@id":"https:\/\/iraurgiberritzen.eus\/es\/con-el-fin-de-incidir-en-la-innovacion-social-de-la-comarca-iraurgi-berritzen-presentara-el-proyecto-urberritzen\/"},"wordCount":457,"publisher":{"@id":"https:\/\/iraurgiberritzen.eus\/es\/#organization"},"image":{"@id":"https:\/\/iraurgiberritzen.eus\/es\/con-el-fin-de-incidir-en-la-innovacion-social-de-la-comarca-iraurgi-berritzen-presentara-el-proyecto-urberritzen\/#primaryimage"},"thumbnailUrl":"https:\/\/iraurgiberritzen.eus\/wp-content\/uploads\/2023\/09\/8835fed4de3847a26822c5cc338a0cab.jpg","articleSection":["Noticias"],"inLanguage":"es"},{"@type":"WebPage","@id":"https:\/\/iraurgiberritzen.eus\/es\/con-el-fin-de-incidir-en-la-innovacion-social-de-la-comarca-iraurgi-berritzen-presentara-el-proyecto-urberritzen\/","url":"https:\/\/iraurgiberritzen.eus\/es\/con-el-fin-de-incidir-en-la-innovacion-social-de-la-comarca-iraurgi-berritzen-presentara-el-proyecto-urberritzen\/","name":"Con el fin de incidir en la innovaci\u00f3n social de la comarca Iraurgi Berritzen presentar\u00e1 el Proyecto UrBerritzen - Iraurgi Berritzen","isPartOf":{"@id":"https:\/\/iraurgiberritzen.eus\/es\/#website"},"primaryImageOfPage":{"@id":"https:\/\/iraurgiberritzen.eus\/es\/con-el-fin-de-incidir-en-la-innovacion-social-de-la-comarca-iraurgi-berritzen-presentara-el-proyecto-urberritzen\/#primaryimage"},"image":{"@id":"https:\/\/iraurgiberritzen.eus\/es\/con-el-fin-de-incidir-en-la-innovacion-social-de-la-comarca-iraurgi-berritzen-presentara-el-proyecto-urberritzen\/#primaryimage"},"thumbnailUrl":"https:\/\/iraurgiberritzen.eus\/wp-content\/uploads\/2023\/09\/8835fed4de3847a26822c5cc338a0cab.jpg","datePublished":"2016-02-16T07:20:16+00:00","breadcrumb":{"@id":"https:\/\/iraurgiberritzen.eus\/es\/con-el-fin-de-incidir-en-la-innovacion-social-de-la-comarca-iraurgi-berritzen-presentara-el-proyecto-urberritzen\/#breadcrumb"},"inLanguage":"es","potentialAction":[{"@type":"ReadAction","target":["https:\/\/iraurgiberritzen.eus\/es\/con-el-fin-de-incidir-en-la-innovacion-social-de-la-comarca-iraurgi-berritzen-presentara-el-proyecto-urberritzen\/"]}]},{"@type":"ImageObject","inLanguage":"es","@id":"https:\/\/iraurgiberritzen.eus\/es\/con-el-fin-de-incidir-en-la-innovacion-social-de-la-comarca-iraurgi-berritzen-presentara-el-proyecto-urberritzen\/#primaryimage","url":"https:\/\/iraurgiberritzen.eus\/wp-content\/uploads\/2023\/09\/8835fed4de3847a26822c5cc338a0cab.jpg","contentUrl":"https:\/\/iraurgiberritzen.eus\/wp-content\/uploads\/2023\/09\/8835fed4de3847a26822c5cc338a0cab.jpg","width":600,"height":386},{"@type":"BreadcrumbList","@id":"https:\/\/iraurgiberritzen.eus\/es\/con-el-fin-de-incidir-en-la-innovacion-social-de-la-comarca-iraurgi-berritzen-presentara-el-proyecto-urberritzen\/#breadcrumb","itemListElement":[{"@type":"ListItem","position":1,"name":"Home","item":"https:\/\/iraurgiberritzen.eus\/es\/"},{"@type":"ListItem","position":2,"name":"Con el fin de incidir en la innovaci\u00f3n social de la comarca Iraurgi Berritzen presentar\u00e1 el Proyecto UrBerritzen"}]},{"@type":"WebSite","@id":"https:\/\/iraurgiberritzen.eus\/es\/#website","url":"https:\/\/iraurgiberritzen.eus\/es\/","name":"Iraurgi Berritzen","description":"Urola Erdiko Garapen Agentzia","publisher":{"@id":"https:\/\/iraurgiberritzen.eus\/es\/#organization"},"potentialAction":[{"@type":"SearchAction","target":{"@type":"EntryPoint","urlTemplate":"https:\/\/iraurgiberritzen.eus\/es\/?s={search_term_string}"},"query-input":{"@type":"PropertyValueSpecification","valueRequired":true,"valueName":"search_term_string"}}],"inLanguage":"es"},{"@type":"Organization","@id":"https:\/\/iraurgiberritzen.eus\/es\/#organization","name":"Iraurgi Berritzen","url":"https:\/\/iraurgiberritzen.eus\/es\/","logo":{"@type":"ImageObject","inLanguage":"es","@id":"https:\/\/iraurgiberritzen.eus\/es\/#\/schema\/logo\/image\/","url":"https:\/\/iraurgiberritzen.eus\/wp-content\/uploads\/2024\/02\/IRAURGI-BERRITZEN-logotipoa_2.png","contentUrl":"https:\/\/iraurgiberritzen.eus\/wp-content\/uploads\/2024\/02\/IRAURGI-BERRITZEN-logotipoa_2.png","width":496,"height":190,"caption":"Iraurgi Berritzen"},"image":{"@id":"https:\/\/iraurgiberritzen.eus\/es\/#\/schema\/logo\/image\/"}},{"@type":"Person","@id":"https:\/\/iraurgiberritzen.eus\/es\/#\/schema\/person\/5ab41aaf388a9097177601ebf45738d2","name":"kudeatzailea","sameAs":["https:\/\/iraurgiberritzen.eus"]}]}},"_links":{"self":[{"href":"https:\/\/iraurgiberritzen.eus\/es\/wp-json\/wp\/v2\/posts\/11953","targetHints":{"allow":["GET"]}}],"collection":[{"href":"https:\/\/iraurgiberritzen.eus\/es\/wp-json\/wp\/v2\/posts"}],"about":[{"href":"https:\/\/iraurgiberritzen.eus\/es\/wp-json\/wp\/v2\/types\/post"}],"author":[{"embeddable":true,"href":"https:\/\/iraurgiberritzen.eus\/es\/wp-json\/wp\/v2\/users\/1"}],"replies":[{"embeddable":true,"href":"https:\/\/iraurgiberritzen.eus\/es\/wp-json\/wp\/v2\/comments?post=11953"}],"version-history":[{"count":0,"href":"https:\/\/iraurgiberritzen.eus\/es\/wp-json\/wp\/v2\/posts\/11953\/revisions"}],"wp:featuredmedia":[{"embeddable":true,"href":"https:\/\/iraurgiberritzen.eus\/es\/wp-json\/wp\/v2\/media\/18008"}],"wp:attachment":[{"href":"https:\/\/iraurgiberritzen.eus\/es\/wp-json\/wp\/v2\/media?parent=11953"}],"wp:term":[{"taxonomy":"category","embeddable":true,"href":"https:\/\/iraurgiberritzen.eus\/es\/wp-json\/wp\/v2\/categories?post=11953"},{"taxonomy":"post_tag","embeddable":true,"href":"https:\/\/iraurgiberritzen.eus\/es\/wp-json\/wp\/v2\/tags?post=11953"}],"curies":[{"name":"wp","href":"https:\/\/api.w.org\/{rel}","templated":true}]}}