{"id":11956,"date":"2016-02-22T10:41:15","date_gmt":"2016-02-22T08:41:15","guid":{"rendered":"https:\/\/iraurgiberritzen.eus\/abierto-el-plazo-de-inscripcion-para-las-becas-de-internacionalizacion-2016-del-gobierno-vasco\/"},"modified":"2016-02-22T10:41:15","modified_gmt":"2016-02-22T08:41:15","slug":"abierto-el-plazo-de-inscripcion-para-las-becas-de-internacionalizacion-2016-del-gobierno-vasco","status":"publish","type":"post","link":"https:\/\/iraurgiberritzen.eus\/es\/abierto-el-plazo-de-inscripcion-para-las-becas-de-internacionalizacion-2016-del-gobierno-vasco\/","title":{"rendered":"Abierto el plazo de inscripci\u00f3n para las Becas de Internacionalizaci\u00f3n 2016 del Gobierno Vasco"},"content":{"rendered":"<p style=\"text-align: justify;\">El Consejo de Gobierno ha dado luz verde a la convocatoria de las Becas de Internacionalizaci\u00f3n, por lo que este a\u00f1o tambi\u00e9n se ha abierto el plazo para inscribirse en este programa que el Gobierno Vasco ha mantenido de manera ininterrumpida desde hace treinta a\u00f1os, formando a m\u00e1s de 1.000 personas en la especializaci\u00f3n del comercio exterior. El n\u00famero m\u00e1ximo de Becas de internacionalizaci\u00f3n a conceder en el ejercicio 2016 ser\u00e1 de 100, siendo beneficiarios los j\u00f3venes menores de 30 a\u00f1os con titulaci\u00f3n universitaria superior.<\/p>\n<p style=\"text-align: justify;\">El Departamento de Desarrollo Econ\u00f3mico y Competitividad mantiene, as\u00ed la apuesta por la formaci\u00f3n y capacitaci\u00f3n del capital humano en el avance de la internacionalizaci\u00f3n de la econom\u00eda y de la empresa vasca, consciente de que las necesidades de esta formaci\u00f3n y capacitaci\u00f3n han ido evolucionando a lo largo de los a\u00f1os.<\/p>\n<p style=\"text-align: justify;\">Estas becas de desarrollaran en tres fases:<\/p>\n<ul>\n<li style=\"text-align: justify;\"><strong>Fase 1<\/strong>: formaci\u00f3n te\u00f3rica especializada en la UPV: 3-4 meses.<\/li>\n<li style=\"text-align: justify;\"><strong>Fase 2<\/strong>: formaci\u00f3n pr\u00e1ctica en entidades de apoyo p\u00fablico a la internacionalizaci\u00f3n y otras entidades de desarrollo regional o sectorial: entre 10 y 12 meses.<\/li>\n<li style=\"text-align: justify;\"><strong>Fase 3<\/strong>: pr\u00e1ctica profesional en empresa: entre 8 y 10 meses.<\/li>\n<\/ul>\n<p style=\"text-align: justify;\">La cuant\u00eda econ\u00f3mica de las becas estar\u00e1 dirigida a cubrir los gastos necesarios para cumplir el objetivo formativo perseguido. Entre los gastos a cubrir se comprender\u00e1n: el coste del curso universitario, los viajes, y otros gastos complementarios formativos de la persona becada y su aseguramiento.<\/p>\n<p style=\"text-align: justify;\">El importe del programa por parte del Gobierno Vasco asciende a 3.497.716 euros, un mill\u00f3n m\u00e1s que en 2015.<\/p>\n<p style=\"text-align: justify;\"><strong>BENEFICIARIOS DEL PROGRAMA<\/strong><\/p>\n<p style=\"text-align: justify;\">Podr\u00e1n optar al proceso selectivo y, en su caso, podr\u00e1n alcanzar la condici\u00f3n de becarios y becarias de internacionalizaci\u00f3n, las personas f\u00edsicas que re\u00fanan los requisitos siguientes:<\/p>\n<ul>\n<li style=\"text-align: justify;\">Vecindad administrativa en la Comunidad Aut\u00f3noma del Pa\u00eds Vasco.<\/li>\n<li style=\"text-align: justify;\">Titulaci\u00f3n Universitaria Superior previa a la resoluci\u00f3n de la adjudicaci\u00f3n pudiendo haberse licenciado en 2016.<\/li>\n<li style=\"text-align: justify;\">Tendr\u00e1n preferencia y se valorar\u00e1n especialmente los grados en Econom\u00eda, Direcci\u00f3n y Administraci\u00f3n de Empresas, y los grados en cualquier tipo de Ingenier\u00eda.<\/li>\n<li style=\"text-align: justify;\">No tener cumplidos 30 a\u00f1os el d\u00eda de apertura del plazo de solicitud.<\/li>\n<li style=\"text-align: justify;\">Dominio del Ingl\u00e9s a nivel B2.<\/li>\n<li style=\"text-align: justify;\">No haber sido beneficiario de ninguna otra ayuda o beca de similares caracter\u00edsticas.<\/li>\n<\/ul>\n<p style=\"text-align: justify;\">Mas informaci\u00f3n en el siguiente enlace: <a href=\"http:\/\/www.euskadi.eus\/gobierno-vasco\/-\/ayuda_subvencion\/2016\/beint_2016\/\">http:\/\/www.euskadi.eus\/gobierno-vasco\/-\/ayuda_subvencion\/2016\/beint_2016\/<\/a><\/p>\n","protected":false},"excerpt":{"rendered":"<p>El Consejo de Gobierno ha dado luz verde a la convocatoria de las Becas de Internacionalizaci\u00f3n, por lo que este a\u00f1o tambi\u00e9n se ha abierto el plazo para inscribirse en este programa que el Gobierno Vasco ha mantenido de manera ininterrumpida desde hace treinta a\u00f1os, formando a m\u00e1s de 1.000 personas en la especializaci\u00f3n del [&hellip;]<\/p>\n","protected":false},"author":1,"featured_media":18009,"comment_status":"","ping_status":"closed","sticky":false,"template":"","format":"standard","meta":{"_acf_changed":false,"footnotes":""},"categories":[4],"tags":[],"class_list":["post-11956","post","type-post","status-publish","format-standard","has-post-thumbnail","hentry","category-noticias"],"acf":[],"yoast_head":"<!-- This site is optimized with the Yoast SEO plugin v27.4 - https:\/\/yoast.com\/product\/yoast-seo-wordpress\/ -->\n<title>Abierto el plazo de inscripci\u00f3n para las Becas de Internacionalizaci\u00f3n 2016 del Gobierno Vasco - Iraurgi Berritzen<\/title>\n<meta name=\"robots\" content=\"index, follow, max-snippet:-1, max-image-preview:large, max-video-preview:-1\" \/>\n<link rel=\"canonical\" href=\"https:\/\/iraurgiberritzen.eus\/es\/abierto-el-plazo-de-inscripcion-para-las-becas-de-internacionalizacion-2016-del-gobierno-vasco\/\" \/>\n<meta property=\"og:locale\" content=\"es_ES\" \/>\n<meta property=\"og:type\" content=\"article\" \/>\n<meta property=\"og:title\" content=\"Abierto el plazo de inscripci\u00f3n para las Becas de Internacionalizaci\u00f3n 2016 del Gobierno Vasco - Iraurgi Berritzen\" \/>\n<meta property=\"og:description\" content=\"El Consejo de Gobierno ha dado luz verde a la convocatoria de las Becas de Internacionalizaci\u00f3n, por lo que este a\u00f1o tambi\u00e9n se ha abierto el plazo para inscribirse en este programa que el Gobierno Vasco ha mantenido de manera ininterrumpida desde hace treinta a\u00f1os, formando a m\u00e1s de 1.000 personas en la especializaci\u00f3n del [&hellip;]\" \/>\n<meta property=\"og:url\" content=\"https:\/\/iraurgiberritzen.eus\/es\/abierto-el-plazo-de-inscripcion-para-las-becas-de-internacionalizacion-2016-del-gobierno-vasco\/\" \/>\n<meta property=\"og:site_name\" content=\"Iraurgi Berritzen\" \/>\n<meta property=\"article:published_time\" content=\"2016-02-22T08:41:15+00:00\" \/>\n<meta name=\"author\" content=\"kudeatzailea\" \/>\n<meta name=\"twitter:card\" content=\"summary_large_image\" \/>\n<meta name=\"twitter:label1\" content=\"Escrito por\" \/>\n\t<meta name=\"twitter:data1\" content=\"kudeatzailea\" \/>\n\t<meta name=\"twitter:label2\" content=\"Tiempo de lectura\" \/>\n\t<meta name=\"twitter:data2\" content=\"2 minutos\" \/>\n<script type=\"application\/ld+json\" class=\"yoast-schema-graph\">{\"@context\":\"https:\\\/\\\/schema.org\",\"@graph\":[{\"@type\":\"Article\",\"@id\":\"https:\\\/\\\/iraurgiberritzen.eus\\\/es\\\/abierto-el-plazo-de-inscripcion-para-las-becas-de-internacionalizacion-2016-del-gobierno-vasco\\\/#article\",\"isPartOf\":{\"@id\":\"https:\\\/\\\/iraurgiberritzen.eus\\\/es\\\/abierto-el-plazo-de-inscripcion-para-las-becas-de-internacionalizacion-2016-del-gobierno-vasco\\\/\"},\"author\":{\"name\":\"kudeatzailea\",\"@id\":\"https:\\\/\\\/iraurgiberritzen.eus\\\/es\\\/#\\\/schema\\\/person\\\/5ab41aaf388a9097177601ebf45738d2\"},\"headline\":\"Abierto el plazo de inscripci\u00f3n para las Becas de Internacionalizaci\u00f3n 2016 del Gobierno Vasco\",\"datePublished\":\"2016-02-22T08:41:15+00:00\",\"mainEntityOfPage\":{\"@id\":\"https:\\\/\\\/iraurgiberritzen.eus\\\/es\\\/abierto-el-plazo-de-inscripcion-para-las-becas-de-internacionalizacion-2016-del-gobierno-vasco\\\/\"},\"wordCount\":432,\"publisher\":{\"@id\":\"https:\\\/\\\/iraurgiberritzen.eus\\\/es\\\/#organization\"},\"image\":{\"@id\":\"https:\\\/\\\/iraurgiberritzen.eus\\\/es\\\/abierto-el-plazo-de-inscripcion-para-las-becas-de-internacionalizacion-2016-del-gobierno-vasco\\\/#primaryimage\"},\"thumbnailUrl\":\"https:\\\/\\\/iraurgiberritzen.eus\\\/wp-content\\\/uploads\\\/2023\\\/09\\\/3946cc5a2ed843c2c9fca0b4efcd28ba.jpg\",\"articleSection\":[\"Noticias\"],\"inLanguage\":\"es\"},{\"@type\":\"WebPage\",\"@id\":\"https:\\\/\\\/iraurgiberritzen.eus\\\/es\\\/abierto-el-plazo-de-inscripcion-para-las-becas-de-internacionalizacion-2016-del-gobierno-vasco\\\/\",\"url\":\"https:\\\/\\\/iraurgiberritzen.eus\\\/es\\\/abierto-el-plazo-de-inscripcion-para-las-becas-de-internacionalizacion-2016-del-gobierno-vasco\\\/\",\"name\":\"Abierto el plazo de inscripci\u00f3n para las Becas de Internacionalizaci\u00f3n 2016 del Gobierno Vasco - Iraurgi Berritzen\",\"isPartOf\":{\"@id\":\"https:\\\/\\\/iraurgiberritzen.eus\\\/es\\\/#website\"},\"primaryImageOfPage\":{\"@id\":\"https:\\\/\\\/iraurgiberritzen.eus\\\/es\\\/abierto-el-plazo-de-inscripcion-para-las-becas-de-internacionalizacion-2016-del-gobierno-vasco\\\/#primaryimage\"},\"image\":{\"@id\":\"https:\\\/\\\/iraurgiberritzen.eus\\\/es\\\/abierto-el-plazo-de-inscripcion-para-las-becas-de-internacionalizacion-2016-del-gobierno-vasco\\\/#primaryimage\"},\"thumbnailUrl\":\"https:\\\/\\\/iraurgiberritzen.eus\\\/wp-content\\\/uploads\\\/2023\\\/09\\\/3946cc5a2ed843c2c9fca0b4efcd28ba.jpg\",\"datePublished\":\"2016-02-22T08:41:15+00:00\",\"breadcrumb\":{\"@id\":\"https:\\\/\\\/iraurgiberritzen.eus\\\/es\\\/abierto-el-plazo-de-inscripcion-para-las-becas-de-internacionalizacion-2016-del-gobierno-vasco\\\/#breadcrumb\"},\"inLanguage\":\"es\",\"potentialAction\":[{\"@type\":\"ReadAction\",\"target\":[\"https:\\\/\\\/iraurgiberritzen.eus\\\/es\\\/abierto-el-plazo-de-inscripcion-para-las-becas-de-internacionalizacion-2016-del-gobierno-vasco\\\/\"]}]},{\"@type\":\"ImageObject\",\"inLanguage\":\"es\",\"@id\":\"https:\\\/\\\/iraurgiberritzen.eus\\\/es\\\/abierto-el-plazo-de-inscripcion-para-las-becas-de-internacionalizacion-2016-del-gobierno-vasco\\\/#primaryimage\",\"url\":\"https:\\\/\\\/iraurgiberritzen.eus\\\/wp-content\\\/uploads\\\/2023\\\/09\\\/3946cc5a2ed843c2c9fca0b4efcd28ba.jpg\",\"contentUrl\":\"https:\\\/\\\/iraurgiberritzen.eus\\\/wp-content\\\/uploads\\\/2023\\\/09\\\/3946cc5a2ed843c2c9fca0b4efcd28ba.jpg\",\"width\":600,\"height\":386},{\"@type\":\"BreadcrumbList\",\"@id\":\"https:\\\/\\\/iraurgiberritzen.eus\\\/es\\\/abierto-el-plazo-de-inscripcion-para-las-becas-de-internacionalizacion-2016-del-gobierno-vasco\\\/#breadcrumb\",\"itemListElement\":[{\"@type\":\"ListItem\",\"position\":1,\"name\":\"Home\",\"item\":\"https:\\\/\\\/iraurgiberritzen.eus\\\/es\\\/\"},{\"@type\":\"ListItem\",\"position\":2,\"name\":\"Abierto el plazo de inscripci\u00f3n para las Becas de Internacionalizaci\u00f3n 2016 del Gobierno Vasco\"}]},{\"@type\":\"WebSite\",\"@id\":\"https:\\\/\\\/iraurgiberritzen.eus\\\/es\\\/#website\",\"url\":\"https:\\\/\\\/iraurgiberritzen.eus\\\/es\\\/\",\"name\":\"Iraurgi Berritzen\",\"description\":\"Urola Erdiko Garapen Agentzia\",\"publisher\":{\"@id\":\"https:\\\/\\\/iraurgiberritzen.eus\\\/es\\\/#organization\"},\"potentialAction\":[{\"@type\":\"SearchAction\",\"target\":{\"@type\":\"EntryPoint\",\"urlTemplate\":\"https:\\\/\\\/iraurgiberritzen.eus\\\/es\\\/?s={search_term_string}\"},\"query-input\":{\"@type\":\"PropertyValueSpecification\",\"valueRequired\":true,\"valueName\":\"search_term_string\"}}],\"inLanguage\":\"es\"},{\"@type\":\"Organization\",\"@id\":\"https:\\\/\\\/iraurgiberritzen.eus\\\/es\\\/#organization\",\"name\":\"Iraurgi Berritzen\",\"url\":\"https:\\\/\\\/iraurgiberritzen.eus\\\/es\\\/\",\"logo\":{\"@type\":\"ImageObject\",\"inLanguage\":\"es\",\"@id\":\"https:\\\/\\\/iraurgiberritzen.eus\\\/es\\\/#\\\/schema\\\/logo\\\/image\\\/\",\"url\":\"https:\\\/\\\/iraurgiberritzen.eus\\\/wp-content\\\/uploads\\\/2024\\\/02\\\/IRAURGI-BERRITZEN-logotipoa_2.png\",\"contentUrl\":\"https:\\\/\\\/iraurgiberritzen.eus\\\/wp-content\\\/uploads\\\/2024\\\/02\\\/IRAURGI-BERRITZEN-logotipoa_2.png\",\"width\":496,\"height\":190,\"caption\":\"Iraurgi Berritzen\"},\"image\":{\"@id\":\"https:\\\/\\\/iraurgiberritzen.eus\\\/es\\\/#\\\/schema\\\/logo\\\/image\\\/\"}},{\"@type\":\"Person\",\"@id\":\"https:\\\/\\\/iraurgiberritzen.eus\\\/es\\\/#\\\/schema\\\/person\\\/5ab41aaf388a9097177601ebf45738d2\",\"name\":\"kudeatzailea\",\"sameAs\":[\"https:\\\/\\\/iraurgiberritzen.eus\"]}]}<\/script>\n<!-- \/ Yoast SEO plugin. -->","yoast_head_json":{"title":"Abierto el plazo de inscripci\u00f3n para las Becas de Internacionalizaci\u00f3n 2016 del Gobierno Vasco - Iraurgi Berritzen","robots":{"index":"index","follow":"follow","max-snippet":"max-snippet:-1","max-image-preview":"max-image-preview:large","max-video-preview":"max-video-preview:-1"},"canonical":"https:\/\/iraurgiberritzen.eus\/es\/abierto-el-plazo-de-inscripcion-para-las-becas-de-internacionalizacion-2016-del-gobierno-vasco\/","og_locale":"es_ES","og_type":"article","og_title":"Abierto el plazo de inscripci\u00f3n para las Becas de Internacionalizaci\u00f3n 2016 del Gobierno Vasco - Iraurgi Berritzen","og_description":"El Consejo de Gobierno ha dado luz verde a la convocatoria de las Becas de Internacionalizaci\u00f3n, por lo que este a\u00f1o tambi\u00e9n se ha abierto el plazo para inscribirse en este programa que el Gobierno Vasco ha mantenido de manera ininterrumpida desde hace treinta a\u00f1os, formando a m\u00e1s de 1.000 personas en la especializaci\u00f3n del [&hellip;]","og_url":"https:\/\/iraurgiberritzen.eus\/es\/abierto-el-plazo-de-inscripcion-para-las-becas-de-internacionalizacion-2016-del-gobierno-vasco\/","og_site_name":"Iraurgi Berritzen","article_published_time":"2016-02-22T08:41:15+00:00","author":"kudeatzailea","twitter_card":"summary_large_image","twitter_misc":{"Escrito por":"kudeatzailea","Tiempo de lectura":"2 minutos"},"schema":{"@context":"https:\/\/schema.org","@graph":[{"@type":"Article","@id":"https:\/\/iraurgiberritzen.eus\/es\/abierto-el-plazo-de-inscripcion-para-las-becas-de-internacionalizacion-2016-del-gobierno-vasco\/#article","isPartOf":{"@id":"https:\/\/iraurgiberritzen.eus\/es\/abierto-el-plazo-de-inscripcion-para-las-becas-de-internacionalizacion-2016-del-gobierno-vasco\/"},"author":{"name":"kudeatzailea","@id":"https:\/\/iraurgiberritzen.eus\/es\/#\/schema\/person\/5ab41aaf388a9097177601ebf45738d2"},"headline":"Abierto el plazo de inscripci\u00f3n para las Becas de Internacionalizaci\u00f3n 2016 del Gobierno Vasco","datePublished":"2016-02-22T08:41:15+00:00","mainEntityOfPage":{"@id":"https:\/\/iraurgiberritzen.eus\/es\/abierto-el-plazo-de-inscripcion-para-las-becas-de-internacionalizacion-2016-del-gobierno-vasco\/"},"wordCount":432,"publisher":{"@id":"https:\/\/iraurgiberritzen.eus\/es\/#organization"},"image":{"@id":"https:\/\/iraurgiberritzen.eus\/es\/abierto-el-plazo-de-inscripcion-para-las-becas-de-internacionalizacion-2016-del-gobierno-vasco\/#primaryimage"},"thumbnailUrl":"https:\/\/iraurgiberritzen.eus\/wp-content\/uploads\/2023\/09\/3946cc5a2ed843c2c9fca0b4efcd28ba.jpg","articleSection":["Noticias"],"inLanguage":"es"},{"@type":"WebPage","@id":"https:\/\/iraurgiberritzen.eus\/es\/abierto-el-plazo-de-inscripcion-para-las-becas-de-internacionalizacion-2016-del-gobierno-vasco\/","url":"https:\/\/iraurgiberritzen.eus\/es\/abierto-el-plazo-de-inscripcion-para-las-becas-de-internacionalizacion-2016-del-gobierno-vasco\/","name":"Abierto el plazo de inscripci\u00f3n para las Becas de Internacionalizaci\u00f3n 2016 del Gobierno Vasco - Iraurgi Berritzen","isPartOf":{"@id":"https:\/\/iraurgiberritzen.eus\/es\/#website"},"primaryImageOfPage":{"@id":"https:\/\/iraurgiberritzen.eus\/es\/abierto-el-plazo-de-inscripcion-para-las-becas-de-internacionalizacion-2016-del-gobierno-vasco\/#primaryimage"},"image":{"@id":"https:\/\/iraurgiberritzen.eus\/es\/abierto-el-plazo-de-inscripcion-para-las-becas-de-internacionalizacion-2016-del-gobierno-vasco\/#primaryimage"},"thumbnailUrl":"https:\/\/iraurgiberritzen.eus\/wp-content\/uploads\/2023\/09\/3946cc5a2ed843c2c9fca0b4efcd28ba.jpg","datePublished":"2016-02-22T08:41:15+00:00","breadcrumb":{"@id":"https:\/\/iraurgiberritzen.eus\/es\/abierto-el-plazo-de-inscripcion-para-las-becas-de-internacionalizacion-2016-del-gobierno-vasco\/#breadcrumb"},"inLanguage":"es","potentialAction":[{"@type":"ReadAction","target":["https:\/\/iraurgiberritzen.eus\/es\/abierto-el-plazo-de-inscripcion-para-las-becas-de-internacionalizacion-2016-del-gobierno-vasco\/"]}]},{"@type":"ImageObject","inLanguage":"es","@id":"https:\/\/iraurgiberritzen.eus\/es\/abierto-el-plazo-de-inscripcion-para-las-becas-de-internacionalizacion-2016-del-gobierno-vasco\/#primaryimage","url":"https:\/\/iraurgiberritzen.eus\/wp-content\/uploads\/2023\/09\/3946cc5a2ed843c2c9fca0b4efcd28ba.jpg","contentUrl":"https:\/\/iraurgiberritzen.eus\/wp-content\/uploads\/2023\/09\/3946cc5a2ed843c2c9fca0b4efcd28ba.jpg","width":600,"height":386},{"@type":"BreadcrumbList","@id":"https:\/\/iraurgiberritzen.eus\/es\/abierto-el-plazo-de-inscripcion-para-las-becas-de-internacionalizacion-2016-del-gobierno-vasco\/#breadcrumb","itemListElement":[{"@type":"ListItem","position":1,"name":"Home","item":"https:\/\/iraurgiberritzen.eus\/es\/"},{"@type":"ListItem","position":2,"name":"Abierto el plazo de inscripci\u00f3n para las Becas de Internacionalizaci\u00f3n 2016 del Gobierno Vasco"}]},{"@type":"WebSite","@id":"https:\/\/iraurgiberritzen.eus\/es\/#website","url":"https:\/\/iraurgiberritzen.eus\/es\/","name":"Iraurgi Berritzen","description":"Urola Erdiko Garapen Agentzia","publisher":{"@id":"https:\/\/iraurgiberritzen.eus\/es\/#organization"},"potentialAction":[{"@type":"SearchAction","target":{"@type":"EntryPoint","urlTemplate":"https:\/\/iraurgiberritzen.eus\/es\/?s={search_term_string}"},"query-input":{"@type":"PropertyValueSpecification","valueRequired":true,"valueName":"search_term_string"}}],"inLanguage":"es"},{"@type":"Organization","@id":"https:\/\/iraurgiberritzen.eus\/es\/#organization","name":"Iraurgi Berritzen","url":"https:\/\/iraurgiberritzen.eus\/es\/","logo":{"@type":"ImageObject","inLanguage":"es","@id":"https:\/\/iraurgiberritzen.eus\/es\/#\/schema\/logo\/image\/","url":"https:\/\/iraurgiberritzen.eus\/wp-content\/uploads\/2024\/02\/IRAURGI-BERRITZEN-logotipoa_2.png","contentUrl":"https:\/\/iraurgiberritzen.eus\/wp-content\/uploads\/2024\/02\/IRAURGI-BERRITZEN-logotipoa_2.png","width":496,"height":190,"caption":"Iraurgi Berritzen"},"image":{"@id":"https:\/\/iraurgiberritzen.eus\/es\/#\/schema\/logo\/image\/"}},{"@type":"Person","@id":"https:\/\/iraurgiberritzen.eus\/es\/#\/schema\/person\/5ab41aaf388a9097177601ebf45738d2","name":"kudeatzailea","sameAs":["https:\/\/iraurgiberritzen.eus"]}]}},"_links":{"self":[{"href":"https:\/\/iraurgiberritzen.eus\/es\/wp-json\/wp\/v2\/posts\/11956","targetHints":{"allow":["GET"]}}],"collection":[{"href":"https:\/\/iraurgiberritzen.eus\/es\/wp-json\/wp\/v2\/posts"}],"about":[{"href":"https:\/\/iraurgiberritzen.eus\/es\/wp-json\/wp\/v2\/types\/post"}],"author":[{"embeddable":true,"href":"https:\/\/iraurgiberritzen.eus\/es\/wp-json\/wp\/v2\/users\/1"}],"replies":[{"embeddable":true,"href":"https:\/\/iraurgiberritzen.eus\/es\/wp-json\/wp\/v2\/comments?post=11956"}],"version-history":[{"count":0,"href":"https:\/\/iraurgiberritzen.eus\/es\/wp-json\/wp\/v2\/posts\/11956\/revisions"}],"wp:featuredmedia":[{"embeddable":true,"href":"https:\/\/iraurgiberritzen.eus\/es\/wp-json\/wp\/v2\/media\/18009"}],"wp:attachment":[{"href":"https:\/\/iraurgiberritzen.eus\/es\/wp-json\/wp\/v2\/media?parent=11956"}],"wp:term":[{"taxonomy":"category","embeddable":true,"href":"https:\/\/iraurgiberritzen.eus\/es\/wp-json\/wp\/v2\/categories?post=11956"},{"taxonomy":"post_tag","embeddable":true,"href":"https:\/\/iraurgiberritzen.eus\/es\/wp-json\/wp\/v2\/tags?post=11956"}],"curies":[{"name":"wp","href":"https:\/\/api.w.org\/{rel}","templated":true}]}}