{"id":11959,"date":"2016-02-22T12:53:06","date_gmt":"2016-02-22T10:53:06","guid":{"rendered":"https:\/\/iraurgiberritzen.eus\/en-marcha-el-proceso-urberritzen-iniciativa-que-pretende-impulsar-la-innovacion-social-en-la-comarca-del-urola-medio\/"},"modified":"2016-02-22T12:53:06","modified_gmt":"2016-02-22T10:53:06","slug":"en-marcha-el-proceso-urberritzen-iniciativa-que-pretende-impulsar-la-innovacion-social-en-la-comarca-del-urola-medio","status":"publish","type":"post","link":"https:\/\/iraurgiberritzen.eus\/es\/en-marcha-el-proceso-urberritzen-iniciativa-que-pretende-impulsar-la-innovacion-social-en-la-comarca-del-urola-medio\/","title":{"rendered":"En marcha el proceso Urberritzen, iniciativa que pretende impulsar la innovaci\u00f3n social en la comarca del Urola Medio"},"content":{"rendered":"<p style=\"text-align: justify;\">Ya est\u00e1 en marcha el proyecto Urberritzen de la Agencia de Innovaci\u00f3n y Desarrollo del Urola Medio (Iraurgi Berritzen), gracias a la colaboraci\u00f3n de los ayuntamientos de la comarca de Donostia-Beterri (Beterri) y Elhuyar Aholkularitza y a la financiaci\u00f3n de la Diputaci\u00f3n Foral de Gipuzkoa.<\/p>\n<p style=\"text-align: justify;\">El 18 de febrero presentaron el proyecto y las principales l\u00edneas de actuaci\u00f3n son:<\/p>\n<ul style=\"text-align: justify;\">\n<li>Por un lado, se evaluar\u00e1n 6 proyectos innovadores de la comarca mediante la herramienta desarrollada por Elhuyar. Se analizar\u00e1 en qu\u00e9 grado cumplen criterios de innovaci\u00f3n social y se propondr\u00e1n medidas con el fin de impulsar la innovaci\u00f3n social en el futuro. Los proyectos que se evaluar\u00e1n hasta marzo son los siguientes: Elkarrekin eraikitzen, Mugat, Hemenbuy, Ezagutza Sarea, Elkar-ekin y MunibeGroup.<\/li>\n<li>Por otro lado, se organizar\u00e1n 2 sesiones, en las que participar\u00e1n agentes de diferentes \u00e1mbitos de la comarca, con el fin de dar a conocer los resultados de las evaluaciones, reflexionar sobre la capacidad de innovaci\u00f3n social de la comarca, definir las medidas de mejora y, sobre todo, crear nuevos espacios de colaboraci\u00f3n. Las reuniones tendr\u00e1n lugar el 21 de abril y el 5 de mayo.<\/li>\n<li>Finalmente, se organizar\u00e1 una sesi\u00f3n de intercambio de experiencias para el 18 de mayo, donde los ayuntamientos de las comarcas de Donostia-Beterri (Beterri) y Urola Medio tendr\u00e1n ocasi\u00f3n de intercambiar informaci\u00f3n y compartir experiencias.<\/li>\n<li>Al final de proceso, en junio, organizaremos una jornada donde daremos a conocer lo que hemos aprendido durante el proceso.<\/li>\n<\/ul>\n<p style=\"text-align: justify;\">En la presentaci\u00f3n del proyecto, tras explicar los detalles del proceso, tuvieron lugar varias charlas y una mesa redonda, donde pudimos conocer tres experiencias interesantes de la comarca. Diametro200 es el restaurante que gestiona la Fundaci\u00f3n Orona, y se distingue porque todos los alimentos hort\u00edcolas que emplea est\u00e1n producidos a nivel local, en la finca agroecol\u00f3gica Karabeleko, seg\u00fan se\u00f1alaron Iker Goikoetxea, miembro de la asociaci\u00f3n Karabeleko, e I\u00f1igo Marquet, representante de la Fundaci\u00f3n Orona. A continuaci\u00f3n, el azpeitiarra Kepa Urbieta describi\u00f3 la experiencia de Azpeitiko Kultur Mahaia. Se trata de un espacio donde se re\u00fanen todas las asociaciones culturales del municipio para gestionar en colaboraci\u00f3n la din\u00e1mica y la coordinaci\u00f3n cultural. Las palabras de Kepa Urbieta dejaron claro que Azpeitia cuenta con una base cultural s\u00f3lida. Y para finalizar, el representante del Grupo Gureak, Jon Ander Arzalus, dio a conocer la experiencia del nuevo supermercado Eroski de Azpeitia. Se trata de una experiencia innovadora tanto en el Pa\u00eds Vasco como a nivel estatal y constituye una iniciativa interesante para aumentar las oportunidades de empleo de las personas con discapacidad.<\/p>\n<p style=\"text-align: justify;\">Los agentes interesados en asistir a la sesiones de abril y mayo pueden inscribirse llamando al 943026069o escribiendo un mensaje electr\u00f3nico a <a href=\"mailto:iabarisketa@iraurgiberritzen.eus\">iabarisketa@iraurgiberritzen.eus<\/a>\/ <a href=\"mailto:isorazu@iraurgiberritzen.eu\">isorazu@iraurgiberritzen.eus<\/a>.<\/p>\n<p style=\"text-align: justify;\">M\u00e1s informaci\u00f3n en berrikuntzasoziala.elhuyar.eus o iraurgiberritzen.eus<\/p>\n<img loading=\"lazy\" decoding=\"async\" style=\"display: block; margin-left: auto; margin-right: auto;\" src=\"images\/Untitled_design47.png\" alt=\"Untitled_design47.png\" width=\"623\" height=\"110\" \/>\n","protected":false},"excerpt":{"rendered":"<p>Ya est\u00e1 en marcha el proyecto Urberritzen de la Agencia de Innovaci\u00f3n y Desarrollo del Urola Medio (Iraurgi Berritzen), gracias a la colaboraci\u00f3n de los ayuntamientos de la comarca de Donostia-Beterri (Beterri) y Elhuyar Aholkularitza y a la financiaci\u00f3n de la Diputaci\u00f3n Foral de Gipuzkoa. El 18 de febrero presentaron el proyecto y las principales [&hellip;]<\/p>\n","protected":false},"author":1,"featured_media":18010,"comment_status":"","ping_status":"closed","sticky":false,"template":"","format":"standard","meta":{"_acf_changed":false,"footnotes":""},"categories":[4],"tags":[],"class_list":["post-11959","post","type-post","status-publish","format-standard","has-post-thumbnail","hentry","category-noticias"],"acf":[],"yoast_head":"<!-- This site is optimized with the Yoast SEO plugin v27.4 - https:\/\/yoast.com\/product\/yoast-seo-wordpress\/ -->\n<title>En marcha el proceso Urberritzen, iniciativa que pretende impulsar la innovaci\u00f3n social en la comarca del Urola Medio - Iraurgi Berritzen<\/title>\n<meta name=\"robots\" content=\"index, follow, max-snippet:-1, max-image-preview:large, max-video-preview:-1\" \/>\n<link rel=\"canonical\" href=\"https:\/\/iraurgiberritzen.eus\/es\/en-marcha-el-proceso-urberritzen-iniciativa-que-pretende-impulsar-la-innovacion-social-en-la-comarca-del-urola-medio\/\" \/>\n<meta property=\"og:locale\" content=\"es_ES\" \/>\n<meta property=\"og:type\" content=\"article\" \/>\n<meta property=\"og:title\" content=\"En marcha el proceso Urberritzen, iniciativa que pretende impulsar la innovaci\u00f3n social en la comarca del Urola Medio - Iraurgi Berritzen\" \/>\n<meta property=\"og:description\" content=\"Ya est\u00e1 en marcha el proyecto Urberritzen de la Agencia de Innovaci\u00f3n y Desarrollo del Urola Medio (Iraurgi Berritzen), gracias a la colaboraci\u00f3n de los ayuntamientos de la comarca de Donostia-Beterri (Beterri) y Elhuyar Aholkularitza y a la financiaci\u00f3n de la Diputaci\u00f3n Foral de Gipuzkoa. El 18 de febrero presentaron el proyecto y las principales [&hellip;]\" \/>\n<meta property=\"og:url\" content=\"https:\/\/iraurgiberritzen.eus\/es\/en-marcha-el-proceso-urberritzen-iniciativa-que-pretende-impulsar-la-innovacion-social-en-la-comarca-del-urola-medio\/\" \/>\n<meta property=\"og:site_name\" content=\"Iraurgi Berritzen\" \/>\n<meta property=\"article:published_time\" content=\"2016-02-22T10:53:06+00:00\" \/>\n<meta name=\"author\" content=\"kudeatzailea\" \/>\n<meta name=\"twitter:card\" content=\"summary_large_image\" \/>\n<meta name=\"twitter:label1\" content=\"Escrito por\" \/>\n\t<meta name=\"twitter:data1\" content=\"kudeatzailea\" \/>\n\t<meta name=\"twitter:label2\" content=\"Tiempo de lectura\" \/>\n\t<meta name=\"twitter:data2\" content=\"2 minutos\" \/>\n<script type=\"application\/ld+json\" class=\"yoast-schema-graph\">{\"@context\":\"https:\\\/\\\/schema.org\",\"@graph\":[{\"@type\":\"Article\",\"@id\":\"https:\\\/\\\/iraurgiberritzen.eus\\\/es\\\/en-marcha-el-proceso-urberritzen-iniciativa-que-pretende-impulsar-la-innovacion-social-en-la-comarca-del-urola-medio\\\/#article\",\"isPartOf\":{\"@id\":\"https:\\\/\\\/iraurgiberritzen.eus\\\/es\\\/en-marcha-el-proceso-urberritzen-iniciativa-que-pretende-impulsar-la-innovacion-social-en-la-comarca-del-urola-medio\\\/\"},\"author\":{\"name\":\"kudeatzailea\",\"@id\":\"https:\\\/\\\/iraurgiberritzen.eus\\\/es\\\/#\\\/schema\\\/person\\\/5ab41aaf388a9097177601ebf45738d2\"},\"headline\":\"En marcha el proceso Urberritzen, iniciativa que pretende impulsar la innovaci\u00f3n social en la comarca del Urola Medio\",\"datePublished\":\"2016-02-22T10:53:06+00:00\",\"mainEntityOfPage\":{\"@id\":\"https:\\\/\\\/iraurgiberritzen.eus\\\/es\\\/en-marcha-el-proceso-urberritzen-iniciativa-que-pretende-impulsar-la-innovacion-social-en-la-comarca-del-urola-medio\\\/\"},\"wordCount\":509,\"publisher\":{\"@id\":\"https:\\\/\\\/iraurgiberritzen.eus\\\/es\\\/#organization\"},\"image\":{\"@id\":\"https:\\\/\\\/iraurgiberritzen.eus\\\/es\\\/en-marcha-el-proceso-urberritzen-iniciativa-que-pretende-impulsar-la-innovacion-social-en-la-comarca-del-urola-medio\\\/#primaryimage\"},\"thumbnailUrl\":\"https:\\\/\\\/iraurgiberritzen.eus\\\/wp-content\\\/uploads\\\/2023\\\/09\\\/b3a54ecc0915f9347c3f53fa31d161fe.jpg\",\"articleSection\":[\"Noticias\"],\"inLanguage\":\"es\"},{\"@type\":\"WebPage\",\"@id\":\"https:\\\/\\\/iraurgiberritzen.eus\\\/es\\\/en-marcha-el-proceso-urberritzen-iniciativa-que-pretende-impulsar-la-innovacion-social-en-la-comarca-del-urola-medio\\\/\",\"url\":\"https:\\\/\\\/iraurgiberritzen.eus\\\/es\\\/en-marcha-el-proceso-urberritzen-iniciativa-que-pretende-impulsar-la-innovacion-social-en-la-comarca-del-urola-medio\\\/\",\"name\":\"En marcha el proceso Urberritzen, iniciativa que pretende impulsar la innovaci\u00f3n social en la comarca del Urola Medio - Iraurgi Berritzen\",\"isPartOf\":{\"@id\":\"https:\\\/\\\/iraurgiberritzen.eus\\\/es\\\/#website\"},\"primaryImageOfPage\":{\"@id\":\"https:\\\/\\\/iraurgiberritzen.eus\\\/es\\\/en-marcha-el-proceso-urberritzen-iniciativa-que-pretende-impulsar-la-innovacion-social-en-la-comarca-del-urola-medio\\\/#primaryimage\"},\"image\":{\"@id\":\"https:\\\/\\\/iraurgiberritzen.eus\\\/es\\\/en-marcha-el-proceso-urberritzen-iniciativa-que-pretende-impulsar-la-innovacion-social-en-la-comarca-del-urola-medio\\\/#primaryimage\"},\"thumbnailUrl\":\"https:\\\/\\\/iraurgiberritzen.eus\\\/wp-content\\\/uploads\\\/2023\\\/09\\\/b3a54ecc0915f9347c3f53fa31d161fe.jpg\",\"datePublished\":\"2016-02-22T10:53:06+00:00\",\"breadcrumb\":{\"@id\":\"https:\\\/\\\/iraurgiberritzen.eus\\\/es\\\/en-marcha-el-proceso-urberritzen-iniciativa-que-pretende-impulsar-la-innovacion-social-en-la-comarca-del-urola-medio\\\/#breadcrumb\"},\"inLanguage\":\"es\",\"potentialAction\":[{\"@type\":\"ReadAction\",\"target\":[\"https:\\\/\\\/iraurgiberritzen.eus\\\/es\\\/en-marcha-el-proceso-urberritzen-iniciativa-que-pretende-impulsar-la-innovacion-social-en-la-comarca-del-urola-medio\\\/\"]}]},{\"@type\":\"ImageObject\",\"inLanguage\":\"es\",\"@id\":\"https:\\\/\\\/iraurgiberritzen.eus\\\/es\\\/en-marcha-el-proceso-urberritzen-iniciativa-que-pretende-impulsar-la-innovacion-social-en-la-comarca-del-urola-medio\\\/#primaryimage\",\"url\":\"https:\\\/\\\/iraurgiberritzen.eus\\\/wp-content\\\/uploads\\\/2023\\\/09\\\/b3a54ecc0915f9347c3f53fa31d161fe.jpg\",\"contentUrl\":\"https:\\\/\\\/iraurgiberritzen.eus\\\/wp-content\\\/uploads\\\/2023\\\/09\\\/b3a54ecc0915f9347c3f53fa31d161fe.jpg\",\"width\":600,\"height\":386},{\"@type\":\"BreadcrumbList\",\"@id\":\"https:\\\/\\\/iraurgiberritzen.eus\\\/es\\\/en-marcha-el-proceso-urberritzen-iniciativa-que-pretende-impulsar-la-innovacion-social-en-la-comarca-del-urola-medio\\\/#breadcrumb\",\"itemListElement\":[{\"@type\":\"ListItem\",\"position\":1,\"name\":\"Home\",\"item\":\"https:\\\/\\\/iraurgiberritzen.eus\\\/es\\\/\"},{\"@type\":\"ListItem\",\"position\":2,\"name\":\"En marcha el proceso Urberritzen, iniciativa que pretende impulsar la innovaci\u00f3n social en la comarca del Urola Medio\"}]},{\"@type\":\"WebSite\",\"@id\":\"https:\\\/\\\/iraurgiberritzen.eus\\\/es\\\/#website\",\"url\":\"https:\\\/\\\/iraurgiberritzen.eus\\\/es\\\/\",\"name\":\"Iraurgi Berritzen\",\"description\":\"Urola Erdiko Garapen Agentzia\",\"publisher\":{\"@id\":\"https:\\\/\\\/iraurgiberritzen.eus\\\/es\\\/#organization\"},\"potentialAction\":[{\"@type\":\"SearchAction\",\"target\":{\"@type\":\"EntryPoint\",\"urlTemplate\":\"https:\\\/\\\/iraurgiberritzen.eus\\\/es\\\/?s={search_term_string}\"},\"query-input\":{\"@type\":\"PropertyValueSpecification\",\"valueRequired\":true,\"valueName\":\"search_term_string\"}}],\"inLanguage\":\"es\"},{\"@type\":\"Organization\",\"@id\":\"https:\\\/\\\/iraurgiberritzen.eus\\\/es\\\/#organization\",\"name\":\"Iraurgi Berritzen\",\"url\":\"https:\\\/\\\/iraurgiberritzen.eus\\\/es\\\/\",\"logo\":{\"@type\":\"ImageObject\",\"inLanguage\":\"es\",\"@id\":\"https:\\\/\\\/iraurgiberritzen.eus\\\/es\\\/#\\\/schema\\\/logo\\\/image\\\/\",\"url\":\"https:\\\/\\\/iraurgiberritzen.eus\\\/wp-content\\\/uploads\\\/2024\\\/02\\\/IRAURGI-BERRITZEN-logotipoa_2.png\",\"contentUrl\":\"https:\\\/\\\/iraurgiberritzen.eus\\\/wp-content\\\/uploads\\\/2024\\\/02\\\/IRAURGI-BERRITZEN-logotipoa_2.png\",\"width\":496,\"height\":190,\"caption\":\"Iraurgi Berritzen\"},\"image\":{\"@id\":\"https:\\\/\\\/iraurgiberritzen.eus\\\/es\\\/#\\\/schema\\\/logo\\\/image\\\/\"}},{\"@type\":\"Person\",\"@id\":\"https:\\\/\\\/iraurgiberritzen.eus\\\/es\\\/#\\\/schema\\\/person\\\/5ab41aaf388a9097177601ebf45738d2\",\"name\":\"kudeatzailea\",\"sameAs\":[\"https:\\\/\\\/iraurgiberritzen.eus\"]}]}<\/script>\n<!-- \/ Yoast SEO plugin. -->","yoast_head_json":{"title":"En marcha el proceso Urberritzen, iniciativa que pretende impulsar la innovaci\u00f3n social en la comarca del Urola Medio - Iraurgi Berritzen","robots":{"index":"index","follow":"follow","max-snippet":"max-snippet:-1","max-image-preview":"max-image-preview:large","max-video-preview":"max-video-preview:-1"},"canonical":"https:\/\/iraurgiberritzen.eus\/es\/en-marcha-el-proceso-urberritzen-iniciativa-que-pretende-impulsar-la-innovacion-social-en-la-comarca-del-urola-medio\/","og_locale":"es_ES","og_type":"article","og_title":"En marcha el proceso Urberritzen, iniciativa que pretende impulsar la innovaci\u00f3n social en la comarca del Urola Medio - Iraurgi Berritzen","og_description":"Ya est\u00e1 en marcha el proyecto Urberritzen de la Agencia de Innovaci\u00f3n y Desarrollo del Urola Medio (Iraurgi Berritzen), gracias a la colaboraci\u00f3n de los ayuntamientos de la comarca de Donostia-Beterri (Beterri) y Elhuyar Aholkularitza y a la financiaci\u00f3n de la Diputaci\u00f3n Foral de Gipuzkoa. El 18 de febrero presentaron el proyecto y las principales [&hellip;]","og_url":"https:\/\/iraurgiberritzen.eus\/es\/en-marcha-el-proceso-urberritzen-iniciativa-que-pretende-impulsar-la-innovacion-social-en-la-comarca-del-urola-medio\/","og_site_name":"Iraurgi Berritzen","article_published_time":"2016-02-22T10:53:06+00:00","author":"kudeatzailea","twitter_card":"summary_large_image","twitter_misc":{"Escrito por":"kudeatzailea","Tiempo de lectura":"2 minutos"},"schema":{"@context":"https:\/\/schema.org","@graph":[{"@type":"Article","@id":"https:\/\/iraurgiberritzen.eus\/es\/en-marcha-el-proceso-urberritzen-iniciativa-que-pretende-impulsar-la-innovacion-social-en-la-comarca-del-urola-medio\/#article","isPartOf":{"@id":"https:\/\/iraurgiberritzen.eus\/es\/en-marcha-el-proceso-urberritzen-iniciativa-que-pretende-impulsar-la-innovacion-social-en-la-comarca-del-urola-medio\/"},"author":{"name":"kudeatzailea","@id":"https:\/\/iraurgiberritzen.eus\/es\/#\/schema\/person\/5ab41aaf388a9097177601ebf45738d2"},"headline":"En marcha el proceso Urberritzen, iniciativa que pretende impulsar la innovaci\u00f3n social en la comarca del Urola Medio","datePublished":"2016-02-22T10:53:06+00:00","mainEntityOfPage":{"@id":"https:\/\/iraurgiberritzen.eus\/es\/en-marcha-el-proceso-urberritzen-iniciativa-que-pretende-impulsar-la-innovacion-social-en-la-comarca-del-urola-medio\/"},"wordCount":509,"publisher":{"@id":"https:\/\/iraurgiberritzen.eus\/es\/#organization"},"image":{"@id":"https:\/\/iraurgiberritzen.eus\/es\/en-marcha-el-proceso-urberritzen-iniciativa-que-pretende-impulsar-la-innovacion-social-en-la-comarca-del-urola-medio\/#primaryimage"},"thumbnailUrl":"https:\/\/iraurgiberritzen.eus\/wp-content\/uploads\/2023\/09\/b3a54ecc0915f9347c3f53fa31d161fe.jpg","articleSection":["Noticias"],"inLanguage":"es"},{"@type":"WebPage","@id":"https:\/\/iraurgiberritzen.eus\/es\/en-marcha-el-proceso-urberritzen-iniciativa-que-pretende-impulsar-la-innovacion-social-en-la-comarca-del-urola-medio\/","url":"https:\/\/iraurgiberritzen.eus\/es\/en-marcha-el-proceso-urberritzen-iniciativa-que-pretende-impulsar-la-innovacion-social-en-la-comarca-del-urola-medio\/","name":"En marcha el proceso Urberritzen, iniciativa que pretende impulsar la innovaci\u00f3n social en la comarca del Urola Medio - Iraurgi Berritzen","isPartOf":{"@id":"https:\/\/iraurgiberritzen.eus\/es\/#website"},"primaryImageOfPage":{"@id":"https:\/\/iraurgiberritzen.eus\/es\/en-marcha-el-proceso-urberritzen-iniciativa-que-pretende-impulsar-la-innovacion-social-en-la-comarca-del-urola-medio\/#primaryimage"},"image":{"@id":"https:\/\/iraurgiberritzen.eus\/es\/en-marcha-el-proceso-urberritzen-iniciativa-que-pretende-impulsar-la-innovacion-social-en-la-comarca-del-urola-medio\/#primaryimage"},"thumbnailUrl":"https:\/\/iraurgiberritzen.eus\/wp-content\/uploads\/2023\/09\/b3a54ecc0915f9347c3f53fa31d161fe.jpg","datePublished":"2016-02-22T10:53:06+00:00","breadcrumb":{"@id":"https:\/\/iraurgiberritzen.eus\/es\/en-marcha-el-proceso-urberritzen-iniciativa-que-pretende-impulsar-la-innovacion-social-en-la-comarca-del-urola-medio\/#breadcrumb"},"inLanguage":"es","potentialAction":[{"@type":"ReadAction","target":["https:\/\/iraurgiberritzen.eus\/es\/en-marcha-el-proceso-urberritzen-iniciativa-que-pretende-impulsar-la-innovacion-social-en-la-comarca-del-urola-medio\/"]}]},{"@type":"ImageObject","inLanguage":"es","@id":"https:\/\/iraurgiberritzen.eus\/es\/en-marcha-el-proceso-urberritzen-iniciativa-que-pretende-impulsar-la-innovacion-social-en-la-comarca-del-urola-medio\/#primaryimage","url":"https:\/\/iraurgiberritzen.eus\/wp-content\/uploads\/2023\/09\/b3a54ecc0915f9347c3f53fa31d161fe.jpg","contentUrl":"https:\/\/iraurgiberritzen.eus\/wp-content\/uploads\/2023\/09\/b3a54ecc0915f9347c3f53fa31d161fe.jpg","width":600,"height":386},{"@type":"BreadcrumbList","@id":"https:\/\/iraurgiberritzen.eus\/es\/en-marcha-el-proceso-urberritzen-iniciativa-que-pretende-impulsar-la-innovacion-social-en-la-comarca-del-urola-medio\/#breadcrumb","itemListElement":[{"@type":"ListItem","position":1,"name":"Home","item":"https:\/\/iraurgiberritzen.eus\/es\/"},{"@type":"ListItem","position":2,"name":"En marcha el proceso Urberritzen, iniciativa que pretende impulsar la innovaci\u00f3n social en la comarca del Urola Medio"}]},{"@type":"WebSite","@id":"https:\/\/iraurgiberritzen.eus\/es\/#website","url":"https:\/\/iraurgiberritzen.eus\/es\/","name":"Iraurgi Berritzen","description":"Urola Erdiko Garapen Agentzia","publisher":{"@id":"https:\/\/iraurgiberritzen.eus\/es\/#organization"},"potentialAction":[{"@type":"SearchAction","target":{"@type":"EntryPoint","urlTemplate":"https:\/\/iraurgiberritzen.eus\/es\/?s={search_term_string}"},"query-input":{"@type":"PropertyValueSpecification","valueRequired":true,"valueName":"search_term_string"}}],"inLanguage":"es"},{"@type":"Organization","@id":"https:\/\/iraurgiberritzen.eus\/es\/#organization","name":"Iraurgi Berritzen","url":"https:\/\/iraurgiberritzen.eus\/es\/","logo":{"@type":"ImageObject","inLanguage":"es","@id":"https:\/\/iraurgiberritzen.eus\/es\/#\/schema\/logo\/image\/","url":"https:\/\/iraurgiberritzen.eus\/wp-content\/uploads\/2024\/02\/IRAURGI-BERRITZEN-logotipoa_2.png","contentUrl":"https:\/\/iraurgiberritzen.eus\/wp-content\/uploads\/2024\/02\/IRAURGI-BERRITZEN-logotipoa_2.png","width":496,"height":190,"caption":"Iraurgi Berritzen"},"image":{"@id":"https:\/\/iraurgiberritzen.eus\/es\/#\/schema\/logo\/image\/"}},{"@type":"Person","@id":"https:\/\/iraurgiberritzen.eus\/es\/#\/schema\/person\/5ab41aaf388a9097177601ebf45738d2","name":"kudeatzailea","sameAs":["https:\/\/iraurgiberritzen.eus"]}]}},"_links":{"self":[{"href":"https:\/\/iraurgiberritzen.eus\/es\/wp-json\/wp\/v2\/posts\/11959","targetHints":{"allow":["GET"]}}],"collection":[{"href":"https:\/\/iraurgiberritzen.eus\/es\/wp-json\/wp\/v2\/posts"}],"about":[{"href":"https:\/\/iraurgiberritzen.eus\/es\/wp-json\/wp\/v2\/types\/post"}],"author":[{"embeddable":true,"href":"https:\/\/iraurgiberritzen.eus\/es\/wp-json\/wp\/v2\/users\/1"}],"replies":[{"embeddable":true,"href":"https:\/\/iraurgiberritzen.eus\/es\/wp-json\/wp\/v2\/comments?post=11959"}],"version-history":[{"count":0,"href":"https:\/\/iraurgiberritzen.eus\/es\/wp-json\/wp\/v2\/posts\/11959\/revisions"}],"wp:featuredmedia":[{"embeddable":true,"href":"https:\/\/iraurgiberritzen.eus\/es\/wp-json\/wp\/v2\/media\/18010"}],"wp:attachment":[{"href":"https:\/\/iraurgiberritzen.eus\/es\/wp-json\/wp\/v2\/media?parent=11959"}],"wp:term":[{"taxonomy":"category","embeddable":true,"href":"https:\/\/iraurgiberritzen.eus\/es\/wp-json\/wp\/v2\/categories?post=11959"},{"taxonomy":"post_tag","embeddable":true,"href":"https:\/\/iraurgiberritzen.eus\/es\/wp-json\/wp\/v2\/tags?post=11959"}],"curies":[{"name":"wp","href":"https:\/\/api.w.org\/{rel}","templated":true}]}}