{"id":11962,"date":"2016-03-04T08:55:52","date_gmt":"2016-03-04T06:55:52","guid":{"rendered":"https:\/\/iraurgiberritzen.eus\/de-nuevo-en-marcha-el-centro-de-empleo-de-iraurgi-berritzen\/"},"modified":"2016-03-04T08:55:52","modified_gmt":"2016-03-04T06:55:52","slug":"de-nuevo-en-marcha-el-centro-de-empleo-de-iraurgi-berritzen","status":"publish","type":"post","link":"https:\/\/iraurgiberritzen.eus\/es\/de-nuevo-en-marcha-el-centro-de-empleo-de-iraurgi-berritzen\/","title":{"rendered":"De nuevo en marcha el Centro de Empleo de Iraurgi Berritzen"},"content":{"rendered":"<p style=\"text-align: justify;\">Tras varios meses de interrupci\u00f3n en el Servicio de Orientaci\u00f3n de Iraurgi Berritzen, y despu\u00e9s de recibir la resoluci\u00f3n de Lanbide, se comunica a los vecinos de la comarca desde Iraurgi Berritzen, que el 7 de marzo este servicio se pondr\u00e1 de nuevo en marcha.<\/p>\n<p style=\"text-align: justify;\">El objetivo principal del<strong> Centro de Empleo<\/strong> es ofrecer informaci\u00f3n a las personas que se acercan sobre las ofertas de trabajo que hay en la comarca, y ayudarles en la b\u00fasqueda activa de empleo. Por otra parte, adem\u00e1s de ayudarles a inscribirse en las ofertas de trabajo, se les ayuda a redactar el curriculum y la carta de presentaci\u00f3n.<\/p>\n<p style=\"text-align: justify;\">El Centro de Empleo pone estas herramientas al servicio de la gente:<\/p>\n<ul>\n<li style=\"text-align: justify;\">Ordenadores para buscar ofertas de empleo.<\/li>\n<li style=\"text-align: justify;\">Tabl\u00f3n de anuncios que recoge las ofertas laborales de la comarca.<\/li>\n<li style=\"text-align: justify;\">Acceso a las ofertas de empleo de Lanbide.<\/li>\n<li style=\"text-align: justify;\">Tabl\u00f3n de anuncios que recoge los servicios formativos de la zona.<\/li>\n<\/ul>\n<p style=\"text-align: justify;\">Para contactar con este servicio, ten\u00e9is a vuestra disposici\u00f3n las poblaciones y horarios en los que se ofrecer\u00e1 el servicio:<\/p>\n<p style=\"text-align: justify;\">\u2022 <strong>Los lunes, mi\u00e9rcoles y viernes<\/strong> se ofrecer\u00e1 en <strong>Azpeitia de 9:00 a 13:30 y de 15:30 a 18:00<\/strong>.<br \/>\u2022 <strong>Los martes y jueves<\/strong> se ofrecer\u00e1 en <strong>Azkoitia<\/strong> en el mismo horario. <strong>De 9:00 a 13:30 y de 15:30 a 18:00<\/strong>.<\/p>\n<img loading=\"lazy\" decoding=\"async\" style=\"display: block; margin-left: auto; margin-right: auto;\" src=\"images\/Sin_titulo.png\" alt=\"Sin_titulo.png\" width=\"518\" height=\"158\" \/>\n<img loading=\"lazy\" decoding=\"async\" style=\"display: block; margin-left: auto; margin-right: auto;\" src=\"images\/Sin_titulo_1.png\" alt=\"Sin_titulo_1.png\" width=\"516\" height=\"58\" \/>\n","protected":false},"excerpt":{"rendered":"<p>Tras varios meses de interrupci\u00f3n en el Servicio de Orientaci\u00f3n de Iraurgi Berritzen, y despu\u00e9s de recibir la resoluci\u00f3n de Lanbide, se comunica a los vecinos de la comarca desde Iraurgi Berritzen, que el 7 de marzo este servicio se pondr\u00e1 de nuevo en marcha. El objetivo principal del Centro de Empleo es ofrecer informaci\u00f3n [&hellip;]<\/p>\n","protected":false},"author":1,"featured_media":17992,"comment_status":"","ping_status":"closed","sticky":false,"template":"","format":"standard","meta":{"_acf_changed":false,"footnotes":""},"categories":[4],"tags":[],"class_list":["post-11962","post","type-post","status-publish","format-standard","has-post-thumbnail","hentry","category-noticias"],"acf":[],"yoast_head":"<!-- This site is optimized with the Yoast SEO plugin v27.4 - https:\/\/yoast.com\/product\/yoast-seo-wordpress\/ -->\n<title>De nuevo en marcha el Centro de Empleo de Iraurgi Berritzen - Iraurgi Berritzen<\/title>\n<meta name=\"robots\" content=\"index, follow, max-snippet:-1, max-image-preview:large, max-video-preview:-1\" \/>\n<link rel=\"canonical\" href=\"https:\/\/iraurgiberritzen.eus\/es\/de-nuevo-en-marcha-el-centro-de-empleo-de-iraurgi-berritzen\/\" \/>\n<meta property=\"og:locale\" content=\"es_ES\" \/>\n<meta property=\"og:type\" content=\"article\" \/>\n<meta property=\"og:title\" content=\"De nuevo en marcha el Centro de Empleo de Iraurgi Berritzen - Iraurgi Berritzen\" \/>\n<meta property=\"og:description\" content=\"Tras varios meses de interrupci\u00f3n en el Servicio de Orientaci\u00f3n de Iraurgi Berritzen, y despu\u00e9s de recibir la resoluci\u00f3n de Lanbide, se comunica a los vecinos de la comarca desde Iraurgi Berritzen, que el 7 de marzo este servicio se pondr\u00e1 de nuevo en marcha. El objetivo principal del Centro de Empleo es ofrecer informaci\u00f3n [&hellip;]\" \/>\n<meta property=\"og:url\" content=\"https:\/\/iraurgiberritzen.eus\/es\/de-nuevo-en-marcha-el-centro-de-empleo-de-iraurgi-berritzen\/\" \/>\n<meta property=\"og:site_name\" content=\"Iraurgi Berritzen\" \/>\n<meta property=\"article:published_time\" content=\"2016-03-04T06:55:52+00:00\" \/>\n<meta name=\"author\" content=\"kudeatzailea\" \/>\n<meta name=\"twitter:card\" content=\"summary_large_image\" \/>\n<meta name=\"twitter:label1\" content=\"Escrito por\" \/>\n\t<meta name=\"twitter:data1\" content=\"kudeatzailea\" \/>\n\t<meta name=\"twitter:label2\" content=\"Tiempo de lectura\" \/>\n\t<meta name=\"twitter:data2\" content=\"1 minuto\" \/>\n<script type=\"application\/ld+json\" class=\"yoast-schema-graph\">{\"@context\":\"https:\\\/\\\/schema.org\",\"@graph\":[{\"@type\":\"Article\",\"@id\":\"https:\\\/\\\/iraurgiberritzen.eus\\\/es\\\/de-nuevo-en-marcha-el-centro-de-empleo-de-iraurgi-berritzen\\\/#article\",\"isPartOf\":{\"@id\":\"https:\\\/\\\/iraurgiberritzen.eus\\\/es\\\/de-nuevo-en-marcha-el-centro-de-empleo-de-iraurgi-berritzen\\\/\"},\"author\":{\"name\":\"kudeatzailea\",\"@id\":\"https:\\\/\\\/iraurgiberritzen.eus\\\/es\\\/#\\\/schema\\\/person\\\/5ab41aaf388a9097177601ebf45738d2\"},\"headline\":\"De nuevo en marcha el Centro de Empleo de Iraurgi Berritzen\",\"datePublished\":\"2016-03-04T06:55:52+00:00\",\"mainEntityOfPage\":{\"@id\":\"https:\\\/\\\/iraurgiberritzen.eus\\\/es\\\/de-nuevo-en-marcha-el-centro-de-empleo-de-iraurgi-berritzen\\\/\"},\"wordCount\":226,\"publisher\":{\"@id\":\"https:\\\/\\\/iraurgiberritzen.eus\\\/es\\\/#organization\"},\"image\":{\"@id\":\"https:\\\/\\\/iraurgiberritzen.eus\\\/es\\\/de-nuevo-en-marcha-el-centro-de-empleo-de-iraurgi-berritzen\\\/#primaryimage\"},\"thumbnailUrl\":\"https:\\\/\\\/iraurgiberritzen.eus\\\/wp-content\\\/uploads\\\/2023\\\/09\\\/42a35505dabe860dcdeb51f92d5be768.jpg\",\"articleSection\":[\"Noticias\"],\"inLanguage\":\"es\"},{\"@type\":\"WebPage\",\"@id\":\"https:\\\/\\\/iraurgiberritzen.eus\\\/es\\\/de-nuevo-en-marcha-el-centro-de-empleo-de-iraurgi-berritzen\\\/\",\"url\":\"https:\\\/\\\/iraurgiberritzen.eus\\\/es\\\/de-nuevo-en-marcha-el-centro-de-empleo-de-iraurgi-berritzen\\\/\",\"name\":\"De nuevo en marcha el Centro de Empleo de Iraurgi Berritzen - Iraurgi Berritzen\",\"isPartOf\":{\"@id\":\"https:\\\/\\\/iraurgiberritzen.eus\\\/es\\\/#website\"},\"primaryImageOfPage\":{\"@id\":\"https:\\\/\\\/iraurgiberritzen.eus\\\/es\\\/de-nuevo-en-marcha-el-centro-de-empleo-de-iraurgi-berritzen\\\/#primaryimage\"},\"image\":{\"@id\":\"https:\\\/\\\/iraurgiberritzen.eus\\\/es\\\/de-nuevo-en-marcha-el-centro-de-empleo-de-iraurgi-berritzen\\\/#primaryimage\"},\"thumbnailUrl\":\"https:\\\/\\\/iraurgiberritzen.eus\\\/wp-content\\\/uploads\\\/2023\\\/09\\\/42a35505dabe860dcdeb51f92d5be768.jpg\",\"datePublished\":\"2016-03-04T06:55:52+00:00\",\"breadcrumb\":{\"@id\":\"https:\\\/\\\/iraurgiberritzen.eus\\\/es\\\/de-nuevo-en-marcha-el-centro-de-empleo-de-iraurgi-berritzen\\\/#breadcrumb\"},\"inLanguage\":\"es\",\"potentialAction\":[{\"@type\":\"ReadAction\",\"target\":[\"https:\\\/\\\/iraurgiberritzen.eus\\\/es\\\/de-nuevo-en-marcha-el-centro-de-empleo-de-iraurgi-berritzen\\\/\"]}]},{\"@type\":\"ImageObject\",\"inLanguage\":\"es\",\"@id\":\"https:\\\/\\\/iraurgiberritzen.eus\\\/es\\\/de-nuevo-en-marcha-el-centro-de-empleo-de-iraurgi-berritzen\\\/#primaryimage\",\"url\":\"https:\\\/\\\/iraurgiberritzen.eus\\\/wp-content\\\/uploads\\\/2023\\\/09\\\/42a35505dabe860dcdeb51f92d5be768.jpg\",\"contentUrl\":\"https:\\\/\\\/iraurgiberritzen.eus\\\/wp-content\\\/uploads\\\/2023\\\/09\\\/42a35505dabe860dcdeb51f92d5be768.jpg\",\"width\":600,\"height\":386},{\"@type\":\"BreadcrumbList\",\"@id\":\"https:\\\/\\\/iraurgiberritzen.eus\\\/es\\\/de-nuevo-en-marcha-el-centro-de-empleo-de-iraurgi-berritzen\\\/#breadcrumb\",\"itemListElement\":[{\"@type\":\"ListItem\",\"position\":1,\"name\":\"Home\",\"item\":\"https:\\\/\\\/iraurgiberritzen.eus\\\/es\\\/\"},{\"@type\":\"ListItem\",\"position\":2,\"name\":\"De nuevo en marcha el Centro de Empleo de Iraurgi Berritzen\"}]},{\"@type\":\"WebSite\",\"@id\":\"https:\\\/\\\/iraurgiberritzen.eus\\\/es\\\/#website\",\"url\":\"https:\\\/\\\/iraurgiberritzen.eus\\\/es\\\/\",\"name\":\"Iraurgi Berritzen\",\"description\":\"Urola Erdiko Garapen Agentzia\",\"publisher\":{\"@id\":\"https:\\\/\\\/iraurgiberritzen.eus\\\/es\\\/#organization\"},\"potentialAction\":[{\"@type\":\"SearchAction\",\"target\":{\"@type\":\"EntryPoint\",\"urlTemplate\":\"https:\\\/\\\/iraurgiberritzen.eus\\\/es\\\/?s={search_term_string}\"},\"query-input\":{\"@type\":\"PropertyValueSpecification\",\"valueRequired\":true,\"valueName\":\"search_term_string\"}}],\"inLanguage\":\"es\"},{\"@type\":\"Organization\",\"@id\":\"https:\\\/\\\/iraurgiberritzen.eus\\\/es\\\/#organization\",\"name\":\"Iraurgi Berritzen\",\"url\":\"https:\\\/\\\/iraurgiberritzen.eus\\\/es\\\/\",\"logo\":{\"@type\":\"ImageObject\",\"inLanguage\":\"es\",\"@id\":\"https:\\\/\\\/iraurgiberritzen.eus\\\/es\\\/#\\\/schema\\\/logo\\\/image\\\/\",\"url\":\"https:\\\/\\\/iraurgiberritzen.eus\\\/wp-content\\\/uploads\\\/2024\\\/02\\\/IRAURGI-BERRITZEN-logotipoa_2.png\",\"contentUrl\":\"https:\\\/\\\/iraurgiberritzen.eus\\\/wp-content\\\/uploads\\\/2024\\\/02\\\/IRAURGI-BERRITZEN-logotipoa_2.png\",\"width\":496,\"height\":190,\"caption\":\"Iraurgi Berritzen\"},\"image\":{\"@id\":\"https:\\\/\\\/iraurgiberritzen.eus\\\/es\\\/#\\\/schema\\\/logo\\\/image\\\/\"}},{\"@type\":\"Person\",\"@id\":\"https:\\\/\\\/iraurgiberritzen.eus\\\/es\\\/#\\\/schema\\\/person\\\/5ab41aaf388a9097177601ebf45738d2\",\"name\":\"kudeatzailea\",\"sameAs\":[\"https:\\\/\\\/iraurgiberritzen.eus\"]}]}<\/script>\n<!-- \/ Yoast SEO plugin. -->","yoast_head_json":{"title":"De nuevo en marcha el Centro de Empleo de Iraurgi Berritzen - Iraurgi Berritzen","robots":{"index":"index","follow":"follow","max-snippet":"max-snippet:-1","max-image-preview":"max-image-preview:large","max-video-preview":"max-video-preview:-1"},"canonical":"https:\/\/iraurgiberritzen.eus\/es\/de-nuevo-en-marcha-el-centro-de-empleo-de-iraurgi-berritzen\/","og_locale":"es_ES","og_type":"article","og_title":"De nuevo en marcha el Centro de Empleo de Iraurgi Berritzen - Iraurgi Berritzen","og_description":"Tras varios meses de interrupci\u00f3n en el Servicio de Orientaci\u00f3n de Iraurgi Berritzen, y despu\u00e9s de recibir la resoluci\u00f3n de Lanbide, se comunica a los vecinos de la comarca desde Iraurgi Berritzen, que el 7 de marzo este servicio se pondr\u00e1 de nuevo en marcha. El objetivo principal del Centro de Empleo es ofrecer informaci\u00f3n [&hellip;]","og_url":"https:\/\/iraurgiberritzen.eus\/es\/de-nuevo-en-marcha-el-centro-de-empleo-de-iraurgi-berritzen\/","og_site_name":"Iraurgi Berritzen","article_published_time":"2016-03-04T06:55:52+00:00","author":"kudeatzailea","twitter_card":"summary_large_image","twitter_misc":{"Escrito por":"kudeatzailea","Tiempo de lectura":"1 minuto"},"schema":{"@context":"https:\/\/schema.org","@graph":[{"@type":"Article","@id":"https:\/\/iraurgiberritzen.eus\/es\/de-nuevo-en-marcha-el-centro-de-empleo-de-iraurgi-berritzen\/#article","isPartOf":{"@id":"https:\/\/iraurgiberritzen.eus\/es\/de-nuevo-en-marcha-el-centro-de-empleo-de-iraurgi-berritzen\/"},"author":{"name":"kudeatzailea","@id":"https:\/\/iraurgiberritzen.eus\/es\/#\/schema\/person\/5ab41aaf388a9097177601ebf45738d2"},"headline":"De nuevo en marcha el Centro de Empleo de Iraurgi Berritzen","datePublished":"2016-03-04T06:55:52+00:00","mainEntityOfPage":{"@id":"https:\/\/iraurgiberritzen.eus\/es\/de-nuevo-en-marcha-el-centro-de-empleo-de-iraurgi-berritzen\/"},"wordCount":226,"publisher":{"@id":"https:\/\/iraurgiberritzen.eus\/es\/#organization"},"image":{"@id":"https:\/\/iraurgiberritzen.eus\/es\/de-nuevo-en-marcha-el-centro-de-empleo-de-iraurgi-berritzen\/#primaryimage"},"thumbnailUrl":"https:\/\/iraurgiberritzen.eus\/wp-content\/uploads\/2023\/09\/42a35505dabe860dcdeb51f92d5be768.jpg","articleSection":["Noticias"],"inLanguage":"es"},{"@type":"WebPage","@id":"https:\/\/iraurgiberritzen.eus\/es\/de-nuevo-en-marcha-el-centro-de-empleo-de-iraurgi-berritzen\/","url":"https:\/\/iraurgiberritzen.eus\/es\/de-nuevo-en-marcha-el-centro-de-empleo-de-iraurgi-berritzen\/","name":"De nuevo en marcha el Centro de Empleo de Iraurgi Berritzen - Iraurgi Berritzen","isPartOf":{"@id":"https:\/\/iraurgiberritzen.eus\/es\/#website"},"primaryImageOfPage":{"@id":"https:\/\/iraurgiberritzen.eus\/es\/de-nuevo-en-marcha-el-centro-de-empleo-de-iraurgi-berritzen\/#primaryimage"},"image":{"@id":"https:\/\/iraurgiberritzen.eus\/es\/de-nuevo-en-marcha-el-centro-de-empleo-de-iraurgi-berritzen\/#primaryimage"},"thumbnailUrl":"https:\/\/iraurgiberritzen.eus\/wp-content\/uploads\/2023\/09\/42a35505dabe860dcdeb51f92d5be768.jpg","datePublished":"2016-03-04T06:55:52+00:00","breadcrumb":{"@id":"https:\/\/iraurgiberritzen.eus\/es\/de-nuevo-en-marcha-el-centro-de-empleo-de-iraurgi-berritzen\/#breadcrumb"},"inLanguage":"es","potentialAction":[{"@type":"ReadAction","target":["https:\/\/iraurgiberritzen.eus\/es\/de-nuevo-en-marcha-el-centro-de-empleo-de-iraurgi-berritzen\/"]}]},{"@type":"ImageObject","inLanguage":"es","@id":"https:\/\/iraurgiberritzen.eus\/es\/de-nuevo-en-marcha-el-centro-de-empleo-de-iraurgi-berritzen\/#primaryimage","url":"https:\/\/iraurgiberritzen.eus\/wp-content\/uploads\/2023\/09\/42a35505dabe860dcdeb51f92d5be768.jpg","contentUrl":"https:\/\/iraurgiberritzen.eus\/wp-content\/uploads\/2023\/09\/42a35505dabe860dcdeb51f92d5be768.jpg","width":600,"height":386},{"@type":"BreadcrumbList","@id":"https:\/\/iraurgiberritzen.eus\/es\/de-nuevo-en-marcha-el-centro-de-empleo-de-iraurgi-berritzen\/#breadcrumb","itemListElement":[{"@type":"ListItem","position":1,"name":"Home","item":"https:\/\/iraurgiberritzen.eus\/es\/"},{"@type":"ListItem","position":2,"name":"De nuevo en marcha el Centro de Empleo de Iraurgi Berritzen"}]},{"@type":"WebSite","@id":"https:\/\/iraurgiberritzen.eus\/es\/#website","url":"https:\/\/iraurgiberritzen.eus\/es\/","name":"Iraurgi Berritzen","description":"Urola Erdiko Garapen Agentzia","publisher":{"@id":"https:\/\/iraurgiberritzen.eus\/es\/#organization"},"potentialAction":[{"@type":"SearchAction","target":{"@type":"EntryPoint","urlTemplate":"https:\/\/iraurgiberritzen.eus\/es\/?s={search_term_string}"},"query-input":{"@type":"PropertyValueSpecification","valueRequired":true,"valueName":"search_term_string"}}],"inLanguage":"es"},{"@type":"Organization","@id":"https:\/\/iraurgiberritzen.eus\/es\/#organization","name":"Iraurgi Berritzen","url":"https:\/\/iraurgiberritzen.eus\/es\/","logo":{"@type":"ImageObject","inLanguage":"es","@id":"https:\/\/iraurgiberritzen.eus\/es\/#\/schema\/logo\/image\/","url":"https:\/\/iraurgiberritzen.eus\/wp-content\/uploads\/2024\/02\/IRAURGI-BERRITZEN-logotipoa_2.png","contentUrl":"https:\/\/iraurgiberritzen.eus\/wp-content\/uploads\/2024\/02\/IRAURGI-BERRITZEN-logotipoa_2.png","width":496,"height":190,"caption":"Iraurgi Berritzen"},"image":{"@id":"https:\/\/iraurgiberritzen.eus\/es\/#\/schema\/logo\/image\/"}},{"@type":"Person","@id":"https:\/\/iraurgiberritzen.eus\/es\/#\/schema\/person\/5ab41aaf388a9097177601ebf45738d2","name":"kudeatzailea","sameAs":["https:\/\/iraurgiberritzen.eus"]}]}},"_links":{"self":[{"href":"https:\/\/iraurgiberritzen.eus\/es\/wp-json\/wp\/v2\/posts\/11962","targetHints":{"allow":["GET"]}}],"collection":[{"href":"https:\/\/iraurgiberritzen.eus\/es\/wp-json\/wp\/v2\/posts"}],"about":[{"href":"https:\/\/iraurgiberritzen.eus\/es\/wp-json\/wp\/v2\/types\/post"}],"author":[{"embeddable":true,"href":"https:\/\/iraurgiberritzen.eus\/es\/wp-json\/wp\/v2\/users\/1"}],"replies":[{"embeddable":true,"href":"https:\/\/iraurgiberritzen.eus\/es\/wp-json\/wp\/v2\/comments?post=11962"}],"version-history":[{"count":0,"href":"https:\/\/iraurgiberritzen.eus\/es\/wp-json\/wp\/v2\/posts\/11962\/revisions"}],"wp:featuredmedia":[{"embeddable":true,"href":"https:\/\/iraurgiberritzen.eus\/es\/wp-json\/wp\/v2\/media\/17992"}],"wp:attachment":[{"href":"https:\/\/iraurgiberritzen.eus\/es\/wp-json\/wp\/v2\/media?parent=11962"}],"wp:term":[{"taxonomy":"category","embeddable":true,"href":"https:\/\/iraurgiberritzen.eus\/es\/wp-json\/wp\/v2\/categories?post=11962"},{"taxonomy":"post_tag","embeddable":true,"href":"https:\/\/iraurgiberritzen.eus\/es\/wp-json\/wp\/v2\/tags?post=11962"}],"curies":[{"name":"wp","href":"https:\/\/api.w.org\/{rel}","templated":true}]}}