{"id":11965,"date":"2016-03-09T08:57:13","date_gmt":"2016-03-09T06:57:13","guid":{"rendered":"https:\/\/iraurgiberritzen.eus\/jornada-3d-printing-en-la-industria\/"},"modified":"2016-03-09T08:57:13","modified_gmt":"2016-03-09T06:57:13","slug":"jornada-3d-printing-en-la-industria","status":"publish","type":"post","link":"https:\/\/iraurgiberritzen.eus\/es\/jornada-3d-printing-en-la-industria\/","title":{"rendered":"Jornada 3D Printing en la Industria"},"content":{"rendered":"<p class=\"normal\" style=\"text-align: justify;\">Iraurgi Berritzen ha organizado una jornada en relaci\u00f3n al \u00ab3D Printting\u00bb o \u00abImpresi\u00f3n 3D\u00bb para el pr\u00f3ximo mi\u00e9rcoles, 16 de Marzo. Esta jornada se celebrar\u00e1 en la 4\u00aa planta del edificio \u00abBaigera\u00bb situado en la calle Enparan de Azpeitia, y est\u00e1 dirigida a las empresas industriales de la comarca. La jornada comenzar\u00e1 a las 9:00 de la ma\u00f1ana y finalizar\u00e1 a las 12:00 del mediod\u00eda.<\/p>\n<p style=\"text-align: justify;\">El objetivo principal de este acto es dar a conocer este concepto a las empresas industriales de la comarca, ya que en los \u00faltimos meses est\u00e1 siendo un tema muy demandado. Dicho concepto ser\u00e1 presentado desde dos puntos de vista principales: por un lado, se presentar\u00e1 la tecnolog\u00eda utilizada en la actualidad para imprimir en 3D mediante una demostraci\u00f3n, de la mano de la empresa <a href=\"http:\/\/tumaker.com\/\" target=\"_blank\" rel=\"noopener\">Tumaker<\/a> de Oiartzun. Por otro, el centro de investigaci\u00f3n <a href=\"http:\/\/www.leartiker.com\/\" target=\"_blank\" rel=\"noopener\">Leartiker<\/a> situado en Markina Xemein presentar\u00e1 los materiales que se est\u00e1n aplicando en la impresi\u00f3n 3D actualmente, explicando los avances que se est\u00e1n llevando a cabo en los \u00faltimos a\u00f1os.<\/p>\n<p style=\"text-align: justify;\">Tras la presentaci\u00f3n de los materiales y tecnolog\u00edas utilizadas en la impresi\u00f3n 3D, se podr\u00e1n conocer los testimonios de 2 empresas de la comarca que est\u00e1n aplicando este concepto, como son <a href=\"http:\/\/www.sammic.es\/\" target=\"_blank\" rel=\"noopener\">Sammic<\/a> e <a href=\"http:\/\/www.ibarmia.com\/es\/\" target=\"_blank\" rel=\"noopener\">Ibarmia<\/a>. En los dos casos, se podr\u00e1n conocer tanto el uso que le est\u00e1n dando a esta tecnolog\u00eda como sus perspectivas a futuro.<\/p>\n<p style=\"text-align: justify;\">A continuaci\u00f3n, Marisa Arriola, Directora de <a href=\"http:\/\/www.bicgipuzkoa.eus\/\" target=\"_blank\" rel=\"noopener\">Bic Berrilan<\/a>, realizar\u00e1 un resumen sobre las subvenciones que presentar\u00e1n durante los pr\u00f3ximos meses tanto la Diputaci\u00f3n Foral de Gipuzkoa como Spri, la Agencia Vasca de Desarrollo Empresarial.<\/p>\n<p style=\"text-align: justify;\">Por \u00faltimo, la jornada finalizar\u00e1 con una mesa redonda donde los participantes podr\u00e1n compartir tanto los pareceres como los puntos de vista que tienen sobre esta tecnolog\u00eda.<\/p>\n<p style=\"text-align: justify;\">Para poder participar en la jornada es imprescindible la inscripci\u00f3n previa, llamando a Iraurgi Berritzen al 943 02 60 69 o escribiendo a la direcci\u00f3n de correo <a href=\"mailto:aoiarzabal@iraurgiberritzen.eus\">aoiarzabal@iraurgiberritzen.eus<\/a>.<\/p>\n","protected":false},"excerpt":{"rendered":"<p>Iraurgi Berritzen ha organizado una jornada en relaci\u00f3n al \u00ab3D Printting\u00bb o \u00abImpresi\u00f3n 3D\u00bb para el pr\u00f3ximo mi\u00e9rcoles, 16 de Marzo. Esta jornada se celebrar\u00e1 en la 4\u00aa planta del edificio \u00abBaigera\u00bb situado en la calle Enparan de Azpeitia, y est\u00e1 dirigida a las empresas industriales de la comarca. La jornada comenzar\u00e1 a las 9:00 [&hellip;]<\/p>\n","protected":false},"author":1,"featured_media":17993,"comment_status":"","ping_status":"closed","sticky":false,"template":"","format":"standard","meta":{"_acf_changed":false,"footnotes":""},"categories":[4],"tags":[],"class_list":["post-11965","post","type-post","status-publish","format-standard","has-post-thumbnail","hentry","category-noticias"],"acf":[],"yoast_head":"<!-- This site is optimized with the Yoast SEO plugin v27.4 - https:\/\/yoast.com\/product\/yoast-seo-wordpress\/ -->\n<title>Jornada 3D Printing en la Industria - Iraurgi Berritzen<\/title>\n<meta name=\"robots\" content=\"index, follow, max-snippet:-1, max-image-preview:large, max-video-preview:-1\" \/>\n<link rel=\"canonical\" href=\"https:\/\/iraurgiberritzen.eus\/es\/jornada-3d-printing-en-la-industria\/\" \/>\n<meta property=\"og:locale\" content=\"es_ES\" \/>\n<meta property=\"og:type\" content=\"article\" \/>\n<meta property=\"og:title\" content=\"Jornada 3D Printing en la Industria - Iraurgi Berritzen\" \/>\n<meta property=\"og:description\" content=\"Iraurgi Berritzen ha organizado una jornada en relaci\u00f3n al \u00ab3D Printting\u00bb o \u00abImpresi\u00f3n 3D\u00bb para el pr\u00f3ximo mi\u00e9rcoles, 16 de Marzo. Esta jornada se celebrar\u00e1 en la 4\u00aa planta del edificio \u00abBaigera\u00bb situado en la calle Enparan de Azpeitia, y est\u00e1 dirigida a las empresas industriales de la comarca. La jornada comenzar\u00e1 a las 9:00 [&hellip;]\" \/>\n<meta property=\"og:url\" content=\"https:\/\/iraurgiberritzen.eus\/es\/jornada-3d-printing-en-la-industria\/\" \/>\n<meta property=\"og:site_name\" content=\"Iraurgi Berritzen\" \/>\n<meta property=\"article:published_time\" content=\"2016-03-09T06:57:13+00:00\" \/>\n<meta name=\"author\" content=\"kudeatzailea\" \/>\n<meta name=\"twitter:card\" content=\"summary_large_image\" \/>\n<meta name=\"twitter:label1\" content=\"Escrito por\" \/>\n\t<meta name=\"twitter:data1\" content=\"kudeatzailea\" \/>\n\t<meta name=\"twitter:label2\" content=\"Tiempo de lectura\" \/>\n\t<meta name=\"twitter:data2\" content=\"2 minutos\" \/>\n<script type=\"application\/ld+json\" class=\"yoast-schema-graph\">{\"@context\":\"https:\\\/\\\/schema.org\",\"@graph\":[{\"@type\":\"Article\",\"@id\":\"https:\\\/\\\/iraurgiberritzen.eus\\\/es\\\/jornada-3d-printing-en-la-industria\\\/#article\",\"isPartOf\":{\"@id\":\"https:\\\/\\\/iraurgiberritzen.eus\\\/es\\\/jornada-3d-printing-en-la-industria\\\/\"},\"author\":{\"name\":\"kudeatzailea\",\"@id\":\"https:\\\/\\\/iraurgiberritzen.eus\\\/es\\\/#\\\/schema\\\/person\\\/5ab41aaf388a9097177601ebf45738d2\"},\"headline\":\"Jornada 3D Printing en la Industria\",\"datePublished\":\"2016-03-09T06:57:13+00:00\",\"mainEntityOfPage\":{\"@id\":\"https:\\\/\\\/iraurgiberritzen.eus\\\/es\\\/jornada-3d-printing-en-la-industria\\\/\"},\"wordCount\":342,\"publisher\":{\"@id\":\"https:\\\/\\\/iraurgiberritzen.eus\\\/es\\\/#organization\"},\"image\":{\"@id\":\"https:\\\/\\\/iraurgiberritzen.eus\\\/es\\\/jornada-3d-printing-en-la-industria\\\/#primaryimage\"},\"thumbnailUrl\":\"https:\\\/\\\/iraurgiberritzen.eus\\\/wp-content\\\/uploads\\\/2023\\\/09\\\/84bd8bd55711fc1be7650ea3945868c3.jpg\",\"articleSection\":[\"Noticias\"],\"inLanguage\":\"es\"},{\"@type\":\"WebPage\",\"@id\":\"https:\\\/\\\/iraurgiberritzen.eus\\\/es\\\/jornada-3d-printing-en-la-industria\\\/\",\"url\":\"https:\\\/\\\/iraurgiberritzen.eus\\\/es\\\/jornada-3d-printing-en-la-industria\\\/\",\"name\":\"Jornada 3D Printing en la Industria - Iraurgi Berritzen\",\"isPartOf\":{\"@id\":\"https:\\\/\\\/iraurgiberritzen.eus\\\/es\\\/#website\"},\"primaryImageOfPage\":{\"@id\":\"https:\\\/\\\/iraurgiberritzen.eus\\\/es\\\/jornada-3d-printing-en-la-industria\\\/#primaryimage\"},\"image\":{\"@id\":\"https:\\\/\\\/iraurgiberritzen.eus\\\/es\\\/jornada-3d-printing-en-la-industria\\\/#primaryimage\"},\"thumbnailUrl\":\"https:\\\/\\\/iraurgiberritzen.eus\\\/wp-content\\\/uploads\\\/2023\\\/09\\\/84bd8bd55711fc1be7650ea3945868c3.jpg\",\"datePublished\":\"2016-03-09T06:57:13+00:00\",\"breadcrumb\":{\"@id\":\"https:\\\/\\\/iraurgiberritzen.eus\\\/es\\\/jornada-3d-printing-en-la-industria\\\/#breadcrumb\"},\"inLanguage\":\"es\",\"potentialAction\":[{\"@type\":\"ReadAction\",\"target\":[\"https:\\\/\\\/iraurgiberritzen.eus\\\/es\\\/jornada-3d-printing-en-la-industria\\\/\"]}]},{\"@type\":\"ImageObject\",\"inLanguage\":\"es\",\"@id\":\"https:\\\/\\\/iraurgiberritzen.eus\\\/es\\\/jornada-3d-printing-en-la-industria\\\/#primaryimage\",\"url\":\"https:\\\/\\\/iraurgiberritzen.eus\\\/wp-content\\\/uploads\\\/2023\\\/09\\\/84bd8bd55711fc1be7650ea3945868c3.jpg\",\"contentUrl\":\"https:\\\/\\\/iraurgiberritzen.eus\\\/wp-content\\\/uploads\\\/2023\\\/09\\\/84bd8bd55711fc1be7650ea3945868c3.jpg\",\"width\":600,\"height\":386},{\"@type\":\"BreadcrumbList\",\"@id\":\"https:\\\/\\\/iraurgiberritzen.eus\\\/es\\\/jornada-3d-printing-en-la-industria\\\/#breadcrumb\",\"itemListElement\":[{\"@type\":\"ListItem\",\"position\":1,\"name\":\"Home\",\"item\":\"https:\\\/\\\/iraurgiberritzen.eus\\\/es\\\/\"},{\"@type\":\"ListItem\",\"position\":2,\"name\":\"Jornada 3D Printing en la Industria\"}]},{\"@type\":\"WebSite\",\"@id\":\"https:\\\/\\\/iraurgiberritzen.eus\\\/es\\\/#website\",\"url\":\"https:\\\/\\\/iraurgiberritzen.eus\\\/es\\\/\",\"name\":\"Iraurgi Berritzen\",\"description\":\"Urola Erdiko Garapen Agentzia\",\"publisher\":{\"@id\":\"https:\\\/\\\/iraurgiberritzen.eus\\\/es\\\/#organization\"},\"potentialAction\":[{\"@type\":\"SearchAction\",\"target\":{\"@type\":\"EntryPoint\",\"urlTemplate\":\"https:\\\/\\\/iraurgiberritzen.eus\\\/es\\\/?s={search_term_string}\"},\"query-input\":{\"@type\":\"PropertyValueSpecification\",\"valueRequired\":true,\"valueName\":\"search_term_string\"}}],\"inLanguage\":\"es\"},{\"@type\":\"Organization\",\"@id\":\"https:\\\/\\\/iraurgiberritzen.eus\\\/es\\\/#organization\",\"name\":\"Iraurgi Berritzen\",\"url\":\"https:\\\/\\\/iraurgiberritzen.eus\\\/es\\\/\",\"logo\":{\"@type\":\"ImageObject\",\"inLanguage\":\"es\",\"@id\":\"https:\\\/\\\/iraurgiberritzen.eus\\\/es\\\/#\\\/schema\\\/logo\\\/image\\\/\",\"url\":\"https:\\\/\\\/iraurgiberritzen.eus\\\/wp-content\\\/uploads\\\/2024\\\/02\\\/IRAURGI-BERRITZEN-logotipoa_2.png\",\"contentUrl\":\"https:\\\/\\\/iraurgiberritzen.eus\\\/wp-content\\\/uploads\\\/2024\\\/02\\\/IRAURGI-BERRITZEN-logotipoa_2.png\",\"width\":496,\"height\":190,\"caption\":\"Iraurgi Berritzen\"},\"image\":{\"@id\":\"https:\\\/\\\/iraurgiberritzen.eus\\\/es\\\/#\\\/schema\\\/logo\\\/image\\\/\"}},{\"@type\":\"Person\",\"@id\":\"https:\\\/\\\/iraurgiberritzen.eus\\\/es\\\/#\\\/schema\\\/person\\\/5ab41aaf388a9097177601ebf45738d2\",\"name\":\"kudeatzailea\",\"sameAs\":[\"https:\\\/\\\/iraurgiberritzen.eus\"]}]}<\/script>\n<!-- \/ Yoast SEO plugin. -->","yoast_head_json":{"title":"Jornada 3D Printing en la Industria - Iraurgi Berritzen","robots":{"index":"index","follow":"follow","max-snippet":"max-snippet:-1","max-image-preview":"max-image-preview:large","max-video-preview":"max-video-preview:-1"},"canonical":"https:\/\/iraurgiberritzen.eus\/es\/jornada-3d-printing-en-la-industria\/","og_locale":"es_ES","og_type":"article","og_title":"Jornada 3D Printing en la Industria - Iraurgi Berritzen","og_description":"Iraurgi Berritzen ha organizado una jornada en relaci\u00f3n al \u00ab3D Printting\u00bb o \u00abImpresi\u00f3n 3D\u00bb para el pr\u00f3ximo mi\u00e9rcoles, 16 de Marzo. Esta jornada se celebrar\u00e1 en la 4\u00aa planta del edificio \u00abBaigera\u00bb situado en la calle Enparan de Azpeitia, y est\u00e1 dirigida a las empresas industriales de la comarca. La jornada comenzar\u00e1 a las 9:00 [&hellip;]","og_url":"https:\/\/iraurgiberritzen.eus\/es\/jornada-3d-printing-en-la-industria\/","og_site_name":"Iraurgi Berritzen","article_published_time":"2016-03-09T06:57:13+00:00","author":"kudeatzailea","twitter_card":"summary_large_image","twitter_misc":{"Escrito por":"kudeatzailea","Tiempo de lectura":"2 minutos"},"schema":{"@context":"https:\/\/schema.org","@graph":[{"@type":"Article","@id":"https:\/\/iraurgiberritzen.eus\/es\/jornada-3d-printing-en-la-industria\/#article","isPartOf":{"@id":"https:\/\/iraurgiberritzen.eus\/es\/jornada-3d-printing-en-la-industria\/"},"author":{"name":"kudeatzailea","@id":"https:\/\/iraurgiberritzen.eus\/es\/#\/schema\/person\/5ab41aaf388a9097177601ebf45738d2"},"headline":"Jornada 3D Printing en la Industria","datePublished":"2016-03-09T06:57:13+00:00","mainEntityOfPage":{"@id":"https:\/\/iraurgiberritzen.eus\/es\/jornada-3d-printing-en-la-industria\/"},"wordCount":342,"publisher":{"@id":"https:\/\/iraurgiberritzen.eus\/es\/#organization"},"image":{"@id":"https:\/\/iraurgiberritzen.eus\/es\/jornada-3d-printing-en-la-industria\/#primaryimage"},"thumbnailUrl":"https:\/\/iraurgiberritzen.eus\/wp-content\/uploads\/2023\/09\/84bd8bd55711fc1be7650ea3945868c3.jpg","articleSection":["Noticias"],"inLanguage":"es"},{"@type":"WebPage","@id":"https:\/\/iraurgiberritzen.eus\/es\/jornada-3d-printing-en-la-industria\/","url":"https:\/\/iraurgiberritzen.eus\/es\/jornada-3d-printing-en-la-industria\/","name":"Jornada 3D Printing en la Industria - Iraurgi Berritzen","isPartOf":{"@id":"https:\/\/iraurgiberritzen.eus\/es\/#website"},"primaryImageOfPage":{"@id":"https:\/\/iraurgiberritzen.eus\/es\/jornada-3d-printing-en-la-industria\/#primaryimage"},"image":{"@id":"https:\/\/iraurgiberritzen.eus\/es\/jornada-3d-printing-en-la-industria\/#primaryimage"},"thumbnailUrl":"https:\/\/iraurgiberritzen.eus\/wp-content\/uploads\/2023\/09\/84bd8bd55711fc1be7650ea3945868c3.jpg","datePublished":"2016-03-09T06:57:13+00:00","breadcrumb":{"@id":"https:\/\/iraurgiberritzen.eus\/es\/jornada-3d-printing-en-la-industria\/#breadcrumb"},"inLanguage":"es","potentialAction":[{"@type":"ReadAction","target":["https:\/\/iraurgiberritzen.eus\/es\/jornada-3d-printing-en-la-industria\/"]}]},{"@type":"ImageObject","inLanguage":"es","@id":"https:\/\/iraurgiberritzen.eus\/es\/jornada-3d-printing-en-la-industria\/#primaryimage","url":"https:\/\/iraurgiberritzen.eus\/wp-content\/uploads\/2023\/09\/84bd8bd55711fc1be7650ea3945868c3.jpg","contentUrl":"https:\/\/iraurgiberritzen.eus\/wp-content\/uploads\/2023\/09\/84bd8bd55711fc1be7650ea3945868c3.jpg","width":600,"height":386},{"@type":"BreadcrumbList","@id":"https:\/\/iraurgiberritzen.eus\/es\/jornada-3d-printing-en-la-industria\/#breadcrumb","itemListElement":[{"@type":"ListItem","position":1,"name":"Home","item":"https:\/\/iraurgiberritzen.eus\/es\/"},{"@type":"ListItem","position":2,"name":"Jornada 3D Printing en la Industria"}]},{"@type":"WebSite","@id":"https:\/\/iraurgiberritzen.eus\/es\/#website","url":"https:\/\/iraurgiberritzen.eus\/es\/","name":"Iraurgi Berritzen","description":"Urola Erdiko Garapen Agentzia","publisher":{"@id":"https:\/\/iraurgiberritzen.eus\/es\/#organization"},"potentialAction":[{"@type":"SearchAction","target":{"@type":"EntryPoint","urlTemplate":"https:\/\/iraurgiberritzen.eus\/es\/?s={search_term_string}"},"query-input":{"@type":"PropertyValueSpecification","valueRequired":true,"valueName":"search_term_string"}}],"inLanguage":"es"},{"@type":"Organization","@id":"https:\/\/iraurgiberritzen.eus\/es\/#organization","name":"Iraurgi Berritzen","url":"https:\/\/iraurgiberritzen.eus\/es\/","logo":{"@type":"ImageObject","inLanguage":"es","@id":"https:\/\/iraurgiberritzen.eus\/es\/#\/schema\/logo\/image\/","url":"https:\/\/iraurgiberritzen.eus\/wp-content\/uploads\/2024\/02\/IRAURGI-BERRITZEN-logotipoa_2.png","contentUrl":"https:\/\/iraurgiberritzen.eus\/wp-content\/uploads\/2024\/02\/IRAURGI-BERRITZEN-logotipoa_2.png","width":496,"height":190,"caption":"Iraurgi Berritzen"},"image":{"@id":"https:\/\/iraurgiberritzen.eus\/es\/#\/schema\/logo\/image\/"}},{"@type":"Person","@id":"https:\/\/iraurgiberritzen.eus\/es\/#\/schema\/person\/5ab41aaf388a9097177601ebf45738d2","name":"kudeatzailea","sameAs":["https:\/\/iraurgiberritzen.eus"]}]}},"_links":{"self":[{"href":"https:\/\/iraurgiberritzen.eus\/es\/wp-json\/wp\/v2\/posts\/11965","targetHints":{"allow":["GET"]}}],"collection":[{"href":"https:\/\/iraurgiberritzen.eus\/es\/wp-json\/wp\/v2\/posts"}],"about":[{"href":"https:\/\/iraurgiberritzen.eus\/es\/wp-json\/wp\/v2\/types\/post"}],"author":[{"embeddable":true,"href":"https:\/\/iraurgiberritzen.eus\/es\/wp-json\/wp\/v2\/users\/1"}],"replies":[{"embeddable":true,"href":"https:\/\/iraurgiberritzen.eus\/es\/wp-json\/wp\/v2\/comments?post=11965"}],"version-history":[{"count":0,"href":"https:\/\/iraurgiberritzen.eus\/es\/wp-json\/wp\/v2\/posts\/11965\/revisions"}],"wp:featuredmedia":[{"embeddable":true,"href":"https:\/\/iraurgiberritzen.eus\/es\/wp-json\/wp\/v2\/media\/17993"}],"wp:attachment":[{"href":"https:\/\/iraurgiberritzen.eus\/es\/wp-json\/wp\/v2\/media?parent=11965"}],"wp:term":[{"taxonomy":"category","embeddable":true,"href":"https:\/\/iraurgiberritzen.eus\/es\/wp-json\/wp\/v2\/categories?post=11965"},{"taxonomy":"post_tag","embeddable":true,"href":"https:\/\/iraurgiberritzen.eus\/es\/wp-json\/wp\/v2\/tags?post=11965"}],"curies":[{"name":"wp","href":"https:\/\/api.w.org\/{rel}","templated":true}]}}