{"id":11971,"date":"2016-03-21T09:08:28","date_gmt":"2016-03-21T07:08:28","guid":{"rendered":"https:\/\/iraurgiberritzen.eus\/iraurgi-berritzen-organiza-varios-cursos-en-azpeitia-y-azkoitia-para-aquellas-personas-que-estan-buscando-empleo\/"},"modified":"2016-03-21T09:08:28","modified_gmt":"2016-03-21T07:08:28","slug":"iraurgi-berritzen-organiza-varios-cursos-en-azpeitia-y-azkoitia-para-aquellas-personas-que-estan-buscando-empleo","status":"publish","type":"post","link":"https:\/\/iraurgiberritzen.eus\/es\/iraurgi-berritzen-organiza-varios-cursos-en-azpeitia-y-azkoitia-para-aquellas-personas-que-estan-buscando-empleo\/","title":{"rendered":"Iraurgi Berritzen organiza varios cursos en Azpeitia y Azkoitia para aquellas personas que est\u00e1n  buscando empleo"},"content":{"rendered":"<p style=\"text-align: justify;\">En Marzo, se realizar\u00e1n dos cursos bajo el lema \u00ab<strong>Canales para la b\u00fasqueda de empleo\u00bb<\/strong>. El primer curso se celebrar\u00e1 en Azpeitia, el <strong>18 de marzo<\/strong> (viernes). El segundo se realizar\u00e1 el <strong>22 de marzo<\/strong> (martes) en Azkoitia.<\/p>\n<p style=\"text-align: justify;\">Objetivo de los cursos: Inscribirse en bolsas de trabajo, realizar auto-candidaturas, darse de alta en portales de empleo, conocer las redes sociales y conocer m\u00e1s canales para la b\u00fasqueda de empleo.<\/p>\n<p style=\"text-align: justify;\">En abril, se celebrar\u00e1n otros dos cursos con el nombre \u00ab<strong>Objetivos Profesionales<\/strong>. Uno se celebrar\u00e1 el <strong>8 de abril<\/strong> (viernes). El otro curso se realizar\u00e1 el <strong>14 de abril<\/strong> (jueves) en Azkoitia.<\/p>\n<p style=\"text-align: justify;\">El objetivo de estos curso ser\u00e1: Identificar los aspectos clave para que poder construir un objetivo profesional y dar pautas para autoconocerse y conocer los puestos.<\/p>\n<p style=\"text-align: justify;\">Por \u00faltimo, en mayo, se dar\u00e1n dos cursos de \u00ab<strong>Pruebas de Selecci\u00f3n<\/strong>\u00ab. Uno se celebrar\u00e1 el <strong>20 de mayo<\/strong> (viernes) en Azpeitia. El otro curso se realizar\u00e1 el <strong>26 de mayo<\/strong> (jueves), en Azkoitia. Objetivo de los cursos: Evaluar el potencial del candidato\/a y averiguar en qu\u00e9 medida la persona candidata se adecua al puesto de trabajo y a un ambiente de trabajo determinado.<\/p>\n<p style=\"text-align: justify;\">En caso de estar interesado en inscribirte puedes llamar al <strong>943 02 60 69<\/strong> y preguntar por Maialen Ituarte. Los cursos se impartir\u00e1n en los Centros de Empleo de Azkoitia y Azpeitia ubicados en las siguientes direcciones: Azpeitia ( 3er piso del Sindikatu Zaharra) y en Azkoitia (Bizenta Mogel, 6). Estos cursos ser\u00e1n en castellano, comenzar\u00e1n a las <strong>15:30<\/strong> de la tarde y tendr\u00e1n una duraci\u00f3n de 3 horas. La modalidad de impartici\u00f3n ser\u00e1 presencial.<\/p>\n","protected":false},"excerpt":{"rendered":"<p>En Marzo, se realizar\u00e1n dos cursos bajo el lema \u00abCanales para la b\u00fasqueda de empleo\u00bb. El primer curso se celebrar\u00e1 en Azpeitia, el 18 de marzo (viernes). El segundo se realizar\u00e1 el 22 de marzo (martes) en Azkoitia. Objetivo de los cursos: Inscribirse en bolsas de trabajo, realizar auto-candidaturas, darse de alta en portales de [&hellip;]<\/p>\n","protected":false},"author":1,"featured_media":17995,"comment_status":"","ping_status":"closed","sticky":false,"template":"","format":"standard","meta":{"_acf_changed":false,"footnotes":""},"categories":[4],"tags":[],"class_list":["post-11971","post","type-post","status-publish","format-standard","has-post-thumbnail","hentry","category-noticias"],"acf":[],"yoast_head":"<!-- This site is optimized with the Yoast SEO plugin v27.4 - https:\/\/yoast.com\/product\/yoast-seo-wordpress\/ -->\n<title>Iraurgi Berritzen organiza varios cursos en Azpeitia y Azkoitia para aquellas personas que est\u00e1n buscando empleo - Iraurgi Berritzen<\/title>\n<meta name=\"robots\" content=\"index, follow, max-snippet:-1, max-image-preview:large, max-video-preview:-1\" \/>\n<link rel=\"canonical\" href=\"https:\/\/iraurgiberritzen.eus\/es\/iraurgi-berritzen-organiza-varios-cursos-en-azpeitia-y-azkoitia-para-aquellas-personas-que-estan-buscando-empleo\/\" \/>\n<meta property=\"og:locale\" content=\"es_ES\" \/>\n<meta property=\"og:type\" content=\"article\" \/>\n<meta property=\"og:title\" content=\"Iraurgi Berritzen organiza varios cursos en Azpeitia y Azkoitia para aquellas personas que est\u00e1n buscando empleo - Iraurgi Berritzen\" \/>\n<meta property=\"og:description\" content=\"En Marzo, se realizar\u00e1n dos cursos bajo el lema \u00abCanales para la b\u00fasqueda de empleo\u00bb. El primer curso se celebrar\u00e1 en Azpeitia, el 18 de marzo (viernes). El segundo se realizar\u00e1 el 22 de marzo (martes) en Azkoitia. Objetivo de los cursos: Inscribirse en bolsas de trabajo, realizar auto-candidaturas, darse de alta en portales de [&hellip;]\" \/>\n<meta property=\"og:url\" content=\"https:\/\/iraurgiberritzen.eus\/es\/iraurgi-berritzen-organiza-varios-cursos-en-azpeitia-y-azkoitia-para-aquellas-personas-que-estan-buscando-empleo\/\" \/>\n<meta property=\"og:site_name\" content=\"Iraurgi Berritzen\" \/>\n<meta property=\"article:published_time\" content=\"2016-03-21T07:08:28+00:00\" \/>\n<meta name=\"author\" content=\"kudeatzailea\" \/>\n<meta name=\"twitter:card\" content=\"summary_large_image\" \/>\n<meta name=\"twitter:label1\" content=\"Escrito por\" \/>\n\t<meta name=\"twitter:data1\" content=\"kudeatzailea\" \/>\n\t<meta name=\"twitter:label2\" content=\"Tiempo de lectura\" \/>\n\t<meta name=\"twitter:data2\" content=\"1 minuto\" \/>\n<script type=\"application\/ld+json\" class=\"yoast-schema-graph\">{\"@context\":\"https:\\\/\\\/schema.org\",\"@graph\":[{\"@type\":\"Article\",\"@id\":\"https:\\\/\\\/iraurgiberritzen.eus\\\/es\\\/iraurgi-berritzen-organiza-varios-cursos-en-azpeitia-y-azkoitia-para-aquellas-personas-que-estan-buscando-empleo\\\/#article\",\"isPartOf\":{\"@id\":\"https:\\\/\\\/iraurgiberritzen.eus\\\/es\\\/iraurgi-berritzen-organiza-varios-cursos-en-azpeitia-y-azkoitia-para-aquellas-personas-que-estan-buscando-empleo\\\/\"},\"author\":{\"name\":\"kudeatzailea\",\"@id\":\"https:\\\/\\\/iraurgiberritzen.eus\\\/es\\\/#\\\/schema\\\/person\\\/5ab41aaf388a9097177601ebf45738d2\"},\"headline\":\"Iraurgi Berritzen organiza varios cursos en Azpeitia y Azkoitia para aquellas personas que est\u00e1n buscando empleo\",\"datePublished\":\"2016-03-21T07:08:28+00:00\",\"mainEntityOfPage\":{\"@id\":\"https:\\\/\\\/iraurgiberritzen.eus\\\/es\\\/iraurgi-berritzen-organiza-varios-cursos-en-azpeitia-y-azkoitia-para-aquellas-personas-que-estan-buscando-empleo\\\/\"},\"wordCount\":283,\"publisher\":{\"@id\":\"https:\\\/\\\/iraurgiberritzen.eus\\\/es\\\/#organization\"},\"image\":{\"@id\":\"https:\\\/\\\/iraurgiberritzen.eus\\\/es\\\/iraurgi-berritzen-organiza-varios-cursos-en-azpeitia-y-azkoitia-para-aquellas-personas-que-estan-buscando-empleo\\\/#primaryimage\"},\"thumbnailUrl\":\"https:\\\/\\\/iraurgiberritzen.eus\\\/wp-content\\\/uploads\\\/2023\\\/09\\\/ca9456ad89fef6c66a71b99b32dfe05e.jpg\",\"articleSection\":[\"Noticias\"],\"inLanguage\":\"es\"},{\"@type\":\"WebPage\",\"@id\":\"https:\\\/\\\/iraurgiberritzen.eus\\\/es\\\/iraurgi-berritzen-organiza-varios-cursos-en-azpeitia-y-azkoitia-para-aquellas-personas-que-estan-buscando-empleo\\\/\",\"url\":\"https:\\\/\\\/iraurgiberritzen.eus\\\/es\\\/iraurgi-berritzen-organiza-varios-cursos-en-azpeitia-y-azkoitia-para-aquellas-personas-que-estan-buscando-empleo\\\/\",\"name\":\"Iraurgi Berritzen organiza varios cursos en Azpeitia y Azkoitia para aquellas personas que est\u00e1n buscando empleo - Iraurgi Berritzen\",\"isPartOf\":{\"@id\":\"https:\\\/\\\/iraurgiberritzen.eus\\\/es\\\/#website\"},\"primaryImageOfPage\":{\"@id\":\"https:\\\/\\\/iraurgiberritzen.eus\\\/es\\\/iraurgi-berritzen-organiza-varios-cursos-en-azpeitia-y-azkoitia-para-aquellas-personas-que-estan-buscando-empleo\\\/#primaryimage\"},\"image\":{\"@id\":\"https:\\\/\\\/iraurgiberritzen.eus\\\/es\\\/iraurgi-berritzen-organiza-varios-cursos-en-azpeitia-y-azkoitia-para-aquellas-personas-que-estan-buscando-empleo\\\/#primaryimage\"},\"thumbnailUrl\":\"https:\\\/\\\/iraurgiberritzen.eus\\\/wp-content\\\/uploads\\\/2023\\\/09\\\/ca9456ad89fef6c66a71b99b32dfe05e.jpg\",\"datePublished\":\"2016-03-21T07:08:28+00:00\",\"breadcrumb\":{\"@id\":\"https:\\\/\\\/iraurgiberritzen.eus\\\/es\\\/iraurgi-berritzen-organiza-varios-cursos-en-azpeitia-y-azkoitia-para-aquellas-personas-que-estan-buscando-empleo\\\/#breadcrumb\"},\"inLanguage\":\"es\",\"potentialAction\":[{\"@type\":\"ReadAction\",\"target\":[\"https:\\\/\\\/iraurgiberritzen.eus\\\/es\\\/iraurgi-berritzen-organiza-varios-cursos-en-azpeitia-y-azkoitia-para-aquellas-personas-que-estan-buscando-empleo\\\/\"]}]},{\"@type\":\"ImageObject\",\"inLanguage\":\"es\",\"@id\":\"https:\\\/\\\/iraurgiberritzen.eus\\\/es\\\/iraurgi-berritzen-organiza-varios-cursos-en-azpeitia-y-azkoitia-para-aquellas-personas-que-estan-buscando-empleo\\\/#primaryimage\",\"url\":\"https:\\\/\\\/iraurgiberritzen.eus\\\/wp-content\\\/uploads\\\/2023\\\/09\\\/ca9456ad89fef6c66a71b99b32dfe05e.jpg\",\"contentUrl\":\"https:\\\/\\\/iraurgiberritzen.eus\\\/wp-content\\\/uploads\\\/2023\\\/09\\\/ca9456ad89fef6c66a71b99b32dfe05e.jpg\",\"width\":600,\"height\":386},{\"@type\":\"BreadcrumbList\",\"@id\":\"https:\\\/\\\/iraurgiberritzen.eus\\\/es\\\/iraurgi-berritzen-organiza-varios-cursos-en-azpeitia-y-azkoitia-para-aquellas-personas-que-estan-buscando-empleo\\\/#breadcrumb\",\"itemListElement\":[{\"@type\":\"ListItem\",\"position\":1,\"name\":\"Home\",\"item\":\"https:\\\/\\\/iraurgiberritzen.eus\\\/es\\\/\"},{\"@type\":\"ListItem\",\"position\":2,\"name\":\"Iraurgi Berritzen organiza varios cursos en Azpeitia y Azkoitia para aquellas personas que est\u00e1n buscando empleo\"}]},{\"@type\":\"WebSite\",\"@id\":\"https:\\\/\\\/iraurgiberritzen.eus\\\/es\\\/#website\",\"url\":\"https:\\\/\\\/iraurgiberritzen.eus\\\/es\\\/\",\"name\":\"Iraurgi Berritzen\",\"description\":\"Urola Erdiko Garapen Agentzia\",\"publisher\":{\"@id\":\"https:\\\/\\\/iraurgiberritzen.eus\\\/es\\\/#organization\"},\"potentialAction\":[{\"@type\":\"SearchAction\",\"target\":{\"@type\":\"EntryPoint\",\"urlTemplate\":\"https:\\\/\\\/iraurgiberritzen.eus\\\/es\\\/?s={search_term_string}\"},\"query-input\":{\"@type\":\"PropertyValueSpecification\",\"valueRequired\":true,\"valueName\":\"search_term_string\"}}],\"inLanguage\":\"es\"},{\"@type\":\"Organization\",\"@id\":\"https:\\\/\\\/iraurgiberritzen.eus\\\/es\\\/#organization\",\"name\":\"Iraurgi Berritzen\",\"url\":\"https:\\\/\\\/iraurgiberritzen.eus\\\/es\\\/\",\"logo\":{\"@type\":\"ImageObject\",\"inLanguage\":\"es\",\"@id\":\"https:\\\/\\\/iraurgiberritzen.eus\\\/es\\\/#\\\/schema\\\/logo\\\/image\\\/\",\"url\":\"https:\\\/\\\/iraurgiberritzen.eus\\\/wp-content\\\/uploads\\\/2024\\\/02\\\/IRAURGI-BERRITZEN-logotipoa_2.png\",\"contentUrl\":\"https:\\\/\\\/iraurgiberritzen.eus\\\/wp-content\\\/uploads\\\/2024\\\/02\\\/IRAURGI-BERRITZEN-logotipoa_2.png\",\"width\":496,\"height\":190,\"caption\":\"Iraurgi Berritzen\"},\"image\":{\"@id\":\"https:\\\/\\\/iraurgiberritzen.eus\\\/es\\\/#\\\/schema\\\/logo\\\/image\\\/\"}},{\"@type\":\"Person\",\"@id\":\"https:\\\/\\\/iraurgiberritzen.eus\\\/es\\\/#\\\/schema\\\/person\\\/5ab41aaf388a9097177601ebf45738d2\",\"name\":\"kudeatzailea\",\"sameAs\":[\"https:\\\/\\\/iraurgiberritzen.eus\"]}]}<\/script>\n<!-- \/ Yoast SEO plugin. -->","yoast_head_json":{"title":"Iraurgi Berritzen organiza varios cursos en Azpeitia y Azkoitia para aquellas personas que est\u00e1n buscando empleo - Iraurgi Berritzen","robots":{"index":"index","follow":"follow","max-snippet":"max-snippet:-1","max-image-preview":"max-image-preview:large","max-video-preview":"max-video-preview:-1"},"canonical":"https:\/\/iraurgiberritzen.eus\/es\/iraurgi-berritzen-organiza-varios-cursos-en-azpeitia-y-azkoitia-para-aquellas-personas-que-estan-buscando-empleo\/","og_locale":"es_ES","og_type":"article","og_title":"Iraurgi Berritzen organiza varios cursos en Azpeitia y Azkoitia para aquellas personas que est\u00e1n buscando empleo - Iraurgi Berritzen","og_description":"En Marzo, se realizar\u00e1n dos cursos bajo el lema \u00abCanales para la b\u00fasqueda de empleo\u00bb. El primer curso se celebrar\u00e1 en Azpeitia, el 18 de marzo (viernes). El segundo se realizar\u00e1 el 22 de marzo (martes) en Azkoitia. Objetivo de los cursos: Inscribirse en bolsas de trabajo, realizar auto-candidaturas, darse de alta en portales de [&hellip;]","og_url":"https:\/\/iraurgiberritzen.eus\/es\/iraurgi-berritzen-organiza-varios-cursos-en-azpeitia-y-azkoitia-para-aquellas-personas-que-estan-buscando-empleo\/","og_site_name":"Iraurgi Berritzen","article_published_time":"2016-03-21T07:08:28+00:00","author":"kudeatzailea","twitter_card":"summary_large_image","twitter_misc":{"Escrito por":"kudeatzailea","Tiempo de lectura":"1 minuto"},"schema":{"@context":"https:\/\/schema.org","@graph":[{"@type":"Article","@id":"https:\/\/iraurgiberritzen.eus\/es\/iraurgi-berritzen-organiza-varios-cursos-en-azpeitia-y-azkoitia-para-aquellas-personas-que-estan-buscando-empleo\/#article","isPartOf":{"@id":"https:\/\/iraurgiberritzen.eus\/es\/iraurgi-berritzen-organiza-varios-cursos-en-azpeitia-y-azkoitia-para-aquellas-personas-que-estan-buscando-empleo\/"},"author":{"name":"kudeatzailea","@id":"https:\/\/iraurgiberritzen.eus\/es\/#\/schema\/person\/5ab41aaf388a9097177601ebf45738d2"},"headline":"Iraurgi Berritzen organiza varios cursos en Azpeitia y Azkoitia para aquellas personas que est\u00e1n buscando empleo","datePublished":"2016-03-21T07:08:28+00:00","mainEntityOfPage":{"@id":"https:\/\/iraurgiberritzen.eus\/es\/iraurgi-berritzen-organiza-varios-cursos-en-azpeitia-y-azkoitia-para-aquellas-personas-que-estan-buscando-empleo\/"},"wordCount":283,"publisher":{"@id":"https:\/\/iraurgiberritzen.eus\/es\/#organization"},"image":{"@id":"https:\/\/iraurgiberritzen.eus\/es\/iraurgi-berritzen-organiza-varios-cursos-en-azpeitia-y-azkoitia-para-aquellas-personas-que-estan-buscando-empleo\/#primaryimage"},"thumbnailUrl":"https:\/\/iraurgiberritzen.eus\/wp-content\/uploads\/2023\/09\/ca9456ad89fef6c66a71b99b32dfe05e.jpg","articleSection":["Noticias"],"inLanguage":"es"},{"@type":"WebPage","@id":"https:\/\/iraurgiberritzen.eus\/es\/iraurgi-berritzen-organiza-varios-cursos-en-azpeitia-y-azkoitia-para-aquellas-personas-que-estan-buscando-empleo\/","url":"https:\/\/iraurgiberritzen.eus\/es\/iraurgi-berritzen-organiza-varios-cursos-en-azpeitia-y-azkoitia-para-aquellas-personas-que-estan-buscando-empleo\/","name":"Iraurgi Berritzen organiza varios cursos en Azpeitia y Azkoitia para aquellas personas que est\u00e1n buscando empleo - Iraurgi Berritzen","isPartOf":{"@id":"https:\/\/iraurgiberritzen.eus\/es\/#website"},"primaryImageOfPage":{"@id":"https:\/\/iraurgiberritzen.eus\/es\/iraurgi-berritzen-organiza-varios-cursos-en-azpeitia-y-azkoitia-para-aquellas-personas-que-estan-buscando-empleo\/#primaryimage"},"image":{"@id":"https:\/\/iraurgiberritzen.eus\/es\/iraurgi-berritzen-organiza-varios-cursos-en-azpeitia-y-azkoitia-para-aquellas-personas-que-estan-buscando-empleo\/#primaryimage"},"thumbnailUrl":"https:\/\/iraurgiberritzen.eus\/wp-content\/uploads\/2023\/09\/ca9456ad89fef6c66a71b99b32dfe05e.jpg","datePublished":"2016-03-21T07:08:28+00:00","breadcrumb":{"@id":"https:\/\/iraurgiberritzen.eus\/es\/iraurgi-berritzen-organiza-varios-cursos-en-azpeitia-y-azkoitia-para-aquellas-personas-que-estan-buscando-empleo\/#breadcrumb"},"inLanguage":"es","potentialAction":[{"@type":"ReadAction","target":["https:\/\/iraurgiberritzen.eus\/es\/iraurgi-berritzen-organiza-varios-cursos-en-azpeitia-y-azkoitia-para-aquellas-personas-que-estan-buscando-empleo\/"]}]},{"@type":"ImageObject","inLanguage":"es","@id":"https:\/\/iraurgiberritzen.eus\/es\/iraurgi-berritzen-organiza-varios-cursos-en-azpeitia-y-azkoitia-para-aquellas-personas-que-estan-buscando-empleo\/#primaryimage","url":"https:\/\/iraurgiberritzen.eus\/wp-content\/uploads\/2023\/09\/ca9456ad89fef6c66a71b99b32dfe05e.jpg","contentUrl":"https:\/\/iraurgiberritzen.eus\/wp-content\/uploads\/2023\/09\/ca9456ad89fef6c66a71b99b32dfe05e.jpg","width":600,"height":386},{"@type":"BreadcrumbList","@id":"https:\/\/iraurgiberritzen.eus\/es\/iraurgi-berritzen-organiza-varios-cursos-en-azpeitia-y-azkoitia-para-aquellas-personas-que-estan-buscando-empleo\/#breadcrumb","itemListElement":[{"@type":"ListItem","position":1,"name":"Home","item":"https:\/\/iraurgiberritzen.eus\/es\/"},{"@type":"ListItem","position":2,"name":"Iraurgi Berritzen organiza varios cursos en Azpeitia y Azkoitia para aquellas personas que est\u00e1n buscando empleo"}]},{"@type":"WebSite","@id":"https:\/\/iraurgiberritzen.eus\/es\/#website","url":"https:\/\/iraurgiberritzen.eus\/es\/","name":"Iraurgi Berritzen","description":"Urola Erdiko Garapen Agentzia","publisher":{"@id":"https:\/\/iraurgiberritzen.eus\/es\/#organization"},"potentialAction":[{"@type":"SearchAction","target":{"@type":"EntryPoint","urlTemplate":"https:\/\/iraurgiberritzen.eus\/es\/?s={search_term_string}"},"query-input":{"@type":"PropertyValueSpecification","valueRequired":true,"valueName":"search_term_string"}}],"inLanguage":"es"},{"@type":"Organization","@id":"https:\/\/iraurgiberritzen.eus\/es\/#organization","name":"Iraurgi Berritzen","url":"https:\/\/iraurgiberritzen.eus\/es\/","logo":{"@type":"ImageObject","inLanguage":"es","@id":"https:\/\/iraurgiberritzen.eus\/es\/#\/schema\/logo\/image\/","url":"https:\/\/iraurgiberritzen.eus\/wp-content\/uploads\/2024\/02\/IRAURGI-BERRITZEN-logotipoa_2.png","contentUrl":"https:\/\/iraurgiberritzen.eus\/wp-content\/uploads\/2024\/02\/IRAURGI-BERRITZEN-logotipoa_2.png","width":496,"height":190,"caption":"Iraurgi Berritzen"},"image":{"@id":"https:\/\/iraurgiberritzen.eus\/es\/#\/schema\/logo\/image\/"}},{"@type":"Person","@id":"https:\/\/iraurgiberritzen.eus\/es\/#\/schema\/person\/5ab41aaf388a9097177601ebf45738d2","name":"kudeatzailea","sameAs":["https:\/\/iraurgiberritzen.eus"]}]}},"_links":{"self":[{"href":"https:\/\/iraurgiberritzen.eus\/es\/wp-json\/wp\/v2\/posts\/11971","targetHints":{"allow":["GET"]}}],"collection":[{"href":"https:\/\/iraurgiberritzen.eus\/es\/wp-json\/wp\/v2\/posts"}],"about":[{"href":"https:\/\/iraurgiberritzen.eus\/es\/wp-json\/wp\/v2\/types\/post"}],"author":[{"embeddable":true,"href":"https:\/\/iraurgiberritzen.eus\/es\/wp-json\/wp\/v2\/users\/1"}],"replies":[{"embeddable":true,"href":"https:\/\/iraurgiberritzen.eus\/es\/wp-json\/wp\/v2\/comments?post=11971"}],"version-history":[{"count":0,"href":"https:\/\/iraurgiberritzen.eus\/es\/wp-json\/wp\/v2\/posts\/11971\/revisions"}],"wp:featuredmedia":[{"embeddable":true,"href":"https:\/\/iraurgiberritzen.eus\/es\/wp-json\/wp\/v2\/media\/17995"}],"wp:attachment":[{"href":"https:\/\/iraurgiberritzen.eus\/es\/wp-json\/wp\/v2\/media?parent=11971"}],"wp:term":[{"taxonomy":"category","embeddable":true,"href":"https:\/\/iraurgiberritzen.eus\/es\/wp-json\/wp\/v2\/categories?post=11971"},{"taxonomy":"post_tag","embeddable":true,"href":"https:\/\/iraurgiberritzen.eus\/es\/wp-json\/wp\/v2\/tags?post=11971"}],"curies":[{"name":"wp","href":"https:\/\/api.w.org\/{rel}","templated":true}]}}