{"id":11974,"date":"2016-03-21T10:31:39","date_gmt":"2016-03-21T08:31:39","guid":{"rendered":"https:\/\/iraurgiberritzen.eus\/inteligencia-competitiva-como-instrumento-de-mejora-competitiva\/"},"modified":"2016-03-21T10:31:39","modified_gmt":"2016-03-21T08:31:39","slug":"inteligencia-competitiva-como-instrumento-de-mejora-competitiva","status":"publish","type":"post","link":"https:\/\/iraurgiberritzen.eus\/es\/inteligencia-competitiva-como-instrumento-de-mejora-competitiva\/","title":{"rendered":"Inteligencia Competitiva como instrumento de mejora competitiva"},"content":{"rendered":"<p style=\"text-align: justify;\">La inteligencia competitiva, se contempla como una herramienta de gesti\u00f3n fundamental para las empresas, ya que en el entorno tan cambiante se hace necesario estar bien informado y a tiempo para identificar se\u00f1ales de cambio, oportunidades y amenazas y poder tomar decisiones orientadas a mejorar su propuesta de valor, su posicionamiento en el mercado y su competitividad.<\/p>\n<p style=\"text-align: justify;\">Desde Iraurgi Berritzen, y en colaboraci\u00f3n con Tecnalia, se prev\u00e9 la celebraci\u00f3n de una jornada dirigida a las empresas para dar a conocer el concepto y poner a disposici\u00f3n de las empresas una posible l\u00ednea de trabajo, todo ello apoyado por un programa especifico promovido por la Diputaci\u00f3n Foral de Gipuzkoa.<\/p>\n<p style=\"text-align: justify;\">Mas all\u00e1 de presentar el programa y la iniciativa en la comarca, se quiere aprovechar la presencia del Director de Promoci\u00f3n Econ\u00f3mica (Antton Tomasena), para la presentaci\u00f3n de las ayudas que la Diputaci\u00f3n va a poner en marcha para el a\u00f1o en curso.<\/p>\n<p style=\"text-align: justify;\">La jornada se celebrara el pr\u00f3ximo d\u00eda 6 de Abril en Intsausti de 9:00 a 11:00 de la ma\u00f1ana. Todas las empresas quedan invitadas, previa inscripci\u00f3n. Para mas informaci\u00f3n; <a href=\"mailto:aoiarzabal@iraurgiberritzen.eus\">aoiarzabal@iraurgiberritzen.eus<\/a> o <a href=\"mailto:alarranaga@iraurgiberritzen.eus\">alarranaga@iraurgiberritzen.eus<\/a><\/p>\n<p style=\"text-align: justify;\">&nbsp;<\/p>\n","protected":false},"excerpt":{"rendered":"<p>La inteligencia competitiva, se contempla como una herramienta de gesti\u00f3n fundamental para las empresas, ya que en el entorno tan cambiante se hace necesario estar bien informado y a tiempo para identificar se\u00f1ales de cambio, oportunidades y amenazas y poder tomar decisiones orientadas a mejorar su propuesta de valor, su posicionamiento en el mercado y [&hellip;]<\/p>\n","protected":false},"author":1,"featured_media":17996,"comment_status":"","ping_status":"closed","sticky":false,"template":"","format":"standard","meta":{"_acf_changed":false,"footnotes":""},"categories":[4],"tags":[],"class_list":["post-11974","post","type-post","status-publish","format-standard","has-post-thumbnail","hentry","category-noticias"],"acf":[],"yoast_head":"<!-- This site is optimized with the Yoast SEO plugin v27.4 - https:\/\/yoast.com\/product\/yoast-seo-wordpress\/ -->\n<title>Inteligencia Competitiva como instrumento de mejora competitiva - Iraurgi Berritzen<\/title>\n<meta name=\"robots\" content=\"index, follow, max-snippet:-1, max-image-preview:large, max-video-preview:-1\" \/>\n<link rel=\"canonical\" href=\"https:\/\/iraurgiberritzen.eus\/es\/inteligencia-competitiva-como-instrumento-de-mejora-competitiva\/\" \/>\n<meta property=\"og:locale\" content=\"es_ES\" \/>\n<meta property=\"og:type\" content=\"article\" \/>\n<meta property=\"og:title\" content=\"Inteligencia Competitiva como instrumento de mejora competitiva - Iraurgi Berritzen\" \/>\n<meta property=\"og:description\" content=\"La inteligencia competitiva, se contempla como una herramienta de gesti\u00f3n fundamental para las empresas, ya que en el entorno tan cambiante se hace necesario estar bien informado y a tiempo para identificar se\u00f1ales de cambio, oportunidades y amenazas y poder tomar decisiones orientadas a mejorar su propuesta de valor, su posicionamiento en el mercado y [&hellip;]\" \/>\n<meta property=\"og:url\" content=\"https:\/\/iraurgiberritzen.eus\/es\/inteligencia-competitiva-como-instrumento-de-mejora-competitiva\/\" \/>\n<meta property=\"og:site_name\" content=\"Iraurgi Berritzen\" \/>\n<meta property=\"article:published_time\" content=\"2016-03-21T08:31:39+00:00\" \/>\n<meta name=\"author\" content=\"kudeatzailea\" \/>\n<meta name=\"twitter:card\" content=\"summary_large_image\" \/>\n<meta name=\"twitter:label1\" content=\"Escrito por\" \/>\n\t<meta name=\"twitter:data1\" content=\"kudeatzailea\" \/>\n\t<meta name=\"twitter:label2\" content=\"Tiempo de lectura\" \/>\n\t<meta name=\"twitter:data2\" content=\"1 minuto\" \/>\n<script type=\"application\/ld+json\" class=\"yoast-schema-graph\">{\"@context\":\"https:\\\/\\\/schema.org\",\"@graph\":[{\"@type\":\"Article\",\"@id\":\"https:\\\/\\\/iraurgiberritzen.eus\\\/es\\\/inteligencia-competitiva-como-instrumento-de-mejora-competitiva\\\/#article\",\"isPartOf\":{\"@id\":\"https:\\\/\\\/iraurgiberritzen.eus\\\/es\\\/inteligencia-competitiva-como-instrumento-de-mejora-competitiva\\\/\"},\"author\":{\"name\":\"kudeatzailea\",\"@id\":\"https:\\\/\\\/iraurgiberritzen.eus\\\/es\\\/#\\\/schema\\\/person\\\/5ab41aaf388a9097177601ebf45738d2\"},\"headline\":\"Inteligencia Competitiva como instrumento de mejora competitiva\",\"datePublished\":\"2016-03-21T08:31:39+00:00\",\"mainEntityOfPage\":{\"@id\":\"https:\\\/\\\/iraurgiberritzen.eus\\\/es\\\/inteligencia-competitiva-como-instrumento-de-mejora-competitiva\\\/\"},\"wordCount\":209,\"publisher\":{\"@id\":\"https:\\\/\\\/iraurgiberritzen.eus\\\/es\\\/#organization\"},\"image\":{\"@id\":\"https:\\\/\\\/iraurgiberritzen.eus\\\/es\\\/inteligencia-competitiva-como-instrumento-de-mejora-competitiva\\\/#primaryimage\"},\"thumbnailUrl\":\"https:\\\/\\\/iraurgiberritzen.eus\\\/wp-content\\\/uploads\\\/2023\\\/09\\\/37e331b7a1b39f090b1249a069a513d3.jpg\",\"articleSection\":[\"Noticias\"],\"inLanguage\":\"es\"},{\"@type\":\"WebPage\",\"@id\":\"https:\\\/\\\/iraurgiberritzen.eus\\\/es\\\/inteligencia-competitiva-como-instrumento-de-mejora-competitiva\\\/\",\"url\":\"https:\\\/\\\/iraurgiberritzen.eus\\\/es\\\/inteligencia-competitiva-como-instrumento-de-mejora-competitiva\\\/\",\"name\":\"Inteligencia Competitiva como instrumento de mejora competitiva - Iraurgi Berritzen\",\"isPartOf\":{\"@id\":\"https:\\\/\\\/iraurgiberritzen.eus\\\/es\\\/#website\"},\"primaryImageOfPage\":{\"@id\":\"https:\\\/\\\/iraurgiberritzen.eus\\\/es\\\/inteligencia-competitiva-como-instrumento-de-mejora-competitiva\\\/#primaryimage\"},\"image\":{\"@id\":\"https:\\\/\\\/iraurgiberritzen.eus\\\/es\\\/inteligencia-competitiva-como-instrumento-de-mejora-competitiva\\\/#primaryimage\"},\"thumbnailUrl\":\"https:\\\/\\\/iraurgiberritzen.eus\\\/wp-content\\\/uploads\\\/2023\\\/09\\\/37e331b7a1b39f090b1249a069a513d3.jpg\",\"datePublished\":\"2016-03-21T08:31:39+00:00\",\"breadcrumb\":{\"@id\":\"https:\\\/\\\/iraurgiberritzen.eus\\\/es\\\/inteligencia-competitiva-como-instrumento-de-mejora-competitiva\\\/#breadcrumb\"},\"inLanguage\":\"es\",\"potentialAction\":[{\"@type\":\"ReadAction\",\"target\":[\"https:\\\/\\\/iraurgiberritzen.eus\\\/es\\\/inteligencia-competitiva-como-instrumento-de-mejora-competitiva\\\/\"]}]},{\"@type\":\"ImageObject\",\"inLanguage\":\"es\",\"@id\":\"https:\\\/\\\/iraurgiberritzen.eus\\\/es\\\/inteligencia-competitiva-como-instrumento-de-mejora-competitiva\\\/#primaryimage\",\"url\":\"https:\\\/\\\/iraurgiberritzen.eus\\\/wp-content\\\/uploads\\\/2023\\\/09\\\/37e331b7a1b39f090b1249a069a513d3.jpg\",\"contentUrl\":\"https:\\\/\\\/iraurgiberritzen.eus\\\/wp-content\\\/uploads\\\/2023\\\/09\\\/37e331b7a1b39f090b1249a069a513d3.jpg\",\"width\":600,\"height\":386},{\"@type\":\"BreadcrumbList\",\"@id\":\"https:\\\/\\\/iraurgiberritzen.eus\\\/es\\\/inteligencia-competitiva-como-instrumento-de-mejora-competitiva\\\/#breadcrumb\",\"itemListElement\":[{\"@type\":\"ListItem\",\"position\":1,\"name\":\"Home\",\"item\":\"https:\\\/\\\/iraurgiberritzen.eus\\\/es\\\/\"},{\"@type\":\"ListItem\",\"position\":2,\"name\":\"Inteligencia Competitiva como instrumento de mejora competitiva\"}]},{\"@type\":\"WebSite\",\"@id\":\"https:\\\/\\\/iraurgiberritzen.eus\\\/es\\\/#website\",\"url\":\"https:\\\/\\\/iraurgiberritzen.eus\\\/es\\\/\",\"name\":\"Iraurgi Berritzen\",\"description\":\"Urola Erdiko Garapen Agentzia\",\"publisher\":{\"@id\":\"https:\\\/\\\/iraurgiberritzen.eus\\\/es\\\/#organization\"},\"potentialAction\":[{\"@type\":\"SearchAction\",\"target\":{\"@type\":\"EntryPoint\",\"urlTemplate\":\"https:\\\/\\\/iraurgiberritzen.eus\\\/es\\\/?s={search_term_string}\"},\"query-input\":{\"@type\":\"PropertyValueSpecification\",\"valueRequired\":true,\"valueName\":\"search_term_string\"}}],\"inLanguage\":\"es\"},{\"@type\":\"Organization\",\"@id\":\"https:\\\/\\\/iraurgiberritzen.eus\\\/es\\\/#organization\",\"name\":\"Iraurgi Berritzen\",\"url\":\"https:\\\/\\\/iraurgiberritzen.eus\\\/es\\\/\",\"logo\":{\"@type\":\"ImageObject\",\"inLanguage\":\"es\",\"@id\":\"https:\\\/\\\/iraurgiberritzen.eus\\\/es\\\/#\\\/schema\\\/logo\\\/image\\\/\",\"url\":\"https:\\\/\\\/iraurgiberritzen.eus\\\/wp-content\\\/uploads\\\/2024\\\/02\\\/IRAURGI-BERRITZEN-logotipoa_2.png\",\"contentUrl\":\"https:\\\/\\\/iraurgiberritzen.eus\\\/wp-content\\\/uploads\\\/2024\\\/02\\\/IRAURGI-BERRITZEN-logotipoa_2.png\",\"width\":496,\"height\":190,\"caption\":\"Iraurgi Berritzen\"},\"image\":{\"@id\":\"https:\\\/\\\/iraurgiberritzen.eus\\\/es\\\/#\\\/schema\\\/logo\\\/image\\\/\"}},{\"@type\":\"Person\",\"@id\":\"https:\\\/\\\/iraurgiberritzen.eus\\\/es\\\/#\\\/schema\\\/person\\\/5ab41aaf388a9097177601ebf45738d2\",\"name\":\"kudeatzailea\",\"sameAs\":[\"https:\\\/\\\/iraurgiberritzen.eus\"]}]}<\/script>\n<!-- \/ Yoast SEO plugin. -->","yoast_head_json":{"title":"Inteligencia Competitiva como instrumento de mejora competitiva - Iraurgi Berritzen","robots":{"index":"index","follow":"follow","max-snippet":"max-snippet:-1","max-image-preview":"max-image-preview:large","max-video-preview":"max-video-preview:-1"},"canonical":"https:\/\/iraurgiberritzen.eus\/es\/inteligencia-competitiva-como-instrumento-de-mejora-competitiva\/","og_locale":"es_ES","og_type":"article","og_title":"Inteligencia Competitiva como instrumento de mejora competitiva - Iraurgi Berritzen","og_description":"La inteligencia competitiva, se contempla como una herramienta de gesti\u00f3n fundamental para las empresas, ya que en el entorno tan cambiante se hace necesario estar bien informado y a tiempo para identificar se\u00f1ales de cambio, oportunidades y amenazas y poder tomar decisiones orientadas a mejorar su propuesta de valor, su posicionamiento en el mercado y [&hellip;]","og_url":"https:\/\/iraurgiberritzen.eus\/es\/inteligencia-competitiva-como-instrumento-de-mejora-competitiva\/","og_site_name":"Iraurgi Berritzen","article_published_time":"2016-03-21T08:31:39+00:00","author":"kudeatzailea","twitter_card":"summary_large_image","twitter_misc":{"Escrito por":"kudeatzailea","Tiempo de lectura":"1 minuto"},"schema":{"@context":"https:\/\/schema.org","@graph":[{"@type":"Article","@id":"https:\/\/iraurgiberritzen.eus\/es\/inteligencia-competitiva-como-instrumento-de-mejora-competitiva\/#article","isPartOf":{"@id":"https:\/\/iraurgiberritzen.eus\/es\/inteligencia-competitiva-como-instrumento-de-mejora-competitiva\/"},"author":{"name":"kudeatzailea","@id":"https:\/\/iraurgiberritzen.eus\/es\/#\/schema\/person\/5ab41aaf388a9097177601ebf45738d2"},"headline":"Inteligencia Competitiva como instrumento de mejora competitiva","datePublished":"2016-03-21T08:31:39+00:00","mainEntityOfPage":{"@id":"https:\/\/iraurgiberritzen.eus\/es\/inteligencia-competitiva-como-instrumento-de-mejora-competitiva\/"},"wordCount":209,"publisher":{"@id":"https:\/\/iraurgiberritzen.eus\/es\/#organization"},"image":{"@id":"https:\/\/iraurgiberritzen.eus\/es\/inteligencia-competitiva-como-instrumento-de-mejora-competitiva\/#primaryimage"},"thumbnailUrl":"https:\/\/iraurgiberritzen.eus\/wp-content\/uploads\/2023\/09\/37e331b7a1b39f090b1249a069a513d3.jpg","articleSection":["Noticias"],"inLanguage":"es"},{"@type":"WebPage","@id":"https:\/\/iraurgiberritzen.eus\/es\/inteligencia-competitiva-como-instrumento-de-mejora-competitiva\/","url":"https:\/\/iraurgiberritzen.eus\/es\/inteligencia-competitiva-como-instrumento-de-mejora-competitiva\/","name":"Inteligencia Competitiva como instrumento de mejora competitiva - Iraurgi Berritzen","isPartOf":{"@id":"https:\/\/iraurgiberritzen.eus\/es\/#website"},"primaryImageOfPage":{"@id":"https:\/\/iraurgiberritzen.eus\/es\/inteligencia-competitiva-como-instrumento-de-mejora-competitiva\/#primaryimage"},"image":{"@id":"https:\/\/iraurgiberritzen.eus\/es\/inteligencia-competitiva-como-instrumento-de-mejora-competitiva\/#primaryimage"},"thumbnailUrl":"https:\/\/iraurgiberritzen.eus\/wp-content\/uploads\/2023\/09\/37e331b7a1b39f090b1249a069a513d3.jpg","datePublished":"2016-03-21T08:31:39+00:00","breadcrumb":{"@id":"https:\/\/iraurgiberritzen.eus\/es\/inteligencia-competitiva-como-instrumento-de-mejora-competitiva\/#breadcrumb"},"inLanguage":"es","potentialAction":[{"@type":"ReadAction","target":["https:\/\/iraurgiberritzen.eus\/es\/inteligencia-competitiva-como-instrumento-de-mejora-competitiva\/"]}]},{"@type":"ImageObject","inLanguage":"es","@id":"https:\/\/iraurgiberritzen.eus\/es\/inteligencia-competitiva-como-instrumento-de-mejora-competitiva\/#primaryimage","url":"https:\/\/iraurgiberritzen.eus\/wp-content\/uploads\/2023\/09\/37e331b7a1b39f090b1249a069a513d3.jpg","contentUrl":"https:\/\/iraurgiberritzen.eus\/wp-content\/uploads\/2023\/09\/37e331b7a1b39f090b1249a069a513d3.jpg","width":600,"height":386},{"@type":"BreadcrumbList","@id":"https:\/\/iraurgiberritzen.eus\/es\/inteligencia-competitiva-como-instrumento-de-mejora-competitiva\/#breadcrumb","itemListElement":[{"@type":"ListItem","position":1,"name":"Home","item":"https:\/\/iraurgiberritzen.eus\/es\/"},{"@type":"ListItem","position":2,"name":"Inteligencia Competitiva como instrumento de mejora competitiva"}]},{"@type":"WebSite","@id":"https:\/\/iraurgiberritzen.eus\/es\/#website","url":"https:\/\/iraurgiberritzen.eus\/es\/","name":"Iraurgi Berritzen","description":"Urola Erdiko Garapen Agentzia","publisher":{"@id":"https:\/\/iraurgiberritzen.eus\/es\/#organization"},"potentialAction":[{"@type":"SearchAction","target":{"@type":"EntryPoint","urlTemplate":"https:\/\/iraurgiberritzen.eus\/es\/?s={search_term_string}"},"query-input":{"@type":"PropertyValueSpecification","valueRequired":true,"valueName":"search_term_string"}}],"inLanguage":"es"},{"@type":"Organization","@id":"https:\/\/iraurgiberritzen.eus\/es\/#organization","name":"Iraurgi Berritzen","url":"https:\/\/iraurgiberritzen.eus\/es\/","logo":{"@type":"ImageObject","inLanguage":"es","@id":"https:\/\/iraurgiberritzen.eus\/es\/#\/schema\/logo\/image\/","url":"https:\/\/iraurgiberritzen.eus\/wp-content\/uploads\/2024\/02\/IRAURGI-BERRITZEN-logotipoa_2.png","contentUrl":"https:\/\/iraurgiberritzen.eus\/wp-content\/uploads\/2024\/02\/IRAURGI-BERRITZEN-logotipoa_2.png","width":496,"height":190,"caption":"Iraurgi Berritzen"},"image":{"@id":"https:\/\/iraurgiberritzen.eus\/es\/#\/schema\/logo\/image\/"}},{"@type":"Person","@id":"https:\/\/iraurgiberritzen.eus\/es\/#\/schema\/person\/5ab41aaf388a9097177601ebf45738d2","name":"kudeatzailea","sameAs":["https:\/\/iraurgiberritzen.eus"]}]}},"_links":{"self":[{"href":"https:\/\/iraurgiberritzen.eus\/es\/wp-json\/wp\/v2\/posts\/11974","targetHints":{"allow":["GET"]}}],"collection":[{"href":"https:\/\/iraurgiberritzen.eus\/es\/wp-json\/wp\/v2\/posts"}],"about":[{"href":"https:\/\/iraurgiberritzen.eus\/es\/wp-json\/wp\/v2\/types\/post"}],"author":[{"embeddable":true,"href":"https:\/\/iraurgiberritzen.eus\/es\/wp-json\/wp\/v2\/users\/1"}],"replies":[{"embeddable":true,"href":"https:\/\/iraurgiberritzen.eus\/es\/wp-json\/wp\/v2\/comments?post=11974"}],"version-history":[{"count":0,"href":"https:\/\/iraurgiberritzen.eus\/es\/wp-json\/wp\/v2\/posts\/11974\/revisions"}],"wp:featuredmedia":[{"embeddable":true,"href":"https:\/\/iraurgiberritzen.eus\/es\/wp-json\/wp\/v2\/media\/17996"}],"wp:attachment":[{"href":"https:\/\/iraurgiberritzen.eus\/es\/wp-json\/wp\/v2\/media?parent=11974"}],"wp:term":[{"taxonomy":"category","embeddable":true,"href":"https:\/\/iraurgiberritzen.eus\/es\/wp-json\/wp\/v2\/categories?post=11974"},{"taxonomy":"post_tag","embeddable":true,"href":"https:\/\/iraurgiberritzen.eus\/es\/wp-json\/wp\/v2\/tags?post=11974"}],"curies":[{"name":"wp","href":"https:\/\/api.w.org\/{rel}","templated":true}]}}