{"id":11980,"date":"2016-03-22T09:37:55","date_gmt":"2016-03-22T07:37:55","guid":{"rendered":"https:\/\/iraurgiberritzen.eus\/plan-de-promocion-economica-del-2015\/"},"modified":"2016-03-22T09:37:55","modified_gmt":"2016-03-22T07:37:55","slug":"plan-de-promocion-economica-del-2015","status":"publish","type":"post","link":"https:\/\/iraurgiberritzen.eus\/es\/plan-de-promocion-economica-del-2015\/","title":{"rendered":"Plan de Promoci\u00f3n Econ\u00f3mica del 2015"},"content":{"rendered":"<p style=\"text-align: justify;\">El plan de promoci\u00f3n econ\u00f3mica tambi\u00e9n ha sido puesto en marcha el 2015. El objetivo de este plan, ha sido apoyar nuevas iniciativas empresariales e iniciativas creadas en la comarca. En l\u00edneas generales, este plan ha tenido 3 l\u00edneas principales, la primera se ha dirigido a apoyar la creaci\u00f3n de nuevas iniciativas empresariales por parte de desempleados, la segunda, a las iniciativas de econom\u00eda social y la tercera a proyectos estrat\u00e9gicos comarcales.<\/p>\n<p style=\"text-align: justify;\">En total hemos recibido 49 solicitudes, y la mayor parte de la subvenci\u00f3n se ha dirigido a apoyar la creaci\u00f3n de empresas por parte de desempleados. 4 proyectos se han dirigido a apoyar a empresas de econom\u00eda social, y en el seno de la tercera l\u00ednea se han apoyado 6 proyectos. La mayor\u00eda de los proyectos presentados en la tercera l\u00ednea, han sido industriales, siendo el primer sector el eje de uno de ellos.<\/p>\n<p style=\"text-align: justify;\">En general, se ha realizado una valoraci\u00f3n positiva en cuanto a los proyectos presentados.<\/p>\n","protected":false},"excerpt":{"rendered":"<p>El plan de promoci\u00f3n econ\u00f3mica tambi\u00e9n ha sido puesto en marcha el 2015. El objetivo de este plan, ha sido apoyar nuevas iniciativas empresariales e iniciativas creadas en la comarca. En l\u00edneas generales, este plan ha tenido 3 l\u00edneas principales, la primera se ha dirigido a apoyar la creaci\u00f3n de nuevas iniciativas empresariales por parte [&hellip;]<\/p>\n","protected":false},"author":1,"featured_media":17998,"comment_status":"","ping_status":"closed","sticky":false,"template":"","format":"standard","meta":{"_acf_changed":false,"footnotes":""},"categories":[4],"tags":[],"class_list":["post-11980","post","type-post","status-publish","format-standard","has-post-thumbnail","hentry","category-noticias"],"acf":[],"yoast_head":"<!-- This site is optimized with the Yoast SEO plugin v27.4 - https:\/\/yoast.com\/product\/yoast-seo-wordpress\/ -->\n<title>Plan de Promoci\u00f3n Econ\u00f3mica del 2015 - Iraurgi Berritzen<\/title>\n<meta name=\"robots\" content=\"index, follow, max-snippet:-1, max-image-preview:large, max-video-preview:-1\" \/>\n<link rel=\"canonical\" href=\"https:\/\/iraurgiberritzen.eus\/es\/plan-de-promocion-economica-del-2015\/\" \/>\n<meta property=\"og:locale\" content=\"es_ES\" \/>\n<meta property=\"og:type\" content=\"article\" \/>\n<meta property=\"og:title\" content=\"Plan de Promoci\u00f3n Econ\u00f3mica del 2015 - Iraurgi Berritzen\" \/>\n<meta property=\"og:description\" content=\"El plan de promoci\u00f3n econ\u00f3mica tambi\u00e9n ha sido puesto en marcha el 2015. El objetivo de este plan, ha sido apoyar nuevas iniciativas empresariales e iniciativas creadas en la comarca. En l\u00edneas generales, este plan ha tenido 3 l\u00edneas principales, la primera se ha dirigido a apoyar la creaci\u00f3n de nuevas iniciativas empresariales por parte [&hellip;]\" \/>\n<meta property=\"og:url\" content=\"https:\/\/iraurgiberritzen.eus\/es\/plan-de-promocion-economica-del-2015\/\" \/>\n<meta property=\"og:site_name\" content=\"Iraurgi Berritzen\" \/>\n<meta property=\"article:published_time\" content=\"2016-03-22T07:37:55+00:00\" \/>\n<meta name=\"author\" content=\"kudeatzailea\" \/>\n<meta name=\"twitter:card\" content=\"summary_large_image\" \/>\n<meta name=\"twitter:label1\" content=\"Escrito por\" \/>\n\t<meta name=\"twitter:data1\" content=\"kudeatzailea\" \/>\n\t<meta name=\"twitter:label2\" content=\"Tiempo de lectura\" \/>\n\t<meta name=\"twitter:data2\" content=\"1 minuto\" \/>\n<script type=\"application\/ld+json\" class=\"yoast-schema-graph\">{\"@context\":\"https:\\\/\\\/schema.org\",\"@graph\":[{\"@type\":\"Article\",\"@id\":\"https:\\\/\\\/iraurgiberritzen.eus\\\/es\\\/plan-de-promocion-economica-del-2015\\\/#article\",\"isPartOf\":{\"@id\":\"https:\\\/\\\/iraurgiberritzen.eus\\\/es\\\/plan-de-promocion-economica-del-2015\\\/\"},\"author\":{\"name\":\"kudeatzailea\",\"@id\":\"https:\\\/\\\/iraurgiberritzen.eus\\\/es\\\/#\\\/schema\\\/person\\\/5ab41aaf388a9097177601ebf45738d2\"},\"headline\":\"Plan de Promoci\u00f3n Econ\u00f3mica del 2015\",\"datePublished\":\"2016-03-22T07:37:55+00:00\",\"mainEntityOfPage\":{\"@id\":\"https:\\\/\\\/iraurgiberritzen.eus\\\/es\\\/plan-de-promocion-economica-del-2015\\\/\"},\"wordCount\":177,\"publisher\":{\"@id\":\"https:\\\/\\\/iraurgiberritzen.eus\\\/es\\\/#organization\"},\"image\":{\"@id\":\"https:\\\/\\\/iraurgiberritzen.eus\\\/es\\\/plan-de-promocion-economica-del-2015\\\/#primaryimage\"},\"thumbnailUrl\":\"https:\\\/\\\/iraurgiberritzen.eus\\\/wp-content\\\/uploads\\\/2023\\\/09\\\/c501a702ef05e90d163a1eeeb1633357.jpg\",\"articleSection\":[\"Noticias\"],\"inLanguage\":\"es\"},{\"@type\":\"WebPage\",\"@id\":\"https:\\\/\\\/iraurgiberritzen.eus\\\/es\\\/plan-de-promocion-economica-del-2015\\\/\",\"url\":\"https:\\\/\\\/iraurgiberritzen.eus\\\/es\\\/plan-de-promocion-economica-del-2015\\\/\",\"name\":\"Plan de Promoci\u00f3n Econ\u00f3mica del 2015 - Iraurgi Berritzen\",\"isPartOf\":{\"@id\":\"https:\\\/\\\/iraurgiberritzen.eus\\\/es\\\/#website\"},\"primaryImageOfPage\":{\"@id\":\"https:\\\/\\\/iraurgiberritzen.eus\\\/es\\\/plan-de-promocion-economica-del-2015\\\/#primaryimage\"},\"image\":{\"@id\":\"https:\\\/\\\/iraurgiberritzen.eus\\\/es\\\/plan-de-promocion-economica-del-2015\\\/#primaryimage\"},\"thumbnailUrl\":\"https:\\\/\\\/iraurgiberritzen.eus\\\/wp-content\\\/uploads\\\/2023\\\/09\\\/c501a702ef05e90d163a1eeeb1633357.jpg\",\"datePublished\":\"2016-03-22T07:37:55+00:00\",\"breadcrumb\":{\"@id\":\"https:\\\/\\\/iraurgiberritzen.eus\\\/es\\\/plan-de-promocion-economica-del-2015\\\/#breadcrumb\"},\"inLanguage\":\"es\",\"potentialAction\":[{\"@type\":\"ReadAction\",\"target\":[\"https:\\\/\\\/iraurgiberritzen.eus\\\/es\\\/plan-de-promocion-economica-del-2015\\\/\"]}]},{\"@type\":\"ImageObject\",\"inLanguage\":\"es\",\"@id\":\"https:\\\/\\\/iraurgiberritzen.eus\\\/es\\\/plan-de-promocion-economica-del-2015\\\/#primaryimage\",\"url\":\"https:\\\/\\\/iraurgiberritzen.eus\\\/wp-content\\\/uploads\\\/2023\\\/09\\\/c501a702ef05e90d163a1eeeb1633357.jpg\",\"contentUrl\":\"https:\\\/\\\/iraurgiberritzen.eus\\\/wp-content\\\/uploads\\\/2023\\\/09\\\/c501a702ef05e90d163a1eeeb1633357.jpg\",\"width\":600,\"height\":386},{\"@type\":\"BreadcrumbList\",\"@id\":\"https:\\\/\\\/iraurgiberritzen.eus\\\/es\\\/plan-de-promocion-economica-del-2015\\\/#breadcrumb\",\"itemListElement\":[{\"@type\":\"ListItem\",\"position\":1,\"name\":\"Home\",\"item\":\"https:\\\/\\\/iraurgiberritzen.eus\\\/es\\\/\"},{\"@type\":\"ListItem\",\"position\":2,\"name\":\"Plan de Promoci\u00f3n Econ\u00f3mica del 2015\"}]},{\"@type\":\"WebSite\",\"@id\":\"https:\\\/\\\/iraurgiberritzen.eus\\\/es\\\/#website\",\"url\":\"https:\\\/\\\/iraurgiberritzen.eus\\\/es\\\/\",\"name\":\"Iraurgi Berritzen\",\"description\":\"Urola Erdiko Garapen Agentzia\",\"publisher\":{\"@id\":\"https:\\\/\\\/iraurgiberritzen.eus\\\/es\\\/#organization\"},\"potentialAction\":[{\"@type\":\"SearchAction\",\"target\":{\"@type\":\"EntryPoint\",\"urlTemplate\":\"https:\\\/\\\/iraurgiberritzen.eus\\\/es\\\/?s={search_term_string}\"},\"query-input\":{\"@type\":\"PropertyValueSpecification\",\"valueRequired\":true,\"valueName\":\"search_term_string\"}}],\"inLanguage\":\"es\"},{\"@type\":\"Organization\",\"@id\":\"https:\\\/\\\/iraurgiberritzen.eus\\\/es\\\/#organization\",\"name\":\"Iraurgi Berritzen\",\"url\":\"https:\\\/\\\/iraurgiberritzen.eus\\\/es\\\/\",\"logo\":{\"@type\":\"ImageObject\",\"inLanguage\":\"es\",\"@id\":\"https:\\\/\\\/iraurgiberritzen.eus\\\/es\\\/#\\\/schema\\\/logo\\\/image\\\/\",\"url\":\"https:\\\/\\\/iraurgiberritzen.eus\\\/wp-content\\\/uploads\\\/2024\\\/02\\\/IRAURGI-BERRITZEN-logotipoa_2.png\",\"contentUrl\":\"https:\\\/\\\/iraurgiberritzen.eus\\\/wp-content\\\/uploads\\\/2024\\\/02\\\/IRAURGI-BERRITZEN-logotipoa_2.png\",\"width\":496,\"height\":190,\"caption\":\"Iraurgi Berritzen\"},\"image\":{\"@id\":\"https:\\\/\\\/iraurgiberritzen.eus\\\/es\\\/#\\\/schema\\\/logo\\\/image\\\/\"}},{\"@type\":\"Person\",\"@id\":\"https:\\\/\\\/iraurgiberritzen.eus\\\/es\\\/#\\\/schema\\\/person\\\/5ab41aaf388a9097177601ebf45738d2\",\"name\":\"kudeatzailea\",\"sameAs\":[\"https:\\\/\\\/iraurgiberritzen.eus\"]}]}<\/script>\n<!-- \/ Yoast SEO plugin. -->","yoast_head_json":{"title":"Plan de Promoci\u00f3n Econ\u00f3mica del 2015 - Iraurgi Berritzen","robots":{"index":"index","follow":"follow","max-snippet":"max-snippet:-1","max-image-preview":"max-image-preview:large","max-video-preview":"max-video-preview:-1"},"canonical":"https:\/\/iraurgiberritzen.eus\/es\/plan-de-promocion-economica-del-2015\/","og_locale":"es_ES","og_type":"article","og_title":"Plan de Promoci\u00f3n Econ\u00f3mica del 2015 - Iraurgi Berritzen","og_description":"El plan de promoci\u00f3n econ\u00f3mica tambi\u00e9n ha sido puesto en marcha el 2015. El objetivo de este plan, ha sido apoyar nuevas iniciativas empresariales e iniciativas creadas en la comarca. En l\u00edneas generales, este plan ha tenido 3 l\u00edneas principales, la primera se ha dirigido a apoyar la creaci\u00f3n de nuevas iniciativas empresariales por parte [&hellip;]","og_url":"https:\/\/iraurgiberritzen.eus\/es\/plan-de-promocion-economica-del-2015\/","og_site_name":"Iraurgi Berritzen","article_published_time":"2016-03-22T07:37:55+00:00","author":"kudeatzailea","twitter_card":"summary_large_image","twitter_misc":{"Escrito por":"kudeatzailea","Tiempo de lectura":"1 minuto"},"schema":{"@context":"https:\/\/schema.org","@graph":[{"@type":"Article","@id":"https:\/\/iraurgiberritzen.eus\/es\/plan-de-promocion-economica-del-2015\/#article","isPartOf":{"@id":"https:\/\/iraurgiberritzen.eus\/es\/plan-de-promocion-economica-del-2015\/"},"author":{"name":"kudeatzailea","@id":"https:\/\/iraurgiberritzen.eus\/es\/#\/schema\/person\/5ab41aaf388a9097177601ebf45738d2"},"headline":"Plan de Promoci\u00f3n Econ\u00f3mica del 2015","datePublished":"2016-03-22T07:37:55+00:00","mainEntityOfPage":{"@id":"https:\/\/iraurgiberritzen.eus\/es\/plan-de-promocion-economica-del-2015\/"},"wordCount":177,"publisher":{"@id":"https:\/\/iraurgiberritzen.eus\/es\/#organization"},"image":{"@id":"https:\/\/iraurgiberritzen.eus\/es\/plan-de-promocion-economica-del-2015\/#primaryimage"},"thumbnailUrl":"https:\/\/iraurgiberritzen.eus\/wp-content\/uploads\/2023\/09\/c501a702ef05e90d163a1eeeb1633357.jpg","articleSection":["Noticias"],"inLanguage":"es"},{"@type":"WebPage","@id":"https:\/\/iraurgiberritzen.eus\/es\/plan-de-promocion-economica-del-2015\/","url":"https:\/\/iraurgiberritzen.eus\/es\/plan-de-promocion-economica-del-2015\/","name":"Plan de Promoci\u00f3n Econ\u00f3mica del 2015 - Iraurgi Berritzen","isPartOf":{"@id":"https:\/\/iraurgiberritzen.eus\/es\/#website"},"primaryImageOfPage":{"@id":"https:\/\/iraurgiberritzen.eus\/es\/plan-de-promocion-economica-del-2015\/#primaryimage"},"image":{"@id":"https:\/\/iraurgiberritzen.eus\/es\/plan-de-promocion-economica-del-2015\/#primaryimage"},"thumbnailUrl":"https:\/\/iraurgiberritzen.eus\/wp-content\/uploads\/2023\/09\/c501a702ef05e90d163a1eeeb1633357.jpg","datePublished":"2016-03-22T07:37:55+00:00","breadcrumb":{"@id":"https:\/\/iraurgiberritzen.eus\/es\/plan-de-promocion-economica-del-2015\/#breadcrumb"},"inLanguage":"es","potentialAction":[{"@type":"ReadAction","target":["https:\/\/iraurgiberritzen.eus\/es\/plan-de-promocion-economica-del-2015\/"]}]},{"@type":"ImageObject","inLanguage":"es","@id":"https:\/\/iraurgiberritzen.eus\/es\/plan-de-promocion-economica-del-2015\/#primaryimage","url":"https:\/\/iraurgiberritzen.eus\/wp-content\/uploads\/2023\/09\/c501a702ef05e90d163a1eeeb1633357.jpg","contentUrl":"https:\/\/iraurgiberritzen.eus\/wp-content\/uploads\/2023\/09\/c501a702ef05e90d163a1eeeb1633357.jpg","width":600,"height":386},{"@type":"BreadcrumbList","@id":"https:\/\/iraurgiberritzen.eus\/es\/plan-de-promocion-economica-del-2015\/#breadcrumb","itemListElement":[{"@type":"ListItem","position":1,"name":"Home","item":"https:\/\/iraurgiberritzen.eus\/es\/"},{"@type":"ListItem","position":2,"name":"Plan de Promoci\u00f3n Econ\u00f3mica del 2015"}]},{"@type":"WebSite","@id":"https:\/\/iraurgiberritzen.eus\/es\/#website","url":"https:\/\/iraurgiberritzen.eus\/es\/","name":"Iraurgi Berritzen","description":"Urola Erdiko Garapen Agentzia","publisher":{"@id":"https:\/\/iraurgiberritzen.eus\/es\/#organization"},"potentialAction":[{"@type":"SearchAction","target":{"@type":"EntryPoint","urlTemplate":"https:\/\/iraurgiberritzen.eus\/es\/?s={search_term_string}"},"query-input":{"@type":"PropertyValueSpecification","valueRequired":true,"valueName":"search_term_string"}}],"inLanguage":"es"},{"@type":"Organization","@id":"https:\/\/iraurgiberritzen.eus\/es\/#organization","name":"Iraurgi Berritzen","url":"https:\/\/iraurgiberritzen.eus\/es\/","logo":{"@type":"ImageObject","inLanguage":"es","@id":"https:\/\/iraurgiberritzen.eus\/es\/#\/schema\/logo\/image\/","url":"https:\/\/iraurgiberritzen.eus\/wp-content\/uploads\/2024\/02\/IRAURGI-BERRITZEN-logotipoa_2.png","contentUrl":"https:\/\/iraurgiberritzen.eus\/wp-content\/uploads\/2024\/02\/IRAURGI-BERRITZEN-logotipoa_2.png","width":496,"height":190,"caption":"Iraurgi Berritzen"},"image":{"@id":"https:\/\/iraurgiberritzen.eus\/es\/#\/schema\/logo\/image\/"}},{"@type":"Person","@id":"https:\/\/iraurgiberritzen.eus\/es\/#\/schema\/person\/5ab41aaf388a9097177601ebf45738d2","name":"kudeatzailea","sameAs":["https:\/\/iraurgiberritzen.eus"]}]}},"_links":{"self":[{"href":"https:\/\/iraurgiberritzen.eus\/es\/wp-json\/wp\/v2\/posts\/11980","targetHints":{"allow":["GET"]}}],"collection":[{"href":"https:\/\/iraurgiberritzen.eus\/es\/wp-json\/wp\/v2\/posts"}],"about":[{"href":"https:\/\/iraurgiberritzen.eus\/es\/wp-json\/wp\/v2\/types\/post"}],"author":[{"embeddable":true,"href":"https:\/\/iraurgiberritzen.eus\/es\/wp-json\/wp\/v2\/users\/1"}],"replies":[{"embeddable":true,"href":"https:\/\/iraurgiberritzen.eus\/es\/wp-json\/wp\/v2\/comments?post=11980"}],"version-history":[{"count":0,"href":"https:\/\/iraurgiberritzen.eus\/es\/wp-json\/wp\/v2\/posts\/11980\/revisions"}],"wp:featuredmedia":[{"embeddable":true,"href":"https:\/\/iraurgiberritzen.eus\/es\/wp-json\/wp\/v2\/media\/17998"}],"wp:attachment":[{"href":"https:\/\/iraurgiberritzen.eus\/es\/wp-json\/wp\/v2\/media?parent=11980"}],"wp:term":[{"taxonomy":"category","embeddable":true,"href":"https:\/\/iraurgiberritzen.eus\/es\/wp-json\/wp\/v2\/categories?post=11980"},{"taxonomy":"post_tag","embeddable":true,"href":"https:\/\/iraurgiberritzen.eus\/es\/wp-json\/wp\/v2\/tags?post=11980"}],"curies":[{"name":"wp","href":"https:\/\/api.w.org\/{rel}","templated":true}]}}