{"id":11983,"date":"2016-03-23T08:43:57","date_gmt":"2016-03-23T06:43:57","guid":{"rendered":"https:\/\/iraurgiberritzen.eus\/programacion-y-robotica-en-los-centros-eduvativos-del-urola-erdia\/"},"modified":"2016-03-23T08:43:57","modified_gmt":"2016-03-23T06:43:57","slug":"programacion-y-robotica-en-los-centros-eduvativos-del-urola-erdia","status":"publish","type":"post","link":"https:\/\/iraurgiberritzen.eus\/es\/programacion-y-robotica-en-los-centros-eduvativos-del-urola-erdia\/","title":{"rendered":"Programaci\u00f3n y Rob\u00f3tica en los Centros Eduvativos del Urola Erdia"},"content":{"rendered":"<p style=\"text-align: justify;\"><span style=\"font-family: Arial;\">La mesa de los centros formativos de la red de agentes de Iraurgi Berritzen, compuesta por 5 centros, han trabajado la programaci\u00f3n y la rob\u00f3tica durante enero y febrero. Para ello, han contado con la ayuda del proyecto Jolastek.<\/span><\/p>\n<p style=\"text-align: justify;\">Durante el \u00faltimo curso, en la reuniones que se realizaron con los profesores de tecnolog\u00eda de los distintos centros formativos, se identificaron notables dificultades a la hora de implementar nuevas tecnolog\u00edas en clase. Con el objetivo de resolver las dificultades identificadas el \u00faltimo curso, se organiz\u00f3 una reuni\u00f3n con los responsables de la asignatura de la tecnolog\u00eda en el Palacio Itsausti bajo la direcci\u00f3n de Iraurgi Berritzen. En ella, los profesores de los distintos centros formativos identificaron las siguientes dificultades: En primer lugar, desde una perspectiva de corto plazo, se identificaron notables dificultades para aplicar la programaci\u00f3n o la rob\u00f3tica en las aulas. En segundo lugar, desde una perspectiva a largo plazo, se identific\u00f3 la necesidad de trabajar las nuevas tecnolog\u00edas con nuevas metodolog\u00edas de ense\u00f1anza e insertarlas en el curr\u00edculo escolar.<\/p>\n<p style=\"text-align: justify;\">Con el objetivo de satisfacer la primera necesidad identificada, en colaboraci\u00f3n con el proyecto Jolastek, en el mes de febrero se organizaron dos jornadas de formaci\u00f3n sobre programaci\u00f3n y rob\u00f3tica dirigidas a los profesores de los centros. Estas dos jornadas, permitieron a los profesores interiorizar los conceptos b\u00e1sicos de la programaci\u00f3n y la rob\u00f3tica. Una vez interiorizados los conceptos b\u00e1sicos de estas tecnolog\u00edas, Iraurgi Berritzen en colaboraci\u00f3n con el proyecto Jolastek, tratar\u00e1 de ayudar a los centros formativos en la aplicaci\u00f3n de estas tecnolog\u00edas seg\u00fan los objetivos propuestos por cada uno de los centros formativos.<\/p>\n<p style=\"text-align: justify;\">Adem\u00e1s, la mesa de los centros formativos, con el objetivo de satisfacer la segunda necesidad identificada en la reuni\u00f3n mantenida con los profesores de tecnolog\u00eda, de cara a los pr\u00f3ximos cursos escolares, est\u00e1 estudiando distintas f\u00f3rmulas para facilitar la aplicaci\u00f3n de las nuevas tecnolog\u00edas con nuevas metodolog\u00edas de ense\u00f1anza en el curr\u00edculo escolar.<\/p>\n<p style=\"text-align: justify;\">Por \u00faltimo, cabe destacar que la mesa de los centros formativos sigue desarrollando otros proyectos como pueden ser la tercera edici\u00f3n de \u00abElkarrekin Eraikitzen\u00bb, el proyecto de las TIC o la iniciativa emprendida con el objetivo de tratar el tema de las redes sociales en la comarca.<\/p>\n","protected":false},"excerpt":{"rendered":"<p>La mesa de los centros formativos de la red de agentes de Iraurgi Berritzen, compuesta por 5 centros, han trabajado la programaci\u00f3n y la rob\u00f3tica durante enero y febrero. Para ello, han contado con la ayuda del proyecto Jolastek. Durante el \u00faltimo curso, en la reuniones que se realizaron con los profesores de tecnolog\u00eda de [&hellip;]<\/p>\n","protected":false},"author":1,"featured_media":17999,"comment_status":"","ping_status":"closed","sticky":false,"template":"","format":"standard","meta":{"_acf_changed":false,"footnotes":""},"categories":[4],"tags":[],"class_list":["post-11983","post","type-post","status-publish","format-standard","has-post-thumbnail","hentry","category-noticias"],"acf":[],"yoast_head":"<!-- This site is optimized with the Yoast SEO plugin v27.4 - https:\/\/yoast.com\/product\/yoast-seo-wordpress\/ -->\n<title>Programaci\u00f3n y Rob\u00f3tica en los Centros Eduvativos del Urola Erdia - Iraurgi Berritzen<\/title>\n<meta name=\"robots\" content=\"index, follow, max-snippet:-1, max-image-preview:large, max-video-preview:-1\" \/>\n<link rel=\"canonical\" href=\"https:\/\/iraurgiberritzen.eus\/es\/programacion-y-robotica-en-los-centros-eduvativos-del-urola-erdia\/\" \/>\n<meta property=\"og:locale\" content=\"es_ES\" \/>\n<meta property=\"og:type\" content=\"article\" \/>\n<meta property=\"og:title\" content=\"Programaci\u00f3n y Rob\u00f3tica en los Centros Eduvativos del Urola Erdia - Iraurgi Berritzen\" \/>\n<meta property=\"og:description\" content=\"La mesa de los centros formativos de la red de agentes de Iraurgi Berritzen, compuesta por 5 centros, han trabajado la programaci\u00f3n y la rob\u00f3tica durante enero y febrero. Para ello, han contado con la ayuda del proyecto Jolastek. Durante el \u00faltimo curso, en la reuniones que se realizaron con los profesores de tecnolog\u00eda de [&hellip;]\" \/>\n<meta property=\"og:url\" content=\"https:\/\/iraurgiberritzen.eus\/es\/programacion-y-robotica-en-los-centros-eduvativos-del-urola-erdia\/\" \/>\n<meta property=\"og:site_name\" content=\"Iraurgi Berritzen\" \/>\n<meta property=\"article:published_time\" content=\"2016-03-23T06:43:57+00:00\" \/>\n<meta name=\"author\" content=\"kudeatzailea\" \/>\n<meta name=\"twitter:card\" content=\"summary_large_image\" \/>\n<meta name=\"twitter:label1\" content=\"Escrito por\" \/>\n\t<meta name=\"twitter:data1\" content=\"kudeatzailea\" \/>\n\t<meta name=\"twitter:label2\" content=\"Tiempo de lectura\" \/>\n\t<meta name=\"twitter:data2\" content=\"2 minutos\" \/>\n<script type=\"application\/ld+json\" class=\"yoast-schema-graph\">{\"@context\":\"https:\\\/\\\/schema.org\",\"@graph\":[{\"@type\":\"Article\",\"@id\":\"https:\\\/\\\/iraurgiberritzen.eus\\\/es\\\/programacion-y-robotica-en-los-centros-eduvativos-del-urola-erdia\\\/#article\",\"isPartOf\":{\"@id\":\"https:\\\/\\\/iraurgiberritzen.eus\\\/es\\\/programacion-y-robotica-en-los-centros-eduvativos-del-urola-erdia\\\/\"},\"author\":{\"name\":\"kudeatzailea\",\"@id\":\"https:\\\/\\\/iraurgiberritzen.eus\\\/es\\\/#\\\/schema\\\/person\\\/5ab41aaf388a9097177601ebf45738d2\"},\"headline\":\"Programaci\u00f3n y Rob\u00f3tica en los Centros Eduvativos del Urola Erdia\",\"datePublished\":\"2016-03-23T06:43:57+00:00\",\"mainEntityOfPage\":{\"@id\":\"https:\\\/\\\/iraurgiberritzen.eus\\\/es\\\/programacion-y-robotica-en-los-centros-eduvativos-del-urola-erdia\\\/\"},\"wordCount\":414,\"publisher\":{\"@id\":\"https:\\\/\\\/iraurgiberritzen.eus\\\/es\\\/#organization\"},\"image\":{\"@id\":\"https:\\\/\\\/iraurgiberritzen.eus\\\/es\\\/programacion-y-robotica-en-los-centros-eduvativos-del-urola-erdia\\\/#primaryimage\"},\"thumbnailUrl\":\"https:\\\/\\\/iraurgiberritzen.eus\\\/wp-content\\\/uploads\\\/2023\\\/09\\\/9aa91352e792f145830c61b99571c730.jpg\",\"articleSection\":[\"Noticias\"],\"inLanguage\":\"es\"},{\"@type\":\"WebPage\",\"@id\":\"https:\\\/\\\/iraurgiberritzen.eus\\\/es\\\/programacion-y-robotica-en-los-centros-eduvativos-del-urola-erdia\\\/\",\"url\":\"https:\\\/\\\/iraurgiberritzen.eus\\\/es\\\/programacion-y-robotica-en-los-centros-eduvativos-del-urola-erdia\\\/\",\"name\":\"Programaci\u00f3n y Rob\u00f3tica en los Centros Eduvativos del Urola Erdia - Iraurgi Berritzen\",\"isPartOf\":{\"@id\":\"https:\\\/\\\/iraurgiberritzen.eus\\\/es\\\/#website\"},\"primaryImageOfPage\":{\"@id\":\"https:\\\/\\\/iraurgiberritzen.eus\\\/es\\\/programacion-y-robotica-en-los-centros-eduvativos-del-urola-erdia\\\/#primaryimage\"},\"image\":{\"@id\":\"https:\\\/\\\/iraurgiberritzen.eus\\\/es\\\/programacion-y-robotica-en-los-centros-eduvativos-del-urola-erdia\\\/#primaryimage\"},\"thumbnailUrl\":\"https:\\\/\\\/iraurgiberritzen.eus\\\/wp-content\\\/uploads\\\/2023\\\/09\\\/9aa91352e792f145830c61b99571c730.jpg\",\"datePublished\":\"2016-03-23T06:43:57+00:00\",\"breadcrumb\":{\"@id\":\"https:\\\/\\\/iraurgiberritzen.eus\\\/es\\\/programacion-y-robotica-en-los-centros-eduvativos-del-urola-erdia\\\/#breadcrumb\"},\"inLanguage\":\"es\",\"potentialAction\":[{\"@type\":\"ReadAction\",\"target\":[\"https:\\\/\\\/iraurgiberritzen.eus\\\/es\\\/programacion-y-robotica-en-los-centros-eduvativos-del-urola-erdia\\\/\"]}]},{\"@type\":\"ImageObject\",\"inLanguage\":\"es\",\"@id\":\"https:\\\/\\\/iraurgiberritzen.eus\\\/es\\\/programacion-y-robotica-en-los-centros-eduvativos-del-urola-erdia\\\/#primaryimage\",\"url\":\"https:\\\/\\\/iraurgiberritzen.eus\\\/wp-content\\\/uploads\\\/2023\\\/09\\\/9aa91352e792f145830c61b99571c730.jpg\",\"contentUrl\":\"https:\\\/\\\/iraurgiberritzen.eus\\\/wp-content\\\/uploads\\\/2023\\\/09\\\/9aa91352e792f145830c61b99571c730.jpg\",\"width\":600,\"height\":386},{\"@type\":\"BreadcrumbList\",\"@id\":\"https:\\\/\\\/iraurgiberritzen.eus\\\/es\\\/programacion-y-robotica-en-los-centros-eduvativos-del-urola-erdia\\\/#breadcrumb\",\"itemListElement\":[{\"@type\":\"ListItem\",\"position\":1,\"name\":\"Home\",\"item\":\"https:\\\/\\\/iraurgiberritzen.eus\\\/es\\\/\"},{\"@type\":\"ListItem\",\"position\":2,\"name\":\"Programaci\u00f3n y Rob\u00f3tica en los Centros Eduvativos del Urola Erdia\"}]},{\"@type\":\"WebSite\",\"@id\":\"https:\\\/\\\/iraurgiberritzen.eus\\\/es\\\/#website\",\"url\":\"https:\\\/\\\/iraurgiberritzen.eus\\\/es\\\/\",\"name\":\"Iraurgi Berritzen\",\"description\":\"Urola Erdiko Garapen Agentzia\",\"publisher\":{\"@id\":\"https:\\\/\\\/iraurgiberritzen.eus\\\/es\\\/#organization\"},\"potentialAction\":[{\"@type\":\"SearchAction\",\"target\":{\"@type\":\"EntryPoint\",\"urlTemplate\":\"https:\\\/\\\/iraurgiberritzen.eus\\\/es\\\/?s={search_term_string}\"},\"query-input\":{\"@type\":\"PropertyValueSpecification\",\"valueRequired\":true,\"valueName\":\"search_term_string\"}}],\"inLanguage\":\"es\"},{\"@type\":\"Organization\",\"@id\":\"https:\\\/\\\/iraurgiberritzen.eus\\\/es\\\/#organization\",\"name\":\"Iraurgi Berritzen\",\"url\":\"https:\\\/\\\/iraurgiberritzen.eus\\\/es\\\/\",\"logo\":{\"@type\":\"ImageObject\",\"inLanguage\":\"es\",\"@id\":\"https:\\\/\\\/iraurgiberritzen.eus\\\/es\\\/#\\\/schema\\\/logo\\\/image\\\/\",\"url\":\"https:\\\/\\\/iraurgiberritzen.eus\\\/wp-content\\\/uploads\\\/2024\\\/02\\\/IRAURGI-BERRITZEN-logotipoa_2.png\",\"contentUrl\":\"https:\\\/\\\/iraurgiberritzen.eus\\\/wp-content\\\/uploads\\\/2024\\\/02\\\/IRAURGI-BERRITZEN-logotipoa_2.png\",\"width\":496,\"height\":190,\"caption\":\"Iraurgi Berritzen\"},\"image\":{\"@id\":\"https:\\\/\\\/iraurgiberritzen.eus\\\/es\\\/#\\\/schema\\\/logo\\\/image\\\/\"}},{\"@type\":\"Person\",\"@id\":\"https:\\\/\\\/iraurgiberritzen.eus\\\/es\\\/#\\\/schema\\\/person\\\/5ab41aaf388a9097177601ebf45738d2\",\"name\":\"kudeatzailea\",\"sameAs\":[\"https:\\\/\\\/iraurgiberritzen.eus\"]}]}<\/script>\n<!-- \/ Yoast SEO plugin. -->","yoast_head_json":{"title":"Programaci\u00f3n y Rob\u00f3tica en los Centros Eduvativos del Urola Erdia - Iraurgi Berritzen","robots":{"index":"index","follow":"follow","max-snippet":"max-snippet:-1","max-image-preview":"max-image-preview:large","max-video-preview":"max-video-preview:-1"},"canonical":"https:\/\/iraurgiberritzen.eus\/es\/programacion-y-robotica-en-los-centros-eduvativos-del-urola-erdia\/","og_locale":"es_ES","og_type":"article","og_title":"Programaci\u00f3n y Rob\u00f3tica en los Centros Eduvativos del Urola Erdia - Iraurgi Berritzen","og_description":"La mesa de los centros formativos de la red de agentes de Iraurgi Berritzen, compuesta por 5 centros, han trabajado la programaci\u00f3n y la rob\u00f3tica durante enero y febrero. Para ello, han contado con la ayuda del proyecto Jolastek. Durante el \u00faltimo curso, en la reuniones que se realizaron con los profesores de tecnolog\u00eda de [&hellip;]","og_url":"https:\/\/iraurgiberritzen.eus\/es\/programacion-y-robotica-en-los-centros-eduvativos-del-urola-erdia\/","og_site_name":"Iraurgi Berritzen","article_published_time":"2016-03-23T06:43:57+00:00","author":"kudeatzailea","twitter_card":"summary_large_image","twitter_misc":{"Escrito por":"kudeatzailea","Tiempo de lectura":"2 minutos"},"schema":{"@context":"https:\/\/schema.org","@graph":[{"@type":"Article","@id":"https:\/\/iraurgiberritzen.eus\/es\/programacion-y-robotica-en-los-centros-eduvativos-del-urola-erdia\/#article","isPartOf":{"@id":"https:\/\/iraurgiberritzen.eus\/es\/programacion-y-robotica-en-los-centros-eduvativos-del-urola-erdia\/"},"author":{"name":"kudeatzailea","@id":"https:\/\/iraurgiberritzen.eus\/es\/#\/schema\/person\/5ab41aaf388a9097177601ebf45738d2"},"headline":"Programaci\u00f3n y Rob\u00f3tica en los Centros Eduvativos del Urola Erdia","datePublished":"2016-03-23T06:43:57+00:00","mainEntityOfPage":{"@id":"https:\/\/iraurgiberritzen.eus\/es\/programacion-y-robotica-en-los-centros-eduvativos-del-urola-erdia\/"},"wordCount":414,"publisher":{"@id":"https:\/\/iraurgiberritzen.eus\/es\/#organization"},"image":{"@id":"https:\/\/iraurgiberritzen.eus\/es\/programacion-y-robotica-en-los-centros-eduvativos-del-urola-erdia\/#primaryimage"},"thumbnailUrl":"https:\/\/iraurgiberritzen.eus\/wp-content\/uploads\/2023\/09\/9aa91352e792f145830c61b99571c730.jpg","articleSection":["Noticias"],"inLanguage":"es"},{"@type":"WebPage","@id":"https:\/\/iraurgiberritzen.eus\/es\/programacion-y-robotica-en-los-centros-eduvativos-del-urola-erdia\/","url":"https:\/\/iraurgiberritzen.eus\/es\/programacion-y-robotica-en-los-centros-eduvativos-del-urola-erdia\/","name":"Programaci\u00f3n y Rob\u00f3tica en los Centros Eduvativos del Urola Erdia - Iraurgi Berritzen","isPartOf":{"@id":"https:\/\/iraurgiberritzen.eus\/es\/#website"},"primaryImageOfPage":{"@id":"https:\/\/iraurgiberritzen.eus\/es\/programacion-y-robotica-en-los-centros-eduvativos-del-urola-erdia\/#primaryimage"},"image":{"@id":"https:\/\/iraurgiberritzen.eus\/es\/programacion-y-robotica-en-los-centros-eduvativos-del-urola-erdia\/#primaryimage"},"thumbnailUrl":"https:\/\/iraurgiberritzen.eus\/wp-content\/uploads\/2023\/09\/9aa91352e792f145830c61b99571c730.jpg","datePublished":"2016-03-23T06:43:57+00:00","breadcrumb":{"@id":"https:\/\/iraurgiberritzen.eus\/es\/programacion-y-robotica-en-los-centros-eduvativos-del-urola-erdia\/#breadcrumb"},"inLanguage":"es","potentialAction":[{"@type":"ReadAction","target":["https:\/\/iraurgiberritzen.eus\/es\/programacion-y-robotica-en-los-centros-eduvativos-del-urola-erdia\/"]}]},{"@type":"ImageObject","inLanguage":"es","@id":"https:\/\/iraurgiberritzen.eus\/es\/programacion-y-robotica-en-los-centros-eduvativos-del-urola-erdia\/#primaryimage","url":"https:\/\/iraurgiberritzen.eus\/wp-content\/uploads\/2023\/09\/9aa91352e792f145830c61b99571c730.jpg","contentUrl":"https:\/\/iraurgiberritzen.eus\/wp-content\/uploads\/2023\/09\/9aa91352e792f145830c61b99571c730.jpg","width":600,"height":386},{"@type":"BreadcrumbList","@id":"https:\/\/iraurgiberritzen.eus\/es\/programacion-y-robotica-en-los-centros-eduvativos-del-urola-erdia\/#breadcrumb","itemListElement":[{"@type":"ListItem","position":1,"name":"Home","item":"https:\/\/iraurgiberritzen.eus\/es\/"},{"@type":"ListItem","position":2,"name":"Programaci\u00f3n y Rob\u00f3tica en los Centros Eduvativos del Urola Erdia"}]},{"@type":"WebSite","@id":"https:\/\/iraurgiberritzen.eus\/es\/#website","url":"https:\/\/iraurgiberritzen.eus\/es\/","name":"Iraurgi Berritzen","description":"Urola Erdiko Garapen Agentzia","publisher":{"@id":"https:\/\/iraurgiberritzen.eus\/es\/#organization"},"potentialAction":[{"@type":"SearchAction","target":{"@type":"EntryPoint","urlTemplate":"https:\/\/iraurgiberritzen.eus\/es\/?s={search_term_string}"},"query-input":{"@type":"PropertyValueSpecification","valueRequired":true,"valueName":"search_term_string"}}],"inLanguage":"es"},{"@type":"Organization","@id":"https:\/\/iraurgiberritzen.eus\/es\/#organization","name":"Iraurgi Berritzen","url":"https:\/\/iraurgiberritzen.eus\/es\/","logo":{"@type":"ImageObject","inLanguage":"es","@id":"https:\/\/iraurgiberritzen.eus\/es\/#\/schema\/logo\/image\/","url":"https:\/\/iraurgiberritzen.eus\/wp-content\/uploads\/2024\/02\/IRAURGI-BERRITZEN-logotipoa_2.png","contentUrl":"https:\/\/iraurgiberritzen.eus\/wp-content\/uploads\/2024\/02\/IRAURGI-BERRITZEN-logotipoa_2.png","width":496,"height":190,"caption":"Iraurgi Berritzen"},"image":{"@id":"https:\/\/iraurgiberritzen.eus\/es\/#\/schema\/logo\/image\/"}},{"@type":"Person","@id":"https:\/\/iraurgiberritzen.eus\/es\/#\/schema\/person\/5ab41aaf388a9097177601ebf45738d2","name":"kudeatzailea","sameAs":["https:\/\/iraurgiberritzen.eus"]}]}},"_links":{"self":[{"href":"https:\/\/iraurgiberritzen.eus\/es\/wp-json\/wp\/v2\/posts\/11983","targetHints":{"allow":["GET"]}}],"collection":[{"href":"https:\/\/iraurgiberritzen.eus\/es\/wp-json\/wp\/v2\/posts"}],"about":[{"href":"https:\/\/iraurgiberritzen.eus\/es\/wp-json\/wp\/v2\/types\/post"}],"author":[{"embeddable":true,"href":"https:\/\/iraurgiberritzen.eus\/es\/wp-json\/wp\/v2\/users\/1"}],"replies":[{"embeddable":true,"href":"https:\/\/iraurgiberritzen.eus\/es\/wp-json\/wp\/v2\/comments?post=11983"}],"version-history":[{"count":0,"href":"https:\/\/iraurgiberritzen.eus\/es\/wp-json\/wp\/v2\/posts\/11983\/revisions"}],"wp:featuredmedia":[{"embeddable":true,"href":"https:\/\/iraurgiberritzen.eus\/es\/wp-json\/wp\/v2\/media\/17999"}],"wp:attachment":[{"href":"https:\/\/iraurgiberritzen.eus\/es\/wp-json\/wp\/v2\/media?parent=11983"}],"wp:term":[{"taxonomy":"category","embeddable":true,"href":"https:\/\/iraurgiberritzen.eus\/es\/wp-json\/wp\/v2\/categories?post=11983"},{"taxonomy":"post_tag","embeddable":true,"href":"https:\/\/iraurgiberritzen.eus\/es\/wp-json\/wp\/v2\/tags?post=11983"}],"curies":[{"name":"wp","href":"https:\/\/api.w.org\/{rel}","templated":true}]}}