{"id":11986,"date":"2016-03-23T10:11:36","date_gmt":"2016-03-23T08:11:36","guid":{"rendered":"https:\/\/iraurgiberritzen.eus\/i-reunion-de-municipios-del-camino-ignaciano-de-euskadi-azpeitia-3-de-marzo-de-2016\/"},"modified":"2016-03-23T10:11:36","modified_gmt":"2016-03-23T08:11:36","slug":"i-reunion-de-municipios-del-camino-ignaciano-de-euskadi-azpeitia-3-de-marzo-de-2016","status":"publish","type":"post","link":"https:\/\/iraurgiberritzen.eus\/es\/i-reunion-de-municipios-del-camino-ignaciano-de-euskadi-azpeitia-3-de-marzo-de-2016\/","title":{"rendered":"I Reuni\u00f3n de Municipios del Camino Ignaciano de Euskadi, Azpeitia 3 de Marzo de 2016"},"content":{"rendered":"<p style=\"background: white none repeat scroll 0% 0%;\"><span style=\"font-family: Arial; color: #222222;\">El de marzo de 2016, los Alcaldes de los municipios por d\u00f3nde discurre el Camino Ignaciano en Euskadi, junto a instituciones como el Gobierno Vasco, Diputaciones Forales de \u00c1lava y Gipuzkoa y el Alcalde de Manresa, celebraron una reuni\u00f3n en el sal\u00f3n de plenos del Ayuntamiento de Azpeitia.<\/span><\/p>\n<p style=\"text-align: justify;\">El objetivo de esta reuni\u00f3n era analizar la viabilidad de la creaci\u00f3n de una red de municipios del Camino Ignaciano en Euskadi para el desarrollo, dinamizaci\u00f3n y promoci\u00f3n del mismo en el \u00e1mbito de la actividad tur\u00edstica como complemento a la labor que las instituciones p\u00fablicas est\u00e1n ya realizando al respecto.<\/p>\n<p style=\"text-align: justify;\">Tras dos horas de debate y reflexi\u00f3n, la opini\u00f3n de que hay potencial y mimbres suficientes para la creaci\u00f3n de dicha red fue un\u00e1nime, por lo que se decidi\u00f3 crear una comisi\u00f3n cuya labor ser\u00e1 la de identificar tanto las funciones como las l\u00edneas de actuaci\u00f3n de dicha red. Esta comisi\u00f3n liderada por el Alcalde de Azpeitia, la forman los ayuntamientos de Zumarraga, O\u00f1ati, Zalduondo, Santa Cruz de Campezo y Laguardia. La primera reuni\u00f3n de esta comisi\u00f3n se celebrar\u00e1 en Laguardia la primera quincena de Junio, en una fecha a\u00fan a concretar.<\/p>\n","protected":false},"excerpt":{"rendered":"<p>El de marzo de 2016, los Alcaldes de los municipios por d\u00f3nde discurre el Camino Ignaciano en Euskadi, junto a instituciones como el Gobierno Vasco, Diputaciones Forales de \u00c1lava y Gipuzkoa y el Alcalde de Manresa, celebraron una reuni\u00f3n en el sal\u00f3n de plenos del Ayuntamiento de Azpeitia. El objetivo de esta reuni\u00f3n era analizar [&hellip;]<\/p>\n","protected":false},"author":1,"featured_media":18000,"comment_status":"","ping_status":"closed","sticky":false,"template":"","format":"standard","meta":{"_acf_changed":false,"footnotes":""},"categories":[4],"tags":[],"class_list":["post-11986","post","type-post","status-publish","format-standard","has-post-thumbnail","hentry","category-noticias"],"acf":[],"yoast_head":"<!-- This site is optimized with the Yoast SEO plugin v27.4 - https:\/\/yoast.com\/product\/yoast-seo-wordpress\/ -->\n<title>I Reuni\u00f3n de Municipios del Camino Ignaciano de Euskadi, Azpeitia 3 de Marzo de 2016 - Iraurgi Berritzen<\/title>\n<meta name=\"robots\" content=\"index, follow, max-snippet:-1, max-image-preview:large, max-video-preview:-1\" \/>\n<link rel=\"canonical\" href=\"https:\/\/iraurgiberritzen.eus\/es\/i-reunion-de-municipios-del-camino-ignaciano-de-euskadi-azpeitia-3-de-marzo-de-2016\/\" \/>\n<meta property=\"og:locale\" content=\"es_ES\" \/>\n<meta property=\"og:type\" content=\"article\" \/>\n<meta property=\"og:title\" content=\"I Reuni\u00f3n de Municipios del Camino Ignaciano de Euskadi, Azpeitia 3 de Marzo de 2016 - Iraurgi Berritzen\" \/>\n<meta property=\"og:description\" content=\"El de marzo de 2016, los Alcaldes de los municipios por d\u00f3nde discurre el Camino Ignaciano en Euskadi, junto a instituciones como el Gobierno Vasco, Diputaciones Forales de \u00c1lava y Gipuzkoa y el Alcalde de Manresa, celebraron una reuni\u00f3n en el sal\u00f3n de plenos del Ayuntamiento de Azpeitia. El objetivo de esta reuni\u00f3n era analizar [&hellip;]\" \/>\n<meta property=\"og:url\" content=\"https:\/\/iraurgiberritzen.eus\/es\/i-reunion-de-municipios-del-camino-ignaciano-de-euskadi-azpeitia-3-de-marzo-de-2016\/\" \/>\n<meta property=\"og:site_name\" content=\"Iraurgi Berritzen\" \/>\n<meta property=\"article:published_time\" content=\"2016-03-23T08:11:36+00:00\" \/>\n<meta name=\"author\" content=\"kudeatzailea\" \/>\n<meta name=\"twitter:card\" content=\"summary_large_image\" \/>\n<meta name=\"twitter:label1\" content=\"Escrito por\" \/>\n\t<meta name=\"twitter:data1\" content=\"kudeatzailea\" \/>\n\t<meta name=\"twitter:label2\" content=\"Tiempo de lectura\" \/>\n\t<meta name=\"twitter:data2\" content=\"1 minuto\" \/>\n<script type=\"application\/ld+json\" class=\"yoast-schema-graph\">{\"@context\":\"https:\\\/\\\/schema.org\",\"@graph\":[{\"@type\":\"Article\",\"@id\":\"https:\\\/\\\/iraurgiberritzen.eus\\\/es\\\/i-reunion-de-municipios-del-camino-ignaciano-de-euskadi-azpeitia-3-de-marzo-de-2016\\\/#article\",\"isPartOf\":{\"@id\":\"https:\\\/\\\/iraurgiberritzen.eus\\\/es\\\/i-reunion-de-municipios-del-camino-ignaciano-de-euskadi-azpeitia-3-de-marzo-de-2016\\\/\"},\"author\":{\"name\":\"kudeatzailea\",\"@id\":\"https:\\\/\\\/iraurgiberritzen.eus\\\/es\\\/#\\\/schema\\\/person\\\/5ab41aaf388a9097177601ebf45738d2\"},\"headline\":\"I Reuni\u00f3n de Municipios del Camino Ignaciano de Euskadi, Azpeitia 3 de Marzo de 2016\",\"datePublished\":\"2016-03-23T08:11:36+00:00\",\"mainEntityOfPage\":{\"@id\":\"https:\\\/\\\/iraurgiberritzen.eus\\\/es\\\/i-reunion-de-municipios-del-camino-ignaciano-de-euskadi-azpeitia-3-de-marzo-de-2016\\\/\"},\"wordCount\":226,\"publisher\":{\"@id\":\"https:\\\/\\\/iraurgiberritzen.eus\\\/es\\\/#organization\"},\"image\":{\"@id\":\"https:\\\/\\\/iraurgiberritzen.eus\\\/es\\\/i-reunion-de-municipios-del-camino-ignaciano-de-euskadi-azpeitia-3-de-marzo-de-2016\\\/#primaryimage\"},\"thumbnailUrl\":\"https:\\\/\\\/iraurgiberritzen.eus\\\/wp-content\\\/uploads\\\/2023\\\/09\\\/072519f74a95ea36f571d1e83f1c23bd.jpg\",\"articleSection\":[\"Noticias\"],\"inLanguage\":\"es\"},{\"@type\":\"WebPage\",\"@id\":\"https:\\\/\\\/iraurgiberritzen.eus\\\/es\\\/i-reunion-de-municipios-del-camino-ignaciano-de-euskadi-azpeitia-3-de-marzo-de-2016\\\/\",\"url\":\"https:\\\/\\\/iraurgiberritzen.eus\\\/es\\\/i-reunion-de-municipios-del-camino-ignaciano-de-euskadi-azpeitia-3-de-marzo-de-2016\\\/\",\"name\":\"I Reuni\u00f3n de Municipios del Camino Ignaciano de Euskadi, Azpeitia 3 de Marzo de 2016 - Iraurgi Berritzen\",\"isPartOf\":{\"@id\":\"https:\\\/\\\/iraurgiberritzen.eus\\\/es\\\/#website\"},\"primaryImageOfPage\":{\"@id\":\"https:\\\/\\\/iraurgiberritzen.eus\\\/es\\\/i-reunion-de-municipios-del-camino-ignaciano-de-euskadi-azpeitia-3-de-marzo-de-2016\\\/#primaryimage\"},\"image\":{\"@id\":\"https:\\\/\\\/iraurgiberritzen.eus\\\/es\\\/i-reunion-de-municipios-del-camino-ignaciano-de-euskadi-azpeitia-3-de-marzo-de-2016\\\/#primaryimage\"},\"thumbnailUrl\":\"https:\\\/\\\/iraurgiberritzen.eus\\\/wp-content\\\/uploads\\\/2023\\\/09\\\/072519f74a95ea36f571d1e83f1c23bd.jpg\",\"datePublished\":\"2016-03-23T08:11:36+00:00\",\"breadcrumb\":{\"@id\":\"https:\\\/\\\/iraurgiberritzen.eus\\\/es\\\/i-reunion-de-municipios-del-camino-ignaciano-de-euskadi-azpeitia-3-de-marzo-de-2016\\\/#breadcrumb\"},\"inLanguage\":\"es\",\"potentialAction\":[{\"@type\":\"ReadAction\",\"target\":[\"https:\\\/\\\/iraurgiberritzen.eus\\\/es\\\/i-reunion-de-municipios-del-camino-ignaciano-de-euskadi-azpeitia-3-de-marzo-de-2016\\\/\"]}]},{\"@type\":\"ImageObject\",\"inLanguage\":\"es\",\"@id\":\"https:\\\/\\\/iraurgiberritzen.eus\\\/es\\\/i-reunion-de-municipios-del-camino-ignaciano-de-euskadi-azpeitia-3-de-marzo-de-2016\\\/#primaryimage\",\"url\":\"https:\\\/\\\/iraurgiberritzen.eus\\\/wp-content\\\/uploads\\\/2023\\\/09\\\/072519f74a95ea36f571d1e83f1c23bd.jpg\",\"contentUrl\":\"https:\\\/\\\/iraurgiberritzen.eus\\\/wp-content\\\/uploads\\\/2023\\\/09\\\/072519f74a95ea36f571d1e83f1c23bd.jpg\",\"width\":600,\"height\":386},{\"@type\":\"BreadcrumbList\",\"@id\":\"https:\\\/\\\/iraurgiberritzen.eus\\\/es\\\/i-reunion-de-municipios-del-camino-ignaciano-de-euskadi-azpeitia-3-de-marzo-de-2016\\\/#breadcrumb\",\"itemListElement\":[{\"@type\":\"ListItem\",\"position\":1,\"name\":\"Home\",\"item\":\"https:\\\/\\\/iraurgiberritzen.eus\\\/es\\\/\"},{\"@type\":\"ListItem\",\"position\":2,\"name\":\"I Reuni\u00f3n de Municipios del Camino Ignaciano de Euskadi, Azpeitia 3 de Marzo de 2016\"}]},{\"@type\":\"WebSite\",\"@id\":\"https:\\\/\\\/iraurgiberritzen.eus\\\/es\\\/#website\",\"url\":\"https:\\\/\\\/iraurgiberritzen.eus\\\/es\\\/\",\"name\":\"Iraurgi Berritzen\",\"description\":\"Urola Erdiko Garapen Agentzia\",\"publisher\":{\"@id\":\"https:\\\/\\\/iraurgiberritzen.eus\\\/es\\\/#organization\"},\"potentialAction\":[{\"@type\":\"SearchAction\",\"target\":{\"@type\":\"EntryPoint\",\"urlTemplate\":\"https:\\\/\\\/iraurgiberritzen.eus\\\/es\\\/?s={search_term_string}\"},\"query-input\":{\"@type\":\"PropertyValueSpecification\",\"valueRequired\":true,\"valueName\":\"search_term_string\"}}],\"inLanguage\":\"es\"},{\"@type\":\"Organization\",\"@id\":\"https:\\\/\\\/iraurgiberritzen.eus\\\/es\\\/#organization\",\"name\":\"Iraurgi Berritzen\",\"url\":\"https:\\\/\\\/iraurgiberritzen.eus\\\/es\\\/\",\"logo\":{\"@type\":\"ImageObject\",\"inLanguage\":\"es\",\"@id\":\"https:\\\/\\\/iraurgiberritzen.eus\\\/es\\\/#\\\/schema\\\/logo\\\/image\\\/\",\"url\":\"https:\\\/\\\/iraurgiberritzen.eus\\\/wp-content\\\/uploads\\\/2024\\\/02\\\/IRAURGI-BERRITZEN-logotipoa_2.png\",\"contentUrl\":\"https:\\\/\\\/iraurgiberritzen.eus\\\/wp-content\\\/uploads\\\/2024\\\/02\\\/IRAURGI-BERRITZEN-logotipoa_2.png\",\"width\":496,\"height\":190,\"caption\":\"Iraurgi Berritzen\"},\"image\":{\"@id\":\"https:\\\/\\\/iraurgiberritzen.eus\\\/es\\\/#\\\/schema\\\/logo\\\/image\\\/\"}},{\"@type\":\"Person\",\"@id\":\"https:\\\/\\\/iraurgiberritzen.eus\\\/es\\\/#\\\/schema\\\/person\\\/5ab41aaf388a9097177601ebf45738d2\",\"name\":\"kudeatzailea\",\"sameAs\":[\"https:\\\/\\\/iraurgiberritzen.eus\"]}]}<\/script>\n<!-- \/ Yoast SEO plugin. -->","yoast_head_json":{"title":"I Reuni\u00f3n de Municipios del Camino Ignaciano de Euskadi, Azpeitia 3 de Marzo de 2016 - Iraurgi Berritzen","robots":{"index":"index","follow":"follow","max-snippet":"max-snippet:-1","max-image-preview":"max-image-preview:large","max-video-preview":"max-video-preview:-1"},"canonical":"https:\/\/iraurgiberritzen.eus\/es\/i-reunion-de-municipios-del-camino-ignaciano-de-euskadi-azpeitia-3-de-marzo-de-2016\/","og_locale":"es_ES","og_type":"article","og_title":"I Reuni\u00f3n de Municipios del Camino Ignaciano de Euskadi, Azpeitia 3 de Marzo de 2016 - Iraurgi Berritzen","og_description":"El de marzo de 2016, los Alcaldes de los municipios por d\u00f3nde discurre el Camino Ignaciano en Euskadi, junto a instituciones como el Gobierno Vasco, Diputaciones Forales de \u00c1lava y Gipuzkoa y el Alcalde de Manresa, celebraron una reuni\u00f3n en el sal\u00f3n de plenos del Ayuntamiento de Azpeitia. El objetivo de esta reuni\u00f3n era analizar [&hellip;]","og_url":"https:\/\/iraurgiberritzen.eus\/es\/i-reunion-de-municipios-del-camino-ignaciano-de-euskadi-azpeitia-3-de-marzo-de-2016\/","og_site_name":"Iraurgi Berritzen","article_published_time":"2016-03-23T08:11:36+00:00","author":"kudeatzailea","twitter_card":"summary_large_image","twitter_misc":{"Escrito por":"kudeatzailea","Tiempo de lectura":"1 minuto"},"schema":{"@context":"https:\/\/schema.org","@graph":[{"@type":"Article","@id":"https:\/\/iraurgiberritzen.eus\/es\/i-reunion-de-municipios-del-camino-ignaciano-de-euskadi-azpeitia-3-de-marzo-de-2016\/#article","isPartOf":{"@id":"https:\/\/iraurgiberritzen.eus\/es\/i-reunion-de-municipios-del-camino-ignaciano-de-euskadi-azpeitia-3-de-marzo-de-2016\/"},"author":{"name":"kudeatzailea","@id":"https:\/\/iraurgiberritzen.eus\/es\/#\/schema\/person\/5ab41aaf388a9097177601ebf45738d2"},"headline":"I Reuni\u00f3n de Municipios del Camino Ignaciano de Euskadi, Azpeitia 3 de Marzo de 2016","datePublished":"2016-03-23T08:11:36+00:00","mainEntityOfPage":{"@id":"https:\/\/iraurgiberritzen.eus\/es\/i-reunion-de-municipios-del-camino-ignaciano-de-euskadi-azpeitia-3-de-marzo-de-2016\/"},"wordCount":226,"publisher":{"@id":"https:\/\/iraurgiberritzen.eus\/es\/#organization"},"image":{"@id":"https:\/\/iraurgiberritzen.eus\/es\/i-reunion-de-municipios-del-camino-ignaciano-de-euskadi-azpeitia-3-de-marzo-de-2016\/#primaryimage"},"thumbnailUrl":"https:\/\/iraurgiberritzen.eus\/wp-content\/uploads\/2023\/09\/072519f74a95ea36f571d1e83f1c23bd.jpg","articleSection":["Noticias"],"inLanguage":"es"},{"@type":"WebPage","@id":"https:\/\/iraurgiberritzen.eus\/es\/i-reunion-de-municipios-del-camino-ignaciano-de-euskadi-azpeitia-3-de-marzo-de-2016\/","url":"https:\/\/iraurgiberritzen.eus\/es\/i-reunion-de-municipios-del-camino-ignaciano-de-euskadi-azpeitia-3-de-marzo-de-2016\/","name":"I Reuni\u00f3n de Municipios del Camino Ignaciano de Euskadi, Azpeitia 3 de Marzo de 2016 - Iraurgi Berritzen","isPartOf":{"@id":"https:\/\/iraurgiberritzen.eus\/es\/#website"},"primaryImageOfPage":{"@id":"https:\/\/iraurgiberritzen.eus\/es\/i-reunion-de-municipios-del-camino-ignaciano-de-euskadi-azpeitia-3-de-marzo-de-2016\/#primaryimage"},"image":{"@id":"https:\/\/iraurgiberritzen.eus\/es\/i-reunion-de-municipios-del-camino-ignaciano-de-euskadi-azpeitia-3-de-marzo-de-2016\/#primaryimage"},"thumbnailUrl":"https:\/\/iraurgiberritzen.eus\/wp-content\/uploads\/2023\/09\/072519f74a95ea36f571d1e83f1c23bd.jpg","datePublished":"2016-03-23T08:11:36+00:00","breadcrumb":{"@id":"https:\/\/iraurgiberritzen.eus\/es\/i-reunion-de-municipios-del-camino-ignaciano-de-euskadi-azpeitia-3-de-marzo-de-2016\/#breadcrumb"},"inLanguage":"es","potentialAction":[{"@type":"ReadAction","target":["https:\/\/iraurgiberritzen.eus\/es\/i-reunion-de-municipios-del-camino-ignaciano-de-euskadi-azpeitia-3-de-marzo-de-2016\/"]}]},{"@type":"ImageObject","inLanguage":"es","@id":"https:\/\/iraurgiberritzen.eus\/es\/i-reunion-de-municipios-del-camino-ignaciano-de-euskadi-azpeitia-3-de-marzo-de-2016\/#primaryimage","url":"https:\/\/iraurgiberritzen.eus\/wp-content\/uploads\/2023\/09\/072519f74a95ea36f571d1e83f1c23bd.jpg","contentUrl":"https:\/\/iraurgiberritzen.eus\/wp-content\/uploads\/2023\/09\/072519f74a95ea36f571d1e83f1c23bd.jpg","width":600,"height":386},{"@type":"BreadcrumbList","@id":"https:\/\/iraurgiberritzen.eus\/es\/i-reunion-de-municipios-del-camino-ignaciano-de-euskadi-azpeitia-3-de-marzo-de-2016\/#breadcrumb","itemListElement":[{"@type":"ListItem","position":1,"name":"Home","item":"https:\/\/iraurgiberritzen.eus\/es\/"},{"@type":"ListItem","position":2,"name":"I Reuni\u00f3n de Municipios del Camino Ignaciano de Euskadi, Azpeitia 3 de Marzo de 2016"}]},{"@type":"WebSite","@id":"https:\/\/iraurgiberritzen.eus\/es\/#website","url":"https:\/\/iraurgiberritzen.eus\/es\/","name":"Iraurgi Berritzen","description":"Urola Erdiko Garapen Agentzia","publisher":{"@id":"https:\/\/iraurgiberritzen.eus\/es\/#organization"},"potentialAction":[{"@type":"SearchAction","target":{"@type":"EntryPoint","urlTemplate":"https:\/\/iraurgiberritzen.eus\/es\/?s={search_term_string}"},"query-input":{"@type":"PropertyValueSpecification","valueRequired":true,"valueName":"search_term_string"}}],"inLanguage":"es"},{"@type":"Organization","@id":"https:\/\/iraurgiberritzen.eus\/es\/#organization","name":"Iraurgi Berritzen","url":"https:\/\/iraurgiberritzen.eus\/es\/","logo":{"@type":"ImageObject","inLanguage":"es","@id":"https:\/\/iraurgiberritzen.eus\/es\/#\/schema\/logo\/image\/","url":"https:\/\/iraurgiberritzen.eus\/wp-content\/uploads\/2024\/02\/IRAURGI-BERRITZEN-logotipoa_2.png","contentUrl":"https:\/\/iraurgiberritzen.eus\/wp-content\/uploads\/2024\/02\/IRAURGI-BERRITZEN-logotipoa_2.png","width":496,"height":190,"caption":"Iraurgi Berritzen"},"image":{"@id":"https:\/\/iraurgiberritzen.eus\/es\/#\/schema\/logo\/image\/"}},{"@type":"Person","@id":"https:\/\/iraurgiberritzen.eus\/es\/#\/schema\/person\/5ab41aaf388a9097177601ebf45738d2","name":"kudeatzailea","sameAs":["https:\/\/iraurgiberritzen.eus"]}]}},"_links":{"self":[{"href":"https:\/\/iraurgiberritzen.eus\/es\/wp-json\/wp\/v2\/posts\/11986","targetHints":{"allow":["GET"]}}],"collection":[{"href":"https:\/\/iraurgiberritzen.eus\/es\/wp-json\/wp\/v2\/posts"}],"about":[{"href":"https:\/\/iraurgiberritzen.eus\/es\/wp-json\/wp\/v2\/types\/post"}],"author":[{"embeddable":true,"href":"https:\/\/iraurgiberritzen.eus\/es\/wp-json\/wp\/v2\/users\/1"}],"replies":[{"embeddable":true,"href":"https:\/\/iraurgiberritzen.eus\/es\/wp-json\/wp\/v2\/comments?post=11986"}],"version-history":[{"count":0,"href":"https:\/\/iraurgiberritzen.eus\/es\/wp-json\/wp\/v2\/posts\/11986\/revisions"}],"wp:featuredmedia":[{"embeddable":true,"href":"https:\/\/iraurgiberritzen.eus\/es\/wp-json\/wp\/v2\/media\/18000"}],"wp:attachment":[{"href":"https:\/\/iraurgiberritzen.eus\/es\/wp-json\/wp\/v2\/media?parent=11986"}],"wp:term":[{"taxonomy":"category","embeddable":true,"href":"https:\/\/iraurgiberritzen.eus\/es\/wp-json\/wp\/v2\/categories?post=11986"},{"taxonomy":"post_tag","embeddable":true,"href":"https:\/\/iraurgiberritzen.eus\/es\/wp-json\/wp\/v2\/tags?post=11986"}],"curies":[{"name":"wp","href":"https:\/\/api.w.org\/{rel}","templated":true}]}}