{"id":11992,"date":"2016-04-05T09:41:51","date_gmt":"2016-04-05T07:41:51","guid":{"rendered":"https:\/\/iraurgiberritzen.eus\/abierto-el-plazo-de-inscripcion-del-programa-hazilan\/"},"modified":"2016-04-05T09:41:51","modified_gmt":"2016-04-05T07:41:51","slug":"abierto-el-plazo-de-inscripcion-del-programa-hazilan","status":"publish","type":"post","link":"https:\/\/iraurgiberritzen.eus\/es\/abierto-el-plazo-de-inscripcion-del-programa-hazilan\/","title":{"rendered":"Abierto el plazo de inscripci\u00f3n del Programa Hazilan"},"content":{"rendered":"<p style=\"text-align: justify;\">Garapen (Asociaci\u00f3n Vasca de Agencias de Desarrollo), junto con las veinte agencias de desarrollo comarcal implicadas en el proyecto, y en colaboraci\u00f3n con el Gobierno Vasco y el Fondo Social Europeo, ponen en marcha el proyecto de inserci\u00f3n laboral Hazilan.<\/p>\n<p style=\"text-align: justify;\">Hazilan es un proyecto de inserci\u00f3n laboral dirigido a personas j\u00f3venes cualificadas (titulaci\u00f3n universitaria o ciclo superior de FP) de entre 20 y 35 a\u00f1os, que se encuentren en situaci\u00f3n de desempleo. Este colectivo, pese a su alto grado de preparaci\u00f3n, tiene especiales dificultades de acceso al mercado laboral por su falta de experiencia asociada a su perfil profesional y por la carencia de competencias y habilidades transversales demandadas por las empresas. El principal objetivo de Hazilan es la inserci\u00f3n laboral mediante un acompa\u00f1amiento personalizado. Gracias al programa Hazilan las agencias de desarrollo identificar\u00e1n empresas con proyectos de futuro, y dotar\u00e1n a las personas j\u00f3venes de los recursos necesarios para acceder a un empleo potenciando y ayudando a gestionar sus capacidades.<\/p>\n<p style=\"text-align: justify;\">Hazilan trabaja partiendo de las necesidades reales de las empresas. A lo largo de estos a\u00f1os, las agencias de desarrollo han constatado que las empresas necesitan y demandan personas con iniciativa, creativas, autosuficientes, que sepan comunicar, trabajar en equipo y gestionar sus tareas de acuerdo con los objetivos y resultados esperados. Todas estas competencias y capacidades resultan cruciales, pero en muchos casos no se adquieren en las aulas de un centro educativo. Hazilan integra la adquisici\u00f3n de estas competencias con la experiencia concreta en el \u00e1mbito laboral o el proyecto que la empresa est\u00e1 interesada en desarrollar.<\/p>\n<p style=\"text-align: justify;\">Hazilan plantea una metodolog\u00eda innovadora basada en un itinerario personalizado y adaptado a las caracter\u00edsticas personales de las personas participantes y a los proyectos profesionales demandados por las empresas. El proyecto est\u00e1 basado en distintos recursos que, en una primera fase, se dirigen a la activaci\u00f3n de las personas y contin\u00faan, en funci\u00f3n del proyecto, a trav\u00e9s de aprendizaje especializado, pr\u00e1cticas o la participaci\u00f3n en proyectos empresariales.<\/p>\n<p style=\"text-align: justify;\">Hazilan pretende lograr una integraci\u00f3n efectiva del principio de igualdad de oportunidades y no discriminaci\u00f3n y garantizar\u00e1 la igualdad de g\u00e9nero.<\/p>\n<p style=\"text-align: justify;\">En el caso de la comarca de Urola Erdia, <strong>la Agencia de Desarrollo e Innovaci\u00f3n Iraurgi Berritzen<\/strong> ser\u00e1 la encargada de gestionar el programa, con el objetivo de la inserci\u00f3n laboral de 15 a 20 j\u00f3venes anuales.<\/p>\n<p style=\"text-align: justify;\">Desde Iraurgi Berritzen se recuerda que permanece abierto el <strong>plazo de inscripci\u00f3n (requisito indispensable)<\/strong>, para todas aquellas personas interesadas en participar en el programa. Para ello se puede disponer del siguiente enlace: <a href=\"http:\/\/www.hazilan.eus\/inscriptions\/inscription#inscripcionPersonas\" target=\"_blank\" rel=\"noopener\">http:\/\/www.hazilan.eus\/inscriptions\/inscription<\/a>.<\/p>\n<p style=\"text-align: justify;\">En 24 horas Iraurgi Berritzen se pondr\u00e1 en contacto con las personas interesadas para poner en marcha su participaci\u00f3n en este programa.<\/p>\n<p style=\"text-align: justify;\">Esta actuaci\u00f3n se desarrolla en el marco de POPV FSE 2014-2020 HAZILAN, cofinanciado en un 50% por FSE, y la coordina GARAPEN (Asociaci\u00f3n Vasca de Agencias de Desarrollo).<\/p>\n<img loading=\"lazy\" decoding=\"async\" style=\"display: block; margin-left: auto; margin-right: auto;\" src=\"images\/Europar_funtsak.jpeg\" alt=\"Europar_funtsak.jpeg\" width=\"126\" height=\"97\" \/>\n","protected":false},"excerpt":{"rendered":"<p>Garapen (Asociaci\u00f3n Vasca de Agencias de Desarrollo), junto con las veinte agencias de desarrollo comarcal implicadas en el proyecto, y en colaboraci\u00f3n con el Gobierno Vasco y el Fondo Social Europeo, ponen en marcha el proyecto de inserci\u00f3n laboral Hazilan. Hazilan es un proyecto de inserci\u00f3n laboral dirigido a personas j\u00f3venes cualificadas (titulaci\u00f3n universitaria o [&hellip;]<\/p>\n","protected":false},"author":1,"featured_media":17984,"comment_status":"","ping_status":"closed","sticky":false,"template":"","format":"standard","meta":{"_acf_changed":false,"footnotes":""},"categories":[4],"tags":[],"class_list":["post-11992","post","type-post","status-publish","format-standard","has-post-thumbnail","hentry","category-noticias"],"acf":[],"yoast_head":"<!-- This site is optimized with the Yoast SEO plugin v27.4 - https:\/\/yoast.com\/product\/yoast-seo-wordpress\/ -->\n<title>Abierto el plazo de inscripci\u00f3n del Programa Hazilan - Iraurgi Berritzen<\/title>\n<meta name=\"robots\" content=\"index, follow, max-snippet:-1, max-image-preview:large, max-video-preview:-1\" \/>\n<link rel=\"canonical\" href=\"https:\/\/iraurgiberritzen.eus\/es\/abierto-el-plazo-de-inscripcion-del-programa-hazilan\/\" \/>\n<meta property=\"og:locale\" content=\"es_ES\" \/>\n<meta property=\"og:type\" content=\"article\" \/>\n<meta property=\"og:title\" content=\"Abierto el plazo de inscripci\u00f3n del Programa Hazilan - Iraurgi Berritzen\" \/>\n<meta property=\"og:description\" content=\"Garapen (Asociaci\u00f3n Vasca de Agencias de Desarrollo), junto con las veinte agencias de desarrollo comarcal implicadas en el proyecto, y en colaboraci\u00f3n con el Gobierno Vasco y el Fondo Social Europeo, ponen en marcha el proyecto de inserci\u00f3n laboral Hazilan. Hazilan es un proyecto de inserci\u00f3n laboral dirigido a personas j\u00f3venes cualificadas (titulaci\u00f3n universitaria o [&hellip;]\" \/>\n<meta property=\"og:url\" content=\"https:\/\/iraurgiberritzen.eus\/es\/abierto-el-plazo-de-inscripcion-del-programa-hazilan\/\" \/>\n<meta property=\"og:site_name\" content=\"Iraurgi Berritzen\" \/>\n<meta property=\"article:published_time\" content=\"2016-04-05T07:41:51+00:00\" \/>\n<meta name=\"author\" content=\"kudeatzailea\" \/>\n<meta name=\"twitter:card\" content=\"summary_large_image\" \/>\n<meta name=\"twitter:label1\" content=\"Escrito por\" \/>\n\t<meta name=\"twitter:data1\" content=\"kudeatzailea\" \/>\n\t<meta name=\"twitter:label2\" content=\"Tiempo de lectura\" \/>\n\t<meta name=\"twitter:data2\" content=\"2 minutos\" \/>\n<script type=\"application\/ld+json\" class=\"yoast-schema-graph\">{\"@context\":\"https:\\\/\\\/schema.org\",\"@graph\":[{\"@type\":\"Article\",\"@id\":\"https:\\\/\\\/iraurgiberritzen.eus\\\/es\\\/abierto-el-plazo-de-inscripcion-del-programa-hazilan\\\/#article\",\"isPartOf\":{\"@id\":\"https:\\\/\\\/iraurgiberritzen.eus\\\/es\\\/abierto-el-plazo-de-inscripcion-del-programa-hazilan\\\/\"},\"author\":{\"name\":\"kudeatzailea\",\"@id\":\"https:\\\/\\\/iraurgiberritzen.eus\\\/es\\\/#\\\/schema\\\/person\\\/5ab41aaf388a9097177601ebf45738d2\"},\"headline\":\"Abierto el plazo de inscripci\u00f3n del Programa Hazilan\",\"datePublished\":\"2016-04-05T07:41:51+00:00\",\"mainEntityOfPage\":{\"@id\":\"https:\\\/\\\/iraurgiberritzen.eus\\\/es\\\/abierto-el-plazo-de-inscripcion-del-programa-hazilan\\\/\"},\"wordCount\":508,\"publisher\":{\"@id\":\"https:\\\/\\\/iraurgiberritzen.eus\\\/es\\\/#organization\"},\"image\":{\"@id\":\"https:\\\/\\\/iraurgiberritzen.eus\\\/es\\\/abierto-el-plazo-de-inscripcion-del-programa-hazilan\\\/#primaryimage\"},\"thumbnailUrl\":\"https:\\\/\\\/iraurgiberritzen.eus\\\/wp-content\\\/uploads\\\/2023\\\/09\\\/e17c186eb9077cbeac8526f7738e2917.jpg\",\"articleSection\":[\"Noticias\"],\"inLanguage\":\"es\"},{\"@type\":\"WebPage\",\"@id\":\"https:\\\/\\\/iraurgiberritzen.eus\\\/es\\\/abierto-el-plazo-de-inscripcion-del-programa-hazilan\\\/\",\"url\":\"https:\\\/\\\/iraurgiberritzen.eus\\\/es\\\/abierto-el-plazo-de-inscripcion-del-programa-hazilan\\\/\",\"name\":\"Abierto el plazo de inscripci\u00f3n del Programa Hazilan - Iraurgi Berritzen\",\"isPartOf\":{\"@id\":\"https:\\\/\\\/iraurgiberritzen.eus\\\/es\\\/#website\"},\"primaryImageOfPage\":{\"@id\":\"https:\\\/\\\/iraurgiberritzen.eus\\\/es\\\/abierto-el-plazo-de-inscripcion-del-programa-hazilan\\\/#primaryimage\"},\"image\":{\"@id\":\"https:\\\/\\\/iraurgiberritzen.eus\\\/es\\\/abierto-el-plazo-de-inscripcion-del-programa-hazilan\\\/#primaryimage\"},\"thumbnailUrl\":\"https:\\\/\\\/iraurgiberritzen.eus\\\/wp-content\\\/uploads\\\/2023\\\/09\\\/e17c186eb9077cbeac8526f7738e2917.jpg\",\"datePublished\":\"2016-04-05T07:41:51+00:00\",\"breadcrumb\":{\"@id\":\"https:\\\/\\\/iraurgiberritzen.eus\\\/es\\\/abierto-el-plazo-de-inscripcion-del-programa-hazilan\\\/#breadcrumb\"},\"inLanguage\":\"es\",\"potentialAction\":[{\"@type\":\"ReadAction\",\"target\":[\"https:\\\/\\\/iraurgiberritzen.eus\\\/es\\\/abierto-el-plazo-de-inscripcion-del-programa-hazilan\\\/\"]}]},{\"@type\":\"ImageObject\",\"inLanguage\":\"es\",\"@id\":\"https:\\\/\\\/iraurgiberritzen.eus\\\/es\\\/abierto-el-plazo-de-inscripcion-del-programa-hazilan\\\/#primaryimage\",\"url\":\"https:\\\/\\\/iraurgiberritzen.eus\\\/wp-content\\\/uploads\\\/2023\\\/09\\\/e17c186eb9077cbeac8526f7738e2917.jpg\",\"contentUrl\":\"https:\\\/\\\/iraurgiberritzen.eus\\\/wp-content\\\/uploads\\\/2023\\\/09\\\/e17c186eb9077cbeac8526f7738e2917.jpg\",\"width\":600,\"height\":386},{\"@type\":\"BreadcrumbList\",\"@id\":\"https:\\\/\\\/iraurgiberritzen.eus\\\/es\\\/abierto-el-plazo-de-inscripcion-del-programa-hazilan\\\/#breadcrumb\",\"itemListElement\":[{\"@type\":\"ListItem\",\"position\":1,\"name\":\"Home\",\"item\":\"https:\\\/\\\/iraurgiberritzen.eus\\\/es\\\/\"},{\"@type\":\"ListItem\",\"position\":2,\"name\":\"Abierto el plazo de inscripci\u00f3n del Programa Hazilan\"}]},{\"@type\":\"WebSite\",\"@id\":\"https:\\\/\\\/iraurgiberritzen.eus\\\/es\\\/#website\",\"url\":\"https:\\\/\\\/iraurgiberritzen.eus\\\/es\\\/\",\"name\":\"Iraurgi Berritzen\",\"description\":\"Urola Erdiko Garapen Agentzia\",\"publisher\":{\"@id\":\"https:\\\/\\\/iraurgiberritzen.eus\\\/es\\\/#organization\"},\"potentialAction\":[{\"@type\":\"SearchAction\",\"target\":{\"@type\":\"EntryPoint\",\"urlTemplate\":\"https:\\\/\\\/iraurgiberritzen.eus\\\/es\\\/?s={search_term_string}\"},\"query-input\":{\"@type\":\"PropertyValueSpecification\",\"valueRequired\":true,\"valueName\":\"search_term_string\"}}],\"inLanguage\":\"es\"},{\"@type\":\"Organization\",\"@id\":\"https:\\\/\\\/iraurgiberritzen.eus\\\/es\\\/#organization\",\"name\":\"Iraurgi Berritzen\",\"url\":\"https:\\\/\\\/iraurgiberritzen.eus\\\/es\\\/\",\"logo\":{\"@type\":\"ImageObject\",\"inLanguage\":\"es\",\"@id\":\"https:\\\/\\\/iraurgiberritzen.eus\\\/es\\\/#\\\/schema\\\/logo\\\/image\\\/\",\"url\":\"https:\\\/\\\/iraurgiberritzen.eus\\\/wp-content\\\/uploads\\\/2024\\\/02\\\/IRAURGI-BERRITZEN-logotipoa_2.png\",\"contentUrl\":\"https:\\\/\\\/iraurgiberritzen.eus\\\/wp-content\\\/uploads\\\/2024\\\/02\\\/IRAURGI-BERRITZEN-logotipoa_2.png\",\"width\":496,\"height\":190,\"caption\":\"Iraurgi Berritzen\"},\"image\":{\"@id\":\"https:\\\/\\\/iraurgiberritzen.eus\\\/es\\\/#\\\/schema\\\/logo\\\/image\\\/\"}},{\"@type\":\"Person\",\"@id\":\"https:\\\/\\\/iraurgiberritzen.eus\\\/es\\\/#\\\/schema\\\/person\\\/5ab41aaf388a9097177601ebf45738d2\",\"name\":\"kudeatzailea\",\"sameAs\":[\"https:\\\/\\\/iraurgiberritzen.eus\"]}]}<\/script>\n<!-- \/ Yoast SEO plugin. -->","yoast_head_json":{"title":"Abierto el plazo de inscripci\u00f3n del Programa Hazilan - Iraurgi Berritzen","robots":{"index":"index","follow":"follow","max-snippet":"max-snippet:-1","max-image-preview":"max-image-preview:large","max-video-preview":"max-video-preview:-1"},"canonical":"https:\/\/iraurgiberritzen.eus\/es\/abierto-el-plazo-de-inscripcion-del-programa-hazilan\/","og_locale":"es_ES","og_type":"article","og_title":"Abierto el plazo de inscripci\u00f3n del Programa Hazilan - Iraurgi Berritzen","og_description":"Garapen (Asociaci\u00f3n Vasca de Agencias de Desarrollo), junto con las veinte agencias de desarrollo comarcal implicadas en el proyecto, y en colaboraci\u00f3n con el Gobierno Vasco y el Fondo Social Europeo, ponen en marcha el proyecto de inserci\u00f3n laboral Hazilan. Hazilan es un proyecto de inserci\u00f3n laboral dirigido a personas j\u00f3venes cualificadas (titulaci\u00f3n universitaria o [&hellip;]","og_url":"https:\/\/iraurgiberritzen.eus\/es\/abierto-el-plazo-de-inscripcion-del-programa-hazilan\/","og_site_name":"Iraurgi Berritzen","article_published_time":"2016-04-05T07:41:51+00:00","author":"kudeatzailea","twitter_card":"summary_large_image","twitter_misc":{"Escrito por":"kudeatzailea","Tiempo de lectura":"2 minutos"},"schema":{"@context":"https:\/\/schema.org","@graph":[{"@type":"Article","@id":"https:\/\/iraurgiberritzen.eus\/es\/abierto-el-plazo-de-inscripcion-del-programa-hazilan\/#article","isPartOf":{"@id":"https:\/\/iraurgiberritzen.eus\/es\/abierto-el-plazo-de-inscripcion-del-programa-hazilan\/"},"author":{"name":"kudeatzailea","@id":"https:\/\/iraurgiberritzen.eus\/es\/#\/schema\/person\/5ab41aaf388a9097177601ebf45738d2"},"headline":"Abierto el plazo de inscripci\u00f3n del Programa Hazilan","datePublished":"2016-04-05T07:41:51+00:00","mainEntityOfPage":{"@id":"https:\/\/iraurgiberritzen.eus\/es\/abierto-el-plazo-de-inscripcion-del-programa-hazilan\/"},"wordCount":508,"publisher":{"@id":"https:\/\/iraurgiberritzen.eus\/es\/#organization"},"image":{"@id":"https:\/\/iraurgiberritzen.eus\/es\/abierto-el-plazo-de-inscripcion-del-programa-hazilan\/#primaryimage"},"thumbnailUrl":"https:\/\/iraurgiberritzen.eus\/wp-content\/uploads\/2023\/09\/e17c186eb9077cbeac8526f7738e2917.jpg","articleSection":["Noticias"],"inLanguage":"es"},{"@type":"WebPage","@id":"https:\/\/iraurgiberritzen.eus\/es\/abierto-el-plazo-de-inscripcion-del-programa-hazilan\/","url":"https:\/\/iraurgiberritzen.eus\/es\/abierto-el-plazo-de-inscripcion-del-programa-hazilan\/","name":"Abierto el plazo de inscripci\u00f3n del Programa Hazilan - Iraurgi Berritzen","isPartOf":{"@id":"https:\/\/iraurgiberritzen.eus\/es\/#website"},"primaryImageOfPage":{"@id":"https:\/\/iraurgiberritzen.eus\/es\/abierto-el-plazo-de-inscripcion-del-programa-hazilan\/#primaryimage"},"image":{"@id":"https:\/\/iraurgiberritzen.eus\/es\/abierto-el-plazo-de-inscripcion-del-programa-hazilan\/#primaryimage"},"thumbnailUrl":"https:\/\/iraurgiberritzen.eus\/wp-content\/uploads\/2023\/09\/e17c186eb9077cbeac8526f7738e2917.jpg","datePublished":"2016-04-05T07:41:51+00:00","breadcrumb":{"@id":"https:\/\/iraurgiberritzen.eus\/es\/abierto-el-plazo-de-inscripcion-del-programa-hazilan\/#breadcrumb"},"inLanguage":"es","potentialAction":[{"@type":"ReadAction","target":["https:\/\/iraurgiberritzen.eus\/es\/abierto-el-plazo-de-inscripcion-del-programa-hazilan\/"]}]},{"@type":"ImageObject","inLanguage":"es","@id":"https:\/\/iraurgiberritzen.eus\/es\/abierto-el-plazo-de-inscripcion-del-programa-hazilan\/#primaryimage","url":"https:\/\/iraurgiberritzen.eus\/wp-content\/uploads\/2023\/09\/e17c186eb9077cbeac8526f7738e2917.jpg","contentUrl":"https:\/\/iraurgiberritzen.eus\/wp-content\/uploads\/2023\/09\/e17c186eb9077cbeac8526f7738e2917.jpg","width":600,"height":386},{"@type":"BreadcrumbList","@id":"https:\/\/iraurgiberritzen.eus\/es\/abierto-el-plazo-de-inscripcion-del-programa-hazilan\/#breadcrumb","itemListElement":[{"@type":"ListItem","position":1,"name":"Home","item":"https:\/\/iraurgiberritzen.eus\/es\/"},{"@type":"ListItem","position":2,"name":"Abierto el plazo de inscripci\u00f3n del Programa Hazilan"}]},{"@type":"WebSite","@id":"https:\/\/iraurgiberritzen.eus\/es\/#website","url":"https:\/\/iraurgiberritzen.eus\/es\/","name":"Iraurgi Berritzen","description":"Urola Erdiko Garapen Agentzia","publisher":{"@id":"https:\/\/iraurgiberritzen.eus\/es\/#organization"},"potentialAction":[{"@type":"SearchAction","target":{"@type":"EntryPoint","urlTemplate":"https:\/\/iraurgiberritzen.eus\/es\/?s={search_term_string}"},"query-input":{"@type":"PropertyValueSpecification","valueRequired":true,"valueName":"search_term_string"}}],"inLanguage":"es"},{"@type":"Organization","@id":"https:\/\/iraurgiberritzen.eus\/es\/#organization","name":"Iraurgi Berritzen","url":"https:\/\/iraurgiberritzen.eus\/es\/","logo":{"@type":"ImageObject","inLanguage":"es","@id":"https:\/\/iraurgiberritzen.eus\/es\/#\/schema\/logo\/image\/","url":"https:\/\/iraurgiberritzen.eus\/wp-content\/uploads\/2024\/02\/IRAURGI-BERRITZEN-logotipoa_2.png","contentUrl":"https:\/\/iraurgiberritzen.eus\/wp-content\/uploads\/2024\/02\/IRAURGI-BERRITZEN-logotipoa_2.png","width":496,"height":190,"caption":"Iraurgi Berritzen"},"image":{"@id":"https:\/\/iraurgiberritzen.eus\/es\/#\/schema\/logo\/image\/"}},{"@type":"Person","@id":"https:\/\/iraurgiberritzen.eus\/es\/#\/schema\/person\/5ab41aaf388a9097177601ebf45738d2","name":"kudeatzailea","sameAs":["https:\/\/iraurgiberritzen.eus"]}]}},"_links":{"self":[{"href":"https:\/\/iraurgiberritzen.eus\/es\/wp-json\/wp\/v2\/posts\/11992","targetHints":{"allow":["GET"]}}],"collection":[{"href":"https:\/\/iraurgiberritzen.eus\/es\/wp-json\/wp\/v2\/posts"}],"about":[{"href":"https:\/\/iraurgiberritzen.eus\/es\/wp-json\/wp\/v2\/types\/post"}],"author":[{"embeddable":true,"href":"https:\/\/iraurgiberritzen.eus\/es\/wp-json\/wp\/v2\/users\/1"}],"replies":[{"embeddable":true,"href":"https:\/\/iraurgiberritzen.eus\/es\/wp-json\/wp\/v2\/comments?post=11992"}],"version-history":[{"count":0,"href":"https:\/\/iraurgiberritzen.eus\/es\/wp-json\/wp\/v2\/posts\/11992\/revisions"}],"wp:featuredmedia":[{"embeddable":true,"href":"https:\/\/iraurgiberritzen.eus\/es\/wp-json\/wp\/v2\/media\/17984"}],"wp:attachment":[{"href":"https:\/\/iraurgiberritzen.eus\/es\/wp-json\/wp\/v2\/media?parent=11992"}],"wp:term":[{"taxonomy":"category","embeddable":true,"href":"https:\/\/iraurgiberritzen.eus\/es\/wp-json\/wp\/v2\/categories?post=11992"},{"taxonomy":"post_tag","embeddable":true,"href":"https:\/\/iraurgiberritzen.eus\/es\/wp-json\/wp\/v2\/tags?post=11992"}],"curies":[{"name":"wp","href":"https:\/\/api.w.org\/{rel}","templated":true}]}}