{"id":11998,"date":"2016-04-19T10:17:33","date_gmt":"2016-04-19T08:17:33","guid":{"rendered":"https:\/\/iraurgiberritzen.eus\/presentacion-de-ayudas-de-la-spri-para-las-empresas-de-urola-erdia\/"},"modified":"2016-04-19T10:17:33","modified_gmt":"2016-04-19T08:17:33","slug":"presentacion-de-ayudas-de-la-spri-para-las-empresas-de-urola-erdia","status":"publish","type":"post","link":"https:\/\/iraurgiberritzen.eus\/es\/presentacion-de-ayudas-de-la-spri-para-las-empresas-de-urola-erdia\/","title":{"rendered":"Presentaci\u00f3n de ayudas de la SPRI para las empresas de Urola Erdia"},"content":{"rendered":"<p style=\"text-align: justify;\">El 4 de Mayo, Iraurgi Berritzen, organiza una jornada gratuita dirigida a las empresas de la comarca en colaboraci\u00f3n con la SPRI.<\/p>\n<p style=\"text-align: justify;\">Iraurgi Berritzen, celebrara en colaboraci\u00f3n con la SPRI una jornada donde Josu Ocariz, Director del Departamento de innovaci\u00f3n y transformaci\u00f3n empresarial de la SPRI, presentara los programas de la iniciativa Innobideak, as\u00ed como otros programas correspondientes al a\u00f1o 2016.<\/p>\n<p style=\"text-align: justify;\">La jornada tendr\u00e1 lugar el 4 de mayo de 15:00 a 16:00h en el Palacio Intsausti de Azkoitia. Concretamente se explicar\u00e1n las ayudas que se engloban dentro de los programas de innovaci\u00f3n no tecnol\u00f3gica:<\/p>\n<ul>\n<li style=\"text-align: justify;\">Innobideak Lehiabide<\/li>\n<li style=\"text-align: justify;\">Innobideak Kudeabide<\/li>\n<li style=\"text-align: justify;\">Innobideak Pertsonak<\/li>\n<li style=\"text-align: justify;\">Innobideak Prestakuntza<\/li>\n<\/ul>\n<p style=\"text-align: justify;\">Igualmente, se facilitar\u00e1 informaci\u00f3n sobre otras ayudas y servicios que SPRI ofrece a todas las empresas del Pa\u00eds Vasco, independientemente de su tama\u00f1o, tanto a nivel local como internacional.<\/p>\n<p style=\"text-align: justify;\">Las empresas que quieran participar en esta jornada pueden hacerlo, enviando un e-mail a la direcci\u00f3n de correo electr\u00f3nico <a href=\"mailto:aoiarzabal@iraurgiberritzen.eus\">aoiarzabal@iraurgiberritzen.eus<\/a> o <a href=\"mailto:alarranaga@iraurgiberritzen.eus\">alarranaga@iraurgiberritzen.eus<\/a> o llamando al n\u00famero de tel\u00e9fono 943 851100 &#8211; 943 026069.<\/p>\n","protected":false},"excerpt":{"rendered":"<p>El 4 de Mayo, Iraurgi Berritzen, organiza una jornada gratuita dirigida a las empresas de la comarca en colaboraci\u00f3n con la SPRI. Iraurgi Berritzen, celebrara en colaboraci\u00f3n con la SPRI una jornada donde Josu Ocariz, Director del Departamento de innovaci\u00f3n y transformaci\u00f3n empresarial de la SPRI, presentara los programas de la iniciativa Innobideak, as\u00ed como [&hellip;]<\/p>\n","protected":false},"author":1,"featured_media":17986,"comment_status":"","ping_status":"closed","sticky":false,"template":"","format":"standard","meta":{"_acf_changed":false,"footnotes":""},"categories":[4],"tags":[],"class_list":["post-11998","post","type-post","status-publish","format-standard","has-post-thumbnail","hentry","category-noticias"],"acf":[],"yoast_head":"<!-- This site is optimized with the Yoast SEO plugin v27.4 - https:\/\/yoast.com\/product\/yoast-seo-wordpress\/ -->\n<title>Presentaci\u00f3n de ayudas de la SPRI para las empresas de Urola Erdia - Iraurgi Berritzen<\/title>\n<meta name=\"robots\" content=\"index, follow, max-snippet:-1, max-image-preview:large, max-video-preview:-1\" \/>\n<link rel=\"canonical\" href=\"https:\/\/iraurgiberritzen.eus\/es\/presentacion-de-ayudas-de-la-spri-para-las-empresas-de-urola-erdia\/\" \/>\n<meta property=\"og:locale\" content=\"es_ES\" \/>\n<meta property=\"og:type\" content=\"article\" \/>\n<meta property=\"og:title\" content=\"Presentaci\u00f3n de ayudas de la SPRI para las empresas de Urola Erdia - Iraurgi Berritzen\" \/>\n<meta property=\"og:description\" content=\"El 4 de Mayo, Iraurgi Berritzen, organiza una jornada gratuita dirigida a las empresas de la comarca en colaboraci\u00f3n con la SPRI. Iraurgi Berritzen, celebrara en colaboraci\u00f3n con la SPRI una jornada donde Josu Ocariz, Director del Departamento de innovaci\u00f3n y transformaci\u00f3n empresarial de la SPRI, presentara los programas de la iniciativa Innobideak, as\u00ed como [&hellip;]\" \/>\n<meta property=\"og:url\" content=\"https:\/\/iraurgiberritzen.eus\/es\/presentacion-de-ayudas-de-la-spri-para-las-empresas-de-urola-erdia\/\" \/>\n<meta property=\"og:site_name\" content=\"Iraurgi Berritzen\" \/>\n<meta property=\"article:published_time\" content=\"2016-04-19T08:17:33+00:00\" \/>\n<meta name=\"author\" content=\"kudeatzailea\" \/>\n<meta name=\"twitter:card\" content=\"summary_large_image\" \/>\n<meta name=\"twitter:label1\" content=\"Escrito por\" \/>\n\t<meta name=\"twitter:data1\" content=\"kudeatzailea\" \/>\n\t<meta name=\"twitter:label2\" content=\"Tiempo de lectura\" \/>\n\t<meta name=\"twitter:data2\" content=\"1 minuto\" \/>\n<script type=\"application\/ld+json\" class=\"yoast-schema-graph\">{\"@context\":\"https:\\\/\\\/schema.org\",\"@graph\":[{\"@type\":\"Article\",\"@id\":\"https:\\\/\\\/iraurgiberritzen.eus\\\/es\\\/presentacion-de-ayudas-de-la-spri-para-las-empresas-de-urola-erdia\\\/#article\",\"isPartOf\":{\"@id\":\"https:\\\/\\\/iraurgiberritzen.eus\\\/es\\\/presentacion-de-ayudas-de-la-spri-para-las-empresas-de-urola-erdia\\\/\"},\"author\":{\"name\":\"kudeatzailea\",\"@id\":\"https:\\\/\\\/iraurgiberritzen.eus\\\/es\\\/#\\\/schema\\\/person\\\/5ab41aaf388a9097177601ebf45738d2\"},\"headline\":\"Presentaci\u00f3n de ayudas de la SPRI para las empresas de Urola Erdia\",\"datePublished\":\"2016-04-19T08:17:33+00:00\",\"mainEntityOfPage\":{\"@id\":\"https:\\\/\\\/iraurgiberritzen.eus\\\/es\\\/presentacion-de-ayudas-de-la-spri-para-las-empresas-de-urola-erdia\\\/\"},\"wordCount\":189,\"publisher\":{\"@id\":\"https:\\\/\\\/iraurgiberritzen.eus\\\/es\\\/#organization\"},\"image\":{\"@id\":\"https:\\\/\\\/iraurgiberritzen.eus\\\/es\\\/presentacion-de-ayudas-de-la-spri-para-las-empresas-de-urola-erdia\\\/#primaryimage\"},\"thumbnailUrl\":\"https:\\\/\\\/iraurgiberritzen.eus\\\/wp-content\\\/uploads\\\/2023\\\/09\\\/9f9f79e544fb8eb705d18df3c18b9f0a.jpg\",\"articleSection\":[\"Noticias\"],\"inLanguage\":\"es\"},{\"@type\":\"WebPage\",\"@id\":\"https:\\\/\\\/iraurgiberritzen.eus\\\/es\\\/presentacion-de-ayudas-de-la-spri-para-las-empresas-de-urola-erdia\\\/\",\"url\":\"https:\\\/\\\/iraurgiberritzen.eus\\\/es\\\/presentacion-de-ayudas-de-la-spri-para-las-empresas-de-urola-erdia\\\/\",\"name\":\"Presentaci\u00f3n de ayudas de la SPRI para las empresas de Urola Erdia - Iraurgi Berritzen\",\"isPartOf\":{\"@id\":\"https:\\\/\\\/iraurgiberritzen.eus\\\/es\\\/#website\"},\"primaryImageOfPage\":{\"@id\":\"https:\\\/\\\/iraurgiberritzen.eus\\\/es\\\/presentacion-de-ayudas-de-la-spri-para-las-empresas-de-urola-erdia\\\/#primaryimage\"},\"image\":{\"@id\":\"https:\\\/\\\/iraurgiberritzen.eus\\\/es\\\/presentacion-de-ayudas-de-la-spri-para-las-empresas-de-urola-erdia\\\/#primaryimage\"},\"thumbnailUrl\":\"https:\\\/\\\/iraurgiberritzen.eus\\\/wp-content\\\/uploads\\\/2023\\\/09\\\/9f9f79e544fb8eb705d18df3c18b9f0a.jpg\",\"datePublished\":\"2016-04-19T08:17:33+00:00\",\"breadcrumb\":{\"@id\":\"https:\\\/\\\/iraurgiberritzen.eus\\\/es\\\/presentacion-de-ayudas-de-la-spri-para-las-empresas-de-urola-erdia\\\/#breadcrumb\"},\"inLanguage\":\"es\",\"potentialAction\":[{\"@type\":\"ReadAction\",\"target\":[\"https:\\\/\\\/iraurgiberritzen.eus\\\/es\\\/presentacion-de-ayudas-de-la-spri-para-las-empresas-de-urola-erdia\\\/\"]}]},{\"@type\":\"ImageObject\",\"inLanguage\":\"es\",\"@id\":\"https:\\\/\\\/iraurgiberritzen.eus\\\/es\\\/presentacion-de-ayudas-de-la-spri-para-las-empresas-de-urola-erdia\\\/#primaryimage\",\"url\":\"https:\\\/\\\/iraurgiberritzen.eus\\\/wp-content\\\/uploads\\\/2023\\\/09\\\/9f9f79e544fb8eb705d18df3c18b9f0a.jpg\",\"contentUrl\":\"https:\\\/\\\/iraurgiberritzen.eus\\\/wp-content\\\/uploads\\\/2023\\\/09\\\/9f9f79e544fb8eb705d18df3c18b9f0a.jpg\",\"width\":600,\"height\":386},{\"@type\":\"BreadcrumbList\",\"@id\":\"https:\\\/\\\/iraurgiberritzen.eus\\\/es\\\/presentacion-de-ayudas-de-la-spri-para-las-empresas-de-urola-erdia\\\/#breadcrumb\",\"itemListElement\":[{\"@type\":\"ListItem\",\"position\":1,\"name\":\"Home\",\"item\":\"https:\\\/\\\/iraurgiberritzen.eus\\\/es\\\/\"},{\"@type\":\"ListItem\",\"position\":2,\"name\":\"Presentaci\u00f3n de ayudas de la SPRI para las empresas de Urola Erdia\"}]},{\"@type\":\"WebSite\",\"@id\":\"https:\\\/\\\/iraurgiberritzen.eus\\\/es\\\/#website\",\"url\":\"https:\\\/\\\/iraurgiberritzen.eus\\\/es\\\/\",\"name\":\"Iraurgi Berritzen\",\"description\":\"Urola Erdiko Garapen Agentzia\",\"publisher\":{\"@id\":\"https:\\\/\\\/iraurgiberritzen.eus\\\/es\\\/#organization\"},\"potentialAction\":[{\"@type\":\"SearchAction\",\"target\":{\"@type\":\"EntryPoint\",\"urlTemplate\":\"https:\\\/\\\/iraurgiberritzen.eus\\\/es\\\/?s={search_term_string}\"},\"query-input\":{\"@type\":\"PropertyValueSpecification\",\"valueRequired\":true,\"valueName\":\"search_term_string\"}}],\"inLanguage\":\"es\"},{\"@type\":\"Organization\",\"@id\":\"https:\\\/\\\/iraurgiberritzen.eus\\\/es\\\/#organization\",\"name\":\"Iraurgi Berritzen\",\"url\":\"https:\\\/\\\/iraurgiberritzen.eus\\\/es\\\/\",\"logo\":{\"@type\":\"ImageObject\",\"inLanguage\":\"es\",\"@id\":\"https:\\\/\\\/iraurgiberritzen.eus\\\/es\\\/#\\\/schema\\\/logo\\\/image\\\/\",\"url\":\"https:\\\/\\\/iraurgiberritzen.eus\\\/wp-content\\\/uploads\\\/2024\\\/02\\\/IRAURGI-BERRITZEN-logotipoa_2.png\",\"contentUrl\":\"https:\\\/\\\/iraurgiberritzen.eus\\\/wp-content\\\/uploads\\\/2024\\\/02\\\/IRAURGI-BERRITZEN-logotipoa_2.png\",\"width\":496,\"height\":190,\"caption\":\"Iraurgi Berritzen\"},\"image\":{\"@id\":\"https:\\\/\\\/iraurgiberritzen.eus\\\/es\\\/#\\\/schema\\\/logo\\\/image\\\/\"}},{\"@type\":\"Person\",\"@id\":\"https:\\\/\\\/iraurgiberritzen.eus\\\/es\\\/#\\\/schema\\\/person\\\/5ab41aaf388a9097177601ebf45738d2\",\"name\":\"kudeatzailea\",\"sameAs\":[\"https:\\\/\\\/iraurgiberritzen.eus\"]}]}<\/script>\n<!-- \/ Yoast SEO plugin. -->","yoast_head_json":{"title":"Presentaci\u00f3n de ayudas de la SPRI para las empresas de Urola Erdia - Iraurgi Berritzen","robots":{"index":"index","follow":"follow","max-snippet":"max-snippet:-1","max-image-preview":"max-image-preview:large","max-video-preview":"max-video-preview:-1"},"canonical":"https:\/\/iraurgiberritzen.eus\/es\/presentacion-de-ayudas-de-la-spri-para-las-empresas-de-urola-erdia\/","og_locale":"es_ES","og_type":"article","og_title":"Presentaci\u00f3n de ayudas de la SPRI para las empresas de Urola Erdia - Iraurgi Berritzen","og_description":"El 4 de Mayo, Iraurgi Berritzen, organiza una jornada gratuita dirigida a las empresas de la comarca en colaboraci\u00f3n con la SPRI. Iraurgi Berritzen, celebrara en colaboraci\u00f3n con la SPRI una jornada donde Josu Ocariz, Director del Departamento de innovaci\u00f3n y transformaci\u00f3n empresarial de la SPRI, presentara los programas de la iniciativa Innobideak, as\u00ed como [&hellip;]","og_url":"https:\/\/iraurgiberritzen.eus\/es\/presentacion-de-ayudas-de-la-spri-para-las-empresas-de-urola-erdia\/","og_site_name":"Iraurgi Berritzen","article_published_time":"2016-04-19T08:17:33+00:00","author":"kudeatzailea","twitter_card":"summary_large_image","twitter_misc":{"Escrito por":"kudeatzailea","Tiempo de lectura":"1 minuto"},"schema":{"@context":"https:\/\/schema.org","@graph":[{"@type":"Article","@id":"https:\/\/iraurgiberritzen.eus\/es\/presentacion-de-ayudas-de-la-spri-para-las-empresas-de-urola-erdia\/#article","isPartOf":{"@id":"https:\/\/iraurgiberritzen.eus\/es\/presentacion-de-ayudas-de-la-spri-para-las-empresas-de-urola-erdia\/"},"author":{"name":"kudeatzailea","@id":"https:\/\/iraurgiberritzen.eus\/es\/#\/schema\/person\/5ab41aaf388a9097177601ebf45738d2"},"headline":"Presentaci\u00f3n de ayudas de la SPRI para las empresas de Urola Erdia","datePublished":"2016-04-19T08:17:33+00:00","mainEntityOfPage":{"@id":"https:\/\/iraurgiberritzen.eus\/es\/presentacion-de-ayudas-de-la-spri-para-las-empresas-de-urola-erdia\/"},"wordCount":189,"publisher":{"@id":"https:\/\/iraurgiberritzen.eus\/es\/#organization"},"image":{"@id":"https:\/\/iraurgiberritzen.eus\/es\/presentacion-de-ayudas-de-la-spri-para-las-empresas-de-urola-erdia\/#primaryimage"},"thumbnailUrl":"https:\/\/iraurgiberritzen.eus\/wp-content\/uploads\/2023\/09\/9f9f79e544fb8eb705d18df3c18b9f0a.jpg","articleSection":["Noticias"],"inLanguage":"es"},{"@type":"WebPage","@id":"https:\/\/iraurgiberritzen.eus\/es\/presentacion-de-ayudas-de-la-spri-para-las-empresas-de-urola-erdia\/","url":"https:\/\/iraurgiberritzen.eus\/es\/presentacion-de-ayudas-de-la-spri-para-las-empresas-de-urola-erdia\/","name":"Presentaci\u00f3n de ayudas de la SPRI para las empresas de Urola Erdia - Iraurgi Berritzen","isPartOf":{"@id":"https:\/\/iraurgiberritzen.eus\/es\/#website"},"primaryImageOfPage":{"@id":"https:\/\/iraurgiberritzen.eus\/es\/presentacion-de-ayudas-de-la-spri-para-las-empresas-de-urola-erdia\/#primaryimage"},"image":{"@id":"https:\/\/iraurgiberritzen.eus\/es\/presentacion-de-ayudas-de-la-spri-para-las-empresas-de-urola-erdia\/#primaryimage"},"thumbnailUrl":"https:\/\/iraurgiberritzen.eus\/wp-content\/uploads\/2023\/09\/9f9f79e544fb8eb705d18df3c18b9f0a.jpg","datePublished":"2016-04-19T08:17:33+00:00","breadcrumb":{"@id":"https:\/\/iraurgiberritzen.eus\/es\/presentacion-de-ayudas-de-la-spri-para-las-empresas-de-urola-erdia\/#breadcrumb"},"inLanguage":"es","potentialAction":[{"@type":"ReadAction","target":["https:\/\/iraurgiberritzen.eus\/es\/presentacion-de-ayudas-de-la-spri-para-las-empresas-de-urola-erdia\/"]}]},{"@type":"ImageObject","inLanguage":"es","@id":"https:\/\/iraurgiberritzen.eus\/es\/presentacion-de-ayudas-de-la-spri-para-las-empresas-de-urola-erdia\/#primaryimage","url":"https:\/\/iraurgiberritzen.eus\/wp-content\/uploads\/2023\/09\/9f9f79e544fb8eb705d18df3c18b9f0a.jpg","contentUrl":"https:\/\/iraurgiberritzen.eus\/wp-content\/uploads\/2023\/09\/9f9f79e544fb8eb705d18df3c18b9f0a.jpg","width":600,"height":386},{"@type":"BreadcrumbList","@id":"https:\/\/iraurgiberritzen.eus\/es\/presentacion-de-ayudas-de-la-spri-para-las-empresas-de-urola-erdia\/#breadcrumb","itemListElement":[{"@type":"ListItem","position":1,"name":"Home","item":"https:\/\/iraurgiberritzen.eus\/es\/"},{"@type":"ListItem","position":2,"name":"Presentaci\u00f3n de ayudas de la SPRI para las empresas de Urola Erdia"}]},{"@type":"WebSite","@id":"https:\/\/iraurgiberritzen.eus\/es\/#website","url":"https:\/\/iraurgiberritzen.eus\/es\/","name":"Iraurgi Berritzen","description":"Urola Erdiko Garapen Agentzia","publisher":{"@id":"https:\/\/iraurgiberritzen.eus\/es\/#organization"},"potentialAction":[{"@type":"SearchAction","target":{"@type":"EntryPoint","urlTemplate":"https:\/\/iraurgiberritzen.eus\/es\/?s={search_term_string}"},"query-input":{"@type":"PropertyValueSpecification","valueRequired":true,"valueName":"search_term_string"}}],"inLanguage":"es"},{"@type":"Organization","@id":"https:\/\/iraurgiberritzen.eus\/es\/#organization","name":"Iraurgi Berritzen","url":"https:\/\/iraurgiberritzen.eus\/es\/","logo":{"@type":"ImageObject","inLanguage":"es","@id":"https:\/\/iraurgiberritzen.eus\/es\/#\/schema\/logo\/image\/","url":"https:\/\/iraurgiberritzen.eus\/wp-content\/uploads\/2024\/02\/IRAURGI-BERRITZEN-logotipoa_2.png","contentUrl":"https:\/\/iraurgiberritzen.eus\/wp-content\/uploads\/2024\/02\/IRAURGI-BERRITZEN-logotipoa_2.png","width":496,"height":190,"caption":"Iraurgi Berritzen"},"image":{"@id":"https:\/\/iraurgiberritzen.eus\/es\/#\/schema\/logo\/image\/"}},{"@type":"Person","@id":"https:\/\/iraurgiberritzen.eus\/es\/#\/schema\/person\/5ab41aaf388a9097177601ebf45738d2","name":"kudeatzailea","sameAs":["https:\/\/iraurgiberritzen.eus"]}]}},"_links":{"self":[{"href":"https:\/\/iraurgiberritzen.eus\/es\/wp-json\/wp\/v2\/posts\/11998","targetHints":{"allow":["GET"]}}],"collection":[{"href":"https:\/\/iraurgiberritzen.eus\/es\/wp-json\/wp\/v2\/posts"}],"about":[{"href":"https:\/\/iraurgiberritzen.eus\/es\/wp-json\/wp\/v2\/types\/post"}],"author":[{"embeddable":true,"href":"https:\/\/iraurgiberritzen.eus\/es\/wp-json\/wp\/v2\/users\/1"}],"replies":[{"embeddable":true,"href":"https:\/\/iraurgiberritzen.eus\/es\/wp-json\/wp\/v2\/comments?post=11998"}],"version-history":[{"count":0,"href":"https:\/\/iraurgiberritzen.eus\/es\/wp-json\/wp\/v2\/posts\/11998\/revisions"}],"wp:featuredmedia":[{"embeddable":true,"href":"https:\/\/iraurgiberritzen.eus\/es\/wp-json\/wp\/v2\/media\/17986"}],"wp:attachment":[{"href":"https:\/\/iraurgiberritzen.eus\/es\/wp-json\/wp\/v2\/media?parent=11998"}],"wp:term":[{"taxonomy":"category","embeddable":true,"href":"https:\/\/iraurgiberritzen.eus\/es\/wp-json\/wp\/v2\/categories?post=11998"},{"taxonomy":"post_tag","embeddable":true,"href":"https:\/\/iraurgiberritzen.eus\/es\/wp-json\/wp\/v2\/tags?post=11998"}],"curies":[{"name":"wp","href":"https:\/\/api.w.org\/{rel}","templated":true}]}}