{"id":12004,"date":"2016-05-12T08:55:57","date_gmt":"2016-05-12T06:55:57","guid":{"rendered":"https:\/\/iraurgiberritzen.eus\/encuentro-con-agentes-de-la-comarca-para-impulsar-la-innovacion-social\/"},"modified":"2016-05-12T08:55:57","modified_gmt":"2016-05-12T06:55:57","slug":"encuentro-con-agentes-de-la-comarca-para-impulsar-la-innovacion-social","status":"publish","type":"post","link":"https:\/\/iraurgiberritzen.eus\/es\/encuentro-con-agentes-de-la-comarca-para-impulsar-la-innovacion-social\/","title":{"rendered":"Encuentro con agentes de la comarca para impulsar la innovaci\u00f3n social"},"content":{"rendered":"<p style=\"text-align: justify;\"><strong>En el encuentro, se presentar\u00e1n los resultados de los proyectos evaluados en el proceso Urberritzen, se realizar\u00e1 una reflexi\u00f3n compartida sobre los resultados y se identificar\u00e1n las claves para mejorar la pr\u00e1ctica de la innovaci\u00f3n social.<\/strong><\/p>\n<p style=\"text-align: justify;\">Iraurgi Berritzen puso en marcha hace unos meses el proyecto Urberritzen, para impulsar la innovaci\u00f3n social en las comarcas de Urola Medio y Beterri. El proyecto se est\u00e1 llevando a cabo con la colaboraci\u00f3n de los ayuntamientos de Donostia-Beterri (Beterri) y la consultor\u00eda Elhuyar Aholkularitza.<\/p>\n<p style=\"text-align: justify;\">El principal objetivo de Urberritzen consiste en aumentar la capacidad de innovaci\u00f3n social de los agentes de ambas comarcas y mejorar su coordinaci\u00f3n, con el fin de dar respuestas m\u00e1s adecuadas a los retos sociales del futuro y crear nuevos proyectos en colaboraci\u00f3n.<\/p>\n<p style=\"text-align: justify;\">Durante los meses de marzo y abril, se han evaluado seis proyectos en proceso de desarrollo de la comarca de Urola Medio, para analizar en qu\u00e9 medida son socialmente innovadores. Los proyectos seleccionados para su evaluaci\u00f3n deb\u00edan cumplir algunos de los criterios siguientes: haber sido impulsados por Iraurgi Berritzen u otros agentes sociales, englobar a varios sectores, tratarse de proyectos internos o externos de las entidades, estar gestionados de manera diferente, abarcar m\u00e1s de un \u00e1mbito de actuaci\u00f3n y encontrarse en distintas etapas de desarrollo. Adem\u00e1s, se ha tomado en consideraci\u00f3n el tipo o la naturaleza del proyecto.<\/p>\n<p style=\"text-align: justify;\">En mayo, se realizar\u00e1 un encuentro para dar a conocer los resultados de la evaluaci\u00f3n y describir la capacidad de innovaci\u00f3n social de la comarca, con el fin \u00faltimo de mejorar el impacto social, econ\u00f3mico y medioambiental de los proyectos que se pondr\u00e1n en marcha en el futuro.<\/p>\n<p style=\"text-align: justify;\">El encuentro tendr\u00e1 lugar el <strong>17 de mayo (martes)<\/strong>, de <strong>18:00 a 20:00<\/strong>, en la <strong>sala Oteiza<\/strong> del <strong>centro Elkargunea<\/strong> de <strong>Azkoitia<\/strong>.<\/p>\n<p style=\"text-align: justify;\">Los agentes y las personas interesadas en asistir al encuentro, deben inscribirse antes del 13 de mayo, llamando al 620048897 o enviando un correo electr\u00f3nico a <a href=\"mailto:iabarisketa@iraurgiberritzen.eus\">iabarisketa@iraurgiberritzen.eus<\/a> o <a href=\"mailto:isorazu@iraurgiberritzen.eus\">isorazu@iraurgiberritzen.eus<\/a>.<\/p>\n<p style=\"text-align: justify;\">El proyecto finalizar\u00e1 en junio con una jornada donde se difundir\u00e1 ante la sociedad las ense\u00f1anzas adquiridas a lo largo del proceso Urberritzen.<\/p>\n","protected":false},"excerpt":{"rendered":"<p>En el encuentro, se presentar\u00e1n los resultados de los proyectos evaluados en el proceso Urberritzen, se realizar\u00e1 una reflexi\u00f3n compartida sobre los resultados y se identificar\u00e1n las claves para mejorar la pr\u00e1ctica de la innovaci\u00f3n social. Iraurgi Berritzen puso en marcha hace unos meses el proyecto Urberritzen, para impulsar la innovaci\u00f3n social en las comarcas [&hellip;]<\/p>\n","protected":false},"author":1,"featured_media":17988,"comment_status":"","ping_status":"closed","sticky":false,"template":"","format":"standard","meta":{"_acf_changed":false,"footnotes":""},"categories":[4],"tags":[],"class_list":["post-12004","post","type-post","status-publish","format-standard","has-post-thumbnail","hentry","category-noticias"],"acf":[],"yoast_head":"<!-- This site is optimized with the Yoast SEO plugin v27.4 - https:\/\/yoast.com\/product\/yoast-seo-wordpress\/ -->\n<title>Encuentro con agentes de la comarca para impulsar la innovaci\u00f3n social - Iraurgi Berritzen<\/title>\n<meta name=\"robots\" content=\"index, follow, max-snippet:-1, max-image-preview:large, max-video-preview:-1\" \/>\n<link rel=\"canonical\" href=\"https:\/\/iraurgiberritzen.eus\/es\/encuentro-con-agentes-de-la-comarca-para-impulsar-la-innovacion-social\/\" \/>\n<meta property=\"og:locale\" content=\"es_ES\" \/>\n<meta property=\"og:type\" content=\"article\" \/>\n<meta property=\"og:title\" content=\"Encuentro con agentes de la comarca para impulsar la innovaci\u00f3n social - Iraurgi Berritzen\" \/>\n<meta property=\"og:description\" content=\"En el encuentro, se presentar\u00e1n los resultados de los proyectos evaluados en el proceso Urberritzen, se realizar\u00e1 una reflexi\u00f3n compartida sobre los resultados y se identificar\u00e1n las claves para mejorar la pr\u00e1ctica de la innovaci\u00f3n social. Iraurgi Berritzen puso en marcha hace unos meses el proyecto Urberritzen, para impulsar la innovaci\u00f3n social en las comarcas [&hellip;]\" \/>\n<meta property=\"og:url\" content=\"https:\/\/iraurgiberritzen.eus\/es\/encuentro-con-agentes-de-la-comarca-para-impulsar-la-innovacion-social\/\" \/>\n<meta property=\"og:site_name\" content=\"Iraurgi Berritzen\" \/>\n<meta property=\"article:published_time\" content=\"2016-05-12T06:55:57+00:00\" \/>\n<meta name=\"author\" content=\"kudeatzailea\" \/>\n<meta name=\"twitter:card\" content=\"summary_large_image\" \/>\n<meta name=\"twitter:label1\" content=\"Escrito por\" \/>\n\t<meta name=\"twitter:data1\" content=\"kudeatzailea\" \/>\n\t<meta name=\"twitter:label2\" content=\"Tiempo de lectura\" \/>\n\t<meta name=\"twitter:data2\" content=\"2 minutos\" \/>\n<script type=\"application\/ld+json\" class=\"yoast-schema-graph\">{\"@context\":\"https:\\\/\\\/schema.org\",\"@graph\":[{\"@type\":\"Article\",\"@id\":\"https:\\\/\\\/iraurgiberritzen.eus\\\/es\\\/encuentro-con-agentes-de-la-comarca-para-impulsar-la-innovacion-social\\\/#article\",\"isPartOf\":{\"@id\":\"https:\\\/\\\/iraurgiberritzen.eus\\\/es\\\/encuentro-con-agentes-de-la-comarca-para-impulsar-la-innovacion-social\\\/\"},\"author\":{\"name\":\"kudeatzailea\",\"@id\":\"https:\\\/\\\/iraurgiberritzen.eus\\\/es\\\/#\\\/schema\\\/person\\\/5ab41aaf388a9097177601ebf45738d2\"},\"headline\":\"Encuentro con agentes de la comarca para impulsar la innovaci\u00f3n social\",\"datePublished\":\"2016-05-12T06:55:57+00:00\",\"mainEntityOfPage\":{\"@id\":\"https:\\\/\\\/iraurgiberritzen.eus\\\/es\\\/encuentro-con-agentes-de-la-comarca-para-impulsar-la-innovacion-social\\\/\"},\"wordCount\":379,\"publisher\":{\"@id\":\"https:\\\/\\\/iraurgiberritzen.eus\\\/es\\\/#organization\"},\"image\":{\"@id\":\"https:\\\/\\\/iraurgiberritzen.eus\\\/es\\\/encuentro-con-agentes-de-la-comarca-para-impulsar-la-innovacion-social\\\/#primaryimage\"},\"thumbnailUrl\":\"https:\\\/\\\/iraurgiberritzen.eus\\\/wp-content\\\/uploads\\\/2023\\\/09\\\/e071acc32c7e4befc3022bf1715b6773.jpg\",\"articleSection\":[\"Noticias\"],\"inLanguage\":\"es\"},{\"@type\":\"WebPage\",\"@id\":\"https:\\\/\\\/iraurgiberritzen.eus\\\/es\\\/encuentro-con-agentes-de-la-comarca-para-impulsar-la-innovacion-social\\\/\",\"url\":\"https:\\\/\\\/iraurgiberritzen.eus\\\/es\\\/encuentro-con-agentes-de-la-comarca-para-impulsar-la-innovacion-social\\\/\",\"name\":\"Encuentro con agentes de la comarca para impulsar la innovaci\u00f3n social - Iraurgi Berritzen\",\"isPartOf\":{\"@id\":\"https:\\\/\\\/iraurgiberritzen.eus\\\/es\\\/#website\"},\"primaryImageOfPage\":{\"@id\":\"https:\\\/\\\/iraurgiberritzen.eus\\\/es\\\/encuentro-con-agentes-de-la-comarca-para-impulsar-la-innovacion-social\\\/#primaryimage\"},\"image\":{\"@id\":\"https:\\\/\\\/iraurgiberritzen.eus\\\/es\\\/encuentro-con-agentes-de-la-comarca-para-impulsar-la-innovacion-social\\\/#primaryimage\"},\"thumbnailUrl\":\"https:\\\/\\\/iraurgiberritzen.eus\\\/wp-content\\\/uploads\\\/2023\\\/09\\\/e071acc32c7e4befc3022bf1715b6773.jpg\",\"datePublished\":\"2016-05-12T06:55:57+00:00\",\"breadcrumb\":{\"@id\":\"https:\\\/\\\/iraurgiberritzen.eus\\\/es\\\/encuentro-con-agentes-de-la-comarca-para-impulsar-la-innovacion-social\\\/#breadcrumb\"},\"inLanguage\":\"es\",\"potentialAction\":[{\"@type\":\"ReadAction\",\"target\":[\"https:\\\/\\\/iraurgiberritzen.eus\\\/es\\\/encuentro-con-agentes-de-la-comarca-para-impulsar-la-innovacion-social\\\/\"]}]},{\"@type\":\"ImageObject\",\"inLanguage\":\"es\",\"@id\":\"https:\\\/\\\/iraurgiberritzen.eus\\\/es\\\/encuentro-con-agentes-de-la-comarca-para-impulsar-la-innovacion-social\\\/#primaryimage\",\"url\":\"https:\\\/\\\/iraurgiberritzen.eus\\\/wp-content\\\/uploads\\\/2023\\\/09\\\/e071acc32c7e4befc3022bf1715b6773.jpg\",\"contentUrl\":\"https:\\\/\\\/iraurgiberritzen.eus\\\/wp-content\\\/uploads\\\/2023\\\/09\\\/e071acc32c7e4befc3022bf1715b6773.jpg\",\"width\":600,\"height\":386},{\"@type\":\"BreadcrumbList\",\"@id\":\"https:\\\/\\\/iraurgiberritzen.eus\\\/es\\\/encuentro-con-agentes-de-la-comarca-para-impulsar-la-innovacion-social\\\/#breadcrumb\",\"itemListElement\":[{\"@type\":\"ListItem\",\"position\":1,\"name\":\"Home\",\"item\":\"https:\\\/\\\/iraurgiberritzen.eus\\\/es\\\/\"},{\"@type\":\"ListItem\",\"position\":2,\"name\":\"Encuentro con agentes de la comarca para impulsar la innovaci\u00f3n social\"}]},{\"@type\":\"WebSite\",\"@id\":\"https:\\\/\\\/iraurgiberritzen.eus\\\/es\\\/#website\",\"url\":\"https:\\\/\\\/iraurgiberritzen.eus\\\/es\\\/\",\"name\":\"Iraurgi Berritzen\",\"description\":\"Urola Erdiko Garapen Agentzia\",\"publisher\":{\"@id\":\"https:\\\/\\\/iraurgiberritzen.eus\\\/es\\\/#organization\"},\"potentialAction\":[{\"@type\":\"SearchAction\",\"target\":{\"@type\":\"EntryPoint\",\"urlTemplate\":\"https:\\\/\\\/iraurgiberritzen.eus\\\/es\\\/?s={search_term_string}\"},\"query-input\":{\"@type\":\"PropertyValueSpecification\",\"valueRequired\":true,\"valueName\":\"search_term_string\"}}],\"inLanguage\":\"es\"},{\"@type\":\"Organization\",\"@id\":\"https:\\\/\\\/iraurgiberritzen.eus\\\/es\\\/#organization\",\"name\":\"Iraurgi Berritzen\",\"url\":\"https:\\\/\\\/iraurgiberritzen.eus\\\/es\\\/\",\"logo\":{\"@type\":\"ImageObject\",\"inLanguage\":\"es\",\"@id\":\"https:\\\/\\\/iraurgiberritzen.eus\\\/es\\\/#\\\/schema\\\/logo\\\/image\\\/\",\"url\":\"https:\\\/\\\/iraurgiberritzen.eus\\\/wp-content\\\/uploads\\\/2024\\\/02\\\/IRAURGI-BERRITZEN-logotipoa_2.png\",\"contentUrl\":\"https:\\\/\\\/iraurgiberritzen.eus\\\/wp-content\\\/uploads\\\/2024\\\/02\\\/IRAURGI-BERRITZEN-logotipoa_2.png\",\"width\":496,\"height\":190,\"caption\":\"Iraurgi Berritzen\"},\"image\":{\"@id\":\"https:\\\/\\\/iraurgiberritzen.eus\\\/es\\\/#\\\/schema\\\/logo\\\/image\\\/\"}},{\"@type\":\"Person\",\"@id\":\"https:\\\/\\\/iraurgiberritzen.eus\\\/es\\\/#\\\/schema\\\/person\\\/5ab41aaf388a9097177601ebf45738d2\",\"name\":\"kudeatzailea\",\"sameAs\":[\"https:\\\/\\\/iraurgiberritzen.eus\"]}]}<\/script>\n<!-- \/ Yoast SEO plugin. -->","yoast_head_json":{"title":"Encuentro con agentes de la comarca para impulsar la innovaci\u00f3n social - Iraurgi Berritzen","robots":{"index":"index","follow":"follow","max-snippet":"max-snippet:-1","max-image-preview":"max-image-preview:large","max-video-preview":"max-video-preview:-1"},"canonical":"https:\/\/iraurgiberritzen.eus\/es\/encuentro-con-agentes-de-la-comarca-para-impulsar-la-innovacion-social\/","og_locale":"es_ES","og_type":"article","og_title":"Encuentro con agentes de la comarca para impulsar la innovaci\u00f3n social - Iraurgi Berritzen","og_description":"En el encuentro, se presentar\u00e1n los resultados de los proyectos evaluados en el proceso Urberritzen, se realizar\u00e1 una reflexi\u00f3n compartida sobre los resultados y se identificar\u00e1n las claves para mejorar la pr\u00e1ctica de la innovaci\u00f3n social. Iraurgi Berritzen puso en marcha hace unos meses el proyecto Urberritzen, para impulsar la innovaci\u00f3n social en las comarcas [&hellip;]","og_url":"https:\/\/iraurgiberritzen.eus\/es\/encuentro-con-agentes-de-la-comarca-para-impulsar-la-innovacion-social\/","og_site_name":"Iraurgi Berritzen","article_published_time":"2016-05-12T06:55:57+00:00","author":"kudeatzailea","twitter_card":"summary_large_image","twitter_misc":{"Escrito por":"kudeatzailea","Tiempo de lectura":"2 minutos"},"schema":{"@context":"https:\/\/schema.org","@graph":[{"@type":"Article","@id":"https:\/\/iraurgiberritzen.eus\/es\/encuentro-con-agentes-de-la-comarca-para-impulsar-la-innovacion-social\/#article","isPartOf":{"@id":"https:\/\/iraurgiberritzen.eus\/es\/encuentro-con-agentes-de-la-comarca-para-impulsar-la-innovacion-social\/"},"author":{"name":"kudeatzailea","@id":"https:\/\/iraurgiberritzen.eus\/es\/#\/schema\/person\/5ab41aaf388a9097177601ebf45738d2"},"headline":"Encuentro con agentes de la comarca para impulsar la innovaci\u00f3n social","datePublished":"2016-05-12T06:55:57+00:00","mainEntityOfPage":{"@id":"https:\/\/iraurgiberritzen.eus\/es\/encuentro-con-agentes-de-la-comarca-para-impulsar-la-innovacion-social\/"},"wordCount":379,"publisher":{"@id":"https:\/\/iraurgiberritzen.eus\/es\/#organization"},"image":{"@id":"https:\/\/iraurgiberritzen.eus\/es\/encuentro-con-agentes-de-la-comarca-para-impulsar-la-innovacion-social\/#primaryimage"},"thumbnailUrl":"https:\/\/iraurgiberritzen.eus\/wp-content\/uploads\/2023\/09\/e071acc32c7e4befc3022bf1715b6773.jpg","articleSection":["Noticias"],"inLanguage":"es"},{"@type":"WebPage","@id":"https:\/\/iraurgiberritzen.eus\/es\/encuentro-con-agentes-de-la-comarca-para-impulsar-la-innovacion-social\/","url":"https:\/\/iraurgiberritzen.eus\/es\/encuentro-con-agentes-de-la-comarca-para-impulsar-la-innovacion-social\/","name":"Encuentro con agentes de la comarca para impulsar la innovaci\u00f3n social - Iraurgi Berritzen","isPartOf":{"@id":"https:\/\/iraurgiberritzen.eus\/es\/#website"},"primaryImageOfPage":{"@id":"https:\/\/iraurgiberritzen.eus\/es\/encuentro-con-agentes-de-la-comarca-para-impulsar-la-innovacion-social\/#primaryimage"},"image":{"@id":"https:\/\/iraurgiberritzen.eus\/es\/encuentro-con-agentes-de-la-comarca-para-impulsar-la-innovacion-social\/#primaryimage"},"thumbnailUrl":"https:\/\/iraurgiberritzen.eus\/wp-content\/uploads\/2023\/09\/e071acc32c7e4befc3022bf1715b6773.jpg","datePublished":"2016-05-12T06:55:57+00:00","breadcrumb":{"@id":"https:\/\/iraurgiberritzen.eus\/es\/encuentro-con-agentes-de-la-comarca-para-impulsar-la-innovacion-social\/#breadcrumb"},"inLanguage":"es","potentialAction":[{"@type":"ReadAction","target":["https:\/\/iraurgiberritzen.eus\/es\/encuentro-con-agentes-de-la-comarca-para-impulsar-la-innovacion-social\/"]}]},{"@type":"ImageObject","inLanguage":"es","@id":"https:\/\/iraurgiberritzen.eus\/es\/encuentro-con-agentes-de-la-comarca-para-impulsar-la-innovacion-social\/#primaryimage","url":"https:\/\/iraurgiberritzen.eus\/wp-content\/uploads\/2023\/09\/e071acc32c7e4befc3022bf1715b6773.jpg","contentUrl":"https:\/\/iraurgiberritzen.eus\/wp-content\/uploads\/2023\/09\/e071acc32c7e4befc3022bf1715b6773.jpg","width":600,"height":386},{"@type":"BreadcrumbList","@id":"https:\/\/iraurgiberritzen.eus\/es\/encuentro-con-agentes-de-la-comarca-para-impulsar-la-innovacion-social\/#breadcrumb","itemListElement":[{"@type":"ListItem","position":1,"name":"Home","item":"https:\/\/iraurgiberritzen.eus\/es\/"},{"@type":"ListItem","position":2,"name":"Encuentro con agentes de la comarca para impulsar la innovaci\u00f3n social"}]},{"@type":"WebSite","@id":"https:\/\/iraurgiberritzen.eus\/es\/#website","url":"https:\/\/iraurgiberritzen.eus\/es\/","name":"Iraurgi Berritzen","description":"Urola Erdiko Garapen Agentzia","publisher":{"@id":"https:\/\/iraurgiberritzen.eus\/es\/#organization"},"potentialAction":[{"@type":"SearchAction","target":{"@type":"EntryPoint","urlTemplate":"https:\/\/iraurgiberritzen.eus\/es\/?s={search_term_string}"},"query-input":{"@type":"PropertyValueSpecification","valueRequired":true,"valueName":"search_term_string"}}],"inLanguage":"es"},{"@type":"Organization","@id":"https:\/\/iraurgiberritzen.eus\/es\/#organization","name":"Iraurgi Berritzen","url":"https:\/\/iraurgiberritzen.eus\/es\/","logo":{"@type":"ImageObject","inLanguage":"es","@id":"https:\/\/iraurgiberritzen.eus\/es\/#\/schema\/logo\/image\/","url":"https:\/\/iraurgiberritzen.eus\/wp-content\/uploads\/2024\/02\/IRAURGI-BERRITZEN-logotipoa_2.png","contentUrl":"https:\/\/iraurgiberritzen.eus\/wp-content\/uploads\/2024\/02\/IRAURGI-BERRITZEN-logotipoa_2.png","width":496,"height":190,"caption":"Iraurgi Berritzen"},"image":{"@id":"https:\/\/iraurgiberritzen.eus\/es\/#\/schema\/logo\/image\/"}},{"@type":"Person","@id":"https:\/\/iraurgiberritzen.eus\/es\/#\/schema\/person\/5ab41aaf388a9097177601ebf45738d2","name":"kudeatzailea","sameAs":["https:\/\/iraurgiberritzen.eus"]}]}},"_links":{"self":[{"href":"https:\/\/iraurgiberritzen.eus\/es\/wp-json\/wp\/v2\/posts\/12004","targetHints":{"allow":["GET"]}}],"collection":[{"href":"https:\/\/iraurgiberritzen.eus\/es\/wp-json\/wp\/v2\/posts"}],"about":[{"href":"https:\/\/iraurgiberritzen.eus\/es\/wp-json\/wp\/v2\/types\/post"}],"author":[{"embeddable":true,"href":"https:\/\/iraurgiberritzen.eus\/es\/wp-json\/wp\/v2\/users\/1"}],"replies":[{"embeddable":true,"href":"https:\/\/iraurgiberritzen.eus\/es\/wp-json\/wp\/v2\/comments?post=12004"}],"version-history":[{"count":0,"href":"https:\/\/iraurgiberritzen.eus\/es\/wp-json\/wp\/v2\/posts\/12004\/revisions"}],"wp:featuredmedia":[{"embeddable":true,"href":"https:\/\/iraurgiberritzen.eus\/es\/wp-json\/wp\/v2\/media\/17988"}],"wp:attachment":[{"href":"https:\/\/iraurgiberritzen.eus\/es\/wp-json\/wp\/v2\/media?parent=12004"}],"wp:term":[{"taxonomy":"category","embeddable":true,"href":"https:\/\/iraurgiberritzen.eus\/es\/wp-json\/wp\/v2\/categories?post=12004"},{"taxonomy":"post_tag","embeddable":true,"href":"https:\/\/iraurgiberritzen.eus\/es\/wp-json\/wp\/v2\/tags?post=12004"}],"curies":[{"name":"wp","href":"https:\/\/api.w.org\/{rel}","templated":true}]}}