{"id":12010,"date":"2016-05-17T10:49:11","date_gmt":"2016-05-17T08:49:11","guid":{"rendered":"https:\/\/iraurgiberritzen.eus\/impulsando-experiencias-de-la-empresa-participativa-en-urola-erdia\/"},"modified":"2016-05-17T10:49:11","modified_gmt":"2016-05-17T08:49:11","slug":"impulsando-experiencias-de-la-empresa-participativa-en-urola-erdia","status":"publish","type":"post","link":"https:\/\/iraurgiberritzen.eus\/es\/impulsando-experiencias-de-la-empresa-participativa-en-urola-erdia\/","title":{"rendered":"Impulsando experiencias de la Empresa Participativa en Urola Erdia"},"content":{"rendered":"<p style=\"text-align: justify;\">En los \u00faltimos a\u00f1os la comarca de Urola Erdia se ha visto afectada por la crisis econ\u00f3mica, cuyas principales consecuencias negativas se han observado en t\u00e9rminos de empleo, competitividad empresarial y conflictividad laboral y social.<\/p>\n<p style=\"text-align: justify;\">Entre otras l\u00edneas de trabajo, desde Iraurgi Berritzen, dentro del marco del proyecto Enprestuz, en colaboraci\u00f3n con Dinamikak y B+I Strategi y financiado por la Diputaci\u00f3n Foral de Gipuzkoa, se est\u00e1 trabajando con las empresas de Urola Erdia en el contexto de empresa participativa, impulsando procesos de participaci\u00f3n de sus trabajadores\/as, como consecuencia de diferentes situaciones o necesidades.<\/p>\n<p style=\"text-align: justify;\">Es por ello que, invitamos a todas las empresas a la jornada que se va a realizar el pr\u00f3ximo martes 24 de Mayo de 15:00 a 17:00 horas en el Palacio Intsausti de Azkoitia con el objetivo de conocer de primera mano las experiencias y vivencias de varios procesos de participaci\u00f3n impulsados desde Iraurgi Berritzen y llevados a cabo por peque\u00f1as empresas de Urola Erdia; Berritek SL, Ekintza Lantegia SA, Kimu-Bat SLL, Tecnicur Curvados y Mecanizados SLL, as\u00ed como por la propia Iraurgi Berritzen, compartiendo con sus protagonistas los \u00abporqu\u00e9s\u00bb y los \u00abc\u00f3mos\u00bb<\/p>\n<p style=\"text-align: justify;\">Para m\u00e1s informaci\u00f3n e inscripci\u00f3n <a href=\"mailto:jvalverde@iraurgiberritzen.eus\">jvalverde@iraurgiberritzen.eus<\/a> o <a href=\"mailto:iabarisketa@iraurgiberritzen.eus\">iabarisketa@iraurgiberritzen.eus<\/a>, o en el tel\u00e9fono 943 026069<\/p>\n","protected":false},"excerpt":{"rendered":"<p>En los \u00faltimos a\u00f1os la comarca de Urola Erdia se ha visto afectada por la crisis econ\u00f3mica, cuyas principales consecuencias negativas se han observado en t\u00e9rminos de empleo, competitividad empresarial y conflictividad laboral y social. Entre otras l\u00edneas de trabajo, desde Iraurgi Berritzen, dentro del marco del proyecto Enprestuz, en colaboraci\u00f3n con Dinamikak y B+I [&hellip;]<\/p>\n","protected":false},"author":1,"featured_media":17990,"comment_status":"","ping_status":"closed","sticky":false,"template":"","format":"standard","meta":{"_acf_changed":false,"footnotes":""},"categories":[4],"tags":[],"class_list":["post-12010","post","type-post","status-publish","format-standard","has-post-thumbnail","hentry","category-noticias"],"acf":[],"yoast_head":"<!-- This site is optimized with the Yoast SEO plugin v27.4 - https:\/\/yoast.com\/product\/yoast-seo-wordpress\/ -->\n<title>Impulsando experiencias de la Empresa Participativa en Urola Erdia - Iraurgi Berritzen<\/title>\n<meta name=\"robots\" content=\"index, follow, max-snippet:-1, max-image-preview:large, max-video-preview:-1\" \/>\n<link rel=\"canonical\" href=\"https:\/\/iraurgiberritzen.eus\/es\/impulsando-experiencias-de-la-empresa-participativa-en-urola-erdia\/\" \/>\n<meta property=\"og:locale\" content=\"es_ES\" \/>\n<meta property=\"og:type\" content=\"article\" \/>\n<meta property=\"og:title\" content=\"Impulsando experiencias de la Empresa Participativa en Urola Erdia - Iraurgi Berritzen\" \/>\n<meta property=\"og:description\" content=\"En los \u00faltimos a\u00f1os la comarca de Urola Erdia se ha visto afectada por la crisis econ\u00f3mica, cuyas principales consecuencias negativas se han observado en t\u00e9rminos de empleo, competitividad empresarial y conflictividad laboral y social. Entre otras l\u00edneas de trabajo, desde Iraurgi Berritzen, dentro del marco del proyecto Enprestuz, en colaboraci\u00f3n con Dinamikak y B+I [&hellip;]\" \/>\n<meta property=\"og:url\" content=\"https:\/\/iraurgiberritzen.eus\/es\/impulsando-experiencias-de-la-empresa-participativa-en-urola-erdia\/\" \/>\n<meta property=\"og:site_name\" content=\"Iraurgi Berritzen\" \/>\n<meta property=\"article:published_time\" content=\"2016-05-17T08:49:11+00:00\" \/>\n<meta name=\"author\" content=\"kudeatzailea\" \/>\n<meta name=\"twitter:card\" content=\"summary_large_image\" \/>\n<meta name=\"twitter:label1\" content=\"Escrito por\" \/>\n\t<meta name=\"twitter:data1\" content=\"kudeatzailea\" \/>\n\t<meta name=\"twitter:label2\" content=\"Tiempo de lectura\" \/>\n\t<meta name=\"twitter:data2\" content=\"1 minuto\" \/>\n<script type=\"application\/ld+json\" class=\"yoast-schema-graph\">{\"@context\":\"https:\\\/\\\/schema.org\",\"@graph\":[{\"@type\":\"Article\",\"@id\":\"https:\\\/\\\/iraurgiberritzen.eus\\\/es\\\/impulsando-experiencias-de-la-empresa-participativa-en-urola-erdia\\\/#article\",\"isPartOf\":{\"@id\":\"https:\\\/\\\/iraurgiberritzen.eus\\\/es\\\/impulsando-experiencias-de-la-empresa-participativa-en-urola-erdia\\\/\"},\"author\":{\"name\":\"kudeatzailea\",\"@id\":\"https:\\\/\\\/iraurgiberritzen.eus\\\/es\\\/#\\\/schema\\\/person\\\/5ab41aaf388a9097177601ebf45738d2\"},\"headline\":\"Impulsando experiencias de la Empresa Participativa en Urola Erdia\",\"datePublished\":\"2016-05-17T08:49:11+00:00\",\"mainEntityOfPage\":{\"@id\":\"https:\\\/\\\/iraurgiberritzen.eus\\\/es\\\/impulsando-experiencias-de-la-empresa-participativa-en-urola-erdia\\\/\"},\"wordCount\":226,\"publisher\":{\"@id\":\"https:\\\/\\\/iraurgiberritzen.eus\\\/es\\\/#organization\"},\"image\":{\"@id\":\"https:\\\/\\\/iraurgiberritzen.eus\\\/es\\\/impulsando-experiencias-de-la-empresa-participativa-en-urola-erdia\\\/#primaryimage\"},\"thumbnailUrl\":\"https:\\\/\\\/iraurgiberritzen.eus\\\/wp-content\\\/uploads\\\/2023\\\/09\\\/cdbf366d9f51982d2973fefc5c0ec9b1.jpg\",\"articleSection\":[\"Noticias\"],\"inLanguage\":\"es\"},{\"@type\":\"WebPage\",\"@id\":\"https:\\\/\\\/iraurgiberritzen.eus\\\/es\\\/impulsando-experiencias-de-la-empresa-participativa-en-urola-erdia\\\/\",\"url\":\"https:\\\/\\\/iraurgiberritzen.eus\\\/es\\\/impulsando-experiencias-de-la-empresa-participativa-en-urola-erdia\\\/\",\"name\":\"Impulsando experiencias de la Empresa Participativa en Urola Erdia - Iraurgi Berritzen\",\"isPartOf\":{\"@id\":\"https:\\\/\\\/iraurgiberritzen.eus\\\/es\\\/#website\"},\"primaryImageOfPage\":{\"@id\":\"https:\\\/\\\/iraurgiberritzen.eus\\\/es\\\/impulsando-experiencias-de-la-empresa-participativa-en-urola-erdia\\\/#primaryimage\"},\"image\":{\"@id\":\"https:\\\/\\\/iraurgiberritzen.eus\\\/es\\\/impulsando-experiencias-de-la-empresa-participativa-en-urola-erdia\\\/#primaryimage\"},\"thumbnailUrl\":\"https:\\\/\\\/iraurgiberritzen.eus\\\/wp-content\\\/uploads\\\/2023\\\/09\\\/cdbf366d9f51982d2973fefc5c0ec9b1.jpg\",\"datePublished\":\"2016-05-17T08:49:11+00:00\",\"breadcrumb\":{\"@id\":\"https:\\\/\\\/iraurgiberritzen.eus\\\/es\\\/impulsando-experiencias-de-la-empresa-participativa-en-urola-erdia\\\/#breadcrumb\"},\"inLanguage\":\"es\",\"potentialAction\":[{\"@type\":\"ReadAction\",\"target\":[\"https:\\\/\\\/iraurgiberritzen.eus\\\/es\\\/impulsando-experiencias-de-la-empresa-participativa-en-urola-erdia\\\/\"]}]},{\"@type\":\"ImageObject\",\"inLanguage\":\"es\",\"@id\":\"https:\\\/\\\/iraurgiberritzen.eus\\\/es\\\/impulsando-experiencias-de-la-empresa-participativa-en-urola-erdia\\\/#primaryimage\",\"url\":\"https:\\\/\\\/iraurgiberritzen.eus\\\/wp-content\\\/uploads\\\/2023\\\/09\\\/cdbf366d9f51982d2973fefc5c0ec9b1.jpg\",\"contentUrl\":\"https:\\\/\\\/iraurgiberritzen.eus\\\/wp-content\\\/uploads\\\/2023\\\/09\\\/cdbf366d9f51982d2973fefc5c0ec9b1.jpg\",\"width\":600,\"height\":386},{\"@type\":\"BreadcrumbList\",\"@id\":\"https:\\\/\\\/iraurgiberritzen.eus\\\/es\\\/impulsando-experiencias-de-la-empresa-participativa-en-urola-erdia\\\/#breadcrumb\",\"itemListElement\":[{\"@type\":\"ListItem\",\"position\":1,\"name\":\"Home\",\"item\":\"https:\\\/\\\/iraurgiberritzen.eus\\\/es\\\/\"},{\"@type\":\"ListItem\",\"position\":2,\"name\":\"Impulsando experiencias de la Empresa Participativa en Urola Erdia\"}]},{\"@type\":\"WebSite\",\"@id\":\"https:\\\/\\\/iraurgiberritzen.eus\\\/es\\\/#website\",\"url\":\"https:\\\/\\\/iraurgiberritzen.eus\\\/es\\\/\",\"name\":\"Iraurgi Berritzen\",\"description\":\"Urola Erdiko Garapen Agentzia\",\"publisher\":{\"@id\":\"https:\\\/\\\/iraurgiberritzen.eus\\\/es\\\/#organization\"},\"potentialAction\":[{\"@type\":\"SearchAction\",\"target\":{\"@type\":\"EntryPoint\",\"urlTemplate\":\"https:\\\/\\\/iraurgiberritzen.eus\\\/es\\\/?s={search_term_string}\"},\"query-input\":{\"@type\":\"PropertyValueSpecification\",\"valueRequired\":true,\"valueName\":\"search_term_string\"}}],\"inLanguage\":\"es\"},{\"@type\":\"Organization\",\"@id\":\"https:\\\/\\\/iraurgiberritzen.eus\\\/es\\\/#organization\",\"name\":\"Iraurgi Berritzen\",\"url\":\"https:\\\/\\\/iraurgiberritzen.eus\\\/es\\\/\",\"logo\":{\"@type\":\"ImageObject\",\"inLanguage\":\"es\",\"@id\":\"https:\\\/\\\/iraurgiberritzen.eus\\\/es\\\/#\\\/schema\\\/logo\\\/image\\\/\",\"url\":\"https:\\\/\\\/iraurgiberritzen.eus\\\/wp-content\\\/uploads\\\/2024\\\/02\\\/IRAURGI-BERRITZEN-logotipoa_2.png\",\"contentUrl\":\"https:\\\/\\\/iraurgiberritzen.eus\\\/wp-content\\\/uploads\\\/2024\\\/02\\\/IRAURGI-BERRITZEN-logotipoa_2.png\",\"width\":496,\"height\":190,\"caption\":\"Iraurgi Berritzen\"},\"image\":{\"@id\":\"https:\\\/\\\/iraurgiberritzen.eus\\\/es\\\/#\\\/schema\\\/logo\\\/image\\\/\"}},{\"@type\":\"Person\",\"@id\":\"https:\\\/\\\/iraurgiberritzen.eus\\\/es\\\/#\\\/schema\\\/person\\\/5ab41aaf388a9097177601ebf45738d2\",\"name\":\"kudeatzailea\",\"sameAs\":[\"https:\\\/\\\/iraurgiberritzen.eus\"]}]}<\/script>\n<!-- \/ Yoast SEO plugin. -->","yoast_head_json":{"title":"Impulsando experiencias de la Empresa Participativa en Urola Erdia - Iraurgi Berritzen","robots":{"index":"index","follow":"follow","max-snippet":"max-snippet:-1","max-image-preview":"max-image-preview:large","max-video-preview":"max-video-preview:-1"},"canonical":"https:\/\/iraurgiberritzen.eus\/es\/impulsando-experiencias-de-la-empresa-participativa-en-urola-erdia\/","og_locale":"es_ES","og_type":"article","og_title":"Impulsando experiencias de la Empresa Participativa en Urola Erdia - Iraurgi Berritzen","og_description":"En los \u00faltimos a\u00f1os la comarca de Urola Erdia se ha visto afectada por la crisis econ\u00f3mica, cuyas principales consecuencias negativas se han observado en t\u00e9rminos de empleo, competitividad empresarial y conflictividad laboral y social. Entre otras l\u00edneas de trabajo, desde Iraurgi Berritzen, dentro del marco del proyecto Enprestuz, en colaboraci\u00f3n con Dinamikak y B+I [&hellip;]","og_url":"https:\/\/iraurgiberritzen.eus\/es\/impulsando-experiencias-de-la-empresa-participativa-en-urola-erdia\/","og_site_name":"Iraurgi Berritzen","article_published_time":"2016-05-17T08:49:11+00:00","author":"kudeatzailea","twitter_card":"summary_large_image","twitter_misc":{"Escrito por":"kudeatzailea","Tiempo de lectura":"1 minuto"},"schema":{"@context":"https:\/\/schema.org","@graph":[{"@type":"Article","@id":"https:\/\/iraurgiberritzen.eus\/es\/impulsando-experiencias-de-la-empresa-participativa-en-urola-erdia\/#article","isPartOf":{"@id":"https:\/\/iraurgiberritzen.eus\/es\/impulsando-experiencias-de-la-empresa-participativa-en-urola-erdia\/"},"author":{"name":"kudeatzailea","@id":"https:\/\/iraurgiberritzen.eus\/es\/#\/schema\/person\/5ab41aaf388a9097177601ebf45738d2"},"headline":"Impulsando experiencias de la Empresa Participativa en Urola Erdia","datePublished":"2016-05-17T08:49:11+00:00","mainEntityOfPage":{"@id":"https:\/\/iraurgiberritzen.eus\/es\/impulsando-experiencias-de-la-empresa-participativa-en-urola-erdia\/"},"wordCount":226,"publisher":{"@id":"https:\/\/iraurgiberritzen.eus\/es\/#organization"},"image":{"@id":"https:\/\/iraurgiberritzen.eus\/es\/impulsando-experiencias-de-la-empresa-participativa-en-urola-erdia\/#primaryimage"},"thumbnailUrl":"https:\/\/iraurgiberritzen.eus\/wp-content\/uploads\/2023\/09\/cdbf366d9f51982d2973fefc5c0ec9b1.jpg","articleSection":["Noticias"],"inLanguage":"es"},{"@type":"WebPage","@id":"https:\/\/iraurgiberritzen.eus\/es\/impulsando-experiencias-de-la-empresa-participativa-en-urola-erdia\/","url":"https:\/\/iraurgiberritzen.eus\/es\/impulsando-experiencias-de-la-empresa-participativa-en-urola-erdia\/","name":"Impulsando experiencias de la Empresa Participativa en Urola Erdia - Iraurgi Berritzen","isPartOf":{"@id":"https:\/\/iraurgiberritzen.eus\/es\/#website"},"primaryImageOfPage":{"@id":"https:\/\/iraurgiberritzen.eus\/es\/impulsando-experiencias-de-la-empresa-participativa-en-urola-erdia\/#primaryimage"},"image":{"@id":"https:\/\/iraurgiberritzen.eus\/es\/impulsando-experiencias-de-la-empresa-participativa-en-urola-erdia\/#primaryimage"},"thumbnailUrl":"https:\/\/iraurgiberritzen.eus\/wp-content\/uploads\/2023\/09\/cdbf366d9f51982d2973fefc5c0ec9b1.jpg","datePublished":"2016-05-17T08:49:11+00:00","breadcrumb":{"@id":"https:\/\/iraurgiberritzen.eus\/es\/impulsando-experiencias-de-la-empresa-participativa-en-urola-erdia\/#breadcrumb"},"inLanguage":"es","potentialAction":[{"@type":"ReadAction","target":["https:\/\/iraurgiberritzen.eus\/es\/impulsando-experiencias-de-la-empresa-participativa-en-urola-erdia\/"]}]},{"@type":"ImageObject","inLanguage":"es","@id":"https:\/\/iraurgiberritzen.eus\/es\/impulsando-experiencias-de-la-empresa-participativa-en-urola-erdia\/#primaryimage","url":"https:\/\/iraurgiberritzen.eus\/wp-content\/uploads\/2023\/09\/cdbf366d9f51982d2973fefc5c0ec9b1.jpg","contentUrl":"https:\/\/iraurgiberritzen.eus\/wp-content\/uploads\/2023\/09\/cdbf366d9f51982d2973fefc5c0ec9b1.jpg","width":600,"height":386},{"@type":"BreadcrumbList","@id":"https:\/\/iraurgiberritzen.eus\/es\/impulsando-experiencias-de-la-empresa-participativa-en-urola-erdia\/#breadcrumb","itemListElement":[{"@type":"ListItem","position":1,"name":"Home","item":"https:\/\/iraurgiberritzen.eus\/es\/"},{"@type":"ListItem","position":2,"name":"Impulsando experiencias de la Empresa Participativa en Urola Erdia"}]},{"@type":"WebSite","@id":"https:\/\/iraurgiberritzen.eus\/es\/#website","url":"https:\/\/iraurgiberritzen.eus\/es\/","name":"Iraurgi Berritzen","description":"Urola Erdiko Garapen Agentzia","publisher":{"@id":"https:\/\/iraurgiberritzen.eus\/es\/#organization"},"potentialAction":[{"@type":"SearchAction","target":{"@type":"EntryPoint","urlTemplate":"https:\/\/iraurgiberritzen.eus\/es\/?s={search_term_string}"},"query-input":{"@type":"PropertyValueSpecification","valueRequired":true,"valueName":"search_term_string"}}],"inLanguage":"es"},{"@type":"Organization","@id":"https:\/\/iraurgiberritzen.eus\/es\/#organization","name":"Iraurgi Berritzen","url":"https:\/\/iraurgiberritzen.eus\/es\/","logo":{"@type":"ImageObject","inLanguage":"es","@id":"https:\/\/iraurgiberritzen.eus\/es\/#\/schema\/logo\/image\/","url":"https:\/\/iraurgiberritzen.eus\/wp-content\/uploads\/2024\/02\/IRAURGI-BERRITZEN-logotipoa_2.png","contentUrl":"https:\/\/iraurgiberritzen.eus\/wp-content\/uploads\/2024\/02\/IRAURGI-BERRITZEN-logotipoa_2.png","width":496,"height":190,"caption":"Iraurgi Berritzen"},"image":{"@id":"https:\/\/iraurgiberritzen.eus\/es\/#\/schema\/logo\/image\/"}},{"@type":"Person","@id":"https:\/\/iraurgiberritzen.eus\/es\/#\/schema\/person\/5ab41aaf388a9097177601ebf45738d2","name":"kudeatzailea","sameAs":["https:\/\/iraurgiberritzen.eus"]}]}},"_links":{"self":[{"href":"https:\/\/iraurgiberritzen.eus\/es\/wp-json\/wp\/v2\/posts\/12010","targetHints":{"allow":["GET"]}}],"collection":[{"href":"https:\/\/iraurgiberritzen.eus\/es\/wp-json\/wp\/v2\/posts"}],"about":[{"href":"https:\/\/iraurgiberritzen.eus\/es\/wp-json\/wp\/v2\/types\/post"}],"author":[{"embeddable":true,"href":"https:\/\/iraurgiberritzen.eus\/es\/wp-json\/wp\/v2\/users\/1"}],"replies":[{"embeddable":true,"href":"https:\/\/iraurgiberritzen.eus\/es\/wp-json\/wp\/v2\/comments?post=12010"}],"version-history":[{"count":0,"href":"https:\/\/iraurgiberritzen.eus\/es\/wp-json\/wp\/v2\/posts\/12010\/revisions"}],"wp:featuredmedia":[{"embeddable":true,"href":"https:\/\/iraurgiberritzen.eus\/es\/wp-json\/wp\/v2\/media\/17990"}],"wp:attachment":[{"href":"https:\/\/iraurgiberritzen.eus\/es\/wp-json\/wp\/v2\/media?parent=12010"}],"wp:term":[{"taxonomy":"category","embeddable":true,"href":"https:\/\/iraurgiberritzen.eus\/es\/wp-json\/wp\/v2\/categories?post=12010"},{"taxonomy":"post_tag","embeddable":true,"href":"https:\/\/iraurgiberritzen.eus\/es\/wp-json\/wp\/v2\/tags?post=12010"}],"curies":[{"name":"wp","href":"https:\/\/api.w.org\/{rel}","templated":true}]}}