{"id":12017,"date":"2016-05-23T11:34:07","date_gmt":"2016-05-23T09:34:07","guid":{"rendered":"https:\/\/iraurgiberritzen.eus\/arranca-el-proyecto-hazilan\/"},"modified":"2016-05-23T11:34:07","modified_gmt":"2016-05-23T09:34:07","slug":"arranca-el-proyecto-hazilan","status":"publish","type":"post","link":"https:\/\/iraurgiberritzen.eus\/es\/arranca-el-proyecto-hazilan\/","title":{"rendered":"Arranca el Proyecto Hazilan"},"content":{"rendered":"<p style=\"text-align: justify;\">Iraurgi Berritzen, arranca el proyecto Hazilan. La iniciativa est\u00e1 dirigida a j\u00f3venes de entre 20 y 35 a\u00f1os que posean una titulaci\u00f3n universitaria o un ciclo formativo superior y se encuentren en situaci\u00f3n de desempleo.<\/p>\n<p style=\"text-align: justify;\">Hoy han hecho la presentaci\u00f3n la t\u00e9cnico de Iraurgi Berritzen Sandra Fern\u00e1ndez, el director del ente Jes\u00fas Aguirre y el Presidente de Iraurgi Berritzen Javier Zubizarreta. Seg\u00fan Aguirre, hay un colectivo que aun teniendo un alto nivel de formaci\u00f3n tiene grandes dificultades para la inserci\u00f3n laboral por falta de experiencia y porque no posee las competencias transversales que requieren las empresas. Se trata de la capacidad de trabajar en equipo, tener iniciativa, saber comunicarse, etc.<\/p>\n<p style=\"text-align: justify;\">Precisamente, el programa Hazilan ayuda a desarrollar diversas competencias y proporcionar los recursos necesarios. Zubizarreta anima a los j\u00f3venes \u00aba que acudan a Iraurgi Berritzen para acceder a servicios y recursos que les pueden ayudar\u00bb.<\/p>\n<p style=\"text-align: justify;\">Este programa adem\u00e1s no compromete a las empresas porque no se pide un contrato laboral sino un acuerdo entre las partes. Es una oportunidad para conocer a gente cualificada de la comarca y vincularla a un proyecto.<br \/>Los j\u00f3venes interesados en participar pueden hacerlo antes del pr\u00f3ximo 24 de mayo en: <a href=\"http:\/\/www.hazilan.eus\/inscriptions\/inscription-inscripcionPersonas\">http:\/\/www.hazilan.eus\/inscriptions\/inscription-inscripcionPersonas<\/a><\/p>\n<p style=\"text-align: justify;\">M\u00e1s all\u00e1 del Programa Hazilan, para m\u00e1s informaci\u00f3n u orientaci\u00f3n, puedes ponerte en contacto con la t\u00e9cnica de empleo Sandra Fern\u00e1ndez: <a href=\"mailto:sfernandez@iraurgiberritzen.eus\">sfernandez@iraurgiberritzen.eus<\/a><\/p>\n<p style=\"text-align: justify;\">El programa se desarrollar\u00e1 durante cinco a\u00f1os de modo que cada a\u00f1o contar\u00e1 con nuevos participantes. El presupuesto para la comarca asciende a 200.000 euros y la financiaci\u00f3n corre a cargo del Fondo Social Europeo y de los ayuntamientos. A nivel comarcal el programa se extiende a seis localidades: Beizama, Errezil, Azpeitia, Zestoa, Aizarnazabal y Azkoitia.<\/p>\n<p style=\"text-align: justify;\">Seg\u00fan los \u00faltimos datos de Iraurgi Lantzen, en la comarca hay 2017 personas en situaci\u00f3n de desempleo. De ellas, 196 cuentan con estudios de Formaci\u00f3n Profesional de nivel superior y 215 con un t\u00edtulo universitario.<\/p>\n","protected":false},"excerpt":{"rendered":"<p>Iraurgi Berritzen, arranca el proyecto Hazilan. La iniciativa est\u00e1 dirigida a j\u00f3venes de entre 20 y 35 a\u00f1os que posean una titulaci\u00f3n universitaria o un ciclo formativo superior y se encuentren en situaci\u00f3n de desempleo. Hoy han hecho la presentaci\u00f3n la t\u00e9cnico de Iraurgi Berritzen Sandra Fern\u00e1ndez, el director del ente Jes\u00fas Aguirre y el [&hellip;]<\/p>\n","protected":false},"author":1,"featured_media":17991,"comment_status":"","ping_status":"closed","sticky":false,"template":"","format":"standard","meta":{"_acf_changed":false,"footnotes":""},"categories":[4],"tags":[],"class_list":["post-12017","post","type-post","status-publish","format-standard","has-post-thumbnail","hentry","category-noticias"],"acf":[],"yoast_head":"<!-- This site is optimized with the Yoast SEO plugin v27.4 - https:\/\/yoast.com\/product\/yoast-seo-wordpress\/ -->\n<title>Arranca el Proyecto Hazilan - Iraurgi Berritzen<\/title>\n<meta name=\"robots\" content=\"index, follow, max-snippet:-1, max-image-preview:large, max-video-preview:-1\" \/>\n<link rel=\"canonical\" href=\"https:\/\/iraurgiberritzen.eus\/es\/arranca-el-proyecto-hazilan\/\" \/>\n<meta property=\"og:locale\" content=\"es_ES\" \/>\n<meta property=\"og:type\" content=\"article\" \/>\n<meta property=\"og:title\" content=\"Arranca el Proyecto Hazilan - Iraurgi Berritzen\" \/>\n<meta property=\"og:description\" content=\"Iraurgi Berritzen, arranca el proyecto Hazilan. La iniciativa est\u00e1 dirigida a j\u00f3venes de entre 20 y 35 a\u00f1os que posean una titulaci\u00f3n universitaria o un ciclo formativo superior y se encuentren en situaci\u00f3n de desempleo. Hoy han hecho la presentaci\u00f3n la t\u00e9cnico de Iraurgi Berritzen Sandra Fern\u00e1ndez, el director del ente Jes\u00fas Aguirre y el [&hellip;]\" \/>\n<meta property=\"og:url\" content=\"https:\/\/iraurgiberritzen.eus\/es\/arranca-el-proyecto-hazilan\/\" \/>\n<meta property=\"og:site_name\" content=\"Iraurgi Berritzen\" \/>\n<meta property=\"article:published_time\" content=\"2016-05-23T09:34:07+00:00\" \/>\n<meta name=\"author\" content=\"kudeatzailea\" \/>\n<meta name=\"twitter:card\" content=\"summary_large_image\" \/>\n<meta name=\"twitter:label1\" content=\"Escrito por\" \/>\n\t<meta name=\"twitter:data1\" content=\"kudeatzailea\" \/>\n\t<meta name=\"twitter:label2\" content=\"Tiempo de lectura\" \/>\n\t<meta name=\"twitter:data2\" content=\"2 minutos\" \/>\n<script type=\"application\/ld+json\" class=\"yoast-schema-graph\">{\"@context\":\"https:\\\/\\\/schema.org\",\"@graph\":[{\"@type\":\"Article\",\"@id\":\"https:\\\/\\\/iraurgiberritzen.eus\\\/es\\\/arranca-el-proyecto-hazilan\\\/#article\",\"isPartOf\":{\"@id\":\"https:\\\/\\\/iraurgiberritzen.eus\\\/es\\\/arranca-el-proyecto-hazilan\\\/\"},\"author\":{\"name\":\"kudeatzailea\",\"@id\":\"https:\\\/\\\/iraurgiberritzen.eus\\\/es\\\/#\\\/schema\\\/person\\\/5ab41aaf388a9097177601ebf45738d2\"},\"headline\":\"Arranca el Proyecto Hazilan\",\"datePublished\":\"2016-05-23T09:34:07+00:00\",\"mainEntityOfPage\":{\"@id\":\"https:\\\/\\\/iraurgiberritzen.eus\\\/es\\\/arranca-el-proyecto-hazilan\\\/\"},\"wordCount\":342,\"publisher\":{\"@id\":\"https:\\\/\\\/iraurgiberritzen.eus\\\/es\\\/#organization\"},\"image\":{\"@id\":\"https:\\\/\\\/iraurgiberritzen.eus\\\/es\\\/arranca-el-proyecto-hazilan\\\/#primaryimage\"},\"thumbnailUrl\":\"https:\\\/\\\/iraurgiberritzen.eus\\\/wp-content\\\/uploads\\\/2023\\\/09\\\/8ab790b9074fed051af256aa504a66b7.jpg\",\"articleSection\":[\"Noticias\"],\"inLanguage\":\"es\"},{\"@type\":\"WebPage\",\"@id\":\"https:\\\/\\\/iraurgiberritzen.eus\\\/es\\\/arranca-el-proyecto-hazilan\\\/\",\"url\":\"https:\\\/\\\/iraurgiberritzen.eus\\\/es\\\/arranca-el-proyecto-hazilan\\\/\",\"name\":\"Arranca el Proyecto Hazilan - Iraurgi Berritzen\",\"isPartOf\":{\"@id\":\"https:\\\/\\\/iraurgiberritzen.eus\\\/es\\\/#website\"},\"primaryImageOfPage\":{\"@id\":\"https:\\\/\\\/iraurgiberritzen.eus\\\/es\\\/arranca-el-proyecto-hazilan\\\/#primaryimage\"},\"image\":{\"@id\":\"https:\\\/\\\/iraurgiberritzen.eus\\\/es\\\/arranca-el-proyecto-hazilan\\\/#primaryimage\"},\"thumbnailUrl\":\"https:\\\/\\\/iraurgiberritzen.eus\\\/wp-content\\\/uploads\\\/2023\\\/09\\\/8ab790b9074fed051af256aa504a66b7.jpg\",\"datePublished\":\"2016-05-23T09:34:07+00:00\",\"breadcrumb\":{\"@id\":\"https:\\\/\\\/iraurgiberritzen.eus\\\/es\\\/arranca-el-proyecto-hazilan\\\/#breadcrumb\"},\"inLanguage\":\"es\",\"potentialAction\":[{\"@type\":\"ReadAction\",\"target\":[\"https:\\\/\\\/iraurgiberritzen.eus\\\/es\\\/arranca-el-proyecto-hazilan\\\/\"]}]},{\"@type\":\"ImageObject\",\"inLanguage\":\"es\",\"@id\":\"https:\\\/\\\/iraurgiberritzen.eus\\\/es\\\/arranca-el-proyecto-hazilan\\\/#primaryimage\",\"url\":\"https:\\\/\\\/iraurgiberritzen.eus\\\/wp-content\\\/uploads\\\/2023\\\/09\\\/8ab790b9074fed051af256aa504a66b7.jpg\",\"contentUrl\":\"https:\\\/\\\/iraurgiberritzen.eus\\\/wp-content\\\/uploads\\\/2023\\\/09\\\/8ab790b9074fed051af256aa504a66b7.jpg\",\"width\":600,\"height\":386},{\"@type\":\"BreadcrumbList\",\"@id\":\"https:\\\/\\\/iraurgiberritzen.eus\\\/es\\\/arranca-el-proyecto-hazilan\\\/#breadcrumb\",\"itemListElement\":[{\"@type\":\"ListItem\",\"position\":1,\"name\":\"Home\",\"item\":\"https:\\\/\\\/iraurgiberritzen.eus\\\/es\\\/\"},{\"@type\":\"ListItem\",\"position\":2,\"name\":\"Arranca el Proyecto Hazilan\"}]},{\"@type\":\"WebSite\",\"@id\":\"https:\\\/\\\/iraurgiberritzen.eus\\\/es\\\/#website\",\"url\":\"https:\\\/\\\/iraurgiberritzen.eus\\\/es\\\/\",\"name\":\"Iraurgi Berritzen\",\"description\":\"Urola Erdiko Garapen Agentzia\",\"publisher\":{\"@id\":\"https:\\\/\\\/iraurgiberritzen.eus\\\/es\\\/#organization\"},\"potentialAction\":[{\"@type\":\"SearchAction\",\"target\":{\"@type\":\"EntryPoint\",\"urlTemplate\":\"https:\\\/\\\/iraurgiberritzen.eus\\\/es\\\/?s={search_term_string}\"},\"query-input\":{\"@type\":\"PropertyValueSpecification\",\"valueRequired\":true,\"valueName\":\"search_term_string\"}}],\"inLanguage\":\"es\"},{\"@type\":\"Organization\",\"@id\":\"https:\\\/\\\/iraurgiberritzen.eus\\\/es\\\/#organization\",\"name\":\"Iraurgi Berritzen\",\"url\":\"https:\\\/\\\/iraurgiberritzen.eus\\\/es\\\/\",\"logo\":{\"@type\":\"ImageObject\",\"inLanguage\":\"es\",\"@id\":\"https:\\\/\\\/iraurgiberritzen.eus\\\/es\\\/#\\\/schema\\\/logo\\\/image\\\/\",\"url\":\"https:\\\/\\\/iraurgiberritzen.eus\\\/wp-content\\\/uploads\\\/2024\\\/02\\\/IRAURGI-BERRITZEN-logotipoa_2.png\",\"contentUrl\":\"https:\\\/\\\/iraurgiberritzen.eus\\\/wp-content\\\/uploads\\\/2024\\\/02\\\/IRAURGI-BERRITZEN-logotipoa_2.png\",\"width\":496,\"height\":190,\"caption\":\"Iraurgi Berritzen\"},\"image\":{\"@id\":\"https:\\\/\\\/iraurgiberritzen.eus\\\/es\\\/#\\\/schema\\\/logo\\\/image\\\/\"}},{\"@type\":\"Person\",\"@id\":\"https:\\\/\\\/iraurgiberritzen.eus\\\/es\\\/#\\\/schema\\\/person\\\/5ab41aaf388a9097177601ebf45738d2\",\"name\":\"kudeatzailea\",\"sameAs\":[\"https:\\\/\\\/iraurgiberritzen.eus\"]}]}<\/script>\n<!-- \/ Yoast SEO plugin. -->","yoast_head_json":{"title":"Arranca el Proyecto Hazilan - Iraurgi Berritzen","robots":{"index":"index","follow":"follow","max-snippet":"max-snippet:-1","max-image-preview":"max-image-preview:large","max-video-preview":"max-video-preview:-1"},"canonical":"https:\/\/iraurgiberritzen.eus\/es\/arranca-el-proyecto-hazilan\/","og_locale":"es_ES","og_type":"article","og_title":"Arranca el Proyecto Hazilan - Iraurgi Berritzen","og_description":"Iraurgi Berritzen, arranca el proyecto Hazilan. La iniciativa est\u00e1 dirigida a j\u00f3venes de entre 20 y 35 a\u00f1os que posean una titulaci\u00f3n universitaria o un ciclo formativo superior y se encuentren en situaci\u00f3n de desempleo. Hoy han hecho la presentaci\u00f3n la t\u00e9cnico de Iraurgi Berritzen Sandra Fern\u00e1ndez, el director del ente Jes\u00fas Aguirre y el [&hellip;]","og_url":"https:\/\/iraurgiberritzen.eus\/es\/arranca-el-proyecto-hazilan\/","og_site_name":"Iraurgi Berritzen","article_published_time":"2016-05-23T09:34:07+00:00","author":"kudeatzailea","twitter_card":"summary_large_image","twitter_misc":{"Escrito por":"kudeatzailea","Tiempo de lectura":"2 minutos"},"schema":{"@context":"https:\/\/schema.org","@graph":[{"@type":"Article","@id":"https:\/\/iraurgiberritzen.eus\/es\/arranca-el-proyecto-hazilan\/#article","isPartOf":{"@id":"https:\/\/iraurgiberritzen.eus\/es\/arranca-el-proyecto-hazilan\/"},"author":{"name":"kudeatzailea","@id":"https:\/\/iraurgiberritzen.eus\/es\/#\/schema\/person\/5ab41aaf388a9097177601ebf45738d2"},"headline":"Arranca el Proyecto Hazilan","datePublished":"2016-05-23T09:34:07+00:00","mainEntityOfPage":{"@id":"https:\/\/iraurgiberritzen.eus\/es\/arranca-el-proyecto-hazilan\/"},"wordCount":342,"publisher":{"@id":"https:\/\/iraurgiberritzen.eus\/es\/#organization"},"image":{"@id":"https:\/\/iraurgiberritzen.eus\/es\/arranca-el-proyecto-hazilan\/#primaryimage"},"thumbnailUrl":"https:\/\/iraurgiberritzen.eus\/wp-content\/uploads\/2023\/09\/8ab790b9074fed051af256aa504a66b7.jpg","articleSection":["Noticias"],"inLanguage":"es"},{"@type":"WebPage","@id":"https:\/\/iraurgiberritzen.eus\/es\/arranca-el-proyecto-hazilan\/","url":"https:\/\/iraurgiberritzen.eus\/es\/arranca-el-proyecto-hazilan\/","name":"Arranca el Proyecto Hazilan - Iraurgi Berritzen","isPartOf":{"@id":"https:\/\/iraurgiberritzen.eus\/es\/#website"},"primaryImageOfPage":{"@id":"https:\/\/iraurgiberritzen.eus\/es\/arranca-el-proyecto-hazilan\/#primaryimage"},"image":{"@id":"https:\/\/iraurgiberritzen.eus\/es\/arranca-el-proyecto-hazilan\/#primaryimage"},"thumbnailUrl":"https:\/\/iraurgiberritzen.eus\/wp-content\/uploads\/2023\/09\/8ab790b9074fed051af256aa504a66b7.jpg","datePublished":"2016-05-23T09:34:07+00:00","breadcrumb":{"@id":"https:\/\/iraurgiberritzen.eus\/es\/arranca-el-proyecto-hazilan\/#breadcrumb"},"inLanguage":"es","potentialAction":[{"@type":"ReadAction","target":["https:\/\/iraurgiberritzen.eus\/es\/arranca-el-proyecto-hazilan\/"]}]},{"@type":"ImageObject","inLanguage":"es","@id":"https:\/\/iraurgiberritzen.eus\/es\/arranca-el-proyecto-hazilan\/#primaryimage","url":"https:\/\/iraurgiberritzen.eus\/wp-content\/uploads\/2023\/09\/8ab790b9074fed051af256aa504a66b7.jpg","contentUrl":"https:\/\/iraurgiberritzen.eus\/wp-content\/uploads\/2023\/09\/8ab790b9074fed051af256aa504a66b7.jpg","width":600,"height":386},{"@type":"BreadcrumbList","@id":"https:\/\/iraurgiberritzen.eus\/es\/arranca-el-proyecto-hazilan\/#breadcrumb","itemListElement":[{"@type":"ListItem","position":1,"name":"Home","item":"https:\/\/iraurgiberritzen.eus\/es\/"},{"@type":"ListItem","position":2,"name":"Arranca el Proyecto Hazilan"}]},{"@type":"WebSite","@id":"https:\/\/iraurgiberritzen.eus\/es\/#website","url":"https:\/\/iraurgiberritzen.eus\/es\/","name":"Iraurgi Berritzen","description":"Urola Erdiko Garapen Agentzia","publisher":{"@id":"https:\/\/iraurgiberritzen.eus\/es\/#organization"},"potentialAction":[{"@type":"SearchAction","target":{"@type":"EntryPoint","urlTemplate":"https:\/\/iraurgiberritzen.eus\/es\/?s={search_term_string}"},"query-input":{"@type":"PropertyValueSpecification","valueRequired":true,"valueName":"search_term_string"}}],"inLanguage":"es"},{"@type":"Organization","@id":"https:\/\/iraurgiberritzen.eus\/es\/#organization","name":"Iraurgi Berritzen","url":"https:\/\/iraurgiberritzen.eus\/es\/","logo":{"@type":"ImageObject","inLanguage":"es","@id":"https:\/\/iraurgiberritzen.eus\/es\/#\/schema\/logo\/image\/","url":"https:\/\/iraurgiberritzen.eus\/wp-content\/uploads\/2024\/02\/IRAURGI-BERRITZEN-logotipoa_2.png","contentUrl":"https:\/\/iraurgiberritzen.eus\/wp-content\/uploads\/2024\/02\/IRAURGI-BERRITZEN-logotipoa_2.png","width":496,"height":190,"caption":"Iraurgi Berritzen"},"image":{"@id":"https:\/\/iraurgiberritzen.eus\/es\/#\/schema\/logo\/image\/"}},{"@type":"Person","@id":"https:\/\/iraurgiberritzen.eus\/es\/#\/schema\/person\/5ab41aaf388a9097177601ebf45738d2","name":"kudeatzailea","sameAs":["https:\/\/iraurgiberritzen.eus"]}]}},"_links":{"self":[{"href":"https:\/\/iraurgiberritzen.eus\/es\/wp-json\/wp\/v2\/posts\/12017","targetHints":{"allow":["GET"]}}],"collection":[{"href":"https:\/\/iraurgiberritzen.eus\/es\/wp-json\/wp\/v2\/posts"}],"about":[{"href":"https:\/\/iraurgiberritzen.eus\/es\/wp-json\/wp\/v2\/types\/post"}],"author":[{"embeddable":true,"href":"https:\/\/iraurgiberritzen.eus\/es\/wp-json\/wp\/v2\/users\/1"}],"replies":[{"embeddable":true,"href":"https:\/\/iraurgiberritzen.eus\/es\/wp-json\/wp\/v2\/comments?post=12017"}],"version-history":[{"count":0,"href":"https:\/\/iraurgiberritzen.eus\/es\/wp-json\/wp\/v2\/posts\/12017\/revisions"}],"wp:featuredmedia":[{"embeddable":true,"href":"https:\/\/iraurgiberritzen.eus\/es\/wp-json\/wp\/v2\/media\/17991"}],"wp:attachment":[{"href":"https:\/\/iraurgiberritzen.eus\/es\/wp-json\/wp\/v2\/media?parent=12017"}],"wp:term":[{"taxonomy":"category","embeddable":true,"href":"https:\/\/iraurgiberritzen.eus\/es\/wp-json\/wp\/v2\/categories?post=12017"},{"taxonomy":"post_tag","embeddable":true,"href":"https:\/\/iraurgiberritzen.eus\/es\/wp-json\/wp\/v2\/tags?post=12017"}],"curies":[{"name":"wp","href":"https:\/\/api.w.org\/{rel}","templated":true}]}}