{"id":12023,"date":"2016-05-30T08:32:05","date_gmt":"2016-05-30T06:32:05","guid":{"rendered":"https:\/\/iraurgiberritzen.eus\/becas-global-training-2016\/"},"modified":"2016-05-30T08:32:05","modified_gmt":"2016-05-30T06:32:05","slug":"becas-global-training-2016","status":"publish","type":"post","link":"https:\/\/iraurgiberritzen.eus\/es\/becas-global-training-2016\/","title":{"rendered":"Becas Global Training 2016"},"content":{"rendered":"<p style=\"text-align: justify;\">Os informamos desde Iraurgi Berritzen que por cuarto a\u00f1o consecutivo, Garapen, Asociaci\u00f3n Vasca de Agencias de Desarrollo, y Fomento de San Sebasti\u00e1n, lanzan un a\u00f1o m\u00e1s 60 Becas Global Training.<\/p>\n<p><br style=\"text-align: justify;\" \/><\/p>\n<p style=\"text-align: justify;\">Dicho programa de Becas pone en el mercado y a disposici\u00f3n de nuestros j\u00f3venes con titulaci\u00f3n universitaria y formaci\u00f3n profesional de grado superior un potente mecanismo que permite realizar pr\u00e1cticas remuneradas en empresas y organismos en el extranjero, en actividades y proyectos relacionados con su perfil acad\u00e9mico y profesional durante al menos 6 meses.<\/p>\n<p style=\"text-align: justify;\"><strong>El plazo de inscripci\u00f3n en el programa se inicia el 30 de mayo, y finaliza el 30 de junio. P<strong>ara completar la inscripci\u00f3n on-line, c<\/strong>ualquier candidata\/o puede entregar la documentaci\u00f3n en Iraurgi Berritzen.<\/strong><\/p>\n<p style=\"text-align: justify;\">Toda la informaci\u00f3n de las becas, as\u00ed como de los proyectos estar\u00e1 disponible en el siguiente enlace: <a href=\"http:\/\/www.becasglobaltraining.eus\/\" target=\"_blank\" rel=\"noopener\">http:\/\/www.becasglobaltraining.eus\/<\/a><\/p>\n<p>Para m\u00e1s informaci\u00f3n pod\u00e9is contactar con Iraurgi Berritzen en el siguiente n\u00ba de tel\u00e9fono 943 85 11 00 (Alazne Larra\u00f1aga) o escribiendo a la siguiente direcci\u00f3n <a href=\"mailto:alarranaga@iraurgiberritzen.eus\">alarranaga@iraurgiberritzen.eus<\/a><\/p>\n","protected":false},"excerpt":{"rendered":"<p>Os informamos desde Iraurgi Berritzen que por cuarto a\u00f1o consecutivo, Garapen, Asociaci\u00f3n Vasca de Agencias de Desarrollo, y Fomento de San Sebasti\u00e1n, lanzan un a\u00f1o m\u00e1s 60 Becas Global Training. Dicho programa de Becas pone en el mercado y a disposici\u00f3n de nuestros j\u00f3venes con titulaci\u00f3n universitaria y formaci\u00f3n profesional de grado superior un potente [&hellip;]<\/p>\n","protected":false},"author":1,"featured_media":17977,"comment_status":"","ping_status":"closed","sticky":false,"template":"","format":"standard","meta":{"_acf_changed":false,"footnotes":""},"categories":[4],"tags":[],"class_list":["post-12023","post","type-post","status-publish","format-standard","has-post-thumbnail","hentry","category-noticias"],"acf":[],"yoast_head":"<!-- This site is optimized with the Yoast SEO plugin v27.4 - https:\/\/yoast.com\/product\/yoast-seo-wordpress\/ -->\n<title>Becas Global Training 2016 - Iraurgi Berritzen<\/title>\n<meta name=\"robots\" content=\"index, follow, max-snippet:-1, max-image-preview:large, max-video-preview:-1\" \/>\n<link rel=\"canonical\" href=\"https:\/\/iraurgiberritzen.eus\/es\/becas-global-training-2016\/\" \/>\n<meta property=\"og:locale\" content=\"es_ES\" \/>\n<meta property=\"og:type\" content=\"article\" \/>\n<meta property=\"og:title\" content=\"Becas Global Training 2016 - Iraurgi Berritzen\" \/>\n<meta property=\"og:description\" content=\"Os informamos desde Iraurgi Berritzen que por cuarto a\u00f1o consecutivo, Garapen, Asociaci\u00f3n Vasca de Agencias de Desarrollo, y Fomento de San Sebasti\u00e1n, lanzan un a\u00f1o m\u00e1s 60 Becas Global Training. Dicho programa de Becas pone en el mercado y a disposici\u00f3n de nuestros j\u00f3venes con titulaci\u00f3n universitaria y formaci\u00f3n profesional de grado superior un potente [&hellip;]\" \/>\n<meta property=\"og:url\" content=\"https:\/\/iraurgiberritzen.eus\/es\/becas-global-training-2016\/\" \/>\n<meta property=\"og:site_name\" content=\"Iraurgi Berritzen\" \/>\n<meta property=\"article:published_time\" content=\"2016-05-30T06:32:05+00:00\" \/>\n<meta name=\"author\" content=\"kudeatzailea\" \/>\n<meta name=\"twitter:card\" content=\"summary_large_image\" \/>\n<meta name=\"twitter:label1\" content=\"Escrito por\" \/>\n\t<meta name=\"twitter:data1\" content=\"kudeatzailea\" \/>\n\t<meta name=\"twitter:label2\" content=\"Tiempo de lectura\" \/>\n\t<meta name=\"twitter:data2\" content=\"1 minuto\" \/>\n<script type=\"application\/ld+json\" class=\"yoast-schema-graph\">{\"@context\":\"https:\\\/\\\/schema.org\",\"@graph\":[{\"@type\":\"Article\",\"@id\":\"https:\\\/\\\/iraurgiberritzen.eus\\\/es\\\/becas-global-training-2016\\\/#article\",\"isPartOf\":{\"@id\":\"https:\\\/\\\/iraurgiberritzen.eus\\\/es\\\/becas-global-training-2016\\\/\"},\"author\":{\"name\":\"kudeatzailea\",\"@id\":\"https:\\\/\\\/iraurgiberritzen.eus\\\/es\\\/#\\\/schema\\\/person\\\/5ab41aaf388a9097177601ebf45738d2\"},\"headline\":\"Becas Global Training 2016\",\"datePublished\":\"2016-05-30T06:32:05+00:00\",\"mainEntityOfPage\":{\"@id\":\"https:\\\/\\\/iraurgiberritzen.eus\\\/es\\\/becas-global-training-2016\\\/\"},\"wordCount\":184,\"publisher\":{\"@id\":\"https:\\\/\\\/iraurgiberritzen.eus\\\/es\\\/#organization\"},\"image\":{\"@id\":\"https:\\\/\\\/iraurgiberritzen.eus\\\/es\\\/becas-global-training-2016\\\/#primaryimage\"},\"thumbnailUrl\":\"https:\\\/\\\/iraurgiberritzen.eus\\\/wp-content\\\/uploads\\\/2023\\\/09\\\/661821a9442a8dbd824e89bd18c0fd2e.jpg\",\"articleSection\":[\"Noticias\"],\"inLanguage\":\"es\"},{\"@type\":\"WebPage\",\"@id\":\"https:\\\/\\\/iraurgiberritzen.eus\\\/es\\\/becas-global-training-2016\\\/\",\"url\":\"https:\\\/\\\/iraurgiberritzen.eus\\\/es\\\/becas-global-training-2016\\\/\",\"name\":\"Becas Global Training 2016 - Iraurgi Berritzen\",\"isPartOf\":{\"@id\":\"https:\\\/\\\/iraurgiberritzen.eus\\\/es\\\/#website\"},\"primaryImageOfPage\":{\"@id\":\"https:\\\/\\\/iraurgiberritzen.eus\\\/es\\\/becas-global-training-2016\\\/#primaryimage\"},\"image\":{\"@id\":\"https:\\\/\\\/iraurgiberritzen.eus\\\/es\\\/becas-global-training-2016\\\/#primaryimage\"},\"thumbnailUrl\":\"https:\\\/\\\/iraurgiberritzen.eus\\\/wp-content\\\/uploads\\\/2023\\\/09\\\/661821a9442a8dbd824e89bd18c0fd2e.jpg\",\"datePublished\":\"2016-05-30T06:32:05+00:00\",\"breadcrumb\":{\"@id\":\"https:\\\/\\\/iraurgiberritzen.eus\\\/es\\\/becas-global-training-2016\\\/#breadcrumb\"},\"inLanguage\":\"es\",\"potentialAction\":[{\"@type\":\"ReadAction\",\"target\":[\"https:\\\/\\\/iraurgiberritzen.eus\\\/es\\\/becas-global-training-2016\\\/\"]}]},{\"@type\":\"ImageObject\",\"inLanguage\":\"es\",\"@id\":\"https:\\\/\\\/iraurgiberritzen.eus\\\/es\\\/becas-global-training-2016\\\/#primaryimage\",\"url\":\"https:\\\/\\\/iraurgiberritzen.eus\\\/wp-content\\\/uploads\\\/2023\\\/09\\\/661821a9442a8dbd824e89bd18c0fd2e.jpg\",\"contentUrl\":\"https:\\\/\\\/iraurgiberritzen.eus\\\/wp-content\\\/uploads\\\/2023\\\/09\\\/661821a9442a8dbd824e89bd18c0fd2e.jpg\",\"width\":600,\"height\":386},{\"@type\":\"BreadcrumbList\",\"@id\":\"https:\\\/\\\/iraurgiberritzen.eus\\\/es\\\/becas-global-training-2016\\\/#breadcrumb\",\"itemListElement\":[{\"@type\":\"ListItem\",\"position\":1,\"name\":\"Home\",\"item\":\"https:\\\/\\\/iraurgiberritzen.eus\\\/es\\\/\"},{\"@type\":\"ListItem\",\"position\":2,\"name\":\"Becas Global Training 2016\"}]},{\"@type\":\"WebSite\",\"@id\":\"https:\\\/\\\/iraurgiberritzen.eus\\\/es\\\/#website\",\"url\":\"https:\\\/\\\/iraurgiberritzen.eus\\\/es\\\/\",\"name\":\"Iraurgi Berritzen\",\"description\":\"Urola Erdiko Garapen Agentzia\",\"publisher\":{\"@id\":\"https:\\\/\\\/iraurgiberritzen.eus\\\/es\\\/#organization\"},\"potentialAction\":[{\"@type\":\"SearchAction\",\"target\":{\"@type\":\"EntryPoint\",\"urlTemplate\":\"https:\\\/\\\/iraurgiberritzen.eus\\\/es\\\/?s={search_term_string}\"},\"query-input\":{\"@type\":\"PropertyValueSpecification\",\"valueRequired\":true,\"valueName\":\"search_term_string\"}}],\"inLanguage\":\"es\"},{\"@type\":\"Organization\",\"@id\":\"https:\\\/\\\/iraurgiberritzen.eus\\\/es\\\/#organization\",\"name\":\"Iraurgi Berritzen\",\"url\":\"https:\\\/\\\/iraurgiberritzen.eus\\\/es\\\/\",\"logo\":{\"@type\":\"ImageObject\",\"inLanguage\":\"es\",\"@id\":\"https:\\\/\\\/iraurgiberritzen.eus\\\/es\\\/#\\\/schema\\\/logo\\\/image\\\/\",\"url\":\"https:\\\/\\\/iraurgiberritzen.eus\\\/wp-content\\\/uploads\\\/2024\\\/02\\\/IRAURGI-BERRITZEN-logotipoa_2.png\",\"contentUrl\":\"https:\\\/\\\/iraurgiberritzen.eus\\\/wp-content\\\/uploads\\\/2024\\\/02\\\/IRAURGI-BERRITZEN-logotipoa_2.png\",\"width\":496,\"height\":190,\"caption\":\"Iraurgi Berritzen\"},\"image\":{\"@id\":\"https:\\\/\\\/iraurgiberritzen.eus\\\/es\\\/#\\\/schema\\\/logo\\\/image\\\/\"}},{\"@type\":\"Person\",\"@id\":\"https:\\\/\\\/iraurgiberritzen.eus\\\/es\\\/#\\\/schema\\\/person\\\/5ab41aaf388a9097177601ebf45738d2\",\"name\":\"kudeatzailea\",\"sameAs\":[\"https:\\\/\\\/iraurgiberritzen.eus\"]}]}<\/script>\n<!-- \/ Yoast SEO plugin. -->","yoast_head_json":{"title":"Becas Global Training 2016 - Iraurgi Berritzen","robots":{"index":"index","follow":"follow","max-snippet":"max-snippet:-1","max-image-preview":"max-image-preview:large","max-video-preview":"max-video-preview:-1"},"canonical":"https:\/\/iraurgiberritzen.eus\/es\/becas-global-training-2016\/","og_locale":"es_ES","og_type":"article","og_title":"Becas Global Training 2016 - Iraurgi Berritzen","og_description":"Os informamos desde Iraurgi Berritzen que por cuarto a\u00f1o consecutivo, Garapen, Asociaci\u00f3n Vasca de Agencias de Desarrollo, y Fomento de San Sebasti\u00e1n, lanzan un a\u00f1o m\u00e1s 60 Becas Global Training. Dicho programa de Becas pone en el mercado y a disposici\u00f3n de nuestros j\u00f3venes con titulaci\u00f3n universitaria y formaci\u00f3n profesional de grado superior un potente [&hellip;]","og_url":"https:\/\/iraurgiberritzen.eus\/es\/becas-global-training-2016\/","og_site_name":"Iraurgi Berritzen","article_published_time":"2016-05-30T06:32:05+00:00","author":"kudeatzailea","twitter_card":"summary_large_image","twitter_misc":{"Escrito por":"kudeatzailea","Tiempo de lectura":"1 minuto"},"schema":{"@context":"https:\/\/schema.org","@graph":[{"@type":"Article","@id":"https:\/\/iraurgiberritzen.eus\/es\/becas-global-training-2016\/#article","isPartOf":{"@id":"https:\/\/iraurgiberritzen.eus\/es\/becas-global-training-2016\/"},"author":{"name":"kudeatzailea","@id":"https:\/\/iraurgiberritzen.eus\/es\/#\/schema\/person\/5ab41aaf388a9097177601ebf45738d2"},"headline":"Becas Global Training 2016","datePublished":"2016-05-30T06:32:05+00:00","mainEntityOfPage":{"@id":"https:\/\/iraurgiberritzen.eus\/es\/becas-global-training-2016\/"},"wordCount":184,"publisher":{"@id":"https:\/\/iraurgiberritzen.eus\/es\/#organization"},"image":{"@id":"https:\/\/iraurgiberritzen.eus\/es\/becas-global-training-2016\/#primaryimage"},"thumbnailUrl":"https:\/\/iraurgiberritzen.eus\/wp-content\/uploads\/2023\/09\/661821a9442a8dbd824e89bd18c0fd2e.jpg","articleSection":["Noticias"],"inLanguage":"es"},{"@type":"WebPage","@id":"https:\/\/iraurgiberritzen.eus\/es\/becas-global-training-2016\/","url":"https:\/\/iraurgiberritzen.eus\/es\/becas-global-training-2016\/","name":"Becas Global Training 2016 - Iraurgi Berritzen","isPartOf":{"@id":"https:\/\/iraurgiberritzen.eus\/es\/#website"},"primaryImageOfPage":{"@id":"https:\/\/iraurgiberritzen.eus\/es\/becas-global-training-2016\/#primaryimage"},"image":{"@id":"https:\/\/iraurgiberritzen.eus\/es\/becas-global-training-2016\/#primaryimage"},"thumbnailUrl":"https:\/\/iraurgiberritzen.eus\/wp-content\/uploads\/2023\/09\/661821a9442a8dbd824e89bd18c0fd2e.jpg","datePublished":"2016-05-30T06:32:05+00:00","breadcrumb":{"@id":"https:\/\/iraurgiberritzen.eus\/es\/becas-global-training-2016\/#breadcrumb"},"inLanguage":"es","potentialAction":[{"@type":"ReadAction","target":["https:\/\/iraurgiberritzen.eus\/es\/becas-global-training-2016\/"]}]},{"@type":"ImageObject","inLanguage":"es","@id":"https:\/\/iraurgiberritzen.eus\/es\/becas-global-training-2016\/#primaryimage","url":"https:\/\/iraurgiberritzen.eus\/wp-content\/uploads\/2023\/09\/661821a9442a8dbd824e89bd18c0fd2e.jpg","contentUrl":"https:\/\/iraurgiberritzen.eus\/wp-content\/uploads\/2023\/09\/661821a9442a8dbd824e89bd18c0fd2e.jpg","width":600,"height":386},{"@type":"BreadcrumbList","@id":"https:\/\/iraurgiberritzen.eus\/es\/becas-global-training-2016\/#breadcrumb","itemListElement":[{"@type":"ListItem","position":1,"name":"Home","item":"https:\/\/iraurgiberritzen.eus\/es\/"},{"@type":"ListItem","position":2,"name":"Becas Global Training 2016"}]},{"@type":"WebSite","@id":"https:\/\/iraurgiberritzen.eus\/es\/#website","url":"https:\/\/iraurgiberritzen.eus\/es\/","name":"Iraurgi Berritzen","description":"Urola Erdiko Garapen Agentzia","publisher":{"@id":"https:\/\/iraurgiberritzen.eus\/es\/#organization"},"potentialAction":[{"@type":"SearchAction","target":{"@type":"EntryPoint","urlTemplate":"https:\/\/iraurgiberritzen.eus\/es\/?s={search_term_string}"},"query-input":{"@type":"PropertyValueSpecification","valueRequired":true,"valueName":"search_term_string"}}],"inLanguage":"es"},{"@type":"Organization","@id":"https:\/\/iraurgiberritzen.eus\/es\/#organization","name":"Iraurgi Berritzen","url":"https:\/\/iraurgiberritzen.eus\/es\/","logo":{"@type":"ImageObject","inLanguage":"es","@id":"https:\/\/iraurgiberritzen.eus\/es\/#\/schema\/logo\/image\/","url":"https:\/\/iraurgiberritzen.eus\/wp-content\/uploads\/2024\/02\/IRAURGI-BERRITZEN-logotipoa_2.png","contentUrl":"https:\/\/iraurgiberritzen.eus\/wp-content\/uploads\/2024\/02\/IRAURGI-BERRITZEN-logotipoa_2.png","width":496,"height":190,"caption":"Iraurgi Berritzen"},"image":{"@id":"https:\/\/iraurgiberritzen.eus\/es\/#\/schema\/logo\/image\/"}},{"@type":"Person","@id":"https:\/\/iraurgiberritzen.eus\/es\/#\/schema\/person\/5ab41aaf388a9097177601ebf45738d2","name":"kudeatzailea","sameAs":["https:\/\/iraurgiberritzen.eus"]}]}},"_links":{"self":[{"href":"https:\/\/iraurgiberritzen.eus\/es\/wp-json\/wp\/v2\/posts\/12023","targetHints":{"allow":["GET"]}}],"collection":[{"href":"https:\/\/iraurgiberritzen.eus\/es\/wp-json\/wp\/v2\/posts"}],"about":[{"href":"https:\/\/iraurgiberritzen.eus\/es\/wp-json\/wp\/v2\/types\/post"}],"author":[{"embeddable":true,"href":"https:\/\/iraurgiberritzen.eus\/es\/wp-json\/wp\/v2\/users\/1"}],"replies":[{"embeddable":true,"href":"https:\/\/iraurgiberritzen.eus\/es\/wp-json\/wp\/v2\/comments?post=12023"}],"version-history":[{"count":0,"href":"https:\/\/iraurgiberritzen.eus\/es\/wp-json\/wp\/v2\/posts\/12023\/revisions"}],"wp:featuredmedia":[{"embeddable":true,"href":"https:\/\/iraurgiberritzen.eus\/es\/wp-json\/wp\/v2\/media\/17977"}],"wp:attachment":[{"href":"https:\/\/iraurgiberritzen.eus\/es\/wp-json\/wp\/v2\/media?parent=12023"}],"wp:term":[{"taxonomy":"category","embeddable":true,"href":"https:\/\/iraurgiberritzen.eus\/es\/wp-json\/wp\/v2\/categories?post=12023"},{"taxonomy":"post_tag","embeddable":true,"href":"https:\/\/iraurgiberritzen.eus\/es\/wp-json\/wp\/v2\/tags?post=12023"}],"curies":[{"name":"wp","href":"https:\/\/api.w.org\/{rel}","templated":true}]}}