{"id":12026,"date":"2016-06-13T07:53:53","date_gmt":"2016-06-13T05:53:53","guid":{"rendered":"https:\/\/iraurgiberritzen.eus\/jornada-para-el-impulso-de-la-empresa-participativa-organizada-por-iraurgi-berritzen\/"},"modified":"2016-06-13T07:53:53","modified_gmt":"2016-06-13T05:53:53","slug":"jornada-para-el-impulso-de-la-empresa-participativa-organizada-por-iraurgi-berritzen","status":"publish","type":"post","link":"https:\/\/iraurgiberritzen.eus\/es\/jornada-para-el-impulso-de-la-empresa-participativa-organizada-por-iraurgi-berritzen\/","title":{"rendered":"Jornada para el impulso de la empresa participativa organizada por Iraurgi Berritzen"},"content":{"rendered":"<p style=\"text-align: justify;\">El pasado martes 24 de mayo Iraurgi Berritzen organiz\u00f3 la jornada Impulsando la empresa participativa en Urola Erdia, en el Palacio Intsausti de Azkoitia.<\/p>\n<p style=\"text-align: justify;\">A trav\u00e9s de esta jornada, los asistentes pudieron conocer de primera mano las experiencias y vivencias de los procesos de participaci\u00f3n de varias pymes de la comarca, compartiendo con sus protagonistas los \u00abporqu\u00e9s\u00bb y los \u00abc\u00f3mos\u00bb.<\/p>\n<p style=\"text-align: justify;\">Oscar Valdivielso y M\u00f3nica Bartolom\u00e9 de B+I Strategy repasaron en su intervenci\u00f3n algunos de los t\u00f3picos y \u00abmitos\u00bb en torno a la participaci\u00f3n, para despu\u00e9s enumerar los beneficios que aporta, los motivos habituales para desarrollar este tipo de modelos y las condiciones de partida necesarias para afrontar un proceso de transformaci\u00f3n organizativa a trav\u00e9s de la participaci\u00f3n.<\/p>\n<p style=\"text-align: justify;\">Alberto Etxeandia de Dinamikak describi\u00f3 el proyecto ENPRESTUZ de \u00abestrategia-acci\u00f3n, proceso de trabajo coordinado por Iraurgi Berritzen y que busca posibilitar que empresas de tama\u00f1o peque\u00f1o y medio de la comarca definan y comiencen la puesta en marcha de su proceso estrat\u00e9gico participativo.<\/p>\n<p style=\"text-align: justify;\">A continuaci\u00f3n se comparti\u00f3 con los asistentes los aprendizajes de las experiencias pr\u00e1cticas desarrolladas en las empresas de la comarca, entre ellas Berritek, Ekintza Lantegia, Kimu Bat, Tecnicur Curvados y Mecanizados y la propia Iraurgi Berritzen.<\/p>\n<p style=\"text-align: justify;\">Finalmente, entre todos se tuvo la oportunidad de reflexionar y debatir sobre las principales barreras y retos a los que se suelen enfrentar las organizaciones que apuestan por este tipo de procesos de cambio.<\/p>\n","protected":false},"excerpt":{"rendered":"<p>El pasado martes 24 de mayo Iraurgi Berritzen organiz\u00f3 la jornada Impulsando la empresa participativa en Urola Erdia, en el Palacio Intsausti de Azkoitia. A trav\u00e9s de esta jornada, los asistentes pudieron conocer de primera mano las experiencias y vivencias de los procesos de participaci\u00f3n de varias pymes de la comarca, compartiendo con sus protagonistas [&hellip;]<\/p>\n","protected":false},"author":1,"featured_media":17978,"comment_status":"","ping_status":"closed","sticky":false,"template":"","format":"standard","meta":{"_acf_changed":false,"footnotes":""},"categories":[4],"tags":[],"class_list":["post-12026","post","type-post","status-publish","format-standard","has-post-thumbnail","hentry","category-noticias"],"acf":[],"yoast_head":"<!-- This site is optimized with the Yoast SEO plugin v27.4 - https:\/\/yoast.com\/product\/yoast-seo-wordpress\/ -->\n<title>Jornada para el impulso de la empresa participativa organizada por Iraurgi Berritzen - Iraurgi Berritzen<\/title>\n<meta name=\"robots\" content=\"index, follow, max-snippet:-1, max-image-preview:large, max-video-preview:-1\" \/>\n<link rel=\"canonical\" href=\"https:\/\/iraurgiberritzen.eus\/es\/jornada-para-el-impulso-de-la-empresa-participativa-organizada-por-iraurgi-berritzen\/\" \/>\n<meta property=\"og:locale\" content=\"es_ES\" \/>\n<meta property=\"og:type\" content=\"article\" \/>\n<meta property=\"og:title\" content=\"Jornada para el impulso de la empresa participativa organizada por Iraurgi Berritzen - Iraurgi Berritzen\" \/>\n<meta property=\"og:description\" content=\"El pasado martes 24 de mayo Iraurgi Berritzen organiz\u00f3 la jornada Impulsando la empresa participativa en Urola Erdia, en el Palacio Intsausti de Azkoitia. A trav\u00e9s de esta jornada, los asistentes pudieron conocer de primera mano las experiencias y vivencias de los procesos de participaci\u00f3n de varias pymes de la comarca, compartiendo con sus protagonistas [&hellip;]\" \/>\n<meta property=\"og:url\" content=\"https:\/\/iraurgiberritzen.eus\/es\/jornada-para-el-impulso-de-la-empresa-participativa-organizada-por-iraurgi-berritzen\/\" \/>\n<meta property=\"og:site_name\" content=\"Iraurgi Berritzen\" \/>\n<meta property=\"article:published_time\" content=\"2016-06-13T05:53:53+00:00\" \/>\n<meta name=\"author\" content=\"kudeatzailea\" \/>\n<meta name=\"twitter:card\" content=\"summary_large_image\" \/>\n<meta name=\"twitter:label1\" content=\"Escrito por\" \/>\n\t<meta name=\"twitter:data1\" content=\"kudeatzailea\" \/>\n\t<meta name=\"twitter:label2\" content=\"Tiempo de lectura\" \/>\n\t<meta name=\"twitter:data2\" content=\"1 minuto\" \/>\n<script type=\"application\/ld+json\" class=\"yoast-schema-graph\">{\"@context\":\"https:\\\/\\\/schema.org\",\"@graph\":[{\"@type\":\"Article\",\"@id\":\"https:\\\/\\\/iraurgiberritzen.eus\\\/es\\\/jornada-para-el-impulso-de-la-empresa-participativa-organizada-por-iraurgi-berritzen\\\/#article\",\"isPartOf\":{\"@id\":\"https:\\\/\\\/iraurgiberritzen.eus\\\/es\\\/jornada-para-el-impulso-de-la-empresa-participativa-organizada-por-iraurgi-berritzen\\\/\"},\"author\":{\"name\":\"kudeatzailea\",\"@id\":\"https:\\\/\\\/iraurgiberritzen.eus\\\/es\\\/#\\\/schema\\\/person\\\/5ab41aaf388a9097177601ebf45738d2\"},\"headline\":\"Jornada para el impulso de la empresa participativa organizada por Iraurgi Berritzen\",\"datePublished\":\"2016-06-13T05:53:53+00:00\",\"mainEntityOfPage\":{\"@id\":\"https:\\\/\\\/iraurgiberritzen.eus\\\/es\\\/jornada-para-el-impulso-de-la-empresa-participativa-organizada-por-iraurgi-berritzen\\\/\"},\"wordCount\":260,\"publisher\":{\"@id\":\"https:\\\/\\\/iraurgiberritzen.eus\\\/es\\\/#organization\"},\"image\":{\"@id\":\"https:\\\/\\\/iraurgiberritzen.eus\\\/es\\\/jornada-para-el-impulso-de-la-empresa-participativa-organizada-por-iraurgi-berritzen\\\/#primaryimage\"},\"thumbnailUrl\":\"https:\\\/\\\/iraurgiberritzen.eus\\\/wp-content\\\/uploads\\\/2023\\\/09\\\/7dff099a65b026895942a872c251a542.jpg\",\"articleSection\":[\"Noticias\"],\"inLanguage\":\"es\"},{\"@type\":\"WebPage\",\"@id\":\"https:\\\/\\\/iraurgiberritzen.eus\\\/es\\\/jornada-para-el-impulso-de-la-empresa-participativa-organizada-por-iraurgi-berritzen\\\/\",\"url\":\"https:\\\/\\\/iraurgiberritzen.eus\\\/es\\\/jornada-para-el-impulso-de-la-empresa-participativa-organizada-por-iraurgi-berritzen\\\/\",\"name\":\"Jornada para el impulso de la empresa participativa organizada por Iraurgi Berritzen - Iraurgi Berritzen\",\"isPartOf\":{\"@id\":\"https:\\\/\\\/iraurgiberritzen.eus\\\/es\\\/#website\"},\"primaryImageOfPage\":{\"@id\":\"https:\\\/\\\/iraurgiberritzen.eus\\\/es\\\/jornada-para-el-impulso-de-la-empresa-participativa-organizada-por-iraurgi-berritzen\\\/#primaryimage\"},\"image\":{\"@id\":\"https:\\\/\\\/iraurgiberritzen.eus\\\/es\\\/jornada-para-el-impulso-de-la-empresa-participativa-organizada-por-iraurgi-berritzen\\\/#primaryimage\"},\"thumbnailUrl\":\"https:\\\/\\\/iraurgiberritzen.eus\\\/wp-content\\\/uploads\\\/2023\\\/09\\\/7dff099a65b026895942a872c251a542.jpg\",\"datePublished\":\"2016-06-13T05:53:53+00:00\",\"breadcrumb\":{\"@id\":\"https:\\\/\\\/iraurgiberritzen.eus\\\/es\\\/jornada-para-el-impulso-de-la-empresa-participativa-organizada-por-iraurgi-berritzen\\\/#breadcrumb\"},\"inLanguage\":\"es\",\"potentialAction\":[{\"@type\":\"ReadAction\",\"target\":[\"https:\\\/\\\/iraurgiberritzen.eus\\\/es\\\/jornada-para-el-impulso-de-la-empresa-participativa-organizada-por-iraurgi-berritzen\\\/\"]}]},{\"@type\":\"ImageObject\",\"inLanguage\":\"es\",\"@id\":\"https:\\\/\\\/iraurgiberritzen.eus\\\/es\\\/jornada-para-el-impulso-de-la-empresa-participativa-organizada-por-iraurgi-berritzen\\\/#primaryimage\",\"url\":\"https:\\\/\\\/iraurgiberritzen.eus\\\/wp-content\\\/uploads\\\/2023\\\/09\\\/7dff099a65b026895942a872c251a542.jpg\",\"contentUrl\":\"https:\\\/\\\/iraurgiberritzen.eus\\\/wp-content\\\/uploads\\\/2023\\\/09\\\/7dff099a65b026895942a872c251a542.jpg\",\"width\":600,\"height\":386},{\"@type\":\"BreadcrumbList\",\"@id\":\"https:\\\/\\\/iraurgiberritzen.eus\\\/es\\\/jornada-para-el-impulso-de-la-empresa-participativa-organizada-por-iraurgi-berritzen\\\/#breadcrumb\",\"itemListElement\":[{\"@type\":\"ListItem\",\"position\":1,\"name\":\"Home\",\"item\":\"https:\\\/\\\/iraurgiberritzen.eus\\\/es\\\/\"},{\"@type\":\"ListItem\",\"position\":2,\"name\":\"Jornada para el impulso de la empresa participativa organizada por Iraurgi Berritzen\"}]},{\"@type\":\"WebSite\",\"@id\":\"https:\\\/\\\/iraurgiberritzen.eus\\\/es\\\/#website\",\"url\":\"https:\\\/\\\/iraurgiberritzen.eus\\\/es\\\/\",\"name\":\"Iraurgi Berritzen\",\"description\":\"Urola Erdiko Garapen Agentzia\",\"publisher\":{\"@id\":\"https:\\\/\\\/iraurgiberritzen.eus\\\/es\\\/#organization\"},\"potentialAction\":[{\"@type\":\"SearchAction\",\"target\":{\"@type\":\"EntryPoint\",\"urlTemplate\":\"https:\\\/\\\/iraurgiberritzen.eus\\\/es\\\/?s={search_term_string}\"},\"query-input\":{\"@type\":\"PropertyValueSpecification\",\"valueRequired\":true,\"valueName\":\"search_term_string\"}}],\"inLanguage\":\"es\"},{\"@type\":\"Organization\",\"@id\":\"https:\\\/\\\/iraurgiberritzen.eus\\\/es\\\/#organization\",\"name\":\"Iraurgi Berritzen\",\"url\":\"https:\\\/\\\/iraurgiberritzen.eus\\\/es\\\/\",\"logo\":{\"@type\":\"ImageObject\",\"inLanguage\":\"es\",\"@id\":\"https:\\\/\\\/iraurgiberritzen.eus\\\/es\\\/#\\\/schema\\\/logo\\\/image\\\/\",\"url\":\"https:\\\/\\\/iraurgiberritzen.eus\\\/wp-content\\\/uploads\\\/2024\\\/02\\\/IRAURGI-BERRITZEN-logotipoa_2.png\",\"contentUrl\":\"https:\\\/\\\/iraurgiberritzen.eus\\\/wp-content\\\/uploads\\\/2024\\\/02\\\/IRAURGI-BERRITZEN-logotipoa_2.png\",\"width\":496,\"height\":190,\"caption\":\"Iraurgi Berritzen\"},\"image\":{\"@id\":\"https:\\\/\\\/iraurgiberritzen.eus\\\/es\\\/#\\\/schema\\\/logo\\\/image\\\/\"}},{\"@type\":\"Person\",\"@id\":\"https:\\\/\\\/iraurgiberritzen.eus\\\/es\\\/#\\\/schema\\\/person\\\/5ab41aaf388a9097177601ebf45738d2\",\"name\":\"kudeatzailea\",\"sameAs\":[\"https:\\\/\\\/iraurgiberritzen.eus\"]}]}<\/script>\n<!-- \/ Yoast SEO plugin. -->","yoast_head_json":{"title":"Jornada para el impulso de la empresa participativa organizada por Iraurgi Berritzen - Iraurgi Berritzen","robots":{"index":"index","follow":"follow","max-snippet":"max-snippet:-1","max-image-preview":"max-image-preview:large","max-video-preview":"max-video-preview:-1"},"canonical":"https:\/\/iraurgiberritzen.eus\/es\/jornada-para-el-impulso-de-la-empresa-participativa-organizada-por-iraurgi-berritzen\/","og_locale":"es_ES","og_type":"article","og_title":"Jornada para el impulso de la empresa participativa organizada por Iraurgi Berritzen - Iraurgi Berritzen","og_description":"El pasado martes 24 de mayo Iraurgi Berritzen organiz\u00f3 la jornada Impulsando la empresa participativa en Urola Erdia, en el Palacio Intsausti de Azkoitia. A trav\u00e9s de esta jornada, los asistentes pudieron conocer de primera mano las experiencias y vivencias de los procesos de participaci\u00f3n de varias pymes de la comarca, compartiendo con sus protagonistas [&hellip;]","og_url":"https:\/\/iraurgiberritzen.eus\/es\/jornada-para-el-impulso-de-la-empresa-participativa-organizada-por-iraurgi-berritzen\/","og_site_name":"Iraurgi Berritzen","article_published_time":"2016-06-13T05:53:53+00:00","author":"kudeatzailea","twitter_card":"summary_large_image","twitter_misc":{"Escrito por":"kudeatzailea","Tiempo de lectura":"1 minuto"},"schema":{"@context":"https:\/\/schema.org","@graph":[{"@type":"Article","@id":"https:\/\/iraurgiberritzen.eus\/es\/jornada-para-el-impulso-de-la-empresa-participativa-organizada-por-iraurgi-berritzen\/#article","isPartOf":{"@id":"https:\/\/iraurgiberritzen.eus\/es\/jornada-para-el-impulso-de-la-empresa-participativa-organizada-por-iraurgi-berritzen\/"},"author":{"name":"kudeatzailea","@id":"https:\/\/iraurgiberritzen.eus\/es\/#\/schema\/person\/5ab41aaf388a9097177601ebf45738d2"},"headline":"Jornada para el impulso de la empresa participativa organizada por Iraurgi Berritzen","datePublished":"2016-06-13T05:53:53+00:00","mainEntityOfPage":{"@id":"https:\/\/iraurgiberritzen.eus\/es\/jornada-para-el-impulso-de-la-empresa-participativa-organizada-por-iraurgi-berritzen\/"},"wordCount":260,"publisher":{"@id":"https:\/\/iraurgiberritzen.eus\/es\/#organization"},"image":{"@id":"https:\/\/iraurgiberritzen.eus\/es\/jornada-para-el-impulso-de-la-empresa-participativa-organizada-por-iraurgi-berritzen\/#primaryimage"},"thumbnailUrl":"https:\/\/iraurgiberritzen.eus\/wp-content\/uploads\/2023\/09\/7dff099a65b026895942a872c251a542.jpg","articleSection":["Noticias"],"inLanguage":"es"},{"@type":"WebPage","@id":"https:\/\/iraurgiberritzen.eus\/es\/jornada-para-el-impulso-de-la-empresa-participativa-organizada-por-iraurgi-berritzen\/","url":"https:\/\/iraurgiberritzen.eus\/es\/jornada-para-el-impulso-de-la-empresa-participativa-organizada-por-iraurgi-berritzen\/","name":"Jornada para el impulso de la empresa participativa organizada por Iraurgi Berritzen - Iraurgi Berritzen","isPartOf":{"@id":"https:\/\/iraurgiberritzen.eus\/es\/#website"},"primaryImageOfPage":{"@id":"https:\/\/iraurgiberritzen.eus\/es\/jornada-para-el-impulso-de-la-empresa-participativa-organizada-por-iraurgi-berritzen\/#primaryimage"},"image":{"@id":"https:\/\/iraurgiberritzen.eus\/es\/jornada-para-el-impulso-de-la-empresa-participativa-organizada-por-iraurgi-berritzen\/#primaryimage"},"thumbnailUrl":"https:\/\/iraurgiberritzen.eus\/wp-content\/uploads\/2023\/09\/7dff099a65b026895942a872c251a542.jpg","datePublished":"2016-06-13T05:53:53+00:00","breadcrumb":{"@id":"https:\/\/iraurgiberritzen.eus\/es\/jornada-para-el-impulso-de-la-empresa-participativa-organizada-por-iraurgi-berritzen\/#breadcrumb"},"inLanguage":"es","potentialAction":[{"@type":"ReadAction","target":["https:\/\/iraurgiberritzen.eus\/es\/jornada-para-el-impulso-de-la-empresa-participativa-organizada-por-iraurgi-berritzen\/"]}]},{"@type":"ImageObject","inLanguage":"es","@id":"https:\/\/iraurgiberritzen.eus\/es\/jornada-para-el-impulso-de-la-empresa-participativa-organizada-por-iraurgi-berritzen\/#primaryimage","url":"https:\/\/iraurgiberritzen.eus\/wp-content\/uploads\/2023\/09\/7dff099a65b026895942a872c251a542.jpg","contentUrl":"https:\/\/iraurgiberritzen.eus\/wp-content\/uploads\/2023\/09\/7dff099a65b026895942a872c251a542.jpg","width":600,"height":386},{"@type":"BreadcrumbList","@id":"https:\/\/iraurgiberritzen.eus\/es\/jornada-para-el-impulso-de-la-empresa-participativa-organizada-por-iraurgi-berritzen\/#breadcrumb","itemListElement":[{"@type":"ListItem","position":1,"name":"Home","item":"https:\/\/iraurgiberritzen.eus\/es\/"},{"@type":"ListItem","position":2,"name":"Jornada para el impulso de la empresa participativa organizada por Iraurgi Berritzen"}]},{"@type":"WebSite","@id":"https:\/\/iraurgiberritzen.eus\/es\/#website","url":"https:\/\/iraurgiberritzen.eus\/es\/","name":"Iraurgi Berritzen","description":"Urola Erdiko Garapen Agentzia","publisher":{"@id":"https:\/\/iraurgiberritzen.eus\/es\/#organization"},"potentialAction":[{"@type":"SearchAction","target":{"@type":"EntryPoint","urlTemplate":"https:\/\/iraurgiberritzen.eus\/es\/?s={search_term_string}"},"query-input":{"@type":"PropertyValueSpecification","valueRequired":true,"valueName":"search_term_string"}}],"inLanguage":"es"},{"@type":"Organization","@id":"https:\/\/iraurgiberritzen.eus\/es\/#organization","name":"Iraurgi Berritzen","url":"https:\/\/iraurgiberritzen.eus\/es\/","logo":{"@type":"ImageObject","inLanguage":"es","@id":"https:\/\/iraurgiberritzen.eus\/es\/#\/schema\/logo\/image\/","url":"https:\/\/iraurgiberritzen.eus\/wp-content\/uploads\/2024\/02\/IRAURGI-BERRITZEN-logotipoa_2.png","contentUrl":"https:\/\/iraurgiberritzen.eus\/wp-content\/uploads\/2024\/02\/IRAURGI-BERRITZEN-logotipoa_2.png","width":496,"height":190,"caption":"Iraurgi Berritzen"},"image":{"@id":"https:\/\/iraurgiberritzen.eus\/es\/#\/schema\/logo\/image\/"}},{"@type":"Person","@id":"https:\/\/iraurgiberritzen.eus\/es\/#\/schema\/person\/5ab41aaf388a9097177601ebf45738d2","name":"kudeatzailea","sameAs":["https:\/\/iraurgiberritzen.eus"]}]}},"_links":{"self":[{"href":"https:\/\/iraurgiberritzen.eus\/es\/wp-json\/wp\/v2\/posts\/12026","targetHints":{"allow":["GET"]}}],"collection":[{"href":"https:\/\/iraurgiberritzen.eus\/es\/wp-json\/wp\/v2\/posts"}],"about":[{"href":"https:\/\/iraurgiberritzen.eus\/es\/wp-json\/wp\/v2\/types\/post"}],"author":[{"embeddable":true,"href":"https:\/\/iraurgiberritzen.eus\/es\/wp-json\/wp\/v2\/users\/1"}],"replies":[{"embeddable":true,"href":"https:\/\/iraurgiberritzen.eus\/es\/wp-json\/wp\/v2\/comments?post=12026"}],"version-history":[{"count":0,"href":"https:\/\/iraurgiberritzen.eus\/es\/wp-json\/wp\/v2\/posts\/12026\/revisions"}],"wp:featuredmedia":[{"embeddable":true,"href":"https:\/\/iraurgiberritzen.eus\/es\/wp-json\/wp\/v2\/media\/17978"}],"wp:attachment":[{"href":"https:\/\/iraurgiberritzen.eus\/es\/wp-json\/wp\/v2\/media?parent=12026"}],"wp:term":[{"taxonomy":"category","embeddable":true,"href":"https:\/\/iraurgiberritzen.eus\/es\/wp-json\/wp\/v2\/categories?post=12026"},{"taxonomy":"post_tag","embeddable":true,"href":"https:\/\/iraurgiberritzen.eus\/es\/wp-json\/wp\/v2\/tags?post=12026"}],"curies":[{"name":"wp","href":"https:\/\/api.w.org\/{rel}","templated":true}]}}