{"id":12032,"date":"2016-06-15T08:12:19","date_gmt":"2016-06-15T06:12:19","guid":{"rendered":"https:\/\/iraurgiberritzen.eus\/txertatu-merkatuan-ofrecera-oportunidades-de-insercion-laboral-a-los-jovenes-desempleados-de-la-comarca\/"},"modified":"2016-06-15T08:12:19","modified_gmt":"2016-06-15T06:12:19","slug":"txertatu-merkatuan-ofrecera-oportunidades-de-insercion-laboral-a-los-jovenes-desempleados-de-la-comarca","status":"publish","type":"post","link":"https:\/\/iraurgiberritzen.eus\/es\/txertatu-merkatuan-ofrecera-oportunidades-de-insercion-laboral-a-los-jovenes-desempleados-de-la-comarca\/","title":{"rendered":"Txertatu Merkatuan ofrecer\u00e1 oportunidades de inserci\u00f3n laboral a los j\u00f3venes desempleados de la comarca"},"content":{"rendered":"<p style=\"text-align: justify;\"><strong>El proyecto se enmarca en el Programa Operativo de empleo juvenil Pa\u00eds Vasco 2014-2020, est\u00e1 cofinanciado por Fondo Social Europeo en un 91.89 % y cuenta con la participaci\u00f3n de Garapen, 19 agencias de desarrollo comarcal y la colaboraci\u00f3n del Gobierno Vasco.<br \/><\/strong><\/p>\n<p style=\"text-align: justify;\"><strong>Txertatu Merkatuan<\/strong> es un proyecto <strong>dirigido a personas j\u00f3venes, mayores de 16 y menores de 30 a\u00f1os<\/strong>, con bajo nivel de formaci\u00f3n, que hayan abandonado sus estudios y lleven m\u00e1s de un a\u00f1o en situaci\u00f3n de desempleo. Asimismo el programa se dirige tambi\u00e9n a personas que han abandonado los estudios universitarios y se encuentran no ocupadas y no integradas en los sistemas de educaci\u00f3n o formaci\u00f3n.<\/p>\n<p style=\"text-align: justify;\"><strong>Txertatu Merkatuan<\/strong> ofrecer\u00e1 <strong>a m\u00e1s de 500 personas j\u00f3venes<\/strong> la oportunidad de tomar parte en acciones y programas de activaci\u00f3n social y laboral, orientadas a su participaci\u00f3n en experiencias laborales reales. M\u00e1s de la mitad de las personas beneficiadas, en concreto <strong>el 52%, ser\u00e1n mujeres<\/strong>, al ser este un colectivo especialmente vulnerable.<\/p>\n<p style=\"text-align: justify;\"><strong>Txertatu Merkatuan<\/strong> es un programa <strong>innovador<\/strong> que parte de los conocimientos, habilidades y hobbies de las y los participantes, para estructurar sus conocimientos y construir un perfil laboral. El objetivo es que las personas encuentren motivaci\u00f3n e incrementen su autoestima, con metodolog\u00edas de intervenci\u00f3n diferentes al aula tradicional.<\/p>\n<p style=\"text-align: justify;\"><strong>Txertatu Merkatuan<\/strong> propone un itinerario adaptado al perfil y las necesidades de las personas participantes, que se desarrolla en dos fases: <strong>Egokitu y Trebatu<\/strong>.<\/p>\n<p style=\"text-align: justify;\"><strong>EGOKITU; construir un perfil laboral a partir de los conocimientos cotidianos<\/strong><\/p>\n<p style=\"text-align: justify;\">Egokitu es el comienzo del proceso de acompa\u00f1amiento para la incorporaci\u00f3n social y la activaci\u00f3n laboral. El programa inicia un proceso de intervenci\u00f3n socioeducativa que permite a la persona construir un perfil laboral, a trav\u00e9s de la identificaci\u00f3n de las actividades que realiza diariamente, como pueden ser: tuneo de skates, los pagos de los alquileres de la lonja, venta de enseres en internet, trabajos de est\u00e9tica particulares, etc.<\/p>\n<p style=\"text-align: justify;\">Para ello, se utilizar\u00e1 una metodolog\u00eda innovadora. Se trata de i<strong>dentificar las competencias y habilidades laborales ocultas en personas desempleadas, y sin experiencia, y ponerlas en valor<\/strong>, traslad\u00e1ndolas a un lenguaje laboral que utilizan las empresas.<\/p>\n<p style=\"text-align: justify;\"><strong>TREBATU; primer paso para el contacto con la realidad laboral<\/strong><\/p>\n<p style=\"text-align: justify;\">Trebatu ofrece tres tipos de acciones que se adaptan a la <strong>situaci\u00f3n particular y nivel de empleabilidad de cada participante<\/strong>. Todas las personas j\u00f3venes participantes en Egokitu, intervendr\u00e1n en alguna de las siguientes acciones:<\/p>\n<ul style=\"list-style-type: disc; text-align: justify;\">\n<li><strong>Talleres Semi-productivos<\/strong>: dirigido a personas j\u00f3venes que carecen de competencias b\u00e1sicas (personales, socio- relacionales y organizativas).<\/li>\n<li><strong>Talleres de formaci\u00f3n en competencias t\u00e9cnicas<\/strong>: dirigido a personas j\u00f3venes con dificultades de acceso a procesos formativos, pero con disposici\u00f3n de aprendizaje.<\/li>\n<li><strong>Talleres de capacitaci\u00f3n para el desarrollo de actuaciones de innovaci\u00f3n social<\/strong>: Dirigido a personas que hayan finalizado FP1, o que lo hayan abandonado. Personas j\u00f3venes en situaci\u00f3n de desempleo, con un nivel formativo superior a los anteriores y que no carecen de competencias b\u00e1sicas (sociales, emocionales, educativas, etc.).<\/li>\n<\/ul>\n<p style=\"text-align: justify;\">Queremos comunicar desde Iraurgi Berritzen que preve\u00e9mos poner en marcha este proyecto en oto\u00f1o.<\/p>\n<p style=\"text-align: justify;\">Para m\u00e1s informaci\u00f3n puedes escribir a la siguiente direcci\u00f3n de correo: <a href=\"mailto:sfernandez@iraurgiberritzen.eus\">sfernandez@iraurgiberritzen.eus<\/a> o llamar al <strong>943 85 11 00<\/strong> y preguntar por Sandra Fern\u00e1ndez.<\/p>\n","protected":false},"excerpt":{"rendered":"<p>El proyecto se enmarca en el Programa Operativo de empleo juvenil Pa\u00eds Vasco 2014-2020, est\u00e1 cofinanciado por Fondo Social Europeo en un 91.89 % y cuenta con la participaci\u00f3n de Garapen, 19 agencias de desarrollo comarcal y la colaboraci\u00f3n del Gobierno Vasco. Txertatu Merkatuan es un proyecto dirigido a personas j\u00f3venes, mayores de 16 y [&hellip;]<\/p>\n","protected":false},"author":1,"featured_media":17980,"comment_status":"","ping_status":"closed","sticky":false,"template":"","format":"standard","meta":{"_acf_changed":false,"footnotes":""},"categories":[4],"tags":[],"class_list":["post-12032","post","type-post","status-publish","format-standard","has-post-thumbnail","hentry","category-noticias"],"acf":[],"yoast_head":"<!-- This site is optimized with the Yoast SEO plugin v27.4 - https:\/\/yoast.com\/product\/yoast-seo-wordpress\/ -->\n<title>Txertatu Merkatuan ofrecer\u00e1 oportunidades de inserci\u00f3n laboral a los j\u00f3venes desempleados de la comarca - Iraurgi Berritzen<\/title>\n<meta name=\"robots\" content=\"index, follow, max-snippet:-1, max-image-preview:large, max-video-preview:-1\" \/>\n<link rel=\"canonical\" href=\"https:\/\/iraurgiberritzen.eus\/es\/txertatu-merkatuan-ofrecera-oportunidades-de-insercion-laboral-a-los-jovenes-desempleados-de-la-comarca\/\" \/>\n<meta property=\"og:locale\" content=\"es_ES\" \/>\n<meta property=\"og:type\" content=\"article\" \/>\n<meta property=\"og:title\" content=\"Txertatu Merkatuan ofrecer\u00e1 oportunidades de inserci\u00f3n laboral a los j\u00f3venes desempleados de la comarca - Iraurgi Berritzen\" \/>\n<meta property=\"og:description\" content=\"El proyecto se enmarca en el Programa Operativo de empleo juvenil Pa\u00eds Vasco 2014-2020, est\u00e1 cofinanciado por Fondo Social Europeo en un 91.89 % y cuenta con la participaci\u00f3n de Garapen, 19 agencias de desarrollo comarcal y la colaboraci\u00f3n del Gobierno Vasco. Txertatu Merkatuan es un proyecto dirigido a personas j\u00f3venes, mayores de 16 y [&hellip;]\" \/>\n<meta property=\"og:url\" content=\"https:\/\/iraurgiberritzen.eus\/es\/txertatu-merkatuan-ofrecera-oportunidades-de-insercion-laboral-a-los-jovenes-desempleados-de-la-comarca\/\" \/>\n<meta property=\"og:site_name\" content=\"Iraurgi Berritzen\" \/>\n<meta property=\"article:published_time\" content=\"2016-06-15T06:12:19+00:00\" \/>\n<meta name=\"author\" content=\"kudeatzailea\" \/>\n<meta name=\"twitter:card\" content=\"summary_large_image\" \/>\n<meta name=\"twitter:label1\" content=\"Escrito por\" \/>\n\t<meta name=\"twitter:data1\" content=\"kudeatzailea\" \/>\n\t<meta name=\"twitter:label2\" content=\"Tiempo de lectura\" \/>\n\t<meta name=\"twitter:data2\" content=\"3 minutos\" \/>\n<script type=\"application\/ld+json\" class=\"yoast-schema-graph\">{\"@context\":\"https:\\\/\\\/schema.org\",\"@graph\":[{\"@type\":\"Article\",\"@id\":\"https:\\\/\\\/iraurgiberritzen.eus\\\/es\\\/txertatu-merkatuan-ofrecera-oportunidades-de-insercion-laboral-a-los-jovenes-desempleados-de-la-comarca\\\/#article\",\"isPartOf\":{\"@id\":\"https:\\\/\\\/iraurgiberritzen.eus\\\/es\\\/txertatu-merkatuan-ofrecera-oportunidades-de-insercion-laboral-a-los-jovenes-desempleados-de-la-comarca\\\/\"},\"author\":{\"name\":\"kudeatzailea\",\"@id\":\"https:\\\/\\\/iraurgiberritzen.eus\\\/es\\\/#\\\/schema\\\/person\\\/5ab41aaf388a9097177601ebf45738d2\"},\"headline\":\"Txertatu Merkatuan ofrecer\u00e1 oportunidades de inserci\u00f3n laboral a los j\u00f3venes desempleados de la comarca\",\"datePublished\":\"2016-06-15T06:12:19+00:00\",\"mainEntityOfPage\":{\"@id\":\"https:\\\/\\\/iraurgiberritzen.eus\\\/es\\\/txertatu-merkatuan-ofrecera-oportunidades-de-insercion-laboral-a-los-jovenes-desempleados-de-la-comarca\\\/\"},\"wordCount\":572,\"publisher\":{\"@id\":\"https:\\\/\\\/iraurgiberritzen.eus\\\/es\\\/#organization\"},\"image\":{\"@id\":\"https:\\\/\\\/iraurgiberritzen.eus\\\/es\\\/txertatu-merkatuan-ofrecera-oportunidades-de-insercion-laboral-a-los-jovenes-desempleados-de-la-comarca\\\/#primaryimage\"},\"thumbnailUrl\":\"https:\\\/\\\/iraurgiberritzen.eus\\\/wp-content\\\/uploads\\\/2023\\\/09\\\/4693ba70fe7ccf8c5461d5f42e16af89.jpg\",\"articleSection\":[\"Noticias\"],\"inLanguage\":\"es\"},{\"@type\":\"WebPage\",\"@id\":\"https:\\\/\\\/iraurgiberritzen.eus\\\/es\\\/txertatu-merkatuan-ofrecera-oportunidades-de-insercion-laboral-a-los-jovenes-desempleados-de-la-comarca\\\/\",\"url\":\"https:\\\/\\\/iraurgiberritzen.eus\\\/es\\\/txertatu-merkatuan-ofrecera-oportunidades-de-insercion-laboral-a-los-jovenes-desempleados-de-la-comarca\\\/\",\"name\":\"Txertatu Merkatuan ofrecer\u00e1 oportunidades de inserci\u00f3n laboral a los j\u00f3venes desempleados de la comarca - Iraurgi Berritzen\",\"isPartOf\":{\"@id\":\"https:\\\/\\\/iraurgiberritzen.eus\\\/es\\\/#website\"},\"primaryImageOfPage\":{\"@id\":\"https:\\\/\\\/iraurgiberritzen.eus\\\/es\\\/txertatu-merkatuan-ofrecera-oportunidades-de-insercion-laboral-a-los-jovenes-desempleados-de-la-comarca\\\/#primaryimage\"},\"image\":{\"@id\":\"https:\\\/\\\/iraurgiberritzen.eus\\\/es\\\/txertatu-merkatuan-ofrecera-oportunidades-de-insercion-laboral-a-los-jovenes-desempleados-de-la-comarca\\\/#primaryimage\"},\"thumbnailUrl\":\"https:\\\/\\\/iraurgiberritzen.eus\\\/wp-content\\\/uploads\\\/2023\\\/09\\\/4693ba70fe7ccf8c5461d5f42e16af89.jpg\",\"datePublished\":\"2016-06-15T06:12:19+00:00\",\"breadcrumb\":{\"@id\":\"https:\\\/\\\/iraurgiberritzen.eus\\\/es\\\/txertatu-merkatuan-ofrecera-oportunidades-de-insercion-laboral-a-los-jovenes-desempleados-de-la-comarca\\\/#breadcrumb\"},\"inLanguage\":\"es\",\"potentialAction\":[{\"@type\":\"ReadAction\",\"target\":[\"https:\\\/\\\/iraurgiberritzen.eus\\\/es\\\/txertatu-merkatuan-ofrecera-oportunidades-de-insercion-laboral-a-los-jovenes-desempleados-de-la-comarca\\\/\"]}]},{\"@type\":\"ImageObject\",\"inLanguage\":\"es\",\"@id\":\"https:\\\/\\\/iraurgiberritzen.eus\\\/es\\\/txertatu-merkatuan-ofrecera-oportunidades-de-insercion-laboral-a-los-jovenes-desempleados-de-la-comarca\\\/#primaryimage\",\"url\":\"https:\\\/\\\/iraurgiberritzen.eus\\\/wp-content\\\/uploads\\\/2023\\\/09\\\/4693ba70fe7ccf8c5461d5f42e16af89.jpg\",\"contentUrl\":\"https:\\\/\\\/iraurgiberritzen.eus\\\/wp-content\\\/uploads\\\/2023\\\/09\\\/4693ba70fe7ccf8c5461d5f42e16af89.jpg\",\"width\":600,\"height\":386},{\"@type\":\"BreadcrumbList\",\"@id\":\"https:\\\/\\\/iraurgiberritzen.eus\\\/es\\\/txertatu-merkatuan-ofrecera-oportunidades-de-insercion-laboral-a-los-jovenes-desempleados-de-la-comarca\\\/#breadcrumb\",\"itemListElement\":[{\"@type\":\"ListItem\",\"position\":1,\"name\":\"Home\",\"item\":\"https:\\\/\\\/iraurgiberritzen.eus\\\/es\\\/\"},{\"@type\":\"ListItem\",\"position\":2,\"name\":\"Txertatu Merkatuan ofrecer\u00e1 oportunidades de inserci\u00f3n laboral a los j\u00f3venes desempleados de la comarca\"}]},{\"@type\":\"WebSite\",\"@id\":\"https:\\\/\\\/iraurgiberritzen.eus\\\/es\\\/#website\",\"url\":\"https:\\\/\\\/iraurgiberritzen.eus\\\/es\\\/\",\"name\":\"Iraurgi Berritzen\",\"description\":\"Urola Erdiko Garapen Agentzia\",\"publisher\":{\"@id\":\"https:\\\/\\\/iraurgiberritzen.eus\\\/es\\\/#organization\"},\"potentialAction\":[{\"@type\":\"SearchAction\",\"target\":{\"@type\":\"EntryPoint\",\"urlTemplate\":\"https:\\\/\\\/iraurgiberritzen.eus\\\/es\\\/?s={search_term_string}\"},\"query-input\":{\"@type\":\"PropertyValueSpecification\",\"valueRequired\":true,\"valueName\":\"search_term_string\"}}],\"inLanguage\":\"es\"},{\"@type\":\"Organization\",\"@id\":\"https:\\\/\\\/iraurgiberritzen.eus\\\/es\\\/#organization\",\"name\":\"Iraurgi Berritzen\",\"url\":\"https:\\\/\\\/iraurgiberritzen.eus\\\/es\\\/\",\"logo\":{\"@type\":\"ImageObject\",\"inLanguage\":\"es\",\"@id\":\"https:\\\/\\\/iraurgiberritzen.eus\\\/es\\\/#\\\/schema\\\/logo\\\/image\\\/\",\"url\":\"https:\\\/\\\/iraurgiberritzen.eus\\\/wp-content\\\/uploads\\\/2024\\\/02\\\/IRAURGI-BERRITZEN-logotipoa_2.png\",\"contentUrl\":\"https:\\\/\\\/iraurgiberritzen.eus\\\/wp-content\\\/uploads\\\/2024\\\/02\\\/IRAURGI-BERRITZEN-logotipoa_2.png\",\"width\":496,\"height\":190,\"caption\":\"Iraurgi Berritzen\"},\"image\":{\"@id\":\"https:\\\/\\\/iraurgiberritzen.eus\\\/es\\\/#\\\/schema\\\/logo\\\/image\\\/\"}},{\"@type\":\"Person\",\"@id\":\"https:\\\/\\\/iraurgiberritzen.eus\\\/es\\\/#\\\/schema\\\/person\\\/5ab41aaf388a9097177601ebf45738d2\",\"name\":\"kudeatzailea\",\"sameAs\":[\"https:\\\/\\\/iraurgiberritzen.eus\"]}]}<\/script>\n<!-- \/ Yoast SEO plugin. -->","yoast_head_json":{"title":"Txertatu Merkatuan ofrecer\u00e1 oportunidades de inserci\u00f3n laboral a los j\u00f3venes desempleados de la comarca - Iraurgi Berritzen","robots":{"index":"index","follow":"follow","max-snippet":"max-snippet:-1","max-image-preview":"max-image-preview:large","max-video-preview":"max-video-preview:-1"},"canonical":"https:\/\/iraurgiberritzen.eus\/es\/txertatu-merkatuan-ofrecera-oportunidades-de-insercion-laboral-a-los-jovenes-desempleados-de-la-comarca\/","og_locale":"es_ES","og_type":"article","og_title":"Txertatu Merkatuan ofrecer\u00e1 oportunidades de inserci\u00f3n laboral a los j\u00f3venes desempleados de la comarca - Iraurgi Berritzen","og_description":"El proyecto se enmarca en el Programa Operativo de empleo juvenil Pa\u00eds Vasco 2014-2020, est\u00e1 cofinanciado por Fondo Social Europeo en un 91.89 % y cuenta con la participaci\u00f3n de Garapen, 19 agencias de desarrollo comarcal y la colaboraci\u00f3n del Gobierno Vasco. Txertatu Merkatuan es un proyecto dirigido a personas j\u00f3venes, mayores de 16 y [&hellip;]","og_url":"https:\/\/iraurgiberritzen.eus\/es\/txertatu-merkatuan-ofrecera-oportunidades-de-insercion-laboral-a-los-jovenes-desempleados-de-la-comarca\/","og_site_name":"Iraurgi Berritzen","article_published_time":"2016-06-15T06:12:19+00:00","author":"kudeatzailea","twitter_card":"summary_large_image","twitter_misc":{"Escrito por":"kudeatzailea","Tiempo de lectura":"3 minutos"},"schema":{"@context":"https:\/\/schema.org","@graph":[{"@type":"Article","@id":"https:\/\/iraurgiberritzen.eus\/es\/txertatu-merkatuan-ofrecera-oportunidades-de-insercion-laboral-a-los-jovenes-desempleados-de-la-comarca\/#article","isPartOf":{"@id":"https:\/\/iraurgiberritzen.eus\/es\/txertatu-merkatuan-ofrecera-oportunidades-de-insercion-laboral-a-los-jovenes-desempleados-de-la-comarca\/"},"author":{"name":"kudeatzailea","@id":"https:\/\/iraurgiberritzen.eus\/es\/#\/schema\/person\/5ab41aaf388a9097177601ebf45738d2"},"headline":"Txertatu Merkatuan ofrecer\u00e1 oportunidades de inserci\u00f3n laboral a los j\u00f3venes desempleados de la comarca","datePublished":"2016-06-15T06:12:19+00:00","mainEntityOfPage":{"@id":"https:\/\/iraurgiberritzen.eus\/es\/txertatu-merkatuan-ofrecera-oportunidades-de-insercion-laboral-a-los-jovenes-desempleados-de-la-comarca\/"},"wordCount":572,"publisher":{"@id":"https:\/\/iraurgiberritzen.eus\/es\/#organization"},"image":{"@id":"https:\/\/iraurgiberritzen.eus\/es\/txertatu-merkatuan-ofrecera-oportunidades-de-insercion-laboral-a-los-jovenes-desempleados-de-la-comarca\/#primaryimage"},"thumbnailUrl":"https:\/\/iraurgiberritzen.eus\/wp-content\/uploads\/2023\/09\/4693ba70fe7ccf8c5461d5f42e16af89.jpg","articleSection":["Noticias"],"inLanguage":"es"},{"@type":"WebPage","@id":"https:\/\/iraurgiberritzen.eus\/es\/txertatu-merkatuan-ofrecera-oportunidades-de-insercion-laboral-a-los-jovenes-desempleados-de-la-comarca\/","url":"https:\/\/iraurgiberritzen.eus\/es\/txertatu-merkatuan-ofrecera-oportunidades-de-insercion-laboral-a-los-jovenes-desempleados-de-la-comarca\/","name":"Txertatu Merkatuan ofrecer\u00e1 oportunidades de inserci\u00f3n laboral a los j\u00f3venes desempleados de la comarca - Iraurgi Berritzen","isPartOf":{"@id":"https:\/\/iraurgiberritzen.eus\/es\/#website"},"primaryImageOfPage":{"@id":"https:\/\/iraurgiberritzen.eus\/es\/txertatu-merkatuan-ofrecera-oportunidades-de-insercion-laboral-a-los-jovenes-desempleados-de-la-comarca\/#primaryimage"},"image":{"@id":"https:\/\/iraurgiberritzen.eus\/es\/txertatu-merkatuan-ofrecera-oportunidades-de-insercion-laboral-a-los-jovenes-desempleados-de-la-comarca\/#primaryimage"},"thumbnailUrl":"https:\/\/iraurgiberritzen.eus\/wp-content\/uploads\/2023\/09\/4693ba70fe7ccf8c5461d5f42e16af89.jpg","datePublished":"2016-06-15T06:12:19+00:00","breadcrumb":{"@id":"https:\/\/iraurgiberritzen.eus\/es\/txertatu-merkatuan-ofrecera-oportunidades-de-insercion-laboral-a-los-jovenes-desempleados-de-la-comarca\/#breadcrumb"},"inLanguage":"es","potentialAction":[{"@type":"ReadAction","target":["https:\/\/iraurgiberritzen.eus\/es\/txertatu-merkatuan-ofrecera-oportunidades-de-insercion-laboral-a-los-jovenes-desempleados-de-la-comarca\/"]}]},{"@type":"ImageObject","inLanguage":"es","@id":"https:\/\/iraurgiberritzen.eus\/es\/txertatu-merkatuan-ofrecera-oportunidades-de-insercion-laboral-a-los-jovenes-desempleados-de-la-comarca\/#primaryimage","url":"https:\/\/iraurgiberritzen.eus\/wp-content\/uploads\/2023\/09\/4693ba70fe7ccf8c5461d5f42e16af89.jpg","contentUrl":"https:\/\/iraurgiberritzen.eus\/wp-content\/uploads\/2023\/09\/4693ba70fe7ccf8c5461d5f42e16af89.jpg","width":600,"height":386},{"@type":"BreadcrumbList","@id":"https:\/\/iraurgiberritzen.eus\/es\/txertatu-merkatuan-ofrecera-oportunidades-de-insercion-laboral-a-los-jovenes-desempleados-de-la-comarca\/#breadcrumb","itemListElement":[{"@type":"ListItem","position":1,"name":"Home","item":"https:\/\/iraurgiberritzen.eus\/es\/"},{"@type":"ListItem","position":2,"name":"Txertatu Merkatuan ofrecer\u00e1 oportunidades de inserci\u00f3n laboral a los j\u00f3venes desempleados de la comarca"}]},{"@type":"WebSite","@id":"https:\/\/iraurgiberritzen.eus\/es\/#website","url":"https:\/\/iraurgiberritzen.eus\/es\/","name":"Iraurgi Berritzen","description":"Urola Erdiko Garapen Agentzia","publisher":{"@id":"https:\/\/iraurgiberritzen.eus\/es\/#organization"},"potentialAction":[{"@type":"SearchAction","target":{"@type":"EntryPoint","urlTemplate":"https:\/\/iraurgiberritzen.eus\/es\/?s={search_term_string}"},"query-input":{"@type":"PropertyValueSpecification","valueRequired":true,"valueName":"search_term_string"}}],"inLanguage":"es"},{"@type":"Organization","@id":"https:\/\/iraurgiberritzen.eus\/es\/#organization","name":"Iraurgi Berritzen","url":"https:\/\/iraurgiberritzen.eus\/es\/","logo":{"@type":"ImageObject","inLanguage":"es","@id":"https:\/\/iraurgiberritzen.eus\/es\/#\/schema\/logo\/image\/","url":"https:\/\/iraurgiberritzen.eus\/wp-content\/uploads\/2024\/02\/IRAURGI-BERRITZEN-logotipoa_2.png","contentUrl":"https:\/\/iraurgiberritzen.eus\/wp-content\/uploads\/2024\/02\/IRAURGI-BERRITZEN-logotipoa_2.png","width":496,"height":190,"caption":"Iraurgi Berritzen"},"image":{"@id":"https:\/\/iraurgiberritzen.eus\/es\/#\/schema\/logo\/image\/"}},{"@type":"Person","@id":"https:\/\/iraurgiberritzen.eus\/es\/#\/schema\/person\/5ab41aaf388a9097177601ebf45738d2","name":"kudeatzailea","sameAs":["https:\/\/iraurgiberritzen.eus"]}]}},"_links":{"self":[{"href":"https:\/\/iraurgiberritzen.eus\/es\/wp-json\/wp\/v2\/posts\/12032","targetHints":{"allow":["GET"]}}],"collection":[{"href":"https:\/\/iraurgiberritzen.eus\/es\/wp-json\/wp\/v2\/posts"}],"about":[{"href":"https:\/\/iraurgiberritzen.eus\/es\/wp-json\/wp\/v2\/types\/post"}],"author":[{"embeddable":true,"href":"https:\/\/iraurgiberritzen.eus\/es\/wp-json\/wp\/v2\/users\/1"}],"replies":[{"embeddable":true,"href":"https:\/\/iraurgiberritzen.eus\/es\/wp-json\/wp\/v2\/comments?post=12032"}],"version-history":[{"count":0,"href":"https:\/\/iraurgiberritzen.eus\/es\/wp-json\/wp\/v2\/posts\/12032\/revisions"}],"wp:featuredmedia":[{"embeddable":true,"href":"https:\/\/iraurgiberritzen.eus\/es\/wp-json\/wp\/v2\/media\/17980"}],"wp:attachment":[{"href":"https:\/\/iraurgiberritzen.eus\/es\/wp-json\/wp\/v2\/media?parent=12032"}],"wp:term":[{"taxonomy":"category","embeddable":true,"href":"https:\/\/iraurgiberritzen.eus\/es\/wp-json\/wp\/v2\/categories?post=12032"},{"taxonomy":"post_tag","embeddable":true,"href":"https:\/\/iraurgiberritzen.eus\/es\/wp-json\/wp\/v2\/tags?post=12032"}],"curies":[{"name":"wp","href":"https:\/\/api.w.org\/{rel}","templated":true}]}}