{"id":12041,"date":"2016-06-23T06:53:28","date_gmt":"2016-06-23T04:53:28","guid":{"rendered":"https:\/\/iraurgiberritzen.eus\/innovacion-social-en-urola-erdia\/"},"modified":"2016-06-23T06:53:28","modified_gmt":"2016-06-23T04:53:28","slug":"innovacion-social-en-urola-erdia","status":"publish","type":"post","link":"https:\/\/iraurgiberritzen.eus\/es\/innovacion-social-en-urola-erdia\/","title":{"rendered":"Innovaci\u00f3n Social en Urola Erdia"},"content":{"rendered":"<p style=\"text-align: justify;\">\u00bfEstamos impulsando la innovaci\u00f3n social en Azpeitia y Azkoitia? \u00bfC\u00f3mo?<br \/>\u00bfExisten proyectos innovadores en la comarca con el objetivo de dar respuesta a nuevos retos sociales de Urola Erdia? \u00bfQu\u00e9 caracter\u00edsticas tienen?<\/p>\n<p style=\"text-align: justify;\">Para responder a estas preguntas e impulsar la innovaci\u00f3n social en Urola Erdia, Iraurgi Berritzen ha desarrollado en los \u00faltimos meses el proceso Urberritzen con la colaboraci\u00f3n de diferentes agentes de la comarca. Este proyecto se ha llevado a cabo en colaboraci\u00f3n con la Consultor\u00eda Elhuyar y la comarca Donostia-Beterri, y el proyecto ha sido financiado por la Diputaci\u00f3n Foral de Gipuzkoa.<\/p>\n<p style=\"text-align: justify;\">El principal objetivo de este proceso ha sido aumentar la capacidad de los agentes de la comarca para el desarrollo de la innovaci\u00f3n social y mejorar la articulaci\u00f3n entre ellos. Pero, \u00bfQu\u00e9 es en realidad la Innovaci\u00f3n Social? <strong>La Innovaci\u00f3n social consiste en dar respuesta a los retos sociales utilizando para ello m\u00e9todos de trabajo que no son habituales.<\/strong><\/p>\n<p style=\"text-align: justify;\"><a href=\"https:\/\/vimeo.com\/170761791\" target=\"_blank\" rel=\"noopener\">Resumen del proyecto en este v\u00eddeo<\/a><\/p>\n<p style=\"text-align: justify;\"><span style=\"text-decoration: underline;\"><strong>Principales l\u00edneas de trabajo y resultados del Proyecto Urberritzen<\/strong><\/span><\/p>\n<p style=\"text-align: justify;\">Por un lado se han evaluado 6 proyectos innovadores que se est\u00e1n llevando hoy en d\u00eda en distintos campos de la sociedad, mediante una herramienta desarrollada por Elhuyar. De esta forma, se han estudiado media docena de proyectos seg\u00fan 8 indicadores y se han propuesto medidas para reforzar el impacto de estos proyectos en la sociedad actual.<\/p>\n<p style=\"text-align: justify;\">Proyectos analizados de Urola Erdia:<\/p>\n<p style=\"text-align: justify;\"><img loading=\"lazy\" decoding=\"async\" style=\"display: block; margin-left: auto; margin-right: auto;\" src=\"images\/UrBerritzan_Ondorioak_Cast.png\" alt=\"UrBerritzan_Ondorioak_Cast.png\" width=\"555\" height=\"356\" \/>Los proyectos se han evaluado seg\u00fan 8 indicadores, entre los cuales destacan el dinamismo de los proyectos, gobernanza democr\u00e1tica, impulso del euskera, viabilidad de los proyectos y la socializaci\u00f3n del conocimiento.<\/p>\n<p style=\"text-align: justify;\">En general, todos los proyectos analizados conocen profundamente su entorno, tienen identificadas correctamente las necesidades sociales y quieren dar nuevas respuestas. Para ello, actualmente se est\u00e1n aplicando nuevos modos de trabajo en la comarca. En l\u00edneas generales, persiguen la transformaci\u00f3n de la sociedad, y est\u00e1n influyendo en la percepci\u00f3n, la actitud y las formas de hacer.<\/p>\n<p style=\"text-align: justify;\">Adem\u00e1s, los participantes participan de forma activa en los proyectos, sinti\u00e9ndose as\u00ed parte del proyecto. Se tienen en cuenta las principales decisiones tomadas por los impulsores, as\u00ed como la voz de los dem\u00e1s participantes. Los proyectos consolidados tienen estructuras organizadas, con objetivos y responsabilidades espec\u00edficas. Se ha comprobado que est\u00e1n creando y compartiendo conocimiento y nuevas perspectivas.<\/p>\n<p style=\"text-align: justify;\">Han presentado un nivel medio, los t\u00e9rminos de sostenibilidad, colaboraci\u00f3n abierta, perspectiva de g\u00e9nero y desarrollo local. El objetivo de la mayor\u00eda de las iniciativas es impulsar el desarrollo local y se priorizan los servicios y proveedores locales. Sin embargo, se han identificado algunos puntos a mejorar. Entre otros destacan, extender las medidas aplicadas al resto de los sectores o prestar m\u00e1s atenci\u00f3n al criterio de la sostenibilidad con el objetivo de reducir el impacto ambiental. En cuanto a la perspectiva de g\u00e9nero, los resultados no han sido tan positivos. A pesar de que es un criterio que se tiene en cuenta por todos los proyectos, se ha identificado la necesidad de aplicar una sist\u00e9mica concreta para garantizar el desarrollo de las mismas.<\/p>\n<p style=\"text-align: justify;\"><span style=\"text-decoration: underline;\"><strong>Proceso seguido en el desarrollo del proyecto<\/strong><\/span><\/p>\n<p style=\"text-align: justify;\"><span style=\"text-decoration: underline;\"><\/span>El proyecto arranc\u00f3 mediante una sesi\u00f3n de presentaci\u00f3n celebrada en el Sindikatu Zaharra de Azpeitia. En esta jornada se presento el proyecto UrBerritzen y se conocieron varias experiencias de trabajo de innovaci\u00f3n social (Azpeitiko Kultur Mahaia, Karabeleko\/Orona eta Gureak\/Eroski).<\/p>\n<p style=\"text-align: justify;\">Una vez presentado el proyecto, se organiz\u00f3 una mesa redonda con los promotores y participantes, analiz\u00e1ndose las iniciativas mediante 8 indicadores de la herramienta de Elhuyar. El 17 de Mayo se cre\u00f3 en el Elkargunea de Azkoitia, un espacio de colaboraci\u00f3n denominado Topagune, formado por los agentes de la comarca. En este espacio, se intercambiaron las conclusiones de las evaluaciones, y se reflexion\u00f3 sobre la capacidad de la comarca de impulsar la innovaci\u00f3n social, proponi\u00e9ndose a su vez medidas de mejora.<\/p>\n<p style=\"text-align: justify;\">Con el objetivo de concluir el proceso, el 3 de junio se celebr\u00f3 una jornada donde se presento el proceso de Urola Erdia, con el fin de dar a conocer e intercambiar todo lo aprendido durante el mismo. Se encarg\u00f3 Oriol Estela de ofrecer el discurso inicial de la jornada, experto en econom\u00eda, geograf\u00eda y desarrollo local. Para terminar, destacar que en las pr\u00f3ximas semanas se har\u00e1 un seguimiento del proceso en las sesiones de intercambio que se llevar\u00e1n a cabo junto con los ayuntamientos de la comarca de Donostia-Beterri. El objetivo de estas sesiones ser\u00e1 que las dos comarcas aprendan conjuntamente y que intercambien experiencias entre ellas.<\/p>\n<p style=\"text-align: justify;\">{myFlickr}photoset_id=72157667409169393{\/myFlickr}<\/p>\n","protected":false},"excerpt":{"rendered":"<p>\u00bfEstamos impulsando la innovaci\u00f3n social en Azpeitia y Azkoitia? \u00bfC\u00f3mo?\u00bfExisten proyectos innovadores en la comarca con el objetivo de dar respuesta a nuevos retos sociales de Urola Erdia? \u00bfQu\u00e9 caracter\u00edsticas tienen? Para responder a estas preguntas e impulsar la innovaci\u00f3n social en Urola Erdia, Iraurgi Berritzen ha desarrollado en los \u00faltimos meses el proceso Urberritzen [&hellip;]<\/p>\n","protected":false},"author":1,"featured_media":17983,"comment_status":"","ping_status":"closed","sticky":false,"template":"","format":"standard","meta":{"_acf_changed":false,"footnotes":""},"categories":[4],"tags":[],"class_list":["post-12041","post","type-post","status-publish","format-standard","has-post-thumbnail","hentry","category-noticias"],"acf":[],"yoast_head":"<!-- This site is optimized with the Yoast SEO plugin v27.4 - https:\/\/yoast.com\/product\/yoast-seo-wordpress\/ -->\n<title>Innovaci\u00f3n Social en Urola Erdia - Iraurgi Berritzen<\/title>\n<meta name=\"robots\" content=\"index, follow, max-snippet:-1, max-image-preview:large, max-video-preview:-1\" \/>\n<link rel=\"canonical\" href=\"https:\/\/iraurgiberritzen.eus\/es\/innovacion-social-en-urola-erdia\/\" \/>\n<meta property=\"og:locale\" content=\"es_ES\" \/>\n<meta property=\"og:type\" content=\"article\" \/>\n<meta property=\"og:title\" content=\"Innovaci\u00f3n Social en Urola Erdia - Iraurgi Berritzen\" \/>\n<meta property=\"og:description\" content=\"\u00bfEstamos impulsando la innovaci\u00f3n social en Azpeitia y Azkoitia? \u00bfC\u00f3mo?\u00bfExisten proyectos innovadores en la comarca con el objetivo de dar respuesta a nuevos retos sociales de Urola Erdia? \u00bfQu\u00e9 caracter\u00edsticas tienen? Para responder a estas preguntas e impulsar la innovaci\u00f3n social en Urola Erdia, Iraurgi Berritzen ha desarrollado en los \u00faltimos meses el proceso Urberritzen [&hellip;]\" \/>\n<meta property=\"og:url\" content=\"https:\/\/iraurgiberritzen.eus\/es\/innovacion-social-en-urola-erdia\/\" \/>\n<meta property=\"og:site_name\" content=\"Iraurgi Berritzen\" \/>\n<meta property=\"article:published_time\" content=\"2016-06-23T04:53:28+00:00\" \/>\n<meta name=\"author\" content=\"kudeatzailea\" \/>\n<meta name=\"twitter:card\" content=\"summary_large_image\" \/>\n<meta name=\"twitter:label1\" content=\"Escrito por\" \/>\n\t<meta name=\"twitter:data1\" content=\"kudeatzailea\" \/>\n\t<meta name=\"twitter:label2\" content=\"Tiempo de lectura\" \/>\n\t<meta name=\"twitter:data2\" content=\"4 minutos\" \/>\n<script type=\"application\/ld+json\" class=\"yoast-schema-graph\">{\"@context\":\"https:\\\/\\\/schema.org\",\"@graph\":[{\"@type\":\"Article\",\"@id\":\"https:\\\/\\\/iraurgiberritzen.eus\\\/es\\\/innovacion-social-en-urola-erdia\\\/#article\",\"isPartOf\":{\"@id\":\"https:\\\/\\\/iraurgiberritzen.eus\\\/es\\\/innovacion-social-en-urola-erdia\\\/\"},\"author\":{\"name\":\"kudeatzailea\",\"@id\":\"https:\\\/\\\/iraurgiberritzen.eus\\\/es\\\/#\\\/schema\\\/person\\\/5ab41aaf388a9097177601ebf45738d2\"},\"headline\":\"Innovaci\u00f3n Social en Urola Erdia\",\"datePublished\":\"2016-06-23T04:53:28+00:00\",\"mainEntityOfPage\":{\"@id\":\"https:\\\/\\\/iraurgiberritzen.eus\\\/es\\\/innovacion-social-en-urola-erdia\\\/\"},\"wordCount\":788,\"publisher\":{\"@id\":\"https:\\\/\\\/iraurgiberritzen.eus\\\/es\\\/#organization\"},\"image\":{\"@id\":\"https:\\\/\\\/iraurgiberritzen.eus\\\/es\\\/innovacion-social-en-urola-erdia\\\/#primaryimage\"},\"thumbnailUrl\":\"https:\\\/\\\/iraurgiberritzen.eus\\\/wp-content\\\/uploads\\\/2023\\\/09\\\/2d6c15d654bd7f03d72e8900a9ebd07f.jpg\",\"articleSection\":[\"Noticias\"],\"inLanguage\":\"es\"},{\"@type\":\"WebPage\",\"@id\":\"https:\\\/\\\/iraurgiberritzen.eus\\\/es\\\/innovacion-social-en-urola-erdia\\\/\",\"url\":\"https:\\\/\\\/iraurgiberritzen.eus\\\/es\\\/innovacion-social-en-urola-erdia\\\/\",\"name\":\"Innovaci\u00f3n Social en Urola Erdia - Iraurgi Berritzen\",\"isPartOf\":{\"@id\":\"https:\\\/\\\/iraurgiberritzen.eus\\\/es\\\/#website\"},\"primaryImageOfPage\":{\"@id\":\"https:\\\/\\\/iraurgiberritzen.eus\\\/es\\\/innovacion-social-en-urola-erdia\\\/#primaryimage\"},\"image\":{\"@id\":\"https:\\\/\\\/iraurgiberritzen.eus\\\/es\\\/innovacion-social-en-urola-erdia\\\/#primaryimage\"},\"thumbnailUrl\":\"https:\\\/\\\/iraurgiberritzen.eus\\\/wp-content\\\/uploads\\\/2023\\\/09\\\/2d6c15d654bd7f03d72e8900a9ebd07f.jpg\",\"datePublished\":\"2016-06-23T04:53:28+00:00\",\"breadcrumb\":{\"@id\":\"https:\\\/\\\/iraurgiberritzen.eus\\\/es\\\/innovacion-social-en-urola-erdia\\\/#breadcrumb\"},\"inLanguage\":\"es\",\"potentialAction\":[{\"@type\":\"ReadAction\",\"target\":[\"https:\\\/\\\/iraurgiberritzen.eus\\\/es\\\/innovacion-social-en-urola-erdia\\\/\"]}]},{\"@type\":\"ImageObject\",\"inLanguage\":\"es\",\"@id\":\"https:\\\/\\\/iraurgiberritzen.eus\\\/es\\\/innovacion-social-en-urola-erdia\\\/#primaryimage\",\"url\":\"https:\\\/\\\/iraurgiberritzen.eus\\\/wp-content\\\/uploads\\\/2023\\\/09\\\/2d6c15d654bd7f03d72e8900a9ebd07f.jpg\",\"contentUrl\":\"https:\\\/\\\/iraurgiberritzen.eus\\\/wp-content\\\/uploads\\\/2023\\\/09\\\/2d6c15d654bd7f03d72e8900a9ebd07f.jpg\",\"width\":600,\"height\":386},{\"@type\":\"BreadcrumbList\",\"@id\":\"https:\\\/\\\/iraurgiberritzen.eus\\\/es\\\/innovacion-social-en-urola-erdia\\\/#breadcrumb\",\"itemListElement\":[{\"@type\":\"ListItem\",\"position\":1,\"name\":\"Home\",\"item\":\"https:\\\/\\\/iraurgiberritzen.eus\\\/es\\\/\"},{\"@type\":\"ListItem\",\"position\":2,\"name\":\"Innovaci\u00f3n Social en Urola Erdia\"}]},{\"@type\":\"WebSite\",\"@id\":\"https:\\\/\\\/iraurgiberritzen.eus\\\/es\\\/#website\",\"url\":\"https:\\\/\\\/iraurgiberritzen.eus\\\/es\\\/\",\"name\":\"Iraurgi Berritzen\",\"description\":\"Urola Erdiko Garapen Agentzia\",\"publisher\":{\"@id\":\"https:\\\/\\\/iraurgiberritzen.eus\\\/es\\\/#organization\"},\"potentialAction\":[{\"@type\":\"SearchAction\",\"target\":{\"@type\":\"EntryPoint\",\"urlTemplate\":\"https:\\\/\\\/iraurgiberritzen.eus\\\/es\\\/?s={search_term_string}\"},\"query-input\":{\"@type\":\"PropertyValueSpecification\",\"valueRequired\":true,\"valueName\":\"search_term_string\"}}],\"inLanguage\":\"es\"},{\"@type\":\"Organization\",\"@id\":\"https:\\\/\\\/iraurgiberritzen.eus\\\/es\\\/#organization\",\"name\":\"Iraurgi Berritzen\",\"url\":\"https:\\\/\\\/iraurgiberritzen.eus\\\/es\\\/\",\"logo\":{\"@type\":\"ImageObject\",\"inLanguage\":\"es\",\"@id\":\"https:\\\/\\\/iraurgiberritzen.eus\\\/es\\\/#\\\/schema\\\/logo\\\/image\\\/\",\"url\":\"https:\\\/\\\/iraurgiberritzen.eus\\\/wp-content\\\/uploads\\\/2024\\\/02\\\/IRAURGI-BERRITZEN-logotipoa_2.png\",\"contentUrl\":\"https:\\\/\\\/iraurgiberritzen.eus\\\/wp-content\\\/uploads\\\/2024\\\/02\\\/IRAURGI-BERRITZEN-logotipoa_2.png\",\"width\":496,\"height\":190,\"caption\":\"Iraurgi Berritzen\"},\"image\":{\"@id\":\"https:\\\/\\\/iraurgiberritzen.eus\\\/es\\\/#\\\/schema\\\/logo\\\/image\\\/\"}},{\"@type\":\"Person\",\"@id\":\"https:\\\/\\\/iraurgiberritzen.eus\\\/es\\\/#\\\/schema\\\/person\\\/5ab41aaf388a9097177601ebf45738d2\",\"name\":\"kudeatzailea\",\"sameAs\":[\"https:\\\/\\\/iraurgiberritzen.eus\"]}]}<\/script>\n<!-- \/ Yoast SEO plugin. -->","yoast_head_json":{"title":"Innovaci\u00f3n Social en Urola Erdia - Iraurgi Berritzen","robots":{"index":"index","follow":"follow","max-snippet":"max-snippet:-1","max-image-preview":"max-image-preview:large","max-video-preview":"max-video-preview:-1"},"canonical":"https:\/\/iraurgiberritzen.eus\/es\/innovacion-social-en-urola-erdia\/","og_locale":"es_ES","og_type":"article","og_title":"Innovaci\u00f3n Social en Urola Erdia - Iraurgi Berritzen","og_description":"\u00bfEstamos impulsando la innovaci\u00f3n social en Azpeitia y Azkoitia? \u00bfC\u00f3mo?\u00bfExisten proyectos innovadores en la comarca con el objetivo de dar respuesta a nuevos retos sociales de Urola Erdia? \u00bfQu\u00e9 caracter\u00edsticas tienen? Para responder a estas preguntas e impulsar la innovaci\u00f3n social en Urola Erdia, Iraurgi Berritzen ha desarrollado en los \u00faltimos meses el proceso Urberritzen [&hellip;]","og_url":"https:\/\/iraurgiberritzen.eus\/es\/innovacion-social-en-urola-erdia\/","og_site_name":"Iraurgi Berritzen","article_published_time":"2016-06-23T04:53:28+00:00","author":"kudeatzailea","twitter_card":"summary_large_image","twitter_misc":{"Escrito por":"kudeatzailea","Tiempo de lectura":"4 minutos"},"schema":{"@context":"https:\/\/schema.org","@graph":[{"@type":"Article","@id":"https:\/\/iraurgiberritzen.eus\/es\/innovacion-social-en-urola-erdia\/#article","isPartOf":{"@id":"https:\/\/iraurgiberritzen.eus\/es\/innovacion-social-en-urola-erdia\/"},"author":{"name":"kudeatzailea","@id":"https:\/\/iraurgiberritzen.eus\/es\/#\/schema\/person\/5ab41aaf388a9097177601ebf45738d2"},"headline":"Innovaci\u00f3n Social en Urola Erdia","datePublished":"2016-06-23T04:53:28+00:00","mainEntityOfPage":{"@id":"https:\/\/iraurgiberritzen.eus\/es\/innovacion-social-en-urola-erdia\/"},"wordCount":788,"publisher":{"@id":"https:\/\/iraurgiberritzen.eus\/es\/#organization"},"image":{"@id":"https:\/\/iraurgiberritzen.eus\/es\/innovacion-social-en-urola-erdia\/#primaryimage"},"thumbnailUrl":"https:\/\/iraurgiberritzen.eus\/wp-content\/uploads\/2023\/09\/2d6c15d654bd7f03d72e8900a9ebd07f.jpg","articleSection":["Noticias"],"inLanguage":"es"},{"@type":"WebPage","@id":"https:\/\/iraurgiberritzen.eus\/es\/innovacion-social-en-urola-erdia\/","url":"https:\/\/iraurgiberritzen.eus\/es\/innovacion-social-en-urola-erdia\/","name":"Innovaci\u00f3n Social en Urola Erdia - Iraurgi Berritzen","isPartOf":{"@id":"https:\/\/iraurgiberritzen.eus\/es\/#website"},"primaryImageOfPage":{"@id":"https:\/\/iraurgiberritzen.eus\/es\/innovacion-social-en-urola-erdia\/#primaryimage"},"image":{"@id":"https:\/\/iraurgiberritzen.eus\/es\/innovacion-social-en-urola-erdia\/#primaryimage"},"thumbnailUrl":"https:\/\/iraurgiberritzen.eus\/wp-content\/uploads\/2023\/09\/2d6c15d654bd7f03d72e8900a9ebd07f.jpg","datePublished":"2016-06-23T04:53:28+00:00","breadcrumb":{"@id":"https:\/\/iraurgiberritzen.eus\/es\/innovacion-social-en-urola-erdia\/#breadcrumb"},"inLanguage":"es","potentialAction":[{"@type":"ReadAction","target":["https:\/\/iraurgiberritzen.eus\/es\/innovacion-social-en-urola-erdia\/"]}]},{"@type":"ImageObject","inLanguage":"es","@id":"https:\/\/iraurgiberritzen.eus\/es\/innovacion-social-en-urola-erdia\/#primaryimage","url":"https:\/\/iraurgiberritzen.eus\/wp-content\/uploads\/2023\/09\/2d6c15d654bd7f03d72e8900a9ebd07f.jpg","contentUrl":"https:\/\/iraurgiberritzen.eus\/wp-content\/uploads\/2023\/09\/2d6c15d654bd7f03d72e8900a9ebd07f.jpg","width":600,"height":386},{"@type":"BreadcrumbList","@id":"https:\/\/iraurgiberritzen.eus\/es\/innovacion-social-en-urola-erdia\/#breadcrumb","itemListElement":[{"@type":"ListItem","position":1,"name":"Home","item":"https:\/\/iraurgiberritzen.eus\/es\/"},{"@type":"ListItem","position":2,"name":"Innovaci\u00f3n Social en Urola Erdia"}]},{"@type":"WebSite","@id":"https:\/\/iraurgiberritzen.eus\/es\/#website","url":"https:\/\/iraurgiberritzen.eus\/es\/","name":"Iraurgi Berritzen","description":"Urola Erdiko Garapen Agentzia","publisher":{"@id":"https:\/\/iraurgiberritzen.eus\/es\/#organization"},"potentialAction":[{"@type":"SearchAction","target":{"@type":"EntryPoint","urlTemplate":"https:\/\/iraurgiberritzen.eus\/es\/?s={search_term_string}"},"query-input":{"@type":"PropertyValueSpecification","valueRequired":true,"valueName":"search_term_string"}}],"inLanguage":"es"},{"@type":"Organization","@id":"https:\/\/iraurgiberritzen.eus\/es\/#organization","name":"Iraurgi Berritzen","url":"https:\/\/iraurgiberritzen.eus\/es\/","logo":{"@type":"ImageObject","inLanguage":"es","@id":"https:\/\/iraurgiberritzen.eus\/es\/#\/schema\/logo\/image\/","url":"https:\/\/iraurgiberritzen.eus\/wp-content\/uploads\/2024\/02\/IRAURGI-BERRITZEN-logotipoa_2.png","contentUrl":"https:\/\/iraurgiberritzen.eus\/wp-content\/uploads\/2024\/02\/IRAURGI-BERRITZEN-logotipoa_2.png","width":496,"height":190,"caption":"Iraurgi Berritzen"},"image":{"@id":"https:\/\/iraurgiberritzen.eus\/es\/#\/schema\/logo\/image\/"}},{"@type":"Person","@id":"https:\/\/iraurgiberritzen.eus\/es\/#\/schema\/person\/5ab41aaf388a9097177601ebf45738d2","name":"kudeatzailea","sameAs":["https:\/\/iraurgiberritzen.eus"]}]}},"_links":{"self":[{"href":"https:\/\/iraurgiberritzen.eus\/es\/wp-json\/wp\/v2\/posts\/12041","targetHints":{"allow":["GET"]}}],"collection":[{"href":"https:\/\/iraurgiberritzen.eus\/es\/wp-json\/wp\/v2\/posts"}],"about":[{"href":"https:\/\/iraurgiberritzen.eus\/es\/wp-json\/wp\/v2\/types\/post"}],"author":[{"embeddable":true,"href":"https:\/\/iraurgiberritzen.eus\/es\/wp-json\/wp\/v2\/users\/1"}],"replies":[{"embeddable":true,"href":"https:\/\/iraurgiberritzen.eus\/es\/wp-json\/wp\/v2\/comments?post=12041"}],"version-history":[{"count":0,"href":"https:\/\/iraurgiberritzen.eus\/es\/wp-json\/wp\/v2\/posts\/12041\/revisions"}],"wp:featuredmedia":[{"embeddable":true,"href":"https:\/\/iraurgiberritzen.eus\/es\/wp-json\/wp\/v2\/media\/17983"}],"wp:attachment":[{"href":"https:\/\/iraurgiberritzen.eus\/es\/wp-json\/wp\/v2\/media?parent=12041"}],"wp:term":[{"taxonomy":"category","embeddable":true,"href":"https:\/\/iraurgiberritzen.eus\/es\/wp-json\/wp\/v2\/categories?post=12041"},{"taxonomy":"post_tag","embeddable":true,"href":"https:\/\/iraurgiberritzen.eus\/es\/wp-json\/wp\/v2\/tags?post=12041"}],"curies":[{"name":"wp","href":"https:\/\/api.w.org\/{rel}","templated":true}]}}