{"id":12052,"date":"2016-06-27T06:55:16","date_gmt":"2016-06-27T04:55:16","guid":{"rendered":"https:\/\/iraurgiberritzen.eus\/jornada-inteligencia-competitiva\/"},"modified":"2016-06-27T06:55:16","modified_gmt":"2016-06-27T04:55:16","slug":"jornada-inteligencia-competitiva","status":"publish","type":"post","link":"https:\/\/iraurgiberritzen.eus\/es\/jornada-inteligencia-competitiva\/","title":{"rendered":"Jornada \u00abInteligencia Competitiva\u00bb"},"content":{"rendered":"<p style=\"text-align: justify;\">El 6 de Abril se celebr\u00f3 en Intsausti una jornada en relaci\u00f3n a la Inteligencia Competitiva, as\u00ed como de los distintos programas de ayudas que ofrece la Diputaci\u00f3n Foral de Gipuzkoa.<\/p>\n<p style=\"text-align: justify;\">En esta jornada particip\u00f3 el Director de Promoci\u00f3n Econ\u00f3mica Antton Tomasena, presentando las ayudas de la Diputaci\u00f3n Foral de Gipuzkoa y sus prioridades. Entre otras, se explic\u00f3 la importancia que tiene el empleo de la informaci\u00f3n, y de los programas de ayudas que tendr\u00e1 esta l\u00ednea de trabajo.<\/p>\n<p style=\"text-align: justify;\">En la segunda parte de la jornada, intervino Angelica Lopez de Tecnalia, hablando sobre la importancia de la inteligencia competitiva o el empleo de la informaci\u00f3n.<\/p>\n<p style=\"text-align: justify;\">En la jornada participaron 14 empresas, entre las cuales varias mostraron su inter\u00e9s en el tema tratado. Iraurgi Berritzen, de la mano de Tecnalica, dar\u00e1 la oportunidad de realizar un diagn\u00f3stico, a las empresas de la comarca que muestren su inter\u00e9s, y as\u00ed conocer su imagen en relaci\u00f3n a la inteligencia competitiva.<\/p>\n","protected":false},"excerpt":{"rendered":"<p>El 6 de Abril se celebr\u00f3 en Intsausti una jornada en relaci\u00f3n a la Inteligencia Competitiva, as\u00ed como de los distintos programas de ayudas que ofrece la Diputaci\u00f3n Foral de Gipuzkoa. En esta jornada particip\u00f3 el Director de Promoci\u00f3n Econ\u00f3mica Antton Tomasena, presentando las ayudas de la Diputaci\u00f3n Foral de Gipuzkoa y sus prioridades. Entre [&hellip;]<\/p>\n","protected":false},"author":1,"featured_media":17969,"comment_status":"","ping_status":"closed","sticky":false,"template":"","format":"standard","meta":{"_acf_changed":false,"footnotes":""},"categories":[4],"tags":[],"class_list":["post-12052","post","type-post","status-publish","format-standard","has-post-thumbnail","hentry","category-noticias"],"acf":[],"yoast_head":"<!-- This site is optimized with the Yoast SEO plugin v27.4 - https:\/\/yoast.com\/product\/yoast-seo-wordpress\/ -->\n<title>Jornada &quot;Inteligencia Competitiva&quot; - Iraurgi Berritzen<\/title>\n<meta name=\"robots\" content=\"index, follow, max-snippet:-1, max-image-preview:large, max-video-preview:-1\" \/>\n<link rel=\"canonical\" href=\"https:\/\/iraurgiberritzen.eus\/es\/jornada-inteligencia-competitiva\/\" \/>\n<meta property=\"og:locale\" content=\"es_ES\" \/>\n<meta property=\"og:type\" content=\"article\" \/>\n<meta property=\"og:title\" content=\"Jornada &quot;Inteligencia Competitiva&quot; - Iraurgi Berritzen\" \/>\n<meta property=\"og:description\" content=\"El 6 de Abril se celebr\u00f3 en Intsausti una jornada en relaci\u00f3n a la Inteligencia Competitiva, as\u00ed como de los distintos programas de ayudas que ofrece la Diputaci\u00f3n Foral de Gipuzkoa. En esta jornada particip\u00f3 el Director de Promoci\u00f3n Econ\u00f3mica Antton Tomasena, presentando las ayudas de la Diputaci\u00f3n Foral de Gipuzkoa y sus prioridades. Entre [&hellip;]\" \/>\n<meta property=\"og:url\" content=\"https:\/\/iraurgiberritzen.eus\/es\/jornada-inteligencia-competitiva\/\" \/>\n<meta property=\"og:site_name\" content=\"Iraurgi Berritzen\" \/>\n<meta property=\"article:published_time\" content=\"2016-06-27T04:55:16+00:00\" \/>\n<meta name=\"author\" content=\"kudeatzailea\" \/>\n<meta name=\"twitter:card\" content=\"summary_large_image\" \/>\n<meta name=\"twitter:label1\" content=\"Escrito por\" \/>\n\t<meta name=\"twitter:data1\" content=\"kudeatzailea\" \/>\n\t<meta name=\"twitter:label2\" content=\"Tiempo de lectura\" \/>\n\t<meta name=\"twitter:data2\" content=\"1 minuto\" \/>\n<script type=\"application\/ld+json\" class=\"yoast-schema-graph\">{\"@context\":\"https:\\\/\\\/schema.org\",\"@graph\":[{\"@type\":\"Article\",\"@id\":\"https:\\\/\\\/iraurgiberritzen.eus\\\/es\\\/jornada-inteligencia-competitiva\\\/#article\",\"isPartOf\":{\"@id\":\"https:\\\/\\\/iraurgiberritzen.eus\\\/es\\\/jornada-inteligencia-competitiva\\\/\"},\"author\":{\"name\":\"kudeatzailea\",\"@id\":\"https:\\\/\\\/iraurgiberritzen.eus\\\/es\\\/#\\\/schema\\\/person\\\/5ab41aaf388a9097177601ebf45738d2\"},\"headline\":\"Jornada \u00abInteligencia Competitiva\u00bb\",\"datePublished\":\"2016-06-27T04:55:16+00:00\",\"mainEntityOfPage\":{\"@id\":\"https:\\\/\\\/iraurgiberritzen.eus\\\/es\\\/jornada-inteligencia-competitiva\\\/\"},\"wordCount\":170,\"publisher\":{\"@id\":\"https:\\\/\\\/iraurgiberritzen.eus\\\/es\\\/#organization\"},\"image\":{\"@id\":\"https:\\\/\\\/iraurgiberritzen.eus\\\/es\\\/jornada-inteligencia-competitiva\\\/#primaryimage\"},\"thumbnailUrl\":\"https:\\\/\\\/iraurgiberritzen.eus\\\/wp-content\\\/uploads\\\/2023\\\/09\\\/6d1e5c49b492af74c789e86df6f68797.jpg\",\"articleSection\":[\"Noticias\"],\"inLanguage\":\"es\"},{\"@type\":\"WebPage\",\"@id\":\"https:\\\/\\\/iraurgiberritzen.eus\\\/es\\\/jornada-inteligencia-competitiva\\\/\",\"url\":\"https:\\\/\\\/iraurgiberritzen.eus\\\/es\\\/jornada-inteligencia-competitiva\\\/\",\"name\":\"Jornada \\\"Inteligencia Competitiva\\\" - Iraurgi Berritzen\",\"isPartOf\":{\"@id\":\"https:\\\/\\\/iraurgiberritzen.eus\\\/es\\\/#website\"},\"primaryImageOfPage\":{\"@id\":\"https:\\\/\\\/iraurgiberritzen.eus\\\/es\\\/jornada-inteligencia-competitiva\\\/#primaryimage\"},\"image\":{\"@id\":\"https:\\\/\\\/iraurgiberritzen.eus\\\/es\\\/jornada-inteligencia-competitiva\\\/#primaryimage\"},\"thumbnailUrl\":\"https:\\\/\\\/iraurgiberritzen.eus\\\/wp-content\\\/uploads\\\/2023\\\/09\\\/6d1e5c49b492af74c789e86df6f68797.jpg\",\"datePublished\":\"2016-06-27T04:55:16+00:00\",\"breadcrumb\":{\"@id\":\"https:\\\/\\\/iraurgiberritzen.eus\\\/es\\\/jornada-inteligencia-competitiva\\\/#breadcrumb\"},\"inLanguage\":\"es\",\"potentialAction\":[{\"@type\":\"ReadAction\",\"target\":[\"https:\\\/\\\/iraurgiberritzen.eus\\\/es\\\/jornada-inteligencia-competitiva\\\/\"]}]},{\"@type\":\"ImageObject\",\"inLanguage\":\"es\",\"@id\":\"https:\\\/\\\/iraurgiberritzen.eus\\\/es\\\/jornada-inteligencia-competitiva\\\/#primaryimage\",\"url\":\"https:\\\/\\\/iraurgiberritzen.eus\\\/wp-content\\\/uploads\\\/2023\\\/09\\\/6d1e5c49b492af74c789e86df6f68797.jpg\",\"contentUrl\":\"https:\\\/\\\/iraurgiberritzen.eus\\\/wp-content\\\/uploads\\\/2023\\\/09\\\/6d1e5c49b492af74c789e86df6f68797.jpg\",\"width\":600,\"height\":386},{\"@type\":\"BreadcrumbList\",\"@id\":\"https:\\\/\\\/iraurgiberritzen.eus\\\/es\\\/jornada-inteligencia-competitiva\\\/#breadcrumb\",\"itemListElement\":[{\"@type\":\"ListItem\",\"position\":1,\"name\":\"Home\",\"item\":\"https:\\\/\\\/iraurgiberritzen.eus\\\/es\\\/\"},{\"@type\":\"ListItem\",\"position\":2,\"name\":\"Jornada &#8220;Inteligencia Competitiva&#8221;\"}]},{\"@type\":\"WebSite\",\"@id\":\"https:\\\/\\\/iraurgiberritzen.eus\\\/es\\\/#website\",\"url\":\"https:\\\/\\\/iraurgiberritzen.eus\\\/es\\\/\",\"name\":\"Iraurgi Berritzen\",\"description\":\"Urola Erdiko Garapen Agentzia\",\"publisher\":{\"@id\":\"https:\\\/\\\/iraurgiberritzen.eus\\\/es\\\/#organization\"},\"potentialAction\":[{\"@type\":\"SearchAction\",\"target\":{\"@type\":\"EntryPoint\",\"urlTemplate\":\"https:\\\/\\\/iraurgiberritzen.eus\\\/es\\\/?s={search_term_string}\"},\"query-input\":{\"@type\":\"PropertyValueSpecification\",\"valueRequired\":true,\"valueName\":\"search_term_string\"}}],\"inLanguage\":\"es\"},{\"@type\":\"Organization\",\"@id\":\"https:\\\/\\\/iraurgiberritzen.eus\\\/es\\\/#organization\",\"name\":\"Iraurgi Berritzen\",\"url\":\"https:\\\/\\\/iraurgiberritzen.eus\\\/es\\\/\",\"logo\":{\"@type\":\"ImageObject\",\"inLanguage\":\"es\",\"@id\":\"https:\\\/\\\/iraurgiberritzen.eus\\\/es\\\/#\\\/schema\\\/logo\\\/image\\\/\",\"url\":\"https:\\\/\\\/iraurgiberritzen.eus\\\/wp-content\\\/uploads\\\/2024\\\/02\\\/IRAURGI-BERRITZEN-logotipoa_2.png\",\"contentUrl\":\"https:\\\/\\\/iraurgiberritzen.eus\\\/wp-content\\\/uploads\\\/2024\\\/02\\\/IRAURGI-BERRITZEN-logotipoa_2.png\",\"width\":496,\"height\":190,\"caption\":\"Iraurgi Berritzen\"},\"image\":{\"@id\":\"https:\\\/\\\/iraurgiberritzen.eus\\\/es\\\/#\\\/schema\\\/logo\\\/image\\\/\"}},{\"@type\":\"Person\",\"@id\":\"https:\\\/\\\/iraurgiberritzen.eus\\\/es\\\/#\\\/schema\\\/person\\\/5ab41aaf388a9097177601ebf45738d2\",\"name\":\"kudeatzailea\",\"sameAs\":[\"https:\\\/\\\/iraurgiberritzen.eus\"]}]}<\/script>\n<!-- \/ Yoast SEO plugin. -->","yoast_head_json":{"title":"Jornada \"Inteligencia Competitiva\" - Iraurgi Berritzen","robots":{"index":"index","follow":"follow","max-snippet":"max-snippet:-1","max-image-preview":"max-image-preview:large","max-video-preview":"max-video-preview:-1"},"canonical":"https:\/\/iraurgiberritzen.eus\/es\/jornada-inteligencia-competitiva\/","og_locale":"es_ES","og_type":"article","og_title":"Jornada \"Inteligencia Competitiva\" - Iraurgi Berritzen","og_description":"El 6 de Abril se celebr\u00f3 en Intsausti una jornada en relaci\u00f3n a la Inteligencia Competitiva, as\u00ed como de los distintos programas de ayudas que ofrece la Diputaci\u00f3n Foral de Gipuzkoa. En esta jornada particip\u00f3 el Director de Promoci\u00f3n Econ\u00f3mica Antton Tomasena, presentando las ayudas de la Diputaci\u00f3n Foral de Gipuzkoa y sus prioridades. Entre [&hellip;]","og_url":"https:\/\/iraurgiberritzen.eus\/es\/jornada-inteligencia-competitiva\/","og_site_name":"Iraurgi Berritzen","article_published_time":"2016-06-27T04:55:16+00:00","author":"kudeatzailea","twitter_card":"summary_large_image","twitter_misc":{"Escrito por":"kudeatzailea","Tiempo de lectura":"1 minuto"},"schema":{"@context":"https:\/\/schema.org","@graph":[{"@type":"Article","@id":"https:\/\/iraurgiberritzen.eus\/es\/jornada-inteligencia-competitiva\/#article","isPartOf":{"@id":"https:\/\/iraurgiberritzen.eus\/es\/jornada-inteligencia-competitiva\/"},"author":{"name":"kudeatzailea","@id":"https:\/\/iraurgiberritzen.eus\/es\/#\/schema\/person\/5ab41aaf388a9097177601ebf45738d2"},"headline":"Jornada \u00abInteligencia Competitiva\u00bb","datePublished":"2016-06-27T04:55:16+00:00","mainEntityOfPage":{"@id":"https:\/\/iraurgiberritzen.eus\/es\/jornada-inteligencia-competitiva\/"},"wordCount":170,"publisher":{"@id":"https:\/\/iraurgiberritzen.eus\/es\/#organization"},"image":{"@id":"https:\/\/iraurgiberritzen.eus\/es\/jornada-inteligencia-competitiva\/#primaryimage"},"thumbnailUrl":"https:\/\/iraurgiberritzen.eus\/wp-content\/uploads\/2023\/09\/6d1e5c49b492af74c789e86df6f68797.jpg","articleSection":["Noticias"],"inLanguage":"es"},{"@type":"WebPage","@id":"https:\/\/iraurgiberritzen.eus\/es\/jornada-inteligencia-competitiva\/","url":"https:\/\/iraurgiberritzen.eus\/es\/jornada-inteligencia-competitiva\/","name":"Jornada \"Inteligencia Competitiva\" - Iraurgi Berritzen","isPartOf":{"@id":"https:\/\/iraurgiberritzen.eus\/es\/#website"},"primaryImageOfPage":{"@id":"https:\/\/iraurgiberritzen.eus\/es\/jornada-inteligencia-competitiva\/#primaryimage"},"image":{"@id":"https:\/\/iraurgiberritzen.eus\/es\/jornada-inteligencia-competitiva\/#primaryimage"},"thumbnailUrl":"https:\/\/iraurgiberritzen.eus\/wp-content\/uploads\/2023\/09\/6d1e5c49b492af74c789e86df6f68797.jpg","datePublished":"2016-06-27T04:55:16+00:00","breadcrumb":{"@id":"https:\/\/iraurgiberritzen.eus\/es\/jornada-inteligencia-competitiva\/#breadcrumb"},"inLanguage":"es","potentialAction":[{"@type":"ReadAction","target":["https:\/\/iraurgiberritzen.eus\/es\/jornada-inteligencia-competitiva\/"]}]},{"@type":"ImageObject","inLanguage":"es","@id":"https:\/\/iraurgiberritzen.eus\/es\/jornada-inteligencia-competitiva\/#primaryimage","url":"https:\/\/iraurgiberritzen.eus\/wp-content\/uploads\/2023\/09\/6d1e5c49b492af74c789e86df6f68797.jpg","contentUrl":"https:\/\/iraurgiberritzen.eus\/wp-content\/uploads\/2023\/09\/6d1e5c49b492af74c789e86df6f68797.jpg","width":600,"height":386},{"@type":"BreadcrumbList","@id":"https:\/\/iraurgiberritzen.eus\/es\/jornada-inteligencia-competitiva\/#breadcrumb","itemListElement":[{"@type":"ListItem","position":1,"name":"Home","item":"https:\/\/iraurgiberritzen.eus\/es\/"},{"@type":"ListItem","position":2,"name":"Jornada &#8220;Inteligencia Competitiva&#8221;"}]},{"@type":"WebSite","@id":"https:\/\/iraurgiberritzen.eus\/es\/#website","url":"https:\/\/iraurgiberritzen.eus\/es\/","name":"Iraurgi Berritzen","description":"Urola Erdiko Garapen Agentzia","publisher":{"@id":"https:\/\/iraurgiberritzen.eus\/es\/#organization"},"potentialAction":[{"@type":"SearchAction","target":{"@type":"EntryPoint","urlTemplate":"https:\/\/iraurgiberritzen.eus\/es\/?s={search_term_string}"},"query-input":{"@type":"PropertyValueSpecification","valueRequired":true,"valueName":"search_term_string"}}],"inLanguage":"es"},{"@type":"Organization","@id":"https:\/\/iraurgiberritzen.eus\/es\/#organization","name":"Iraurgi Berritzen","url":"https:\/\/iraurgiberritzen.eus\/es\/","logo":{"@type":"ImageObject","inLanguage":"es","@id":"https:\/\/iraurgiberritzen.eus\/es\/#\/schema\/logo\/image\/","url":"https:\/\/iraurgiberritzen.eus\/wp-content\/uploads\/2024\/02\/IRAURGI-BERRITZEN-logotipoa_2.png","contentUrl":"https:\/\/iraurgiberritzen.eus\/wp-content\/uploads\/2024\/02\/IRAURGI-BERRITZEN-logotipoa_2.png","width":496,"height":190,"caption":"Iraurgi Berritzen"},"image":{"@id":"https:\/\/iraurgiberritzen.eus\/es\/#\/schema\/logo\/image\/"}},{"@type":"Person","@id":"https:\/\/iraurgiberritzen.eus\/es\/#\/schema\/person\/5ab41aaf388a9097177601ebf45738d2","name":"kudeatzailea","sameAs":["https:\/\/iraurgiberritzen.eus"]}]}},"_links":{"self":[{"href":"https:\/\/iraurgiberritzen.eus\/es\/wp-json\/wp\/v2\/posts\/12052","targetHints":{"allow":["GET"]}}],"collection":[{"href":"https:\/\/iraurgiberritzen.eus\/es\/wp-json\/wp\/v2\/posts"}],"about":[{"href":"https:\/\/iraurgiberritzen.eus\/es\/wp-json\/wp\/v2\/types\/post"}],"author":[{"embeddable":true,"href":"https:\/\/iraurgiberritzen.eus\/es\/wp-json\/wp\/v2\/users\/1"}],"replies":[{"embeddable":true,"href":"https:\/\/iraurgiberritzen.eus\/es\/wp-json\/wp\/v2\/comments?post=12052"}],"version-history":[{"count":0,"href":"https:\/\/iraurgiberritzen.eus\/es\/wp-json\/wp\/v2\/posts\/12052\/revisions"}],"wp:featuredmedia":[{"embeddable":true,"href":"https:\/\/iraurgiberritzen.eus\/es\/wp-json\/wp\/v2\/media\/17969"}],"wp:attachment":[{"href":"https:\/\/iraurgiberritzen.eus\/es\/wp-json\/wp\/v2\/media?parent=12052"}],"wp:term":[{"taxonomy":"category","embeddable":true,"href":"https:\/\/iraurgiberritzen.eus\/es\/wp-json\/wp\/v2\/categories?post=12052"},{"taxonomy":"post_tag","embeddable":true,"href":"https:\/\/iraurgiberritzen.eus\/es\/wp-json\/wp\/v2\/tags?post=12052"}],"curies":[{"name":"wp","href":"https:\/\/api.w.org\/{rel}","templated":true}]}}