{"id":12064,"date":"2016-07-11T08:06:58","date_gmt":"2016-07-11T06:06:58","guid":{"rendered":"https:\/\/iraurgiberritzen.eus\/iraurgi-berritzen-y-el-ayuntamiento-de-zestoa-han-firmado-un-acuerdo-de-colaboracion\/"},"modified":"2016-07-11T08:06:58","modified_gmt":"2016-07-11T06:06:58","slug":"iraurgi-berritzen-y-el-ayuntamiento-de-zestoa-han-firmado-un-acuerdo-de-colaboracion","status":"publish","type":"post","link":"https:\/\/iraurgiberritzen.eus\/es\/iraurgi-berritzen-y-el-ayuntamiento-de-zestoa-han-firmado-un-acuerdo-de-colaboracion\/","title":{"rendered":"Iraurgi Berritzen y el Ayuntamiento de Zestoa han firmado un acuerdo de colaboraci\u00f3n"},"content":{"rendered":"<p style=\"text-align: justify;\">La Agencia de Desarrollo e Innovaci\u00f3n Iraurgi Berritzen, y el Ayuntamiento de Zestoa han firmado un acuerdo de colaboracion; este acuerdo fue presentado el 8 de Julio en el Ayuntamiento de Zestoa, donde se reunieron, Javier Zubizarreta, Eneko Etxeberria y Josetxo Mendizabal, alcaldes de Azkoitia, Azpeitia y Zestoa, y Aitor Zuzuarregi, Concejal de Zestoa.<\/p>\n<p style=\"text-align: justify;\">Seg\u00fan explic\u00f3 Javier Zubizarreta, Presidente de Iraurgi Berritzen, las relaciones entre la Agencia de Desarrollo Iraurgi Lantzen y el Ayuntamiento de Zestoa vienen de lejos, ya que ha participado anteriormente en diversas iniciativas de la Agencia de Desarrollo, por ejemplo en el \u00e1mbito tur\u00edstico. En el inicio de esta legislatura, mostr\u00f3 su inter\u00e9s en paricipar tambi\u00e9n en otros \u00e1mbitos de la Agencia de Desarrollo, y se estudiaron las posibilidades existentes para ello. As\u00ed el Ayuntamiento de Zestoa realiza formalmente la solicitud de colaboraci\u00f3n (31\/05\/2016), a la que el Consejo de Administraci\u00f3n de Iraurgi Lantzen, en su reuni\u00f3n celebrada el 7 de junio de 2016, responde favorablemente por unanimidad. En las reuniones del Consejo de Administraci\u00f3n de Iraurgi Lantzen S.A., participar\u00e1n dos representantes del nuevo Ayuntamiento, un representante por cada partido pol\u00edtico.<\/p>\n<p style=\"text-align: justify;\"><strong>Este acuerdo refuerza la comarca<\/strong><\/p>\n<p style=\"text-align: justify;\">Seg\u00fan Eneko Etxeberria, Alcalde de Azpetia, son muy importantes los acuerdos entre el mayor n\u00f9mero posible de municipios comarcales, y siendo Zestoa el municipio de entrada a Urola Erdia, resulta de gran importancia la colaboraci\u00f3n entre Zestoa y los dem\u00e1s municipios de la comarca.<\/p>\n<p style=\"text-align: justify;\"><strong>El Ayuntamiento de Zestoa crea la Comisi\u00f3n de Empleo y Promoci\u00f3n Econ\u00f3mica<\/strong><\/p>\n<p style=\"text-align: justify;\">En palabras de Jose Mendizabal, Alcalde de Zestoa, desde el Ayuntamiento de Zestoa acometemos esta nueva etapa con muchas ganas y gran ilusi\u00f3n. El Ayuntamiento dispone de una serie de servicios t\u00e9cnicos y comisiones, pero hasta ahora ninguna en el \u00e1mbito socioecon\u00f3mico, por eso consideramos que poner en marcha esta comisi\u00f3n constituye un paso importante. A fin de cuentas hemos creado esta Comisi\u00f3n para llevar a cabo iniciativas que ayudar\u00e1n a reavivar socioecon\u00f3micamente a Zestoa y que ayuden a mejorar el bienestar de la ciudadan\u00eda.<\/p>\n<p style=\"text-align: justify;\">Como paso siguiente, se realizar\u00e1n reuniones de presentaci\u00f3n por sectores a los agentes de Zestoa. La primera se celebrar\u00e1 el 15 de julio, a las 12:00 horas, y est\u00e1 dirigida a agentes y respresentantes de empresas; la segunda, el 22 de julio, a las 13:00 horas, a agentes tur\u00edsticos y comerciales; y la tercera, la relativa al empleo, se celebrar\u00e1 en septiembre y est\u00e1 destinada a toda la ciudadan\u00eda y principalmente a las personas en situaci\u00f3n de desempleo.<\/p>\n","protected":false},"excerpt":{"rendered":"<p>La Agencia de Desarrollo e Innovaci\u00f3n Iraurgi Berritzen, y el Ayuntamiento de Zestoa han firmado un acuerdo de colaboracion; este acuerdo fue presentado el 8 de Julio en el Ayuntamiento de Zestoa, donde se reunieron, Javier Zubizarreta, Eneko Etxeberria y Josetxo Mendizabal, alcaldes de Azkoitia, Azpeitia y Zestoa, y Aitor Zuzuarregi, Concejal de Zestoa. Seg\u00fan [&hellip;]<\/p>\n","protected":false},"author":1,"featured_media":17973,"comment_status":"","ping_status":"closed","sticky":false,"template":"","format":"standard","meta":{"_acf_changed":false,"footnotes":""},"categories":[4],"tags":[],"class_list":["post-12064","post","type-post","status-publish","format-standard","has-post-thumbnail","hentry","category-noticias"],"acf":[],"yoast_head":"<!-- This site is optimized with the Yoast SEO plugin v27.4 - https:\/\/yoast.com\/product\/yoast-seo-wordpress\/ -->\n<title>Iraurgi Berritzen y el Ayuntamiento de Zestoa han firmado un acuerdo de colaboraci\u00f3n - Iraurgi Berritzen<\/title>\n<meta name=\"robots\" content=\"index, follow, max-snippet:-1, max-image-preview:large, max-video-preview:-1\" \/>\n<link rel=\"canonical\" href=\"https:\/\/iraurgiberritzen.eus\/es\/iraurgi-berritzen-y-el-ayuntamiento-de-zestoa-han-firmado-un-acuerdo-de-colaboracion\/\" \/>\n<meta property=\"og:locale\" content=\"es_ES\" \/>\n<meta property=\"og:type\" content=\"article\" \/>\n<meta property=\"og:title\" content=\"Iraurgi Berritzen y el Ayuntamiento de Zestoa han firmado un acuerdo de colaboraci\u00f3n - Iraurgi Berritzen\" \/>\n<meta property=\"og:description\" content=\"La Agencia de Desarrollo e Innovaci\u00f3n Iraurgi Berritzen, y el Ayuntamiento de Zestoa han firmado un acuerdo de colaboracion; este acuerdo fue presentado el 8 de Julio en el Ayuntamiento de Zestoa, donde se reunieron, Javier Zubizarreta, Eneko Etxeberria y Josetxo Mendizabal, alcaldes de Azkoitia, Azpeitia y Zestoa, y Aitor Zuzuarregi, Concejal de Zestoa. Seg\u00fan [&hellip;]\" \/>\n<meta property=\"og:url\" content=\"https:\/\/iraurgiberritzen.eus\/es\/iraurgi-berritzen-y-el-ayuntamiento-de-zestoa-han-firmado-un-acuerdo-de-colaboracion\/\" \/>\n<meta property=\"og:site_name\" content=\"Iraurgi Berritzen\" \/>\n<meta property=\"article:published_time\" content=\"2016-07-11T06:06:58+00:00\" \/>\n<meta name=\"author\" content=\"kudeatzailea\" \/>\n<meta name=\"twitter:card\" content=\"summary_large_image\" \/>\n<meta name=\"twitter:label1\" content=\"Escrito por\" \/>\n\t<meta name=\"twitter:data1\" content=\"kudeatzailea\" \/>\n\t<meta name=\"twitter:label2\" content=\"Tiempo de lectura\" \/>\n\t<meta name=\"twitter:data2\" content=\"2 minutos\" \/>\n<script type=\"application\/ld+json\" class=\"yoast-schema-graph\">{\"@context\":\"https:\\\/\\\/schema.org\",\"@graph\":[{\"@type\":\"Article\",\"@id\":\"https:\\\/\\\/iraurgiberritzen.eus\\\/es\\\/iraurgi-berritzen-y-el-ayuntamiento-de-zestoa-han-firmado-un-acuerdo-de-colaboracion\\\/#article\",\"isPartOf\":{\"@id\":\"https:\\\/\\\/iraurgiberritzen.eus\\\/es\\\/iraurgi-berritzen-y-el-ayuntamiento-de-zestoa-han-firmado-un-acuerdo-de-colaboracion\\\/\"},\"author\":{\"name\":\"kudeatzailea\",\"@id\":\"https:\\\/\\\/iraurgiberritzen.eus\\\/es\\\/#\\\/schema\\\/person\\\/5ab41aaf388a9097177601ebf45738d2\"},\"headline\":\"Iraurgi Berritzen y el Ayuntamiento de Zestoa han firmado un acuerdo de colaboraci\u00f3n\",\"datePublished\":\"2016-07-11T06:06:58+00:00\",\"mainEntityOfPage\":{\"@id\":\"https:\\\/\\\/iraurgiberritzen.eus\\\/es\\\/iraurgi-berritzen-y-el-ayuntamiento-de-zestoa-han-firmado-un-acuerdo-de-colaboracion\\\/\"},\"wordCount\":447,\"publisher\":{\"@id\":\"https:\\\/\\\/iraurgiberritzen.eus\\\/es\\\/#organization\"},\"image\":{\"@id\":\"https:\\\/\\\/iraurgiberritzen.eus\\\/es\\\/iraurgi-berritzen-y-el-ayuntamiento-de-zestoa-han-firmado-un-acuerdo-de-colaboracion\\\/#primaryimage\"},\"thumbnailUrl\":\"https:\\\/\\\/iraurgiberritzen.eus\\\/wp-content\\\/uploads\\\/2023\\\/09\\\/0d7764695c55c5d1c3edadce4a2a2cb9.jpg\",\"articleSection\":[\"Noticias\"],\"inLanguage\":\"es\"},{\"@type\":\"WebPage\",\"@id\":\"https:\\\/\\\/iraurgiberritzen.eus\\\/es\\\/iraurgi-berritzen-y-el-ayuntamiento-de-zestoa-han-firmado-un-acuerdo-de-colaboracion\\\/\",\"url\":\"https:\\\/\\\/iraurgiberritzen.eus\\\/es\\\/iraurgi-berritzen-y-el-ayuntamiento-de-zestoa-han-firmado-un-acuerdo-de-colaboracion\\\/\",\"name\":\"Iraurgi Berritzen y el Ayuntamiento de Zestoa han firmado un acuerdo de colaboraci\u00f3n - Iraurgi Berritzen\",\"isPartOf\":{\"@id\":\"https:\\\/\\\/iraurgiberritzen.eus\\\/es\\\/#website\"},\"primaryImageOfPage\":{\"@id\":\"https:\\\/\\\/iraurgiberritzen.eus\\\/es\\\/iraurgi-berritzen-y-el-ayuntamiento-de-zestoa-han-firmado-un-acuerdo-de-colaboracion\\\/#primaryimage\"},\"image\":{\"@id\":\"https:\\\/\\\/iraurgiberritzen.eus\\\/es\\\/iraurgi-berritzen-y-el-ayuntamiento-de-zestoa-han-firmado-un-acuerdo-de-colaboracion\\\/#primaryimage\"},\"thumbnailUrl\":\"https:\\\/\\\/iraurgiberritzen.eus\\\/wp-content\\\/uploads\\\/2023\\\/09\\\/0d7764695c55c5d1c3edadce4a2a2cb9.jpg\",\"datePublished\":\"2016-07-11T06:06:58+00:00\",\"breadcrumb\":{\"@id\":\"https:\\\/\\\/iraurgiberritzen.eus\\\/es\\\/iraurgi-berritzen-y-el-ayuntamiento-de-zestoa-han-firmado-un-acuerdo-de-colaboracion\\\/#breadcrumb\"},\"inLanguage\":\"es\",\"potentialAction\":[{\"@type\":\"ReadAction\",\"target\":[\"https:\\\/\\\/iraurgiberritzen.eus\\\/es\\\/iraurgi-berritzen-y-el-ayuntamiento-de-zestoa-han-firmado-un-acuerdo-de-colaboracion\\\/\"]}]},{\"@type\":\"ImageObject\",\"inLanguage\":\"es\",\"@id\":\"https:\\\/\\\/iraurgiberritzen.eus\\\/es\\\/iraurgi-berritzen-y-el-ayuntamiento-de-zestoa-han-firmado-un-acuerdo-de-colaboracion\\\/#primaryimage\",\"url\":\"https:\\\/\\\/iraurgiberritzen.eus\\\/wp-content\\\/uploads\\\/2023\\\/09\\\/0d7764695c55c5d1c3edadce4a2a2cb9.jpg\",\"contentUrl\":\"https:\\\/\\\/iraurgiberritzen.eus\\\/wp-content\\\/uploads\\\/2023\\\/09\\\/0d7764695c55c5d1c3edadce4a2a2cb9.jpg\",\"width\":600,\"height\":386},{\"@type\":\"BreadcrumbList\",\"@id\":\"https:\\\/\\\/iraurgiberritzen.eus\\\/es\\\/iraurgi-berritzen-y-el-ayuntamiento-de-zestoa-han-firmado-un-acuerdo-de-colaboracion\\\/#breadcrumb\",\"itemListElement\":[{\"@type\":\"ListItem\",\"position\":1,\"name\":\"Home\",\"item\":\"https:\\\/\\\/iraurgiberritzen.eus\\\/es\\\/\"},{\"@type\":\"ListItem\",\"position\":2,\"name\":\"Iraurgi Berritzen y el Ayuntamiento de Zestoa han firmado un acuerdo de colaboraci\u00f3n\"}]},{\"@type\":\"WebSite\",\"@id\":\"https:\\\/\\\/iraurgiberritzen.eus\\\/es\\\/#website\",\"url\":\"https:\\\/\\\/iraurgiberritzen.eus\\\/es\\\/\",\"name\":\"Iraurgi Berritzen\",\"description\":\"Urola Erdiko Garapen Agentzia\",\"publisher\":{\"@id\":\"https:\\\/\\\/iraurgiberritzen.eus\\\/es\\\/#organization\"},\"potentialAction\":[{\"@type\":\"SearchAction\",\"target\":{\"@type\":\"EntryPoint\",\"urlTemplate\":\"https:\\\/\\\/iraurgiberritzen.eus\\\/es\\\/?s={search_term_string}\"},\"query-input\":{\"@type\":\"PropertyValueSpecification\",\"valueRequired\":true,\"valueName\":\"search_term_string\"}}],\"inLanguage\":\"es\"},{\"@type\":\"Organization\",\"@id\":\"https:\\\/\\\/iraurgiberritzen.eus\\\/es\\\/#organization\",\"name\":\"Iraurgi Berritzen\",\"url\":\"https:\\\/\\\/iraurgiberritzen.eus\\\/es\\\/\",\"logo\":{\"@type\":\"ImageObject\",\"inLanguage\":\"es\",\"@id\":\"https:\\\/\\\/iraurgiberritzen.eus\\\/es\\\/#\\\/schema\\\/logo\\\/image\\\/\",\"url\":\"https:\\\/\\\/iraurgiberritzen.eus\\\/wp-content\\\/uploads\\\/2024\\\/02\\\/IRAURGI-BERRITZEN-logotipoa_2.png\",\"contentUrl\":\"https:\\\/\\\/iraurgiberritzen.eus\\\/wp-content\\\/uploads\\\/2024\\\/02\\\/IRAURGI-BERRITZEN-logotipoa_2.png\",\"width\":496,\"height\":190,\"caption\":\"Iraurgi Berritzen\"},\"image\":{\"@id\":\"https:\\\/\\\/iraurgiberritzen.eus\\\/es\\\/#\\\/schema\\\/logo\\\/image\\\/\"}},{\"@type\":\"Person\",\"@id\":\"https:\\\/\\\/iraurgiberritzen.eus\\\/es\\\/#\\\/schema\\\/person\\\/5ab41aaf388a9097177601ebf45738d2\",\"name\":\"kudeatzailea\",\"sameAs\":[\"https:\\\/\\\/iraurgiberritzen.eus\"]}]}<\/script>\n<!-- \/ Yoast SEO plugin. -->","yoast_head_json":{"title":"Iraurgi Berritzen y el Ayuntamiento de Zestoa han firmado un acuerdo de colaboraci\u00f3n - Iraurgi Berritzen","robots":{"index":"index","follow":"follow","max-snippet":"max-snippet:-1","max-image-preview":"max-image-preview:large","max-video-preview":"max-video-preview:-1"},"canonical":"https:\/\/iraurgiberritzen.eus\/es\/iraurgi-berritzen-y-el-ayuntamiento-de-zestoa-han-firmado-un-acuerdo-de-colaboracion\/","og_locale":"es_ES","og_type":"article","og_title":"Iraurgi Berritzen y el Ayuntamiento de Zestoa han firmado un acuerdo de colaboraci\u00f3n - Iraurgi Berritzen","og_description":"La Agencia de Desarrollo e Innovaci\u00f3n Iraurgi Berritzen, y el Ayuntamiento de Zestoa han firmado un acuerdo de colaboracion; este acuerdo fue presentado el 8 de Julio en el Ayuntamiento de Zestoa, donde se reunieron, Javier Zubizarreta, Eneko Etxeberria y Josetxo Mendizabal, alcaldes de Azkoitia, Azpeitia y Zestoa, y Aitor Zuzuarregi, Concejal de Zestoa. Seg\u00fan [&hellip;]","og_url":"https:\/\/iraurgiberritzen.eus\/es\/iraurgi-berritzen-y-el-ayuntamiento-de-zestoa-han-firmado-un-acuerdo-de-colaboracion\/","og_site_name":"Iraurgi Berritzen","article_published_time":"2016-07-11T06:06:58+00:00","author":"kudeatzailea","twitter_card":"summary_large_image","twitter_misc":{"Escrito por":"kudeatzailea","Tiempo de lectura":"2 minutos"},"schema":{"@context":"https:\/\/schema.org","@graph":[{"@type":"Article","@id":"https:\/\/iraurgiberritzen.eus\/es\/iraurgi-berritzen-y-el-ayuntamiento-de-zestoa-han-firmado-un-acuerdo-de-colaboracion\/#article","isPartOf":{"@id":"https:\/\/iraurgiberritzen.eus\/es\/iraurgi-berritzen-y-el-ayuntamiento-de-zestoa-han-firmado-un-acuerdo-de-colaboracion\/"},"author":{"name":"kudeatzailea","@id":"https:\/\/iraurgiberritzen.eus\/es\/#\/schema\/person\/5ab41aaf388a9097177601ebf45738d2"},"headline":"Iraurgi Berritzen y el Ayuntamiento de Zestoa han firmado un acuerdo de colaboraci\u00f3n","datePublished":"2016-07-11T06:06:58+00:00","mainEntityOfPage":{"@id":"https:\/\/iraurgiberritzen.eus\/es\/iraurgi-berritzen-y-el-ayuntamiento-de-zestoa-han-firmado-un-acuerdo-de-colaboracion\/"},"wordCount":447,"publisher":{"@id":"https:\/\/iraurgiberritzen.eus\/es\/#organization"},"image":{"@id":"https:\/\/iraurgiberritzen.eus\/es\/iraurgi-berritzen-y-el-ayuntamiento-de-zestoa-han-firmado-un-acuerdo-de-colaboracion\/#primaryimage"},"thumbnailUrl":"https:\/\/iraurgiberritzen.eus\/wp-content\/uploads\/2023\/09\/0d7764695c55c5d1c3edadce4a2a2cb9.jpg","articleSection":["Noticias"],"inLanguage":"es"},{"@type":"WebPage","@id":"https:\/\/iraurgiberritzen.eus\/es\/iraurgi-berritzen-y-el-ayuntamiento-de-zestoa-han-firmado-un-acuerdo-de-colaboracion\/","url":"https:\/\/iraurgiberritzen.eus\/es\/iraurgi-berritzen-y-el-ayuntamiento-de-zestoa-han-firmado-un-acuerdo-de-colaboracion\/","name":"Iraurgi Berritzen y el Ayuntamiento de Zestoa han firmado un acuerdo de colaboraci\u00f3n - Iraurgi Berritzen","isPartOf":{"@id":"https:\/\/iraurgiberritzen.eus\/es\/#website"},"primaryImageOfPage":{"@id":"https:\/\/iraurgiberritzen.eus\/es\/iraurgi-berritzen-y-el-ayuntamiento-de-zestoa-han-firmado-un-acuerdo-de-colaboracion\/#primaryimage"},"image":{"@id":"https:\/\/iraurgiberritzen.eus\/es\/iraurgi-berritzen-y-el-ayuntamiento-de-zestoa-han-firmado-un-acuerdo-de-colaboracion\/#primaryimage"},"thumbnailUrl":"https:\/\/iraurgiberritzen.eus\/wp-content\/uploads\/2023\/09\/0d7764695c55c5d1c3edadce4a2a2cb9.jpg","datePublished":"2016-07-11T06:06:58+00:00","breadcrumb":{"@id":"https:\/\/iraurgiberritzen.eus\/es\/iraurgi-berritzen-y-el-ayuntamiento-de-zestoa-han-firmado-un-acuerdo-de-colaboracion\/#breadcrumb"},"inLanguage":"es","potentialAction":[{"@type":"ReadAction","target":["https:\/\/iraurgiberritzen.eus\/es\/iraurgi-berritzen-y-el-ayuntamiento-de-zestoa-han-firmado-un-acuerdo-de-colaboracion\/"]}]},{"@type":"ImageObject","inLanguage":"es","@id":"https:\/\/iraurgiberritzen.eus\/es\/iraurgi-berritzen-y-el-ayuntamiento-de-zestoa-han-firmado-un-acuerdo-de-colaboracion\/#primaryimage","url":"https:\/\/iraurgiberritzen.eus\/wp-content\/uploads\/2023\/09\/0d7764695c55c5d1c3edadce4a2a2cb9.jpg","contentUrl":"https:\/\/iraurgiberritzen.eus\/wp-content\/uploads\/2023\/09\/0d7764695c55c5d1c3edadce4a2a2cb9.jpg","width":600,"height":386},{"@type":"BreadcrumbList","@id":"https:\/\/iraurgiberritzen.eus\/es\/iraurgi-berritzen-y-el-ayuntamiento-de-zestoa-han-firmado-un-acuerdo-de-colaboracion\/#breadcrumb","itemListElement":[{"@type":"ListItem","position":1,"name":"Home","item":"https:\/\/iraurgiberritzen.eus\/es\/"},{"@type":"ListItem","position":2,"name":"Iraurgi Berritzen y el Ayuntamiento de Zestoa han firmado un acuerdo de colaboraci\u00f3n"}]},{"@type":"WebSite","@id":"https:\/\/iraurgiberritzen.eus\/es\/#website","url":"https:\/\/iraurgiberritzen.eus\/es\/","name":"Iraurgi Berritzen","description":"Urola Erdiko Garapen Agentzia","publisher":{"@id":"https:\/\/iraurgiberritzen.eus\/es\/#organization"},"potentialAction":[{"@type":"SearchAction","target":{"@type":"EntryPoint","urlTemplate":"https:\/\/iraurgiberritzen.eus\/es\/?s={search_term_string}"},"query-input":{"@type":"PropertyValueSpecification","valueRequired":true,"valueName":"search_term_string"}}],"inLanguage":"es"},{"@type":"Organization","@id":"https:\/\/iraurgiberritzen.eus\/es\/#organization","name":"Iraurgi Berritzen","url":"https:\/\/iraurgiberritzen.eus\/es\/","logo":{"@type":"ImageObject","inLanguage":"es","@id":"https:\/\/iraurgiberritzen.eus\/es\/#\/schema\/logo\/image\/","url":"https:\/\/iraurgiberritzen.eus\/wp-content\/uploads\/2024\/02\/IRAURGI-BERRITZEN-logotipoa_2.png","contentUrl":"https:\/\/iraurgiberritzen.eus\/wp-content\/uploads\/2024\/02\/IRAURGI-BERRITZEN-logotipoa_2.png","width":496,"height":190,"caption":"Iraurgi Berritzen"},"image":{"@id":"https:\/\/iraurgiberritzen.eus\/es\/#\/schema\/logo\/image\/"}},{"@type":"Person","@id":"https:\/\/iraurgiberritzen.eus\/es\/#\/schema\/person\/5ab41aaf388a9097177601ebf45738d2","name":"kudeatzailea","sameAs":["https:\/\/iraurgiberritzen.eus"]}]}},"_links":{"self":[{"href":"https:\/\/iraurgiberritzen.eus\/es\/wp-json\/wp\/v2\/posts\/12064","targetHints":{"allow":["GET"]}}],"collection":[{"href":"https:\/\/iraurgiberritzen.eus\/es\/wp-json\/wp\/v2\/posts"}],"about":[{"href":"https:\/\/iraurgiberritzen.eus\/es\/wp-json\/wp\/v2\/types\/post"}],"author":[{"embeddable":true,"href":"https:\/\/iraurgiberritzen.eus\/es\/wp-json\/wp\/v2\/users\/1"}],"replies":[{"embeddable":true,"href":"https:\/\/iraurgiberritzen.eus\/es\/wp-json\/wp\/v2\/comments?post=12064"}],"version-history":[{"count":0,"href":"https:\/\/iraurgiberritzen.eus\/es\/wp-json\/wp\/v2\/posts\/12064\/revisions"}],"wp:featuredmedia":[{"embeddable":true,"href":"https:\/\/iraurgiberritzen.eus\/es\/wp-json\/wp\/v2\/media\/17973"}],"wp:attachment":[{"href":"https:\/\/iraurgiberritzen.eus\/es\/wp-json\/wp\/v2\/media?parent=12064"}],"wp:term":[{"taxonomy":"category","embeddable":true,"href":"https:\/\/iraurgiberritzen.eus\/es\/wp-json\/wp\/v2\/categories?post=12064"},{"taxonomy":"post_tag","embeddable":true,"href":"https:\/\/iraurgiberritzen.eus\/es\/wp-json\/wp\/v2\/tags?post=12064"}],"curies":[{"name":"wp","href":"https:\/\/api.w.org\/{rel}","templated":true}]}}