{"id":12073,"date":"2016-07-19T10:07:19","date_gmt":"2016-07-19T08:07:19","guid":{"rendered":"https:\/\/iraurgiberritzen.eus\/encuentro-entre-alcaldes-y-jovenes-que-participan-en-el-programa-hazilan\/"},"modified":"2016-07-19T10:07:19","modified_gmt":"2016-07-19T08:07:19","slug":"encuentro-entre-alcaldes-y-jovenes-que-participan-en-el-programa-hazilan","status":"publish","type":"post","link":"https:\/\/iraurgiberritzen.eus\/es\/encuentro-entre-alcaldes-y-jovenes-que-participan-en-el-programa-hazilan\/","title":{"rendered":"Encuentro entre alcaldes y j\u00f3venes que participan en el programa Hazilan"},"content":{"rendered":"<p style=\"text-align: justify;\">Esta ma\u00f1ana, los alcaldes de Azpeitia y Azkoitia, Eneko Etxeberria y Javier Zubizarreta, se han reunido con los j\u00f3venes que est\u00e1n participando en el programa Hazilan, coordinado por Iraurgi Berritzen.<\/p>\n<p style=\"text-align: justify;\">Hazilan es un proyecto dirigido a j\u00f3venes cualificados de entre 20 y 35 a\u00f1os que tiene como objetivo mejorar su empleabilidad y ofrecer recursos para su inserci\u00f3n laboral. En \u00abAktibatu\u00bb, la primera fase del programa, han participado 15 j\u00f3venes. Una vez culminada esta fase, todos ellos tienen la opci\u00f3n de realizar pr\u00e1cticas en empresas de la comarca. Entre los j\u00f3venes, siete son azkoitiarras, otros tantos azpeitiarras y uno de Zestoa.<\/p>\n<p style=\"text-align: justify;\">Los dos alcaldes han transmitido al grupo la importancia de tener un trato directo con todos ellos para valorar la experiencia de primera mano, conocer las necesidades reales y analizar qu\u00e9 actuaciones llevar a cabo como Ayuntamiento.<\/p>\n<p style=\"text-align: justify;\">El mensaje de Javier Zubizarreta ha sido claro. Les ha pedido que no desistan y les ha animado a no desistir y a no agachar la cabeza hasta lograr lo que desean.<\/p>\n<p style=\"text-align: justify;\">Ambos alcaldes han mostrado su preocupaci\u00f3n por el empleo, as\u00ed como su total predisposici\u00f3n para ayudar.<\/p>\n","protected":false},"excerpt":{"rendered":"<p>Esta ma\u00f1ana, los alcaldes de Azpeitia y Azkoitia, Eneko Etxeberria y Javier Zubizarreta, se han reunido con los j\u00f3venes que est\u00e1n participando en el programa Hazilan, coordinado por Iraurgi Berritzen. Hazilan es un proyecto dirigido a j\u00f3venes cualificados de entre 20 y 35 a\u00f1os que tiene como objetivo mejorar su empleabilidad y ofrecer recursos para [&hellip;]<\/p>\n","protected":false},"author":1,"featured_media":17975,"comment_status":"","ping_status":"closed","sticky":false,"template":"","format":"standard","meta":{"_acf_changed":false,"footnotes":""},"categories":[4],"tags":[],"class_list":["post-12073","post","type-post","status-publish","format-standard","has-post-thumbnail","hentry","category-noticias"],"acf":[],"yoast_head":"<!-- This site is optimized with the Yoast SEO plugin v27.4 - https:\/\/yoast.com\/product\/yoast-seo-wordpress\/ -->\n<title>Encuentro entre alcaldes y j\u00f3venes que participan en el programa Hazilan - Iraurgi Berritzen<\/title>\n<meta name=\"robots\" content=\"index, follow, max-snippet:-1, max-image-preview:large, max-video-preview:-1\" \/>\n<link rel=\"canonical\" href=\"https:\/\/iraurgiberritzen.eus\/es\/encuentro-entre-alcaldes-y-jovenes-que-participan-en-el-programa-hazilan\/\" \/>\n<meta property=\"og:locale\" content=\"es_ES\" \/>\n<meta property=\"og:type\" content=\"article\" \/>\n<meta property=\"og:title\" content=\"Encuentro entre alcaldes y j\u00f3venes que participan en el programa Hazilan - Iraurgi Berritzen\" \/>\n<meta property=\"og:description\" content=\"Esta ma\u00f1ana, los alcaldes de Azpeitia y Azkoitia, Eneko Etxeberria y Javier Zubizarreta, se han reunido con los j\u00f3venes que est\u00e1n participando en el programa Hazilan, coordinado por Iraurgi Berritzen. Hazilan es un proyecto dirigido a j\u00f3venes cualificados de entre 20 y 35 a\u00f1os que tiene como objetivo mejorar su empleabilidad y ofrecer recursos para [&hellip;]\" \/>\n<meta property=\"og:url\" content=\"https:\/\/iraurgiberritzen.eus\/es\/encuentro-entre-alcaldes-y-jovenes-que-participan-en-el-programa-hazilan\/\" \/>\n<meta property=\"og:site_name\" content=\"Iraurgi Berritzen\" \/>\n<meta property=\"article:published_time\" content=\"2016-07-19T08:07:19+00:00\" \/>\n<meta name=\"author\" content=\"kudeatzailea\" \/>\n<meta name=\"twitter:card\" content=\"summary_large_image\" \/>\n<meta name=\"twitter:label1\" content=\"Escrito por\" \/>\n\t<meta name=\"twitter:data1\" content=\"kudeatzailea\" \/>\n\t<meta name=\"twitter:label2\" content=\"Tiempo de lectura\" \/>\n\t<meta name=\"twitter:data2\" content=\"1 minuto\" \/>\n<script type=\"application\/ld+json\" class=\"yoast-schema-graph\">{\"@context\":\"https:\\\/\\\/schema.org\",\"@graph\":[{\"@type\":\"Article\",\"@id\":\"https:\\\/\\\/iraurgiberritzen.eus\\\/es\\\/encuentro-entre-alcaldes-y-jovenes-que-participan-en-el-programa-hazilan\\\/#article\",\"isPartOf\":{\"@id\":\"https:\\\/\\\/iraurgiberritzen.eus\\\/es\\\/encuentro-entre-alcaldes-y-jovenes-que-participan-en-el-programa-hazilan\\\/\"},\"author\":{\"name\":\"kudeatzailea\",\"@id\":\"https:\\\/\\\/iraurgiberritzen.eus\\\/es\\\/#\\\/schema\\\/person\\\/5ab41aaf388a9097177601ebf45738d2\"},\"headline\":\"Encuentro entre alcaldes y j\u00f3venes que participan en el programa Hazilan\",\"datePublished\":\"2016-07-19T08:07:19+00:00\",\"mainEntityOfPage\":{\"@id\":\"https:\\\/\\\/iraurgiberritzen.eus\\\/es\\\/encuentro-entre-alcaldes-y-jovenes-que-participan-en-el-programa-hazilan\\\/\"},\"wordCount\":206,\"publisher\":{\"@id\":\"https:\\\/\\\/iraurgiberritzen.eus\\\/es\\\/#organization\"},\"image\":{\"@id\":\"https:\\\/\\\/iraurgiberritzen.eus\\\/es\\\/encuentro-entre-alcaldes-y-jovenes-que-participan-en-el-programa-hazilan\\\/#primaryimage\"},\"thumbnailUrl\":\"https:\\\/\\\/iraurgiberritzen.eus\\\/wp-content\\\/uploads\\\/2023\\\/09\\\/8ada8b01a991faf3f98f4a7470382ef6.jpg\",\"articleSection\":[\"Noticias\"],\"inLanguage\":\"es\"},{\"@type\":\"WebPage\",\"@id\":\"https:\\\/\\\/iraurgiberritzen.eus\\\/es\\\/encuentro-entre-alcaldes-y-jovenes-que-participan-en-el-programa-hazilan\\\/\",\"url\":\"https:\\\/\\\/iraurgiberritzen.eus\\\/es\\\/encuentro-entre-alcaldes-y-jovenes-que-participan-en-el-programa-hazilan\\\/\",\"name\":\"Encuentro entre alcaldes y j\u00f3venes que participan en el programa Hazilan - Iraurgi Berritzen\",\"isPartOf\":{\"@id\":\"https:\\\/\\\/iraurgiberritzen.eus\\\/es\\\/#website\"},\"primaryImageOfPage\":{\"@id\":\"https:\\\/\\\/iraurgiberritzen.eus\\\/es\\\/encuentro-entre-alcaldes-y-jovenes-que-participan-en-el-programa-hazilan\\\/#primaryimage\"},\"image\":{\"@id\":\"https:\\\/\\\/iraurgiberritzen.eus\\\/es\\\/encuentro-entre-alcaldes-y-jovenes-que-participan-en-el-programa-hazilan\\\/#primaryimage\"},\"thumbnailUrl\":\"https:\\\/\\\/iraurgiberritzen.eus\\\/wp-content\\\/uploads\\\/2023\\\/09\\\/8ada8b01a991faf3f98f4a7470382ef6.jpg\",\"datePublished\":\"2016-07-19T08:07:19+00:00\",\"breadcrumb\":{\"@id\":\"https:\\\/\\\/iraurgiberritzen.eus\\\/es\\\/encuentro-entre-alcaldes-y-jovenes-que-participan-en-el-programa-hazilan\\\/#breadcrumb\"},\"inLanguage\":\"es\",\"potentialAction\":[{\"@type\":\"ReadAction\",\"target\":[\"https:\\\/\\\/iraurgiberritzen.eus\\\/es\\\/encuentro-entre-alcaldes-y-jovenes-que-participan-en-el-programa-hazilan\\\/\"]}]},{\"@type\":\"ImageObject\",\"inLanguage\":\"es\",\"@id\":\"https:\\\/\\\/iraurgiberritzen.eus\\\/es\\\/encuentro-entre-alcaldes-y-jovenes-que-participan-en-el-programa-hazilan\\\/#primaryimage\",\"url\":\"https:\\\/\\\/iraurgiberritzen.eus\\\/wp-content\\\/uploads\\\/2023\\\/09\\\/8ada8b01a991faf3f98f4a7470382ef6.jpg\",\"contentUrl\":\"https:\\\/\\\/iraurgiberritzen.eus\\\/wp-content\\\/uploads\\\/2023\\\/09\\\/8ada8b01a991faf3f98f4a7470382ef6.jpg\",\"width\":600,\"height\":386},{\"@type\":\"BreadcrumbList\",\"@id\":\"https:\\\/\\\/iraurgiberritzen.eus\\\/es\\\/encuentro-entre-alcaldes-y-jovenes-que-participan-en-el-programa-hazilan\\\/#breadcrumb\",\"itemListElement\":[{\"@type\":\"ListItem\",\"position\":1,\"name\":\"Home\",\"item\":\"https:\\\/\\\/iraurgiberritzen.eus\\\/es\\\/\"},{\"@type\":\"ListItem\",\"position\":2,\"name\":\"Encuentro entre alcaldes y j\u00f3venes que participan en el programa Hazilan\"}]},{\"@type\":\"WebSite\",\"@id\":\"https:\\\/\\\/iraurgiberritzen.eus\\\/es\\\/#website\",\"url\":\"https:\\\/\\\/iraurgiberritzen.eus\\\/es\\\/\",\"name\":\"Iraurgi Berritzen\",\"description\":\"Urola Erdiko Garapen Agentzia\",\"publisher\":{\"@id\":\"https:\\\/\\\/iraurgiberritzen.eus\\\/es\\\/#organization\"},\"potentialAction\":[{\"@type\":\"SearchAction\",\"target\":{\"@type\":\"EntryPoint\",\"urlTemplate\":\"https:\\\/\\\/iraurgiberritzen.eus\\\/es\\\/?s={search_term_string}\"},\"query-input\":{\"@type\":\"PropertyValueSpecification\",\"valueRequired\":true,\"valueName\":\"search_term_string\"}}],\"inLanguage\":\"es\"},{\"@type\":\"Organization\",\"@id\":\"https:\\\/\\\/iraurgiberritzen.eus\\\/es\\\/#organization\",\"name\":\"Iraurgi Berritzen\",\"url\":\"https:\\\/\\\/iraurgiberritzen.eus\\\/es\\\/\",\"logo\":{\"@type\":\"ImageObject\",\"inLanguage\":\"es\",\"@id\":\"https:\\\/\\\/iraurgiberritzen.eus\\\/es\\\/#\\\/schema\\\/logo\\\/image\\\/\",\"url\":\"https:\\\/\\\/iraurgiberritzen.eus\\\/wp-content\\\/uploads\\\/2024\\\/02\\\/IRAURGI-BERRITZEN-logotipoa_2.png\",\"contentUrl\":\"https:\\\/\\\/iraurgiberritzen.eus\\\/wp-content\\\/uploads\\\/2024\\\/02\\\/IRAURGI-BERRITZEN-logotipoa_2.png\",\"width\":496,\"height\":190,\"caption\":\"Iraurgi Berritzen\"},\"image\":{\"@id\":\"https:\\\/\\\/iraurgiberritzen.eus\\\/es\\\/#\\\/schema\\\/logo\\\/image\\\/\"}},{\"@type\":\"Person\",\"@id\":\"https:\\\/\\\/iraurgiberritzen.eus\\\/es\\\/#\\\/schema\\\/person\\\/5ab41aaf388a9097177601ebf45738d2\",\"name\":\"kudeatzailea\",\"sameAs\":[\"https:\\\/\\\/iraurgiberritzen.eus\"]}]}<\/script>\n<!-- \/ Yoast SEO plugin. -->","yoast_head_json":{"title":"Encuentro entre alcaldes y j\u00f3venes que participan en el programa Hazilan - Iraurgi Berritzen","robots":{"index":"index","follow":"follow","max-snippet":"max-snippet:-1","max-image-preview":"max-image-preview:large","max-video-preview":"max-video-preview:-1"},"canonical":"https:\/\/iraurgiberritzen.eus\/es\/encuentro-entre-alcaldes-y-jovenes-que-participan-en-el-programa-hazilan\/","og_locale":"es_ES","og_type":"article","og_title":"Encuentro entre alcaldes y j\u00f3venes que participan en el programa Hazilan - Iraurgi Berritzen","og_description":"Esta ma\u00f1ana, los alcaldes de Azpeitia y Azkoitia, Eneko Etxeberria y Javier Zubizarreta, se han reunido con los j\u00f3venes que est\u00e1n participando en el programa Hazilan, coordinado por Iraurgi Berritzen. Hazilan es un proyecto dirigido a j\u00f3venes cualificados de entre 20 y 35 a\u00f1os que tiene como objetivo mejorar su empleabilidad y ofrecer recursos para [&hellip;]","og_url":"https:\/\/iraurgiberritzen.eus\/es\/encuentro-entre-alcaldes-y-jovenes-que-participan-en-el-programa-hazilan\/","og_site_name":"Iraurgi Berritzen","article_published_time":"2016-07-19T08:07:19+00:00","author":"kudeatzailea","twitter_card":"summary_large_image","twitter_misc":{"Escrito por":"kudeatzailea","Tiempo de lectura":"1 minuto"},"schema":{"@context":"https:\/\/schema.org","@graph":[{"@type":"Article","@id":"https:\/\/iraurgiberritzen.eus\/es\/encuentro-entre-alcaldes-y-jovenes-que-participan-en-el-programa-hazilan\/#article","isPartOf":{"@id":"https:\/\/iraurgiberritzen.eus\/es\/encuentro-entre-alcaldes-y-jovenes-que-participan-en-el-programa-hazilan\/"},"author":{"name":"kudeatzailea","@id":"https:\/\/iraurgiberritzen.eus\/es\/#\/schema\/person\/5ab41aaf388a9097177601ebf45738d2"},"headline":"Encuentro entre alcaldes y j\u00f3venes que participan en el programa Hazilan","datePublished":"2016-07-19T08:07:19+00:00","mainEntityOfPage":{"@id":"https:\/\/iraurgiberritzen.eus\/es\/encuentro-entre-alcaldes-y-jovenes-que-participan-en-el-programa-hazilan\/"},"wordCount":206,"publisher":{"@id":"https:\/\/iraurgiberritzen.eus\/es\/#organization"},"image":{"@id":"https:\/\/iraurgiberritzen.eus\/es\/encuentro-entre-alcaldes-y-jovenes-que-participan-en-el-programa-hazilan\/#primaryimage"},"thumbnailUrl":"https:\/\/iraurgiberritzen.eus\/wp-content\/uploads\/2023\/09\/8ada8b01a991faf3f98f4a7470382ef6.jpg","articleSection":["Noticias"],"inLanguage":"es"},{"@type":"WebPage","@id":"https:\/\/iraurgiberritzen.eus\/es\/encuentro-entre-alcaldes-y-jovenes-que-participan-en-el-programa-hazilan\/","url":"https:\/\/iraurgiberritzen.eus\/es\/encuentro-entre-alcaldes-y-jovenes-que-participan-en-el-programa-hazilan\/","name":"Encuentro entre alcaldes y j\u00f3venes que participan en el programa Hazilan - Iraurgi Berritzen","isPartOf":{"@id":"https:\/\/iraurgiberritzen.eus\/es\/#website"},"primaryImageOfPage":{"@id":"https:\/\/iraurgiberritzen.eus\/es\/encuentro-entre-alcaldes-y-jovenes-que-participan-en-el-programa-hazilan\/#primaryimage"},"image":{"@id":"https:\/\/iraurgiberritzen.eus\/es\/encuentro-entre-alcaldes-y-jovenes-que-participan-en-el-programa-hazilan\/#primaryimage"},"thumbnailUrl":"https:\/\/iraurgiberritzen.eus\/wp-content\/uploads\/2023\/09\/8ada8b01a991faf3f98f4a7470382ef6.jpg","datePublished":"2016-07-19T08:07:19+00:00","breadcrumb":{"@id":"https:\/\/iraurgiberritzen.eus\/es\/encuentro-entre-alcaldes-y-jovenes-que-participan-en-el-programa-hazilan\/#breadcrumb"},"inLanguage":"es","potentialAction":[{"@type":"ReadAction","target":["https:\/\/iraurgiberritzen.eus\/es\/encuentro-entre-alcaldes-y-jovenes-que-participan-en-el-programa-hazilan\/"]}]},{"@type":"ImageObject","inLanguage":"es","@id":"https:\/\/iraurgiberritzen.eus\/es\/encuentro-entre-alcaldes-y-jovenes-que-participan-en-el-programa-hazilan\/#primaryimage","url":"https:\/\/iraurgiberritzen.eus\/wp-content\/uploads\/2023\/09\/8ada8b01a991faf3f98f4a7470382ef6.jpg","contentUrl":"https:\/\/iraurgiberritzen.eus\/wp-content\/uploads\/2023\/09\/8ada8b01a991faf3f98f4a7470382ef6.jpg","width":600,"height":386},{"@type":"BreadcrumbList","@id":"https:\/\/iraurgiberritzen.eus\/es\/encuentro-entre-alcaldes-y-jovenes-que-participan-en-el-programa-hazilan\/#breadcrumb","itemListElement":[{"@type":"ListItem","position":1,"name":"Home","item":"https:\/\/iraurgiberritzen.eus\/es\/"},{"@type":"ListItem","position":2,"name":"Encuentro entre alcaldes y j\u00f3venes que participan en el programa Hazilan"}]},{"@type":"WebSite","@id":"https:\/\/iraurgiberritzen.eus\/es\/#website","url":"https:\/\/iraurgiberritzen.eus\/es\/","name":"Iraurgi Berritzen","description":"Urola Erdiko Garapen Agentzia","publisher":{"@id":"https:\/\/iraurgiberritzen.eus\/es\/#organization"},"potentialAction":[{"@type":"SearchAction","target":{"@type":"EntryPoint","urlTemplate":"https:\/\/iraurgiberritzen.eus\/es\/?s={search_term_string}"},"query-input":{"@type":"PropertyValueSpecification","valueRequired":true,"valueName":"search_term_string"}}],"inLanguage":"es"},{"@type":"Organization","@id":"https:\/\/iraurgiberritzen.eus\/es\/#organization","name":"Iraurgi Berritzen","url":"https:\/\/iraurgiberritzen.eus\/es\/","logo":{"@type":"ImageObject","inLanguage":"es","@id":"https:\/\/iraurgiberritzen.eus\/es\/#\/schema\/logo\/image\/","url":"https:\/\/iraurgiberritzen.eus\/wp-content\/uploads\/2024\/02\/IRAURGI-BERRITZEN-logotipoa_2.png","contentUrl":"https:\/\/iraurgiberritzen.eus\/wp-content\/uploads\/2024\/02\/IRAURGI-BERRITZEN-logotipoa_2.png","width":496,"height":190,"caption":"Iraurgi Berritzen"},"image":{"@id":"https:\/\/iraurgiberritzen.eus\/es\/#\/schema\/logo\/image\/"}},{"@type":"Person","@id":"https:\/\/iraurgiberritzen.eus\/es\/#\/schema\/person\/5ab41aaf388a9097177601ebf45738d2","name":"kudeatzailea","sameAs":["https:\/\/iraurgiberritzen.eus"]}]}},"_links":{"self":[{"href":"https:\/\/iraurgiberritzen.eus\/es\/wp-json\/wp\/v2\/posts\/12073","targetHints":{"allow":["GET"]}}],"collection":[{"href":"https:\/\/iraurgiberritzen.eus\/es\/wp-json\/wp\/v2\/posts"}],"about":[{"href":"https:\/\/iraurgiberritzen.eus\/es\/wp-json\/wp\/v2\/types\/post"}],"author":[{"embeddable":true,"href":"https:\/\/iraurgiberritzen.eus\/es\/wp-json\/wp\/v2\/users\/1"}],"replies":[{"embeddable":true,"href":"https:\/\/iraurgiberritzen.eus\/es\/wp-json\/wp\/v2\/comments?post=12073"}],"version-history":[{"count":0,"href":"https:\/\/iraurgiberritzen.eus\/es\/wp-json\/wp\/v2\/posts\/12073\/revisions"}],"wp:featuredmedia":[{"embeddable":true,"href":"https:\/\/iraurgiberritzen.eus\/es\/wp-json\/wp\/v2\/media\/17975"}],"wp:attachment":[{"href":"https:\/\/iraurgiberritzen.eus\/es\/wp-json\/wp\/v2\/media?parent=12073"}],"wp:term":[{"taxonomy":"category","embeddable":true,"href":"https:\/\/iraurgiberritzen.eus\/es\/wp-json\/wp\/v2\/categories?post=12073"},{"taxonomy":"post_tag","embeddable":true,"href":"https:\/\/iraurgiberritzen.eus\/es\/wp-json\/wp\/v2\/tags?post=12073"}],"curies":[{"name":"wp","href":"https:\/\/api.w.org\/{rel}","templated":true}]}}