{"id":12076,"date":"2016-09-02T10:12:22","date_gmt":"2016-09-02T08:12:22","guid":{"rendered":"https:\/\/iraurgiberritzen.eus\/se-reanudan-los-servicios-de-empleo-y-orientacion-de-iraurgi-berritzen-programa-txertatu-merkatuan\/"},"modified":"2016-09-02T10:12:22","modified_gmt":"2016-09-02T08:12:22","slug":"se-reanudan-los-servicios-de-empleo-y-orientacion-de-iraurgi-berritzen-programa-txertatu-merkatuan","status":"publish","type":"post","link":"https:\/\/iraurgiberritzen.eus\/es\/se-reanudan-los-servicios-de-empleo-y-orientacion-de-iraurgi-berritzen-programa-txertatu-merkatuan\/","title":{"rendered":"Se reanudan los servicios de Empleo y Orientaci\u00f3n de Iraurgi Berritzen. Programa Txertatu Merkatuan"},"content":{"rendered":"<p style=\"text-align: justify;\">Iraurgi Berritzen, la Agencia de Desarrollo e Innovaci\u00f3n de los Ayuntamientos de Azpeitia y Azkoitia han puesto de nuevo en marcha los <strong>Servicios de Empleo y Orientaci\u00f3n,<\/strong> en colaboraci\u00f3n con Lanbide.<\/p>\n<p>Estos servicios son gratuitos y se dirigen a los desempleados de la comarca, as\u00ed como a personas en riesgo de perder su empleo o que quieran mejorarlo. Para ello, pod\u00e9is escribir a las siguientes direcciones de correo <a href=\"mailto:enpleguzentroa@iraurgiberritzen.eus\">enpleguzentroa@iraurgiberritzen.eus<\/a> o <a href=\"mailto:orientazioa@iraurgiberritzen.eus\">orientazioa@iraurgiberritzen.eus<\/a>, o bien llamar a a los n\u00fameros de telefono 943026069 (Azpeitia), 943083469 (Azkoitia).<\/p>\n<p><a href=\"index.php\/es\/enplegua\/enplegu-eta-orientazio-zentruak\" target=\"_blank\" rel=\"noopener\">Datos de contacto<\/a><\/p>\n<ul>\n<li style=\"text-align: justify;\"><strong>Si est\u00e1s en desempleo, tienes de 17 a 30 a\u00f1os y posees un t\u00edtulo de Grado Medio o Bachillerato, TXERTATU MERKATUAN es tu OPORTUNIDAD<\/strong><\/li>\n<\/ul>\n<p style=\"text-align: justify;\">A su vez, Iraurgi Berritzen pondr\u00e1 en marcha el <strong>Programa Txertatu Merkatuan<\/strong>. Este es un proyecto dirigido a personas j\u00f3venes, de 17 a 30 a\u00f1os, con bajo nivel de formaci\u00f3n, que hayan abandonado sus estudios y lleven m\u00e1s de un a\u00f1o en situaci\u00f3n de desempleo. Desde Iraurgi Berritzen queremos comunicar que el plazo de inscripci\u00f3n de este proyecto sigue abierto. En caso de estar interesado puedes ponerte en contacto con Sandra Fernandez escribiendo al email <a href=\"mailto:sfernandez@iraurgiberritzen.eus\">sfernandez@iraurgiberritzen.eus<\/a> o llamando al 943851100<\/p>\n","protected":false},"excerpt":{"rendered":"<p>Iraurgi Berritzen, la Agencia de Desarrollo e Innovaci\u00f3n de los Ayuntamientos de Azpeitia y Azkoitia han puesto de nuevo en marcha los Servicios de Empleo y Orientaci\u00f3n, en colaboraci\u00f3n con Lanbide. Estos servicios son gratuitos y se dirigen a los desempleados de la comarca, as\u00ed como a personas en riesgo de perder su empleo o [&hellip;]<\/p>\n","protected":false},"author":1,"featured_media":17961,"comment_status":"","ping_status":"closed","sticky":false,"template":"","format":"standard","meta":{"_acf_changed":false,"footnotes":""},"categories":[4],"tags":[],"class_list":["post-12076","post","type-post","status-publish","format-standard","has-post-thumbnail","hentry","category-noticias"],"acf":[],"yoast_head":"<!-- This site is optimized with the Yoast SEO plugin v27.4 - https:\/\/yoast.com\/product\/yoast-seo-wordpress\/ -->\n<title>Se reanudan los servicios de Empleo y Orientaci\u00f3n de Iraurgi Berritzen. Programa Txertatu Merkatuan - Iraurgi Berritzen<\/title>\n<meta name=\"robots\" content=\"index, follow, max-snippet:-1, max-image-preview:large, max-video-preview:-1\" \/>\n<link rel=\"canonical\" href=\"https:\/\/iraurgiberritzen.eus\/es\/se-reanudan-los-servicios-de-empleo-y-orientacion-de-iraurgi-berritzen-programa-txertatu-merkatuan\/\" \/>\n<meta property=\"og:locale\" content=\"es_ES\" \/>\n<meta property=\"og:type\" content=\"article\" \/>\n<meta property=\"og:title\" content=\"Se reanudan los servicios de Empleo y Orientaci\u00f3n de Iraurgi Berritzen. Programa Txertatu Merkatuan - Iraurgi Berritzen\" \/>\n<meta property=\"og:description\" content=\"Iraurgi Berritzen, la Agencia de Desarrollo e Innovaci\u00f3n de los Ayuntamientos de Azpeitia y Azkoitia han puesto de nuevo en marcha los Servicios de Empleo y Orientaci\u00f3n, en colaboraci\u00f3n con Lanbide. Estos servicios son gratuitos y se dirigen a los desempleados de la comarca, as\u00ed como a personas en riesgo de perder su empleo o [&hellip;]\" \/>\n<meta property=\"og:url\" content=\"https:\/\/iraurgiberritzen.eus\/es\/se-reanudan-los-servicios-de-empleo-y-orientacion-de-iraurgi-berritzen-programa-txertatu-merkatuan\/\" \/>\n<meta property=\"og:site_name\" content=\"Iraurgi Berritzen\" \/>\n<meta property=\"article:published_time\" content=\"2016-09-02T08:12:22+00:00\" \/>\n<meta name=\"author\" content=\"kudeatzailea\" \/>\n<meta name=\"twitter:card\" content=\"summary_large_image\" \/>\n<meta name=\"twitter:label1\" content=\"Escrito por\" \/>\n\t<meta name=\"twitter:data1\" content=\"kudeatzailea\" \/>\n\t<meta name=\"twitter:label2\" content=\"Tiempo de lectura\" \/>\n\t<meta name=\"twitter:data2\" content=\"1 minuto\" \/>\n<script type=\"application\/ld+json\" class=\"yoast-schema-graph\">{\"@context\":\"https:\\\/\\\/schema.org\",\"@graph\":[{\"@type\":\"Article\",\"@id\":\"https:\\\/\\\/iraurgiberritzen.eus\\\/es\\\/se-reanudan-los-servicios-de-empleo-y-orientacion-de-iraurgi-berritzen-programa-txertatu-merkatuan\\\/#article\",\"isPartOf\":{\"@id\":\"https:\\\/\\\/iraurgiberritzen.eus\\\/es\\\/se-reanudan-los-servicios-de-empleo-y-orientacion-de-iraurgi-berritzen-programa-txertatu-merkatuan\\\/\"},\"author\":{\"name\":\"kudeatzailea\",\"@id\":\"https:\\\/\\\/iraurgiberritzen.eus\\\/es\\\/#\\\/schema\\\/person\\\/5ab41aaf388a9097177601ebf45738d2\"},\"headline\":\"Se reanudan los servicios de Empleo y Orientaci\u00f3n de Iraurgi Berritzen. Programa Txertatu Merkatuan\",\"datePublished\":\"2016-09-02T08:12:22+00:00\",\"mainEntityOfPage\":{\"@id\":\"https:\\\/\\\/iraurgiberritzen.eus\\\/es\\\/se-reanudan-los-servicios-de-empleo-y-orientacion-de-iraurgi-berritzen-programa-txertatu-merkatuan\\\/\"},\"wordCount\":220,\"publisher\":{\"@id\":\"https:\\\/\\\/iraurgiberritzen.eus\\\/es\\\/#organization\"},\"image\":{\"@id\":\"https:\\\/\\\/iraurgiberritzen.eus\\\/es\\\/se-reanudan-los-servicios-de-empleo-y-orientacion-de-iraurgi-berritzen-programa-txertatu-merkatuan\\\/#primaryimage\"},\"thumbnailUrl\":\"https:\\\/\\\/iraurgiberritzen.eus\\\/wp-content\\\/uploads\\\/2023\\\/09\\\/1c16c516e210dd8881751624cc1315d7.jpg\",\"articleSection\":[\"Noticias\"],\"inLanguage\":\"es\"},{\"@type\":\"WebPage\",\"@id\":\"https:\\\/\\\/iraurgiberritzen.eus\\\/es\\\/se-reanudan-los-servicios-de-empleo-y-orientacion-de-iraurgi-berritzen-programa-txertatu-merkatuan\\\/\",\"url\":\"https:\\\/\\\/iraurgiberritzen.eus\\\/es\\\/se-reanudan-los-servicios-de-empleo-y-orientacion-de-iraurgi-berritzen-programa-txertatu-merkatuan\\\/\",\"name\":\"Se reanudan los servicios de Empleo y Orientaci\u00f3n de Iraurgi Berritzen. Programa Txertatu Merkatuan - Iraurgi Berritzen\",\"isPartOf\":{\"@id\":\"https:\\\/\\\/iraurgiberritzen.eus\\\/es\\\/#website\"},\"primaryImageOfPage\":{\"@id\":\"https:\\\/\\\/iraurgiberritzen.eus\\\/es\\\/se-reanudan-los-servicios-de-empleo-y-orientacion-de-iraurgi-berritzen-programa-txertatu-merkatuan\\\/#primaryimage\"},\"image\":{\"@id\":\"https:\\\/\\\/iraurgiberritzen.eus\\\/es\\\/se-reanudan-los-servicios-de-empleo-y-orientacion-de-iraurgi-berritzen-programa-txertatu-merkatuan\\\/#primaryimage\"},\"thumbnailUrl\":\"https:\\\/\\\/iraurgiberritzen.eus\\\/wp-content\\\/uploads\\\/2023\\\/09\\\/1c16c516e210dd8881751624cc1315d7.jpg\",\"datePublished\":\"2016-09-02T08:12:22+00:00\",\"breadcrumb\":{\"@id\":\"https:\\\/\\\/iraurgiberritzen.eus\\\/es\\\/se-reanudan-los-servicios-de-empleo-y-orientacion-de-iraurgi-berritzen-programa-txertatu-merkatuan\\\/#breadcrumb\"},\"inLanguage\":\"es\",\"potentialAction\":[{\"@type\":\"ReadAction\",\"target\":[\"https:\\\/\\\/iraurgiberritzen.eus\\\/es\\\/se-reanudan-los-servicios-de-empleo-y-orientacion-de-iraurgi-berritzen-programa-txertatu-merkatuan\\\/\"]}]},{\"@type\":\"ImageObject\",\"inLanguage\":\"es\",\"@id\":\"https:\\\/\\\/iraurgiberritzen.eus\\\/es\\\/se-reanudan-los-servicios-de-empleo-y-orientacion-de-iraurgi-berritzen-programa-txertatu-merkatuan\\\/#primaryimage\",\"url\":\"https:\\\/\\\/iraurgiberritzen.eus\\\/wp-content\\\/uploads\\\/2023\\\/09\\\/1c16c516e210dd8881751624cc1315d7.jpg\",\"contentUrl\":\"https:\\\/\\\/iraurgiberritzen.eus\\\/wp-content\\\/uploads\\\/2023\\\/09\\\/1c16c516e210dd8881751624cc1315d7.jpg\",\"width\":600,\"height\":386},{\"@type\":\"BreadcrumbList\",\"@id\":\"https:\\\/\\\/iraurgiberritzen.eus\\\/es\\\/se-reanudan-los-servicios-de-empleo-y-orientacion-de-iraurgi-berritzen-programa-txertatu-merkatuan\\\/#breadcrumb\",\"itemListElement\":[{\"@type\":\"ListItem\",\"position\":1,\"name\":\"Home\",\"item\":\"https:\\\/\\\/iraurgiberritzen.eus\\\/es\\\/\"},{\"@type\":\"ListItem\",\"position\":2,\"name\":\"Se reanudan los servicios de Empleo y Orientaci\u00f3n de Iraurgi Berritzen. Programa Txertatu Merkatuan\"}]},{\"@type\":\"WebSite\",\"@id\":\"https:\\\/\\\/iraurgiberritzen.eus\\\/es\\\/#website\",\"url\":\"https:\\\/\\\/iraurgiberritzen.eus\\\/es\\\/\",\"name\":\"Iraurgi Berritzen\",\"description\":\"Urola Erdiko Garapen Agentzia\",\"publisher\":{\"@id\":\"https:\\\/\\\/iraurgiberritzen.eus\\\/es\\\/#organization\"},\"potentialAction\":[{\"@type\":\"SearchAction\",\"target\":{\"@type\":\"EntryPoint\",\"urlTemplate\":\"https:\\\/\\\/iraurgiberritzen.eus\\\/es\\\/?s={search_term_string}\"},\"query-input\":{\"@type\":\"PropertyValueSpecification\",\"valueRequired\":true,\"valueName\":\"search_term_string\"}}],\"inLanguage\":\"es\"},{\"@type\":\"Organization\",\"@id\":\"https:\\\/\\\/iraurgiberritzen.eus\\\/es\\\/#organization\",\"name\":\"Iraurgi Berritzen\",\"url\":\"https:\\\/\\\/iraurgiberritzen.eus\\\/es\\\/\",\"logo\":{\"@type\":\"ImageObject\",\"inLanguage\":\"es\",\"@id\":\"https:\\\/\\\/iraurgiberritzen.eus\\\/es\\\/#\\\/schema\\\/logo\\\/image\\\/\",\"url\":\"https:\\\/\\\/iraurgiberritzen.eus\\\/wp-content\\\/uploads\\\/2024\\\/02\\\/IRAURGI-BERRITZEN-logotipoa_2.png\",\"contentUrl\":\"https:\\\/\\\/iraurgiberritzen.eus\\\/wp-content\\\/uploads\\\/2024\\\/02\\\/IRAURGI-BERRITZEN-logotipoa_2.png\",\"width\":496,\"height\":190,\"caption\":\"Iraurgi Berritzen\"},\"image\":{\"@id\":\"https:\\\/\\\/iraurgiberritzen.eus\\\/es\\\/#\\\/schema\\\/logo\\\/image\\\/\"}},{\"@type\":\"Person\",\"@id\":\"https:\\\/\\\/iraurgiberritzen.eus\\\/es\\\/#\\\/schema\\\/person\\\/5ab41aaf388a9097177601ebf45738d2\",\"name\":\"kudeatzailea\",\"sameAs\":[\"https:\\\/\\\/iraurgiberritzen.eus\"]}]}<\/script>\n<!-- \/ Yoast SEO plugin. -->","yoast_head_json":{"title":"Se reanudan los servicios de Empleo y Orientaci\u00f3n de Iraurgi Berritzen. Programa Txertatu Merkatuan - Iraurgi Berritzen","robots":{"index":"index","follow":"follow","max-snippet":"max-snippet:-1","max-image-preview":"max-image-preview:large","max-video-preview":"max-video-preview:-1"},"canonical":"https:\/\/iraurgiberritzen.eus\/es\/se-reanudan-los-servicios-de-empleo-y-orientacion-de-iraurgi-berritzen-programa-txertatu-merkatuan\/","og_locale":"es_ES","og_type":"article","og_title":"Se reanudan los servicios de Empleo y Orientaci\u00f3n de Iraurgi Berritzen. Programa Txertatu Merkatuan - Iraurgi Berritzen","og_description":"Iraurgi Berritzen, la Agencia de Desarrollo e Innovaci\u00f3n de los Ayuntamientos de Azpeitia y Azkoitia han puesto de nuevo en marcha los Servicios de Empleo y Orientaci\u00f3n, en colaboraci\u00f3n con Lanbide. Estos servicios son gratuitos y se dirigen a los desempleados de la comarca, as\u00ed como a personas en riesgo de perder su empleo o [&hellip;]","og_url":"https:\/\/iraurgiberritzen.eus\/es\/se-reanudan-los-servicios-de-empleo-y-orientacion-de-iraurgi-berritzen-programa-txertatu-merkatuan\/","og_site_name":"Iraurgi Berritzen","article_published_time":"2016-09-02T08:12:22+00:00","author":"kudeatzailea","twitter_card":"summary_large_image","twitter_misc":{"Escrito por":"kudeatzailea","Tiempo de lectura":"1 minuto"},"schema":{"@context":"https:\/\/schema.org","@graph":[{"@type":"Article","@id":"https:\/\/iraurgiberritzen.eus\/es\/se-reanudan-los-servicios-de-empleo-y-orientacion-de-iraurgi-berritzen-programa-txertatu-merkatuan\/#article","isPartOf":{"@id":"https:\/\/iraurgiberritzen.eus\/es\/se-reanudan-los-servicios-de-empleo-y-orientacion-de-iraurgi-berritzen-programa-txertatu-merkatuan\/"},"author":{"name":"kudeatzailea","@id":"https:\/\/iraurgiberritzen.eus\/es\/#\/schema\/person\/5ab41aaf388a9097177601ebf45738d2"},"headline":"Se reanudan los servicios de Empleo y Orientaci\u00f3n de Iraurgi Berritzen. Programa Txertatu Merkatuan","datePublished":"2016-09-02T08:12:22+00:00","mainEntityOfPage":{"@id":"https:\/\/iraurgiberritzen.eus\/es\/se-reanudan-los-servicios-de-empleo-y-orientacion-de-iraurgi-berritzen-programa-txertatu-merkatuan\/"},"wordCount":220,"publisher":{"@id":"https:\/\/iraurgiberritzen.eus\/es\/#organization"},"image":{"@id":"https:\/\/iraurgiberritzen.eus\/es\/se-reanudan-los-servicios-de-empleo-y-orientacion-de-iraurgi-berritzen-programa-txertatu-merkatuan\/#primaryimage"},"thumbnailUrl":"https:\/\/iraurgiberritzen.eus\/wp-content\/uploads\/2023\/09\/1c16c516e210dd8881751624cc1315d7.jpg","articleSection":["Noticias"],"inLanguage":"es"},{"@type":"WebPage","@id":"https:\/\/iraurgiberritzen.eus\/es\/se-reanudan-los-servicios-de-empleo-y-orientacion-de-iraurgi-berritzen-programa-txertatu-merkatuan\/","url":"https:\/\/iraurgiberritzen.eus\/es\/se-reanudan-los-servicios-de-empleo-y-orientacion-de-iraurgi-berritzen-programa-txertatu-merkatuan\/","name":"Se reanudan los servicios de Empleo y Orientaci\u00f3n de Iraurgi Berritzen. Programa Txertatu Merkatuan - Iraurgi Berritzen","isPartOf":{"@id":"https:\/\/iraurgiberritzen.eus\/es\/#website"},"primaryImageOfPage":{"@id":"https:\/\/iraurgiberritzen.eus\/es\/se-reanudan-los-servicios-de-empleo-y-orientacion-de-iraurgi-berritzen-programa-txertatu-merkatuan\/#primaryimage"},"image":{"@id":"https:\/\/iraurgiberritzen.eus\/es\/se-reanudan-los-servicios-de-empleo-y-orientacion-de-iraurgi-berritzen-programa-txertatu-merkatuan\/#primaryimage"},"thumbnailUrl":"https:\/\/iraurgiberritzen.eus\/wp-content\/uploads\/2023\/09\/1c16c516e210dd8881751624cc1315d7.jpg","datePublished":"2016-09-02T08:12:22+00:00","breadcrumb":{"@id":"https:\/\/iraurgiberritzen.eus\/es\/se-reanudan-los-servicios-de-empleo-y-orientacion-de-iraurgi-berritzen-programa-txertatu-merkatuan\/#breadcrumb"},"inLanguage":"es","potentialAction":[{"@type":"ReadAction","target":["https:\/\/iraurgiberritzen.eus\/es\/se-reanudan-los-servicios-de-empleo-y-orientacion-de-iraurgi-berritzen-programa-txertatu-merkatuan\/"]}]},{"@type":"ImageObject","inLanguage":"es","@id":"https:\/\/iraurgiberritzen.eus\/es\/se-reanudan-los-servicios-de-empleo-y-orientacion-de-iraurgi-berritzen-programa-txertatu-merkatuan\/#primaryimage","url":"https:\/\/iraurgiberritzen.eus\/wp-content\/uploads\/2023\/09\/1c16c516e210dd8881751624cc1315d7.jpg","contentUrl":"https:\/\/iraurgiberritzen.eus\/wp-content\/uploads\/2023\/09\/1c16c516e210dd8881751624cc1315d7.jpg","width":600,"height":386},{"@type":"BreadcrumbList","@id":"https:\/\/iraurgiberritzen.eus\/es\/se-reanudan-los-servicios-de-empleo-y-orientacion-de-iraurgi-berritzen-programa-txertatu-merkatuan\/#breadcrumb","itemListElement":[{"@type":"ListItem","position":1,"name":"Home","item":"https:\/\/iraurgiberritzen.eus\/es\/"},{"@type":"ListItem","position":2,"name":"Se reanudan los servicios de Empleo y Orientaci\u00f3n de Iraurgi Berritzen. Programa Txertatu Merkatuan"}]},{"@type":"WebSite","@id":"https:\/\/iraurgiberritzen.eus\/es\/#website","url":"https:\/\/iraurgiberritzen.eus\/es\/","name":"Iraurgi Berritzen","description":"Urola Erdiko Garapen Agentzia","publisher":{"@id":"https:\/\/iraurgiberritzen.eus\/es\/#organization"},"potentialAction":[{"@type":"SearchAction","target":{"@type":"EntryPoint","urlTemplate":"https:\/\/iraurgiberritzen.eus\/es\/?s={search_term_string}"},"query-input":{"@type":"PropertyValueSpecification","valueRequired":true,"valueName":"search_term_string"}}],"inLanguage":"es"},{"@type":"Organization","@id":"https:\/\/iraurgiberritzen.eus\/es\/#organization","name":"Iraurgi Berritzen","url":"https:\/\/iraurgiberritzen.eus\/es\/","logo":{"@type":"ImageObject","inLanguage":"es","@id":"https:\/\/iraurgiberritzen.eus\/es\/#\/schema\/logo\/image\/","url":"https:\/\/iraurgiberritzen.eus\/wp-content\/uploads\/2024\/02\/IRAURGI-BERRITZEN-logotipoa_2.png","contentUrl":"https:\/\/iraurgiberritzen.eus\/wp-content\/uploads\/2024\/02\/IRAURGI-BERRITZEN-logotipoa_2.png","width":496,"height":190,"caption":"Iraurgi Berritzen"},"image":{"@id":"https:\/\/iraurgiberritzen.eus\/es\/#\/schema\/logo\/image\/"}},{"@type":"Person","@id":"https:\/\/iraurgiberritzen.eus\/es\/#\/schema\/person\/5ab41aaf388a9097177601ebf45738d2","name":"kudeatzailea","sameAs":["https:\/\/iraurgiberritzen.eus"]}]}},"_links":{"self":[{"href":"https:\/\/iraurgiberritzen.eus\/es\/wp-json\/wp\/v2\/posts\/12076","targetHints":{"allow":["GET"]}}],"collection":[{"href":"https:\/\/iraurgiberritzen.eus\/es\/wp-json\/wp\/v2\/posts"}],"about":[{"href":"https:\/\/iraurgiberritzen.eus\/es\/wp-json\/wp\/v2\/types\/post"}],"author":[{"embeddable":true,"href":"https:\/\/iraurgiberritzen.eus\/es\/wp-json\/wp\/v2\/users\/1"}],"replies":[{"embeddable":true,"href":"https:\/\/iraurgiberritzen.eus\/es\/wp-json\/wp\/v2\/comments?post=12076"}],"version-history":[{"count":0,"href":"https:\/\/iraurgiberritzen.eus\/es\/wp-json\/wp\/v2\/posts\/12076\/revisions"}],"wp:featuredmedia":[{"embeddable":true,"href":"https:\/\/iraurgiberritzen.eus\/es\/wp-json\/wp\/v2\/media\/17961"}],"wp:attachment":[{"href":"https:\/\/iraurgiberritzen.eus\/es\/wp-json\/wp\/v2\/media?parent=12076"}],"wp:term":[{"taxonomy":"category","embeddable":true,"href":"https:\/\/iraurgiberritzen.eus\/es\/wp-json\/wp\/v2\/categories?post=12076"},{"taxonomy":"post_tag","embeddable":true,"href":"https:\/\/iraurgiberritzen.eus\/es\/wp-json\/wp\/v2\/tags?post=12076"}],"curies":[{"name":"wp","href":"https:\/\/api.w.org\/{rel}","templated":true}]}}