{"id":12079,"date":"2016-09-08T10:04:27","date_gmt":"2016-09-08T08:04:27","guid":{"rendered":"https:\/\/iraurgiberritzen.eus\/iraurgi-berritzen-ha-puesto-en-marcha-el-proyecto-lanzituz-con-el-fin-de-promover-el-emprendimiento-en-economia-social\/"},"modified":"2016-09-08T10:04:27","modified_gmt":"2016-09-08T08:04:27","slug":"iraurgi-berritzen-ha-puesto-en-marcha-el-proyecto-lanzituz-con-el-fin-de-promover-el-emprendimiento-en-economia-social","status":"publish","type":"post","link":"https:\/\/iraurgiberritzen.eus\/es\/iraurgi-berritzen-ha-puesto-en-marcha-el-proyecto-lanzituz-con-el-fin-de-promover-el-emprendimiento-en-economia-social\/","title":{"rendered":"IRAURGI BERRITZEN ha puesto en marcha el proyecto LANZITUZ, con el fin de promover el emprendimiento en econom\u00eda social"},"content":{"rendered":"<p><span style=\"font-family: Arial;\" lang=\"ES-TRAD\">El programa LANZITUZ LAN SOZIETATEAK SORTUZ busca favorecer la inserci\u00f3n laboral o la reincorporaci\u00f3n al mercado de trabajo de personas desempleadas a trav\u00e9s de la promoci\u00f3n y el apoyo al emprendimiento en Econom\u00eda Social, y en concreto por medio de empresas basadas en la participaci\u00f3n como las sociedades laborales. El proyecto ha sido cofinanciado por el Fondo Social Europeo.<\/span><\/p>\n<p style=\"text-align: justify;\">LANZITUZ es fruto de la colaboraci\u00f3n entre cinco entidades comprometidas con el empleo, como son ASLE (Asociaci\u00f3n de Sociedades Laborales de Euskadi), Iraurgi Berritzen, C\u00e1mara de Gipuzkoa, el Instituto de Estudios Cooperativos y Econom\u00eda Social de la Universidad del Pa\u00eds Vasco y CCOO de Euskadi.<\/p>\n<p style=\"text-align: justify;\">Gracias al programa, los desempleados de Urola Erdia tendr\u00e1n la ocasi\u00f3n de conocer la sociedad laboral como forma de crear sus propios puestos de trabajo y como modelo de empresa diferenciada, con valores propios de la Econom\u00eda Social, modelo de empresa de gesti\u00f3n democr\u00e1tica, transparente, en el que la persona es lo primero. Adem\u00e1s de la sensibilizaci\u00f3n sobre este modelo empresarial, se quiere capacitar a los usuarios en la gesti\u00f3n integral de una peque\u00f1a empresa. Para ello, en la comarca de Urola Erdia la Agencia de Desarrollo e Innovaci\u00f3n de Azkoitia y Azpeitia Iraurgi Berritzen va poner en marcha diferentes actividades tales como asesoramiento e informaci\u00f3n en materia de autoempleo, formaci\u00f3n en emprendimiento y en gesti\u00f3n empresarial, apoyo en la formulaci\u00f3n de una idea de negocio, y seguimiento y tutorizaci\u00f3n durante los primeros a\u00f1os de vida de la empresa.<\/p>\n<p style=\"text-align: justify;\">Para m\u00e1s informaci\u00f3n, contacta con Iraurgi Berritzen a trav\u00e9s de 943 85 11 00 (Ione Eizagirre) o mediante correo electr\u00f3nico <a href=\"mailto:ieizagirre@iraurgiberritzen.eus\">ieizagirre@iraurgiberritzen.eus<\/a><\/p>\n","protected":false},"excerpt":{"rendered":"<p>El programa LANZITUZ LAN SOZIETATEAK SORTUZ busca favorecer la inserci\u00f3n laboral o la reincorporaci\u00f3n al mercado de trabajo de personas desempleadas a trav\u00e9s de la promoci\u00f3n y el apoyo al emprendimiento en Econom\u00eda Social, y en concreto por medio de empresas basadas en la participaci\u00f3n como las sociedades laborales. El proyecto ha sido cofinanciado por [&hellip;]<\/p>\n","protected":false},"author":1,"featured_media":17962,"comment_status":"","ping_status":"closed","sticky":false,"template":"","format":"standard","meta":{"_acf_changed":false,"footnotes":""},"categories":[4],"tags":[],"class_list":["post-12079","post","type-post","status-publish","format-standard","has-post-thumbnail","hentry","category-noticias"],"acf":[],"yoast_head":"<!-- This site is optimized with the Yoast SEO plugin v27.4 - https:\/\/yoast.com\/product\/yoast-seo-wordpress\/ -->\n<title>IRAURGI BERRITZEN ha puesto en marcha el proyecto LANZITUZ, con el fin de promover el emprendimiento en econom\u00eda social - Iraurgi Berritzen<\/title>\n<meta name=\"robots\" content=\"index, follow, max-snippet:-1, max-image-preview:large, max-video-preview:-1\" \/>\n<link rel=\"canonical\" href=\"https:\/\/iraurgiberritzen.eus\/es\/iraurgi-berritzen-ha-puesto-en-marcha-el-proyecto-lanzituz-con-el-fin-de-promover-el-emprendimiento-en-economia-social\/\" \/>\n<meta property=\"og:locale\" content=\"es_ES\" \/>\n<meta property=\"og:type\" content=\"article\" \/>\n<meta property=\"og:title\" content=\"IRAURGI BERRITZEN ha puesto en marcha el proyecto LANZITUZ, con el fin de promover el emprendimiento en econom\u00eda social - Iraurgi Berritzen\" \/>\n<meta property=\"og:description\" content=\"El programa LANZITUZ LAN SOZIETATEAK SORTUZ busca favorecer la inserci\u00f3n laboral o la reincorporaci\u00f3n al mercado de trabajo de personas desempleadas a trav\u00e9s de la promoci\u00f3n y el apoyo al emprendimiento en Econom\u00eda Social, y en concreto por medio de empresas basadas en la participaci\u00f3n como las sociedades laborales. El proyecto ha sido cofinanciado por [&hellip;]\" \/>\n<meta property=\"og:url\" content=\"https:\/\/iraurgiberritzen.eus\/es\/iraurgi-berritzen-ha-puesto-en-marcha-el-proyecto-lanzituz-con-el-fin-de-promover-el-emprendimiento-en-economia-social\/\" \/>\n<meta property=\"og:site_name\" content=\"Iraurgi Berritzen\" \/>\n<meta property=\"article:published_time\" content=\"2016-09-08T08:04:27+00:00\" \/>\n<meta name=\"author\" content=\"kudeatzailea\" \/>\n<meta name=\"twitter:card\" content=\"summary_large_image\" \/>\n<meta name=\"twitter:label1\" content=\"Escrito por\" \/>\n\t<meta name=\"twitter:data1\" content=\"kudeatzailea\" \/>\n\t<meta name=\"twitter:label2\" content=\"Tiempo de lectura\" \/>\n\t<meta name=\"twitter:data2\" content=\"1 minuto\" \/>\n<script type=\"application\/ld+json\" class=\"yoast-schema-graph\">{\"@context\":\"https:\\\/\\\/schema.org\",\"@graph\":[{\"@type\":\"Article\",\"@id\":\"https:\\\/\\\/iraurgiberritzen.eus\\\/es\\\/iraurgi-berritzen-ha-puesto-en-marcha-el-proyecto-lanzituz-con-el-fin-de-promover-el-emprendimiento-en-economia-social\\\/#article\",\"isPartOf\":{\"@id\":\"https:\\\/\\\/iraurgiberritzen.eus\\\/es\\\/iraurgi-berritzen-ha-puesto-en-marcha-el-proyecto-lanzituz-con-el-fin-de-promover-el-emprendimiento-en-economia-social\\\/\"},\"author\":{\"name\":\"kudeatzailea\",\"@id\":\"https:\\\/\\\/iraurgiberritzen.eus\\\/es\\\/#\\\/schema\\\/person\\\/5ab41aaf388a9097177601ebf45738d2\"},\"headline\":\"IRAURGI BERRITZEN ha puesto en marcha el proyecto LANZITUZ, con el fin de promover el emprendimiento en econom\u00eda social\",\"datePublished\":\"2016-09-08T08:04:27+00:00\",\"mainEntityOfPage\":{\"@id\":\"https:\\\/\\\/iraurgiberritzen.eus\\\/es\\\/iraurgi-berritzen-ha-puesto-en-marcha-el-proyecto-lanzituz-con-el-fin-de-promover-el-emprendimiento-en-economia-social\\\/\"},\"wordCount\":313,\"publisher\":{\"@id\":\"https:\\\/\\\/iraurgiberritzen.eus\\\/es\\\/#organization\"},\"image\":{\"@id\":\"https:\\\/\\\/iraurgiberritzen.eus\\\/es\\\/iraurgi-berritzen-ha-puesto-en-marcha-el-proyecto-lanzituz-con-el-fin-de-promover-el-emprendimiento-en-economia-social\\\/#primaryimage\"},\"thumbnailUrl\":\"https:\\\/\\\/iraurgiberritzen.eus\\\/wp-content\\\/uploads\\\/2023\\\/09\\\/d6f811fd0c668b06401e12f22b91eabb.jpg\",\"articleSection\":[\"Noticias\"],\"inLanguage\":\"es\"},{\"@type\":\"WebPage\",\"@id\":\"https:\\\/\\\/iraurgiberritzen.eus\\\/es\\\/iraurgi-berritzen-ha-puesto-en-marcha-el-proyecto-lanzituz-con-el-fin-de-promover-el-emprendimiento-en-economia-social\\\/\",\"url\":\"https:\\\/\\\/iraurgiberritzen.eus\\\/es\\\/iraurgi-berritzen-ha-puesto-en-marcha-el-proyecto-lanzituz-con-el-fin-de-promover-el-emprendimiento-en-economia-social\\\/\",\"name\":\"IRAURGI BERRITZEN ha puesto en marcha el proyecto LANZITUZ, con el fin de promover el emprendimiento en econom\u00eda social - Iraurgi Berritzen\",\"isPartOf\":{\"@id\":\"https:\\\/\\\/iraurgiberritzen.eus\\\/es\\\/#website\"},\"primaryImageOfPage\":{\"@id\":\"https:\\\/\\\/iraurgiberritzen.eus\\\/es\\\/iraurgi-berritzen-ha-puesto-en-marcha-el-proyecto-lanzituz-con-el-fin-de-promover-el-emprendimiento-en-economia-social\\\/#primaryimage\"},\"image\":{\"@id\":\"https:\\\/\\\/iraurgiberritzen.eus\\\/es\\\/iraurgi-berritzen-ha-puesto-en-marcha-el-proyecto-lanzituz-con-el-fin-de-promover-el-emprendimiento-en-economia-social\\\/#primaryimage\"},\"thumbnailUrl\":\"https:\\\/\\\/iraurgiberritzen.eus\\\/wp-content\\\/uploads\\\/2023\\\/09\\\/d6f811fd0c668b06401e12f22b91eabb.jpg\",\"datePublished\":\"2016-09-08T08:04:27+00:00\",\"breadcrumb\":{\"@id\":\"https:\\\/\\\/iraurgiberritzen.eus\\\/es\\\/iraurgi-berritzen-ha-puesto-en-marcha-el-proyecto-lanzituz-con-el-fin-de-promover-el-emprendimiento-en-economia-social\\\/#breadcrumb\"},\"inLanguage\":\"es\",\"potentialAction\":[{\"@type\":\"ReadAction\",\"target\":[\"https:\\\/\\\/iraurgiberritzen.eus\\\/es\\\/iraurgi-berritzen-ha-puesto-en-marcha-el-proyecto-lanzituz-con-el-fin-de-promover-el-emprendimiento-en-economia-social\\\/\"]}]},{\"@type\":\"ImageObject\",\"inLanguage\":\"es\",\"@id\":\"https:\\\/\\\/iraurgiberritzen.eus\\\/es\\\/iraurgi-berritzen-ha-puesto-en-marcha-el-proyecto-lanzituz-con-el-fin-de-promover-el-emprendimiento-en-economia-social\\\/#primaryimage\",\"url\":\"https:\\\/\\\/iraurgiberritzen.eus\\\/wp-content\\\/uploads\\\/2023\\\/09\\\/d6f811fd0c668b06401e12f22b91eabb.jpg\",\"contentUrl\":\"https:\\\/\\\/iraurgiberritzen.eus\\\/wp-content\\\/uploads\\\/2023\\\/09\\\/d6f811fd0c668b06401e12f22b91eabb.jpg\",\"width\":600,\"height\":386},{\"@type\":\"BreadcrumbList\",\"@id\":\"https:\\\/\\\/iraurgiberritzen.eus\\\/es\\\/iraurgi-berritzen-ha-puesto-en-marcha-el-proyecto-lanzituz-con-el-fin-de-promover-el-emprendimiento-en-economia-social\\\/#breadcrumb\",\"itemListElement\":[{\"@type\":\"ListItem\",\"position\":1,\"name\":\"Home\",\"item\":\"https:\\\/\\\/iraurgiberritzen.eus\\\/es\\\/\"},{\"@type\":\"ListItem\",\"position\":2,\"name\":\"IRAURGI BERRITZEN ha puesto en marcha el proyecto LANZITUZ, con el fin de promover el emprendimiento en econom\u00eda social\"}]},{\"@type\":\"WebSite\",\"@id\":\"https:\\\/\\\/iraurgiberritzen.eus\\\/es\\\/#website\",\"url\":\"https:\\\/\\\/iraurgiberritzen.eus\\\/es\\\/\",\"name\":\"Iraurgi Berritzen\",\"description\":\"Urola Erdiko Garapen Agentzia\",\"publisher\":{\"@id\":\"https:\\\/\\\/iraurgiberritzen.eus\\\/es\\\/#organization\"},\"potentialAction\":[{\"@type\":\"SearchAction\",\"target\":{\"@type\":\"EntryPoint\",\"urlTemplate\":\"https:\\\/\\\/iraurgiberritzen.eus\\\/es\\\/?s={search_term_string}\"},\"query-input\":{\"@type\":\"PropertyValueSpecification\",\"valueRequired\":true,\"valueName\":\"search_term_string\"}}],\"inLanguage\":\"es\"},{\"@type\":\"Organization\",\"@id\":\"https:\\\/\\\/iraurgiberritzen.eus\\\/es\\\/#organization\",\"name\":\"Iraurgi Berritzen\",\"url\":\"https:\\\/\\\/iraurgiberritzen.eus\\\/es\\\/\",\"logo\":{\"@type\":\"ImageObject\",\"inLanguage\":\"es\",\"@id\":\"https:\\\/\\\/iraurgiberritzen.eus\\\/es\\\/#\\\/schema\\\/logo\\\/image\\\/\",\"url\":\"https:\\\/\\\/iraurgiberritzen.eus\\\/wp-content\\\/uploads\\\/2024\\\/02\\\/IRAURGI-BERRITZEN-logotipoa_2.png\",\"contentUrl\":\"https:\\\/\\\/iraurgiberritzen.eus\\\/wp-content\\\/uploads\\\/2024\\\/02\\\/IRAURGI-BERRITZEN-logotipoa_2.png\",\"width\":496,\"height\":190,\"caption\":\"Iraurgi Berritzen\"},\"image\":{\"@id\":\"https:\\\/\\\/iraurgiberritzen.eus\\\/es\\\/#\\\/schema\\\/logo\\\/image\\\/\"}},{\"@type\":\"Person\",\"@id\":\"https:\\\/\\\/iraurgiberritzen.eus\\\/es\\\/#\\\/schema\\\/person\\\/5ab41aaf388a9097177601ebf45738d2\",\"name\":\"kudeatzailea\",\"sameAs\":[\"https:\\\/\\\/iraurgiberritzen.eus\"]}]}<\/script>\n<!-- \/ Yoast SEO plugin. -->","yoast_head_json":{"title":"IRAURGI BERRITZEN ha puesto en marcha el proyecto LANZITUZ, con el fin de promover el emprendimiento en econom\u00eda social - Iraurgi Berritzen","robots":{"index":"index","follow":"follow","max-snippet":"max-snippet:-1","max-image-preview":"max-image-preview:large","max-video-preview":"max-video-preview:-1"},"canonical":"https:\/\/iraurgiberritzen.eus\/es\/iraurgi-berritzen-ha-puesto-en-marcha-el-proyecto-lanzituz-con-el-fin-de-promover-el-emprendimiento-en-economia-social\/","og_locale":"es_ES","og_type":"article","og_title":"IRAURGI BERRITZEN ha puesto en marcha el proyecto LANZITUZ, con el fin de promover el emprendimiento en econom\u00eda social - Iraurgi Berritzen","og_description":"El programa LANZITUZ LAN SOZIETATEAK SORTUZ busca favorecer la inserci\u00f3n laboral o la reincorporaci\u00f3n al mercado de trabajo de personas desempleadas a trav\u00e9s de la promoci\u00f3n y el apoyo al emprendimiento en Econom\u00eda Social, y en concreto por medio de empresas basadas en la participaci\u00f3n como las sociedades laborales. El proyecto ha sido cofinanciado por [&hellip;]","og_url":"https:\/\/iraurgiberritzen.eus\/es\/iraurgi-berritzen-ha-puesto-en-marcha-el-proyecto-lanzituz-con-el-fin-de-promover-el-emprendimiento-en-economia-social\/","og_site_name":"Iraurgi Berritzen","article_published_time":"2016-09-08T08:04:27+00:00","author":"kudeatzailea","twitter_card":"summary_large_image","twitter_misc":{"Escrito por":"kudeatzailea","Tiempo de lectura":"1 minuto"},"schema":{"@context":"https:\/\/schema.org","@graph":[{"@type":"Article","@id":"https:\/\/iraurgiberritzen.eus\/es\/iraurgi-berritzen-ha-puesto-en-marcha-el-proyecto-lanzituz-con-el-fin-de-promover-el-emprendimiento-en-economia-social\/#article","isPartOf":{"@id":"https:\/\/iraurgiberritzen.eus\/es\/iraurgi-berritzen-ha-puesto-en-marcha-el-proyecto-lanzituz-con-el-fin-de-promover-el-emprendimiento-en-economia-social\/"},"author":{"name":"kudeatzailea","@id":"https:\/\/iraurgiberritzen.eus\/es\/#\/schema\/person\/5ab41aaf388a9097177601ebf45738d2"},"headline":"IRAURGI BERRITZEN ha puesto en marcha el proyecto LANZITUZ, con el fin de promover el emprendimiento en econom\u00eda social","datePublished":"2016-09-08T08:04:27+00:00","mainEntityOfPage":{"@id":"https:\/\/iraurgiberritzen.eus\/es\/iraurgi-berritzen-ha-puesto-en-marcha-el-proyecto-lanzituz-con-el-fin-de-promover-el-emprendimiento-en-economia-social\/"},"wordCount":313,"publisher":{"@id":"https:\/\/iraurgiberritzen.eus\/es\/#organization"},"image":{"@id":"https:\/\/iraurgiberritzen.eus\/es\/iraurgi-berritzen-ha-puesto-en-marcha-el-proyecto-lanzituz-con-el-fin-de-promover-el-emprendimiento-en-economia-social\/#primaryimage"},"thumbnailUrl":"https:\/\/iraurgiberritzen.eus\/wp-content\/uploads\/2023\/09\/d6f811fd0c668b06401e12f22b91eabb.jpg","articleSection":["Noticias"],"inLanguage":"es"},{"@type":"WebPage","@id":"https:\/\/iraurgiberritzen.eus\/es\/iraurgi-berritzen-ha-puesto-en-marcha-el-proyecto-lanzituz-con-el-fin-de-promover-el-emprendimiento-en-economia-social\/","url":"https:\/\/iraurgiberritzen.eus\/es\/iraurgi-berritzen-ha-puesto-en-marcha-el-proyecto-lanzituz-con-el-fin-de-promover-el-emprendimiento-en-economia-social\/","name":"IRAURGI BERRITZEN ha puesto en marcha el proyecto LANZITUZ, con el fin de promover el emprendimiento en econom\u00eda social - Iraurgi Berritzen","isPartOf":{"@id":"https:\/\/iraurgiberritzen.eus\/es\/#website"},"primaryImageOfPage":{"@id":"https:\/\/iraurgiberritzen.eus\/es\/iraurgi-berritzen-ha-puesto-en-marcha-el-proyecto-lanzituz-con-el-fin-de-promover-el-emprendimiento-en-economia-social\/#primaryimage"},"image":{"@id":"https:\/\/iraurgiberritzen.eus\/es\/iraurgi-berritzen-ha-puesto-en-marcha-el-proyecto-lanzituz-con-el-fin-de-promover-el-emprendimiento-en-economia-social\/#primaryimage"},"thumbnailUrl":"https:\/\/iraurgiberritzen.eus\/wp-content\/uploads\/2023\/09\/d6f811fd0c668b06401e12f22b91eabb.jpg","datePublished":"2016-09-08T08:04:27+00:00","breadcrumb":{"@id":"https:\/\/iraurgiberritzen.eus\/es\/iraurgi-berritzen-ha-puesto-en-marcha-el-proyecto-lanzituz-con-el-fin-de-promover-el-emprendimiento-en-economia-social\/#breadcrumb"},"inLanguage":"es","potentialAction":[{"@type":"ReadAction","target":["https:\/\/iraurgiberritzen.eus\/es\/iraurgi-berritzen-ha-puesto-en-marcha-el-proyecto-lanzituz-con-el-fin-de-promover-el-emprendimiento-en-economia-social\/"]}]},{"@type":"ImageObject","inLanguage":"es","@id":"https:\/\/iraurgiberritzen.eus\/es\/iraurgi-berritzen-ha-puesto-en-marcha-el-proyecto-lanzituz-con-el-fin-de-promover-el-emprendimiento-en-economia-social\/#primaryimage","url":"https:\/\/iraurgiberritzen.eus\/wp-content\/uploads\/2023\/09\/d6f811fd0c668b06401e12f22b91eabb.jpg","contentUrl":"https:\/\/iraurgiberritzen.eus\/wp-content\/uploads\/2023\/09\/d6f811fd0c668b06401e12f22b91eabb.jpg","width":600,"height":386},{"@type":"BreadcrumbList","@id":"https:\/\/iraurgiberritzen.eus\/es\/iraurgi-berritzen-ha-puesto-en-marcha-el-proyecto-lanzituz-con-el-fin-de-promover-el-emprendimiento-en-economia-social\/#breadcrumb","itemListElement":[{"@type":"ListItem","position":1,"name":"Home","item":"https:\/\/iraurgiberritzen.eus\/es\/"},{"@type":"ListItem","position":2,"name":"IRAURGI BERRITZEN ha puesto en marcha el proyecto LANZITUZ, con el fin de promover el emprendimiento en econom\u00eda social"}]},{"@type":"WebSite","@id":"https:\/\/iraurgiberritzen.eus\/es\/#website","url":"https:\/\/iraurgiberritzen.eus\/es\/","name":"Iraurgi Berritzen","description":"Urola Erdiko Garapen Agentzia","publisher":{"@id":"https:\/\/iraurgiberritzen.eus\/es\/#organization"},"potentialAction":[{"@type":"SearchAction","target":{"@type":"EntryPoint","urlTemplate":"https:\/\/iraurgiberritzen.eus\/es\/?s={search_term_string}"},"query-input":{"@type":"PropertyValueSpecification","valueRequired":true,"valueName":"search_term_string"}}],"inLanguage":"es"},{"@type":"Organization","@id":"https:\/\/iraurgiberritzen.eus\/es\/#organization","name":"Iraurgi Berritzen","url":"https:\/\/iraurgiberritzen.eus\/es\/","logo":{"@type":"ImageObject","inLanguage":"es","@id":"https:\/\/iraurgiberritzen.eus\/es\/#\/schema\/logo\/image\/","url":"https:\/\/iraurgiberritzen.eus\/wp-content\/uploads\/2024\/02\/IRAURGI-BERRITZEN-logotipoa_2.png","contentUrl":"https:\/\/iraurgiberritzen.eus\/wp-content\/uploads\/2024\/02\/IRAURGI-BERRITZEN-logotipoa_2.png","width":496,"height":190,"caption":"Iraurgi Berritzen"},"image":{"@id":"https:\/\/iraurgiberritzen.eus\/es\/#\/schema\/logo\/image\/"}},{"@type":"Person","@id":"https:\/\/iraurgiberritzen.eus\/es\/#\/schema\/person\/5ab41aaf388a9097177601ebf45738d2","name":"kudeatzailea","sameAs":["https:\/\/iraurgiberritzen.eus"]}]}},"_links":{"self":[{"href":"https:\/\/iraurgiberritzen.eus\/es\/wp-json\/wp\/v2\/posts\/12079","targetHints":{"allow":["GET"]}}],"collection":[{"href":"https:\/\/iraurgiberritzen.eus\/es\/wp-json\/wp\/v2\/posts"}],"about":[{"href":"https:\/\/iraurgiberritzen.eus\/es\/wp-json\/wp\/v2\/types\/post"}],"author":[{"embeddable":true,"href":"https:\/\/iraurgiberritzen.eus\/es\/wp-json\/wp\/v2\/users\/1"}],"replies":[{"embeddable":true,"href":"https:\/\/iraurgiberritzen.eus\/es\/wp-json\/wp\/v2\/comments?post=12079"}],"version-history":[{"count":0,"href":"https:\/\/iraurgiberritzen.eus\/es\/wp-json\/wp\/v2\/posts\/12079\/revisions"}],"wp:featuredmedia":[{"embeddable":true,"href":"https:\/\/iraurgiberritzen.eus\/es\/wp-json\/wp\/v2\/media\/17962"}],"wp:attachment":[{"href":"https:\/\/iraurgiberritzen.eus\/es\/wp-json\/wp\/v2\/media?parent=12079"}],"wp:term":[{"taxonomy":"category","embeddable":true,"href":"https:\/\/iraurgiberritzen.eus\/es\/wp-json\/wp\/v2\/categories?post=12079"},{"taxonomy":"post_tag","embeddable":true,"href":"https:\/\/iraurgiberritzen.eus\/es\/wp-json\/wp\/v2\/tags?post=12079"}],"curies":[{"name":"wp","href":"https:\/\/api.w.org\/{rel}","templated":true}]}}