{"id":12082,"date":"2016-10-04T06:39:18","date_gmt":"2016-10-04T04:39:18","guid":{"rendered":"https:\/\/iraurgiberritzen.eus\/se-ha-realizado-la-presentacion-de-iraurgi-berritzen-a-los-agentes-de-turismo-y-comercio-de-zestoa\/"},"modified":"2016-10-04T06:39:18","modified_gmt":"2016-10-04T04:39:18","slug":"se-ha-realizado-la-presentacion-de-iraurgi-berritzen-a-los-agentes-de-turismo-y-comercio-de-zestoa","status":"publish","type":"post","link":"https:\/\/iraurgiberritzen.eus\/es\/se-ha-realizado-la-presentacion-de-iraurgi-berritzen-a-los-agentes-de-turismo-y-comercio-de-zestoa\/","title":{"rendered":"Se ha realizado la presentaci\u00f3n de Iraurgi Berritzen a los agentes de Turismo y Comercio de Zestoa"},"content":{"rendered":"<p style=\"text-align: justify;\">En el marco del acuerdo firmado entre Iraurgi Berritzen y el Ayuntamiento de Zestoa, el 15 de Septiembre se reunieron en el Ayuntamiento de Zestoa agentes de Turismo y Comercio de la localidad y representantes t\u00e9cnicos de Iraurgi Berritzen, donde se les realiz\u00f3 la presentaci\u00f3n de la Agencia de Desarrollo e Innovaci\u00f3n de los Ayuntamientos de Azpeitia y Azkoitia Iraurgi Berritzen, con el fin de promover la colaboraci\u00f3n entre los mismos.<\/p>\n","protected":false},"excerpt":{"rendered":"<p>En el marco del acuerdo firmado entre Iraurgi Berritzen y el Ayuntamiento de Zestoa, el 15 de Septiembre se reunieron en el Ayuntamiento de Zestoa agentes de Turismo y Comercio de la localidad y representantes t\u00e9cnicos de Iraurgi Berritzen, donde se les realiz\u00f3 la presentaci\u00f3n de la Agencia de Desarrollo e Innovaci\u00f3n de los Ayuntamientos [&hellip;]<\/p>\n","protected":false},"author":1,"featured_media":17963,"comment_status":"","ping_status":"closed","sticky":false,"template":"","format":"standard","meta":{"_acf_changed":false,"footnotes":""},"categories":[4],"tags":[],"class_list":["post-12082","post","type-post","status-publish","format-standard","has-post-thumbnail","hentry","category-noticias"],"acf":[],"yoast_head":"<!-- This site is optimized with the Yoast SEO plugin v27.4 - https:\/\/yoast.com\/product\/yoast-seo-wordpress\/ -->\n<title>Se ha realizado la presentaci\u00f3n de Iraurgi Berritzen a los agentes de Turismo y Comercio de Zestoa - Iraurgi Berritzen<\/title>\n<meta name=\"robots\" content=\"index, follow, max-snippet:-1, max-image-preview:large, max-video-preview:-1\" \/>\n<link rel=\"canonical\" href=\"https:\/\/iraurgiberritzen.eus\/es\/se-ha-realizado-la-presentacion-de-iraurgi-berritzen-a-los-agentes-de-turismo-y-comercio-de-zestoa\/\" \/>\n<meta property=\"og:locale\" content=\"es_ES\" \/>\n<meta property=\"og:type\" content=\"article\" \/>\n<meta property=\"og:title\" content=\"Se ha realizado la presentaci\u00f3n de Iraurgi Berritzen a los agentes de Turismo y Comercio de Zestoa - Iraurgi Berritzen\" \/>\n<meta property=\"og:description\" content=\"En el marco del acuerdo firmado entre Iraurgi Berritzen y el Ayuntamiento de Zestoa, el 15 de Septiembre se reunieron en el Ayuntamiento de Zestoa agentes de Turismo y Comercio de la localidad y representantes t\u00e9cnicos de Iraurgi Berritzen, donde se les realiz\u00f3 la presentaci\u00f3n de la Agencia de Desarrollo e Innovaci\u00f3n de los Ayuntamientos [&hellip;]\" \/>\n<meta property=\"og:url\" content=\"https:\/\/iraurgiberritzen.eus\/es\/se-ha-realizado-la-presentacion-de-iraurgi-berritzen-a-los-agentes-de-turismo-y-comercio-de-zestoa\/\" \/>\n<meta property=\"og:site_name\" content=\"Iraurgi Berritzen\" \/>\n<meta property=\"article:published_time\" content=\"2016-10-04T04:39:18+00:00\" \/>\n<meta name=\"author\" content=\"kudeatzailea\" \/>\n<meta name=\"twitter:card\" content=\"summary_large_image\" \/>\n<meta name=\"twitter:label1\" content=\"Escrito por\" \/>\n\t<meta name=\"twitter:data1\" content=\"kudeatzailea\" \/>\n<script type=\"application\/ld+json\" class=\"yoast-schema-graph\">{\"@context\":\"https:\\\/\\\/schema.org\",\"@graph\":[{\"@type\":\"Article\",\"@id\":\"https:\\\/\\\/iraurgiberritzen.eus\\\/es\\\/se-ha-realizado-la-presentacion-de-iraurgi-berritzen-a-los-agentes-de-turismo-y-comercio-de-zestoa\\\/#article\",\"isPartOf\":{\"@id\":\"https:\\\/\\\/iraurgiberritzen.eus\\\/es\\\/se-ha-realizado-la-presentacion-de-iraurgi-berritzen-a-los-agentes-de-turismo-y-comercio-de-zestoa\\\/\"},\"author\":{\"name\":\"kudeatzailea\",\"@id\":\"https:\\\/\\\/iraurgiberritzen.eus\\\/es\\\/#\\\/schema\\\/person\\\/5ab41aaf388a9097177601ebf45738d2\"},\"headline\":\"Se ha realizado la presentaci\u00f3n de Iraurgi Berritzen a los agentes de Turismo y Comercio de Zestoa\",\"datePublished\":\"2016-10-04T04:39:18+00:00\",\"mainEntityOfPage\":{\"@id\":\"https:\\\/\\\/iraurgiberritzen.eus\\\/es\\\/se-ha-realizado-la-presentacion-de-iraurgi-berritzen-a-los-agentes-de-turismo-y-comercio-de-zestoa\\\/\"},\"wordCount\":92,\"publisher\":{\"@id\":\"https:\\\/\\\/iraurgiberritzen.eus\\\/es\\\/#organization\"},\"image\":{\"@id\":\"https:\\\/\\\/iraurgiberritzen.eus\\\/es\\\/se-ha-realizado-la-presentacion-de-iraurgi-berritzen-a-los-agentes-de-turismo-y-comercio-de-zestoa\\\/#primaryimage\"},\"thumbnailUrl\":\"https:\\\/\\\/iraurgiberritzen.eus\\\/wp-content\\\/uploads\\\/2023\\\/09\\\/616bcb4070200eba2fbb3aacc645866b.jpg\",\"articleSection\":[\"Noticias\"],\"inLanguage\":\"es\"},{\"@type\":\"WebPage\",\"@id\":\"https:\\\/\\\/iraurgiberritzen.eus\\\/es\\\/se-ha-realizado-la-presentacion-de-iraurgi-berritzen-a-los-agentes-de-turismo-y-comercio-de-zestoa\\\/\",\"url\":\"https:\\\/\\\/iraurgiberritzen.eus\\\/es\\\/se-ha-realizado-la-presentacion-de-iraurgi-berritzen-a-los-agentes-de-turismo-y-comercio-de-zestoa\\\/\",\"name\":\"Se ha realizado la presentaci\u00f3n de Iraurgi Berritzen a los agentes de Turismo y Comercio de Zestoa - Iraurgi Berritzen\",\"isPartOf\":{\"@id\":\"https:\\\/\\\/iraurgiberritzen.eus\\\/es\\\/#website\"},\"primaryImageOfPage\":{\"@id\":\"https:\\\/\\\/iraurgiberritzen.eus\\\/es\\\/se-ha-realizado-la-presentacion-de-iraurgi-berritzen-a-los-agentes-de-turismo-y-comercio-de-zestoa\\\/#primaryimage\"},\"image\":{\"@id\":\"https:\\\/\\\/iraurgiberritzen.eus\\\/es\\\/se-ha-realizado-la-presentacion-de-iraurgi-berritzen-a-los-agentes-de-turismo-y-comercio-de-zestoa\\\/#primaryimage\"},\"thumbnailUrl\":\"https:\\\/\\\/iraurgiberritzen.eus\\\/wp-content\\\/uploads\\\/2023\\\/09\\\/616bcb4070200eba2fbb3aacc645866b.jpg\",\"datePublished\":\"2016-10-04T04:39:18+00:00\",\"breadcrumb\":{\"@id\":\"https:\\\/\\\/iraurgiberritzen.eus\\\/es\\\/se-ha-realizado-la-presentacion-de-iraurgi-berritzen-a-los-agentes-de-turismo-y-comercio-de-zestoa\\\/#breadcrumb\"},\"inLanguage\":\"es\",\"potentialAction\":[{\"@type\":\"ReadAction\",\"target\":[\"https:\\\/\\\/iraurgiberritzen.eus\\\/es\\\/se-ha-realizado-la-presentacion-de-iraurgi-berritzen-a-los-agentes-de-turismo-y-comercio-de-zestoa\\\/\"]}]},{\"@type\":\"ImageObject\",\"inLanguage\":\"es\",\"@id\":\"https:\\\/\\\/iraurgiberritzen.eus\\\/es\\\/se-ha-realizado-la-presentacion-de-iraurgi-berritzen-a-los-agentes-de-turismo-y-comercio-de-zestoa\\\/#primaryimage\",\"url\":\"https:\\\/\\\/iraurgiberritzen.eus\\\/wp-content\\\/uploads\\\/2023\\\/09\\\/616bcb4070200eba2fbb3aacc645866b.jpg\",\"contentUrl\":\"https:\\\/\\\/iraurgiberritzen.eus\\\/wp-content\\\/uploads\\\/2023\\\/09\\\/616bcb4070200eba2fbb3aacc645866b.jpg\",\"width\":600,\"height\":386},{\"@type\":\"BreadcrumbList\",\"@id\":\"https:\\\/\\\/iraurgiberritzen.eus\\\/es\\\/se-ha-realizado-la-presentacion-de-iraurgi-berritzen-a-los-agentes-de-turismo-y-comercio-de-zestoa\\\/#breadcrumb\",\"itemListElement\":[{\"@type\":\"ListItem\",\"position\":1,\"name\":\"Home\",\"item\":\"https:\\\/\\\/iraurgiberritzen.eus\\\/es\\\/\"},{\"@type\":\"ListItem\",\"position\":2,\"name\":\"Se ha realizado la presentaci\u00f3n de Iraurgi Berritzen a los agentes de Turismo y Comercio de Zestoa\"}]},{\"@type\":\"WebSite\",\"@id\":\"https:\\\/\\\/iraurgiberritzen.eus\\\/es\\\/#website\",\"url\":\"https:\\\/\\\/iraurgiberritzen.eus\\\/es\\\/\",\"name\":\"Iraurgi Berritzen\",\"description\":\"Urola Erdiko Garapen Agentzia\",\"publisher\":{\"@id\":\"https:\\\/\\\/iraurgiberritzen.eus\\\/es\\\/#organization\"},\"potentialAction\":[{\"@type\":\"SearchAction\",\"target\":{\"@type\":\"EntryPoint\",\"urlTemplate\":\"https:\\\/\\\/iraurgiberritzen.eus\\\/es\\\/?s={search_term_string}\"},\"query-input\":{\"@type\":\"PropertyValueSpecification\",\"valueRequired\":true,\"valueName\":\"search_term_string\"}}],\"inLanguage\":\"es\"},{\"@type\":\"Organization\",\"@id\":\"https:\\\/\\\/iraurgiberritzen.eus\\\/es\\\/#organization\",\"name\":\"Iraurgi Berritzen\",\"url\":\"https:\\\/\\\/iraurgiberritzen.eus\\\/es\\\/\",\"logo\":{\"@type\":\"ImageObject\",\"inLanguage\":\"es\",\"@id\":\"https:\\\/\\\/iraurgiberritzen.eus\\\/es\\\/#\\\/schema\\\/logo\\\/image\\\/\",\"url\":\"https:\\\/\\\/iraurgiberritzen.eus\\\/wp-content\\\/uploads\\\/2024\\\/02\\\/IRAURGI-BERRITZEN-logotipoa_2.png\",\"contentUrl\":\"https:\\\/\\\/iraurgiberritzen.eus\\\/wp-content\\\/uploads\\\/2024\\\/02\\\/IRAURGI-BERRITZEN-logotipoa_2.png\",\"width\":496,\"height\":190,\"caption\":\"Iraurgi Berritzen\"},\"image\":{\"@id\":\"https:\\\/\\\/iraurgiberritzen.eus\\\/es\\\/#\\\/schema\\\/logo\\\/image\\\/\"}},{\"@type\":\"Person\",\"@id\":\"https:\\\/\\\/iraurgiberritzen.eus\\\/es\\\/#\\\/schema\\\/person\\\/5ab41aaf388a9097177601ebf45738d2\",\"name\":\"kudeatzailea\",\"sameAs\":[\"https:\\\/\\\/iraurgiberritzen.eus\"]}]}<\/script>\n<!-- \/ Yoast SEO plugin. -->","yoast_head_json":{"title":"Se ha realizado la presentaci\u00f3n de Iraurgi Berritzen a los agentes de Turismo y Comercio de Zestoa - Iraurgi Berritzen","robots":{"index":"index","follow":"follow","max-snippet":"max-snippet:-1","max-image-preview":"max-image-preview:large","max-video-preview":"max-video-preview:-1"},"canonical":"https:\/\/iraurgiberritzen.eus\/es\/se-ha-realizado-la-presentacion-de-iraurgi-berritzen-a-los-agentes-de-turismo-y-comercio-de-zestoa\/","og_locale":"es_ES","og_type":"article","og_title":"Se ha realizado la presentaci\u00f3n de Iraurgi Berritzen a los agentes de Turismo y Comercio de Zestoa - Iraurgi Berritzen","og_description":"En el marco del acuerdo firmado entre Iraurgi Berritzen y el Ayuntamiento de Zestoa, el 15 de Septiembre se reunieron en el Ayuntamiento de Zestoa agentes de Turismo y Comercio de la localidad y representantes t\u00e9cnicos de Iraurgi Berritzen, donde se les realiz\u00f3 la presentaci\u00f3n de la Agencia de Desarrollo e Innovaci\u00f3n de los Ayuntamientos [&hellip;]","og_url":"https:\/\/iraurgiberritzen.eus\/es\/se-ha-realizado-la-presentacion-de-iraurgi-berritzen-a-los-agentes-de-turismo-y-comercio-de-zestoa\/","og_site_name":"Iraurgi Berritzen","article_published_time":"2016-10-04T04:39:18+00:00","author":"kudeatzailea","twitter_card":"summary_large_image","twitter_misc":{"Escrito por":"kudeatzailea"},"schema":{"@context":"https:\/\/schema.org","@graph":[{"@type":"Article","@id":"https:\/\/iraurgiberritzen.eus\/es\/se-ha-realizado-la-presentacion-de-iraurgi-berritzen-a-los-agentes-de-turismo-y-comercio-de-zestoa\/#article","isPartOf":{"@id":"https:\/\/iraurgiberritzen.eus\/es\/se-ha-realizado-la-presentacion-de-iraurgi-berritzen-a-los-agentes-de-turismo-y-comercio-de-zestoa\/"},"author":{"name":"kudeatzailea","@id":"https:\/\/iraurgiberritzen.eus\/es\/#\/schema\/person\/5ab41aaf388a9097177601ebf45738d2"},"headline":"Se ha realizado la presentaci\u00f3n de Iraurgi Berritzen a los agentes de Turismo y Comercio de Zestoa","datePublished":"2016-10-04T04:39:18+00:00","mainEntityOfPage":{"@id":"https:\/\/iraurgiberritzen.eus\/es\/se-ha-realizado-la-presentacion-de-iraurgi-berritzen-a-los-agentes-de-turismo-y-comercio-de-zestoa\/"},"wordCount":92,"publisher":{"@id":"https:\/\/iraurgiberritzen.eus\/es\/#organization"},"image":{"@id":"https:\/\/iraurgiberritzen.eus\/es\/se-ha-realizado-la-presentacion-de-iraurgi-berritzen-a-los-agentes-de-turismo-y-comercio-de-zestoa\/#primaryimage"},"thumbnailUrl":"https:\/\/iraurgiberritzen.eus\/wp-content\/uploads\/2023\/09\/616bcb4070200eba2fbb3aacc645866b.jpg","articleSection":["Noticias"],"inLanguage":"es"},{"@type":"WebPage","@id":"https:\/\/iraurgiberritzen.eus\/es\/se-ha-realizado-la-presentacion-de-iraurgi-berritzen-a-los-agentes-de-turismo-y-comercio-de-zestoa\/","url":"https:\/\/iraurgiberritzen.eus\/es\/se-ha-realizado-la-presentacion-de-iraurgi-berritzen-a-los-agentes-de-turismo-y-comercio-de-zestoa\/","name":"Se ha realizado la presentaci\u00f3n de Iraurgi Berritzen a los agentes de Turismo y Comercio de Zestoa - Iraurgi Berritzen","isPartOf":{"@id":"https:\/\/iraurgiberritzen.eus\/es\/#website"},"primaryImageOfPage":{"@id":"https:\/\/iraurgiberritzen.eus\/es\/se-ha-realizado-la-presentacion-de-iraurgi-berritzen-a-los-agentes-de-turismo-y-comercio-de-zestoa\/#primaryimage"},"image":{"@id":"https:\/\/iraurgiberritzen.eus\/es\/se-ha-realizado-la-presentacion-de-iraurgi-berritzen-a-los-agentes-de-turismo-y-comercio-de-zestoa\/#primaryimage"},"thumbnailUrl":"https:\/\/iraurgiberritzen.eus\/wp-content\/uploads\/2023\/09\/616bcb4070200eba2fbb3aacc645866b.jpg","datePublished":"2016-10-04T04:39:18+00:00","breadcrumb":{"@id":"https:\/\/iraurgiberritzen.eus\/es\/se-ha-realizado-la-presentacion-de-iraurgi-berritzen-a-los-agentes-de-turismo-y-comercio-de-zestoa\/#breadcrumb"},"inLanguage":"es","potentialAction":[{"@type":"ReadAction","target":["https:\/\/iraurgiberritzen.eus\/es\/se-ha-realizado-la-presentacion-de-iraurgi-berritzen-a-los-agentes-de-turismo-y-comercio-de-zestoa\/"]}]},{"@type":"ImageObject","inLanguage":"es","@id":"https:\/\/iraurgiberritzen.eus\/es\/se-ha-realizado-la-presentacion-de-iraurgi-berritzen-a-los-agentes-de-turismo-y-comercio-de-zestoa\/#primaryimage","url":"https:\/\/iraurgiberritzen.eus\/wp-content\/uploads\/2023\/09\/616bcb4070200eba2fbb3aacc645866b.jpg","contentUrl":"https:\/\/iraurgiberritzen.eus\/wp-content\/uploads\/2023\/09\/616bcb4070200eba2fbb3aacc645866b.jpg","width":600,"height":386},{"@type":"BreadcrumbList","@id":"https:\/\/iraurgiberritzen.eus\/es\/se-ha-realizado-la-presentacion-de-iraurgi-berritzen-a-los-agentes-de-turismo-y-comercio-de-zestoa\/#breadcrumb","itemListElement":[{"@type":"ListItem","position":1,"name":"Home","item":"https:\/\/iraurgiberritzen.eus\/es\/"},{"@type":"ListItem","position":2,"name":"Se ha realizado la presentaci\u00f3n de Iraurgi Berritzen a los agentes de Turismo y Comercio de Zestoa"}]},{"@type":"WebSite","@id":"https:\/\/iraurgiberritzen.eus\/es\/#website","url":"https:\/\/iraurgiberritzen.eus\/es\/","name":"Iraurgi Berritzen","description":"Urola Erdiko Garapen Agentzia","publisher":{"@id":"https:\/\/iraurgiberritzen.eus\/es\/#organization"},"potentialAction":[{"@type":"SearchAction","target":{"@type":"EntryPoint","urlTemplate":"https:\/\/iraurgiberritzen.eus\/es\/?s={search_term_string}"},"query-input":{"@type":"PropertyValueSpecification","valueRequired":true,"valueName":"search_term_string"}}],"inLanguage":"es"},{"@type":"Organization","@id":"https:\/\/iraurgiberritzen.eus\/es\/#organization","name":"Iraurgi Berritzen","url":"https:\/\/iraurgiberritzen.eus\/es\/","logo":{"@type":"ImageObject","inLanguage":"es","@id":"https:\/\/iraurgiberritzen.eus\/es\/#\/schema\/logo\/image\/","url":"https:\/\/iraurgiberritzen.eus\/wp-content\/uploads\/2024\/02\/IRAURGI-BERRITZEN-logotipoa_2.png","contentUrl":"https:\/\/iraurgiberritzen.eus\/wp-content\/uploads\/2024\/02\/IRAURGI-BERRITZEN-logotipoa_2.png","width":496,"height":190,"caption":"Iraurgi Berritzen"},"image":{"@id":"https:\/\/iraurgiberritzen.eus\/es\/#\/schema\/logo\/image\/"}},{"@type":"Person","@id":"https:\/\/iraurgiberritzen.eus\/es\/#\/schema\/person\/5ab41aaf388a9097177601ebf45738d2","name":"kudeatzailea","sameAs":["https:\/\/iraurgiberritzen.eus"]}]}},"_links":{"self":[{"href":"https:\/\/iraurgiberritzen.eus\/es\/wp-json\/wp\/v2\/posts\/12082","targetHints":{"allow":["GET"]}}],"collection":[{"href":"https:\/\/iraurgiberritzen.eus\/es\/wp-json\/wp\/v2\/posts"}],"about":[{"href":"https:\/\/iraurgiberritzen.eus\/es\/wp-json\/wp\/v2\/types\/post"}],"author":[{"embeddable":true,"href":"https:\/\/iraurgiberritzen.eus\/es\/wp-json\/wp\/v2\/users\/1"}],"replies":[{"embeddable":true,"href":"https:\/\/iraurgiberritzen.eus\/es\/wp-json\/wp\/v2\/comments?post=12082"}],"version-history":[{"count":0,"href":"https:\/\/iraurgiberritzen.eus\/es\/wp-json\/wp\/v2\/posts\/12082\/revisions"}],"wp:featuredmedia":[{"embeddable":true,"href":"https:\/\/iraurgiberritzen.eus\/es\/wp-json\/wp\/v2\/media\/17963"}],"wp:attachment":[{"href":"https:\/\/iraurgiberritzen.eus\/es\/wp-json\/wp\/v2\/media?parent=12082"}],"wp:term":[{"taxonomy":"category","embeddable":true,"href":"https:\/\/iraurgiberritzen.eus\/es\/wp-json\/wp\/v2\/categories?post=12082"},{"taxonomy":"post_tag","embeddable":true,"href":"https:\/\/iraurgiberritzen.eus\/es\/wp-json\/wp\/v2\/tags?post=12082"}],"curies":[{"name":"wp","href":"https:\/\/api.w.org\/{rel}","templated":true}]}}