{"id":12090,"date":"2016-10-20T12:05:04","date_gmt":"2016-10-20T10:05:04","guid":{"rendered":"https:\/\/iraurgiberritzen.eus\/sigue-en-marcha-el-plan-de-energia-de-urola-erdia\/"},"modified":"2016-10-20T12:05:04","modified_gmt":"2016-10-20T10:05:04","slug":"sigue-en-marcha-el-plan-de-energia-de-urola-erdia","status":"publish","type":"post","link":"https:\/\/iraurgiberritzen.eus\/es\/sigue-en-marcha-el-plan-de-energia-de-urola-erdia\/","title":{"rendered":"Sigue en marcha el Plan de Energ\u00eda de Urola Erdia"},"content":{"rendered":"<p style=\"text-align: justify;\">Durante este a\u00f1o el Plan de Energ\u00eda de Urola Erdia ha seguido las l\u00edneas de trabajo marcadas el a\u00f1o pasado con el objetivo \u00faltimo de cumplir con lo establecido en el plan. As\u00ed, se han dirigido acciones destinadas tanto la industria como el comercio de la comarca y se esta trabajando junto a las explotaciones agrarias para lograr mejorar su situaci\u00f3n energ\u00e9tica.<\/p>\n<p style=\"text-align: justify;\">Con el objetivo \u00faltimo de sensibilizar a la ciudadan\u00eda y dar a conocer las alternativas a la generaci\u00f3n de energ\u00eda mediante combustibles f\u00f3siles, el pr\u00f3ximo 22 de Octubre se celebrar\u00e1 en la Foru Plaza de Zestoa la Feria de las energ\u00edas renovables de la mano de la Escuela de Formaci\u00f3n Profesional de Usurbil. La iluminaci\u00f3n eficiente, instalaciones t\u00e9rmicas y fotovoltaicas as\u00ed como las calderas de biomasa son ejemplos de los que se podr\u00e1 ver el d\u00eda 22. Los municipales de Azpeitia tambi\u00e9n se acercar\u00e1n sobre las 12:00 para explicar de primera mano lo que implica utilizar un coche el\u00e9ctrico a diario. Durante toda la ma\u00f1ana habr\u00e1 una zona para los m\u00e1s peque\u00f1os y dos representantes de Goiener atender\u00e1n las cuestiones que se les planteen. Es por ello que los miembros de la Mesa de La Energ\u00eda de Urola Erdia quieren invitar a todos a que participen en la jornada de divulgaci\u00f3n.<\/p>\n<p style=\"text-align: justify;\">&nbsp;<\/p>\n<img loading=\"lazy\" decoding=\"async\" style=\"display: block; margin-left: auto; margin-right: auto;\" src=\"images\/energia_kartela_1.jpg\" alt=\"energia_kartela_1.jpg\" width=\"472\" height=\"687\" \/>\n<p style=\"text-align: justify;\">&nbsp;<\/p>\n<p style=\"text-align: justify;\">&nbsp;<\/p>\n<p style=\"text-align: justify;\">&nbsp;<\/p>\n<p style=\"text-align: justify;\">&nbsp;<\/p>\n<p style=\"text-align: justify;\">&nbsp;<\/p>\n<p style=\"text-align: justify;\">&nbsp;<\/p>\n<p>&nbsp;<\/p>\n","protected":false},"excerpt":{"rendered":"<p>Durante este a\u00f1o el Plan de Energ\u00eda de Urola Erdia ha seguido las l\u00edneas de trabajo marcadas el a\u00f1o pasado con el objetivo \u00faltimo de cumplir con lo establecido en el plan. As\u00ed, se han dirigido acciones destinadas tanto la industria como el comercio de la comarca y se esta trabajando junto a las explotaciones [&hellip;]<\/p>\n","protected":false},"author":1,"featured_media":17965,"comment_status":"","ping_status":"closed","sticky":false,"template":"","format":"standard","meta":{"_acf_changed":false,"footnotes":""},"categories":[4],"tags":[],"class_list":["post-12090","post","type-post","status-publish","format-standard","has-post-thumbnail","hentry","category-noticias"],"acf":[],"yoast_head":"<!-- This site is optimized with the Yoast SEO plugin v27.4 - https:\/\/yoast.com\/product\/yoast-seo-wordpress\/ -->\n<title>Sigue en marcha el Plan de Energ\u00eda de Urola Erdia - Iraurgi Berritzen<\/title>\n<meta name=\"robots\" content=\"index, follow, max-snippet:-1, max-image-preview:large, max-video-preview:-1\" \/>\n<link rel=\"canonical\" href=\"https:\/\/iraurgiberritzen.eus\/es\/sigue-en-marcha-el-plan-de-energia-de-urola-erdia\/\" \/>\n<meta property=\"og:locale\" content=\"es_ES\" \/>\n<meta property=\"og:type\" content=\"article\" \/>\n<meta property=\"og:title\" content=\"Sigue en marcha el Plan de Energ\u00eda de Urola Erdia - Iraurgi Berritzen\" \/>\n<meta property=\"og:description\" content=\"Durante este a\u00f1o el Plan de Energ\u00eda de Urola Erdia ha seguido las l\u00edneas de trabajo marcadas el a\u00f1o pasado con el objetivo \u00faltimo de cumplir con lo establecido en el plan. As\u00ed, se han dirigido acciones destinadas tanto la industria como el comercio de la comarca y se esta trabajando junto a las explotaciones [&hellip;]\" \/>\n<meta property=\"og:url\" content=\"https:\/\/iraurgiberritzen.eus\/es\/sigue-en-marcha-el-plan-de-energia-de-urola-erdia\/\" \/>\n<meta property=\"og:site_name\" content=\"Iraurgi Berritzen\" \/>\n<meta property=\"article:published_time\" content=\"2016-10-20T10:05:04+00:00\" \/>\n<meta name=\"author\" content=\"kudeatzailea\" \/>\n<meta name=\"twitter:card\" content=\"summary_large_image\" \/>\n<meta name=\"twitter:label1\" content=\"Escrito por\" \/>\n\t<meta name=\"twitter:data1\" content=\"kudeatzailea\" \/>\n\t<meta name=\"twitter:label2\" content=\"Tiempo de lectura\" \/>\n\t<meta name=\"twitter:data2\" content=\"1 minuto\" \/>\n<script type=\"application\/ld+json\" class=\"yoast-schema-graph\">{\"@context\":\"https:\\\/\\\/schema.org\",\"@graph\":[{\"@type\":\"Article\",\"@id\":\"https:\\\/\\\/iraurgiberritzen.eus\\\/es\\\/sigue-en-marcha-el-plan-de-energia-de-urola-erdia\\\/#article\",\"isPartOf\":{\"@id\":\"https:\\\/\\\/iraurgiberritzen.eus\\\/es\\\/sigue-en-marcha-el-plan-de-energia-de-urola-erdia\\\/\"},\"author\":{\"name\":\"kudeatzailea\",\"@id\":\"https:\\\/\\\/iraurgiberritzen.eus\\\/es\\\/#\\\/schema\\\/person\\\/5ab41aaf388a9097177601ebf45738d2\"},\"headline\":\"Sigue en marcha el Plan de Energ\u00eda de Urola Erdia\",\"datePublished\":\"2016-10-20T10:05:04+00:00\",\"mainEntityOfPage\":{\"@id\":\"https:\\\/\\\/iraurgiberritzen.eus\\\/es\\\/sigue-en-marcha-el-plan-de-energia-de-urola-erdia\\\/\"},\"wordCount\":254,\"publisher\":{\"@id\":\"https:\\\/\\\/iraurgiberritzen.eus\\\/es\\\/#organization\"},\"image\":{\"@id\":\"https:\\\/\\\/iraurgiberritzen.eus\\\/es\\\/sigue-en-marcha-el-plan-de-energia-de-urola-erdia\\\/#primaryimage\"},\"thumbnailUrl\":\"https:\\\/\\\/iraurgiberritzen.eus\\\/wp-content\\\/uploads\\\/2023\\\/09\\\/ca0cf11bf5690b02c0c2b544bd40355c.jpg\",\"articleSection\":[\"Noticias\"],\"inLanguage\":\"es\"},{\"@type\":\"WebPage\",\"@id\":\"https:\\\/\\\/iraurgiberritzen.eus\\\/es\\\/sigue-en-marcha-el-plan-de-energia-de-urola-erdia\\\/\",\"url\":\"https:\\\/\\\/iraurgiberritzen.eus\\\/es\\\/sigue-en-marcha-el-plan-de-energia-de-urola-erdia\\\/\",\"name\":\"Sigue en marcha el Plan de Energ\u00eda de Urola Erdia - Iraurgi Berritzen\",\"isPartOf\":{\"@id\":\"https:\\\/\\\/iraurgiberritzen.eus\\\/es\\\/#website\"},\"primaryImageOfPage\":{\"@id\":\"https:\\\/\\\/iraurgiberritzen.eus\\\/es\\\/sigue-en-marcha-el-plan-de-energia-de-urola-erdia\\\/#primaryimage\"},\"image\":{\"@id\":\"https:\\\/\\\/iraurgiberritzen.eus\\\/es\\\/sigue-en-marcha-el-plan-de-energia-de-urola-erdia\\\/#primaryimage\"},\"thumbnailUrl\":\"https:\\\/\\\/iraurgiberritzen.eus\\\/wp-content\\\/uploads\\\/2023\\\/09\\\/ca0cf11bf5690b02c0c2b544bd40355c.jpg\",\"datePublished\":\"2016-10-20T10:05:04+00:00\",\"breadcrumb\":{\"@id\":\"https:\\\/\\\/iraurgiberritzen.eus\\\/es\\\/sigue-en-marcha-el-plan-de-energia-de-urola-erdia\\\/#breadcrumb\"},\"inLanguage\":\"es\",\"potentialAction\":[{\"@type\":\"ReadAction\",\"target\":[\"https:\\\/\\\/iraurgiberritzen.eus\\\/es\\\/sigue-en-marcha-el-plan-de-energia-de-urola-erdia\\\/\"]}]},{\"@type\":\"ImageObject\",\"inLanguage\":\"es\",\"@id\":\"https:\\\/\\\/iraurgiberritzen.eus\\\/es\\\/sigue-en-marcha-el-plan-de-energia-de-urola-erdia\\\/#primaryimage\",\"url\":\"https:\\\/\\\/iraurgiberritzen.eus\\\/wp-content\\\/uploads\\\/2023\\\/09\\\/ca0cf11bf5690b02c0c2b544bd40355c.jpg\",\"contentUrl\":\"https:\\\/\\\/iraurgiberritzen.eus\\\/wp-content\\\/uploads\\\/2023\\\/09\\\/ca0cf11bf5690b02c0c2b544bd40355c.jpg\",\"width\":600,\"height\":386},{\"@type\":\"BreadcrumbList\",\"@id\":\"https:\\\/\\\/iraurgiberritzen.eus\\\/es\\\/sigue-en-marcha-el-plan-de-energia-de-urola-erdia\\\/#breadcrumb\",\"itemListElement\":[{\"@type\":\"ListItem\",\"position\":1,\"name\":\"Home\",\"item\":\"https:\\\/\\\/iraurgiberritzen.eus\\\/es\\\/\"},{\"@type\":\"ListItem\",\"position\":2,\"name\":\"Sigue en marcha el Plan de Energ\u00eda de Urola Erdia\"}]},{\"@type\":\"WebSite\",\"@id\":\"https:\\\/\\\/iraurgiberritzen.eus\\\/es\\\/#website\",\"url\":\"https:\\\/\\\/iraurgiberritzen.eus\\\/es\\\/\",\"name\":\"Iraurgi Berritzen\",\"description\":\"Urola Erdiko Garapen Agentzia\",\"publisher\":{\"@id\":\"https:\\\/\\\/iraurgiberritzen.eus\\\/es\\\/#organization\"},\"potentialAction\":[{\"@type\":\"SearchAction\",\"target\":{\"@type\":\"EntryPoint\",\"urlTemplate\":\"https:\\\/\\\/iraurgiberritzen.eus\\\/es\\\/?s={search_term_string}\"},\"query-input\":{\"@type\":\"PropertyValueSpecification\",\"valueRequired\":true,\"valueName\":\"search_term_string\"}}],\"inLanguage\":\"es\"},{\"@type\":\"Organization\",\"@id\":\"https:\\\/\\\/iraurgiberritzen.eus\\\/es\\\/#organization\",\"name\":\"Iraurgi Berritzen\",\"url\":\"https:\\\/\\\/iraurgiberritzen.eus\\\/es\\\/\",\"logo\":{\"@type\":\"ImageObject\",\"inLanguage\":\"es\",\"@id\":\"https:\\\/\\\/iraurgiberritzen.eus\\\/es\\\/#\\\/schema\\\/logo\\\/image\\\/\",\"url\":\"https:\\\/\\\/iraurgiberritzen.eus\\\/wp-content\\\/uploads\\\/2024\\\/02\\\/IRAURGI-BERRITZEN-logotipoa_2.png\",\"contentUrl\":\"https:\\\/\\\/iraurgiberritzen.eus\\\/wp-content\\\/uploads\\\/2024\\\/02\\\/IRAURGI-BERRITZEN-logotipoa_2.png\",\"width\":496,\"height\":190,\"caption\":\"Iraurgi Berritzen\"},\"image\":{\"@id\":\"https:\\\/\\\/iraurgiberritzen.eus\\\/es\\\/#\\\/schema\\\/logo\\\/image\\\/\"}},{\"@type\":\"Person\",\"@id\":\"https:\\\/\\\/iraurgiberritzen.eus\\\/es\\\/#\\\/schema\\\/person\\\/5ab41aaf388a9097177601ebf45738d2\",\"name\":\"kudeatzailea\",\"sameAs\":[\"https:\\\/\\\/iraurgiberritzen.eus\"]}]}<\/script>\n<!-- \/ Yoast SEO plugin. -->","yoast_head_json":{"title":"Sigue en marcha el Plan de Energ\u00eda de Urola Erdia - Iraurgi Berritzen","robots":{"index":"index","follow":"follow","max-snippet":"max-snippet:-1","max-image-preview":"max-image-preview:large","max-video-preview":"max-video-preview:-1"},"canonical":"https:\/\/iraurgiberritzen.eus\/es\/sigue-en-marcha-el-plan-de-energia-de-urola-erdia\/","og_locale":"es_ES","og_type":"article","og_title":"Sigue en marcha el Plan de Energ\u00eda de Urola Erdia - Iraurgi Berritzen","og_description":"Durante este a\u00f1o el Plan de Energ\u00eda de Urola Erdia ha seguido las l\u00edneas de trabajo marcadas el a\u00f1o pasado con el objetivo \u00faltimo de cumplir con lo establecido en el plan. As\u00ed, se han dirigido acciones destinadas tanto la industria como el comercio de la comarca y se esta trabajando junto a las explotaciones [&hellip;]","og_url":"https:\/\/iraurgiberritzen.eus\/es\/sigue-en-marcha-el-plan-de-energia-de-urola-erdia\/","og_site_name":"Iraurgi Berritzen","article_published_time":"2016-10-20T10:05:04+00:00","author":"kudeatzailea","twitter_card":"summary_large_image","twitter_misc":{"Escrito por":"kudeatzailea","Tiempo de lectura":"1 minuto"},"schema":{"@context":"https:\/\/schema.org","@graph":[{"@type":"Article","@id":"https:\/\/iraurgiberritzen.eus\/es\/sigue-en-marcha-el-plan-de-energia-de-urola-erdia\/#article","isPartOf":{"@id":"https:\/\/iraurgiberritzen.eus\/es\/sigue-en-marcha-el-plan-de-energia-de-urola-erdia\/"},"author":{"name":"kudeatzailea","@id":"https:\/\/iraurgiberritzen.eus\/es\/#\/schema\/person\/5ab41aaf388a9097177601ebf45738d2"},"headline":"Sigue en marcha el Plan de Energ\u00eda de Urola Erdia","datePublished":"2016-10-20T10:05:04+00:00","mainEntityOfPage":{"@id":"https:\/\/iraurgiberritzen.eus\/es\/sigue-en-marcha-el-plan-de-energia-de-urola-erdia\/"},"wordCount":254,"publisher":{"@id":"https:\/\/iraurgiberritzen.eus\/es\/#organization"},"image":{"@id":"https:\/\/iraurgiberritzen.eus\/es\/sigue-en-marcha-el-plan-de-energia-de-urola-erdia\/#primaryimage"},"thumbnailUrl":"https:\/\/iraurgiberritzen.eus\/wp-content\/uploads\/2023\/09\/ca0cf11bf5690b02c0c2b544bd40355c.jpg","articleSection":["Noticias"],"inLanguage":"es"},{"@type":"WebPage","@id":"https:\/\/iraurgiberritzen.eus\/es\/sigue-en-marcha-el-plan-de-energia-de-urola-erdia\/","url":"https:\/\/iraurgiberritzen.eus\/es\/sigue-en-marcha-el-plan-de-energia-de-urola-erdia\/","name":"Sigue en marcha el Plan de Energ\u00eda de Urola Erdia - Iraurgi Berritzen","isPartOf":{"@id":"https:\/\/iraurgiberritzen.eus\/es\/#website"},"primaryImageOfPage":{"@id":"https:\/\/iraurgiberritzen.eus\/es\/sigue-en-marcha-el-plan-de-energia-de-urola-erdia\/#primaryimage"},"image":{"@id":"https:\/\/iraurgiberritzen.eus\/es\/sigue-en-marcha-el-plan-de-energia-de-urola-erdia\/#primaryimage"},"thumbnailUrl":"https:\/\/iraurgiberritzen.eus\/wp-content\/uploads\/2023\/09\/ca0cf11bf5690b02c0c2b544bd40355c.jpg","datePublished":"2016-10-20T10:05:04+00:00","breadcrumb":{"@id":"https:\/\/iraurgiberritzen.eus\/es\/sigue-en-marcha-el-plan-de-energia-de-urola-erdia\/#breadcrumb"},"inLanguage":"es","potentialAction":[{"@type":"ReadAction","target":["https:\/\/iraurgiberritzen.eus\/es\/sigue-en-marcha-el-plan-de-energia-de-urola-erdia\/"]}]},{"@type":"ImageObject","inLanguage":"es","@id":"https:\/\/iraurgiberritzen.eus\/es\/sigue-en-marcha-el-plan-de-energia-de-urola-erdia\/#primaryimage","url":"https:\/\/iraurgiberritzen.eus\/wp-content\/uploads\/2023\/09\/ca0cf11bf5690b02c0c2b544bd40355c.jpg","contentUrl":"https:\/\/iraurgiberritzen.eus\/wp-content\/uploads\/2023\/09\/ca0cf11bf5690b02c0c2b544bd40355c.jpg","width":600,"height":386},{"@type":"BreadcrumbList","@id":"https:\/\/iraurgiberritzen.eus\/es\/sigue-en-marcha-el-plan-de-energia-de-urola-erdia\/#breadcrumb","itemListElement":[{"@type":"ListItem","position":1,"name":"Home","item":"https:\/\/iraurgiberritzen.eus\/es\/"},{"@type":"ListItem","position":2,"name":"Sigue en marcha el Plan de Energ\u00eda de Urola Erdia"}]},{"@type":"WebSite","@id":"https:\/\/iraurgiberritzen.eus\/es\/#website","url":"https:\/\/iraurgiberritzen.eus\/es\/","name":"Iraurgi Berritzen","description":"Urola Erdiko Garapen Agentzia","publisher":{"@id":"https:\/\/iraurgiberritzen.eus\/es\/#organization"},"potentialAction":[{"@type":"SearchAction","target":{"@type":"EntryPoint","urlTemplate":"https:\/\/iraurgiberritzen.eus\/es\/?s={search_term_string}"},"query-input":{"@type":"PropertyValueSpecification","valueRequired":true,"valueName":"search_term_string"}}],"inLanguage":"es"},{"@type":"Organization","@id":"https:\/\/iraurgiberritzen.eus\/es\/#organization","name":"Iraurgi Berritzen","url":"https:\/\/iraurgiberritzen.eus\/es\/","logo":{"@type":"ImageObject","inLanguage":"es","@id":"https:\/\/iraurgiberritzen.eus\/es\/#\/schema\/logo\/image\/","url":"https:\/\/iraurgiberritzen.eus\/wp-content\/uploads\/2024\/02\/IRAURGI-BERRITZEN-logotipoa_2.png","contentUrl":"https:\/\/iraurgiberritzen.eus\/wp-content\/uploads\/2024\/02\/IRAURGI-BERRITZEN-logotipoa_2.png","width":496,"height":190,"caption":"Iraurgi Berritzen"},"image":{"@id":"https:\/\/iraurgiberritzen.eus\/es\/#\/schema\/logo\/image\/"}},{"@type":"Person","@id":"https:\/\/iraurgiberritzen.eus\/es\/#\/schema\/person\/5ab41aaf388a9097177601ebf45738d2","name":"kudeatzailea","sameAs":["https:\/\/iraurgiberritzen.eus"]}]}},"_links":{"self":[{"href":"https:\/\/iraurgiberritzen.eus\/es\/wp-json\/wp\/v2\/posts\/12090","targetHints":{"allow":["GET"]}}],"collection":[{"href":"https:\/\/iraurgiberritzen.eus\/es\/wp-json\/wp\/v2\/posts"}],"about":[{"href":"https:\/\/iraurgiberritzen.eus\/es\/wp-json\/wp\/v2\/types\/post"}],"author":[{"embeddable":true,"href":"https:\/\/iraurgiberritzen.eus\/es\/wp-json\/wp\/v2\/users\/1"}],"replies":[{"embeddable":true,"href":"https:\/\/iraurgiberritzen.eus\/es\/wp-json\/wp\/v2\/comments?post=12090"}],"version-history":[{"count":0,"href":"https:\/\/iraurgiberritzen.eus\/es\/wp-json\/wp\/v2\/posts\/12090\/revisions"}],"wp:featuredmedia":[{"embeddable":true,"href":"https:\/\/iraurgiberritzen.eus\/es\/wp-json\/wp\/v2\/media\/17965"}],"wp:attachment":[{"href":"https:\/\/iraurgiberritzen.eus\/es\/wp-json\/wp\/v2\/media?parent=12090"}],"wp:term":[{"taxonomy":"category","embeddable":true,"href":"https:\/\/iraurgiberritzen.eus\/es\/wp-json\/wp\/v2\/categories?post=12090"},{"taxonomy":"post_tag","embeddable":true,"href":"https:\/\/iraurgiberritzen.eus\/es\/wp-json\/wp\/v2\/tags?post=12090"}],"curies":[{"name":"wp","href":"https:\/\/api.w.org\/{rel}","templated":true}]}}