{"id":12103,"date":"2016-10-24T10:06:15","date_gmt":"2016-10-24T08:06:15","guid":{"rendered":"https:\/\/iraurgiberritzen.eus\/curso-que-tengo-que-saber-a-la-hora-de-poner-en-marcha-mi-propio-negocio\/"},"modified":"2016-10-24T10:06:15","modified_gmt":"2016-10-24T08:06:15","slug":"curso-que-tengo-que-saber-a-la-hora-de-poner-en-marcha-mi-propio-negocio","status":"publish","type":"post","link":"https:\/\/iraurgiberritzen.eus\/es\/curso-que-tengo-que-saber-a-la-hora-de-poner-en-marcha-mi-propio-negocio\/","title":{"rendered":"Curso \u00ab\u00bfQu\u00e9 tengo que saber a la hora de poner en marcha mi propio negocio? \u00ab"},"content":{"rendered":"<p style=\"text-align: justify;\">Iraurgi Berritzen va a impartir el curso&nbsp;\u00ab\u00bfQu\u00e9 tengo que saber a la hora de poner en marcha mi propio negocio?\u00bb dentro del programa Lanzituz y estar\u00e1 dirigido a los desempleados.<\/p>\n<p style=\"text-align: justify;\">Este jueves 27 a las 9:00 horas se har\u00e1 una presentaci\u00f3n del curso, donde los participantes tendr\u00e1n la oportunidad de escuchar los testimonios de dos emprendedores y de obtener informaci\u00f3n m\u00e1s detallada acerca del curso.<\/p>\n<p style=\"text-align: justify;\">El curso se iniciar\u00e1 en noviembre y los participantes tendr\u00e1n la ocasi\u00f3n de conocer las pautas que hay que seguir a la hora de poner en marcha un negocio. Entre otras, c\u00f3mo se hace un an\u00e1lisis de mercado, c\u00f3mo analizar la viabilidad del proyecto, c\u00f3mo obtener financiaci\u00f3n, qu\u00e9 tr\u00e1mites hay que realizar a la hora de constituir la empresa o c\u00f3mo captar los primeros clientes.<\/p>\n<p style=\"text-align: justify;\">La formaci\u00f3n ser\u00e1 gratuita y se impartir\u00e1 en el Palacio Insausti de Azkoitia.<\/p>\n<p style=\"text-align: justify;\">Para m\u00e1s informaci\u00f3n, contacta con Iraurgi Berritzen a trav\u00e9s de 943 85 11 00 (Ione Eizagirre) o mediante correo electr\u00f3nico <a href=\"mailto:ieizagirre@iraurgiberritzen.eus\">ieizagirre@iraurgiberritzen.eus<\/a><\/p>\n<p style=\"text-align: justify;\">&nbsp;<\/p>\n","protected":false},"excerpt":{"rendered":"<p>Iraurgi Berritzen va a impartir el curso&nbsp;\u00ab\u00bfQu\u00e9 tengo que saber a la hora de poner en marcha mi propio negocio?\u00bb dentro del programa Lanzituz y estar\u00e1 dirigido a los desempleados. Este jueves 27 a las 9:00 horas se har\u00e1 una presentaci\u00f3n del curso, donde los participantes tendr\u00e1n la oportunidad de escuchar los testimonios de dos [&hellip;]<\/p>\n","protected":false},"author":1,"featured_media":17958,"comment_status":"","ping_status":"closed","sticky":false,"template":"","format":"standard","meta":{"_acf_changed":false,"footnotes":""},"categories":[4],"tags":[],"class_list":["post-12103","post","type-post","status-publish","format-standard","has-post-thumbnail","hentry","category-noticias"],"acf":[],"yoast_head":"<!-- This site is optimized with the Yoast SEO plugin v27.4 - https:\/\/yoast.com\/product\/yoast-seo-wordpress\/ -->\n<title>Curso &quot;\u00bfQu\u00e9 tengo que saber a la hora de poner en marcha mi propio negocio? &quot; - Iraurgi Berritzen<\/title>\n<meta name=\"robots\" content=\"index, follow, max-snippet:-1, max-image-preview:large, max-video-preview:-1\" \/>\n<link rel=\"canonical\" href=\"https:\/\/iraurgiberritzen.eus\/es\/curso-que-tengo-que-saber-a-la-hora-de-poner-en-marcha-mi-propio-negocio\/\" \/>\n<meta property=\"og:locale\" content=\"es_ES\" \/>\n<meta property=\"og:type\" content=\"article\" \/>\n<meta property=\"og:title\" content=\"Curso &quot;\u00bfQu\u00e9 tengo que saber a la hora de poner en marcha mi propio negocio? &quot; - Iraurgi Berritzen\" \/>\n<meta property=\"og:description\" content=\"Iraurgi Berritzen va a impartir el curso&nbsp;\u00ab\u00bfQu\u00e9 tengo que saber a la hora de poner en marcha mi propio negocio?\u00bb dentro del programa Lanzituz y estar\u00e1 dirigido a los desempleados. Este jueves 27 a las 9:00 horas se har\u00e1 una presentaci\u00f3n del curso, donde los participantes tendr\u00e1n la oportunidad de escuchar los testimonios de dos [&hellip;]\" \/>\n<meta property=\"og:url\" content=\"https:\/\/iraurgiberritzen.eus\/es\/curso-que-tengo-que-saber-a-la-hora-de-poner-en-marcha-mi-propio-negocio\/\" \/>\n<meta property=\"og:site_name\" content=\"Iraurgi Berritzen\" \/>\n<meta property=\"article:published_time\" content=\"2016-10-24T08:06:15+00:00\" \/>\n<meta name=\"author\" content=\"kudeatzailea\" \/>\n<meta name=\"twitter:card\" content=\"summary_large_image\" \/>\n<meta name=\"twitter:label1\" content=\"Escrito por\" \/>\n\t<meta name=\"twitter:data1\" content=\"kudeatzailea\" \/>\n\t<meta name=\"twitter:label2\" content=\"Tiempo de lectura\" \/>\n\t<meta name=\"twitter:data2\" content=\"1 minuto\" \/>\n<script type=\"application\/ld+json\" class=\"yoast-schema-graph\">{\"@context\":\"https:\\\/\\\/schema.org\",\"@graph\":[{\"@type\":\"Article\",\"@id\":\"https:\\\/\\\/iraurgiberritzen.eus\\\/es\\\/curso-que-tengo-que-saber-a-la-hora-de-poner-en-marcha-mi-propio-negocio\\\/#article\",\"isPartOf\":{\"@id\":\"https:\\\/\\\/iraurgiberritzen.eus\\\/es\\\/curso-que-tengo-que-saber-a-la-hora-de-poner-en-marcha-mi-propio-negocio\\\/\"},\"author\":{\"name\":\"kudeatzailea\",\"@id\":\"https:\\\/\\\/iraurgiberritzen.eus\\\/es\\\/#\\\/schema\\\/person\\\/5ab41aaf388a9097177601ebf45738d2\"},\"headline\":\"Curso \u00ab\u00bfQu\u00e9 tengo que saber a la hora de poner en marcha mi propio negocio? \u00ab\",\"datePublished\":\"2016-10-24T08:06:15+00:00\",\"mainEntityOfPage\":{\"@id\":\"https:\\\/\\\/iraurgiberritzen.eus\\\/es\\\/curso-que-tengo-que-saber-a-la-hora-de-poner-en-marcha-mi-propio-negocio\\\/\"},\"wordCount\":196,\"publisher\":{\"@id\":\"https:\\\/\\\/iraurgiberritzen.eus\\\/es\\\/#organization\"},\"image\":{\"@id\":\"https:\\\/\\\/iraurgiberritzen.eus\\\/es\\\/curso-que-tengo-que-saber-a-la-hora-de-poner-en-marcha-mi-propio-negocio\\\/#primaryimage\"},\"thumbnailUrl\":\"https:\\\/\\\/iraurgiberritzen.eus\\\/wp-content\\\/uploads\\\/2023\\\/09\\\/6d00c12bde6a8ef539621cd606ac11ea.jpg\",\"articleSection\":[\"Noticias\"],\"inLanguage\":\"es\"},{\"@type\":\"WebPage\",\"@id\":\"https:\\\/\\\/iraurgiberritzen.eus\\\/es\\\/curso-que-tengo-que-saber-a-la-hora-de-poner-en-marcha-mi-propio-negocio\\\/\",\"url\":\"https:\\\/\\\/iraurgiberritzen.eus\\\/es\\\/curso-que-tengo-que-saber-a-la-hora-de-poner-en-marcha-mi-propio-negocio\\\/\",\"name\":\"Curso \\\"\u00bfQu\u00e9 tengo que saber a la hora de poner en marcha mi propio negocio? \\\" - Iraurgi Berritzen\",\"isPartOf\":{\"@id\":\"https:\\\/\\\/iraurgiberritzen.eus\\\/es\\\/#website\"},\"primaryImageOfPage\":{\"@id\":\"https:\\\/\\\/iraurgiberritzen.eus\\\/es\\\/curso-que-tengo-que-saber-a-la-hora-de-poner-en-marcha-mi-propio-negocio\\\/#primaryimage\"},\"image\":{\"@id\":\"https:\\\/\\\/iraurgiberritzen.eus\\\/es\\\/curso-que-tengo-que-saber-a-la-hora-de-poner-en-marcha-mi-propio-negocio\\\/#primaryimage\"},\"thumbnailUrl\":\"https:\\\/\\\/iraurgiberritzen.eus\\\/wp-content\\\/uploads\\\/2023\\\/09\\\/6d00c12bde6a8ef539621cd606ac11ea.jpg\",\"datePublished\":\"2016-10-24T08:06:15+00:00\",\"breadcrumb\":{\"@id\":\"https:\\\/\\\/iraurgiberritzen.eus\\\/es\\\/curso-que-tengo-que-saber-a-la-hora-de-poner-en-marcha-mi-propio-negocio\\\/#breadcrumb\"},\"inLanguage\":\"es\",\"potentialAction\":[{\"@type\":\"ReadAction\",\"target\":[\"https:\\\/\\\/iraurgiberritzen.eus\\\/es\\\/curso-que-tengo-que-saber-a-la-hora-de-poner-en-marcha-mi-propio-negocio\\\/\"]}]},{\"@type\":\"ImageObject\",\"inLanguage\":\"es\",\"@id\":\"https:\\\/\\\/iraurgiberritzen.eus\\\/es\\\/curso-que-tengo-que-saber-a-la-hora-de-poner-en-marcha-mi-propio-negocio\\\/#primaryimage\",\"url\":\"https:\\\/\\\/iraurgiberritzen.eus\\\/wp-content\\\/uploads\\\/2023\\\/09\\\/6d00c12bde6a8ef539621cd606ac11ea.jpg\",\"contentUrl\":\"https:\\\/\\\/iraurgiberritzen.eus\\\/wp-content\\\/uploads\\\/2023\\\/09\\\/6d00c12bde6a8ef539621cd606ac11ea.jpg\",\"width\":600,\"height\":386},{\"@type\":\"BreadcrumbList\",\"@id\":\"https:\\\/\\\/iraurgiberritzen.eus\\\/es\\\/curso-que-tengo-que-saber-a-la-hora-de-poner-en-marcha-mi-propio-negocio\\\/#breadcrumb\",\"itemListElement\":[{\"@type\":\"ListItem\",\"position\":1,\"name\":\"Home\",\"item\":\"https:\\\/\\\/iraurgiberritzen.eus\\\/es\\\/\"},{\"@type\":\"ListItem\",\"position\":2,\"name\":\"Curso &#8220;\u00bfQu\u00e9 tengo que saber a la hora de poner en marcha mi propio negocio? &#8220;\"}]},{\"@type\":\"WebSite\",\"@id\":\"https:\\\/\\\/iraurgiberritzen.eus\\\/es\\\/#website\",\"url\":\"https:\\\/\\\/iraurgiberritzen.eus\\\/es\\\/\",\"name\":\"Iraurgi Berritzen\",\"description\":\"Urola Erdiko Garapen Agentzia\",\"publisher\":{\"@id\":\"https:\\\/\\\/iraurgiberritzen.eus\\\/es\\\/#organization\"},\"potentialAction\":[{\"@type\":\"SearchAction\",\"target\":{\"@type\":\"EntryPoint\",\"urlTemplate\":\"https:\\\/\\\/iraurgiberritzen.eus\\\/es\\\/?s={search_term_string}\"},\"query-input\":{\"@type\":\"PropertyValueSpecification\",\"valueRequired\":true,\"valueName\":\"search_term_string\"}}],\"inLanguage\":\"es\"},{\"@type\":\"Organization\",\"@id\":\"https:\\\/\\\/iraurgiberritzen.eus\\\/es\\\/#organization\",\"name\":\"Iraurgi Berritzen\",\"url\":\"https:\\\/\\\/iraurgiberritzen.eus\\\/es\\\/\",\"logo\":{\"@type\":\"ImageObject\",\"inLanguage\":\"es\",\"@id\":\"https:\\\/\\\/iraurgiberritzen.eus\\\/es\\\/#\\\/schema\\\/logo\\\/image\\\/\",\"url\":\"https:\\\/\\\/iraurgiberritzen.eus\\\/wp-content\\\/uploads\\\/2024\\\/02\\\/IRAURGI-BERRITZEN-logotipoa_2.png\",\"contentUrl\":\"https:\\\/\\\/iraurgiberritzen.eus\\\/wp-content\\\/uploads\\\/2024\\\/02\\\/IRAURGI-BERRITZEN-logotipoa_2.png\",\"width\":496,\"height\":190,\"caption\":\"Iraurgi Berritzen\"},\"image\":{\"@id\":\"https:\\\/\\\/iraurgiberritzen.eus\\\/es\\\/#\\\/schema\\\/logo\\\/image\\\/\"}},{\"@type\":\"Person\",\"@id\":\"https:\\\/\\\/iraurgiberritzen.eus\\\/es\\\/#\\\/schema\\\/person\\\/5ab41aaf388a9097177601ebf45738d2\",\"name\":\"kudeatzailea\",\"sameAs\":[\"https:\\\/\\\/iraurgiberritzen.eus\"]}]}<\/script>\n<!-- \/ Yoast SEO plugin. -->","yoast_head_json":{"title":"Curso \"\u00bfQu\u00e9 tengo que saber a la hora de poner en marcha mi propio negocio? \" - Iraurgi Berritzen","robots":{"index":"index","follow":"follow","max-snippet":"max-snippet:-1","max-image-preview":"max-image-preview:large","max-video-preview":"max-video-preview:-1"},"canonical":"https:\/\/iraurgiberritzen.eus\/es\/curso-que-tengo-que-saber-a-la-hora-de-poner-en-marcha-mi-propio-negocio\/","og_locale":"es_ES","og_type":"article","og_title":"Curso \"\u00bfQu\u00e9 tengo que saber a la hora de poner en marcha mi propio negocio? \" - Iraurgi Berritzen","og_description":"Iraurgi Berritzen va a impartir el curso&nbsp;\u00ab\u00bfQu\u00e9 tengo que saber a la hora de poner en marcha mi propio negocio?\u00bb dentro del programa Lanzituz y estar\u00e1 dirigido a los desempleados. Este jueves 27 a las 9:00 horas se har\u00e1 una presentaci\u00f3n del curso, donde los participantes tendr\u00e1n la oportunidad de escuchar los testimonios de dos [&hellip;]","og_url":"https:\/\/iraurgiberritzen.eus\/es\/curso-que-tengo-que-saber-a-la-hora-de-poner-en-marcha-mi-propio-negocio\/","og_site_name":"Iraurgi Berritzen","article_published_time":"2016-10-24T08:06:15+00:00","author":"kudeatzailea","twitter_card":"summary_large_image","twitter_misc":{"Escrito por":"kudeatzailea","Tiempo de lectura":"1 minuto"},"schema":{"@context":"https:\/\/schema.org","@graph":[{"@type":"Article","@id":"https:\/\/iraurgiberritzen.eus\/es\/curso-que-tengo-que-saber-a-la-hora-de-poner-en-marcha-mi-propio-negocio\/#article","isPartOf":{"@id":"https:\/\/iraurgiberritzen.eus\/es\/curso-que-tengo-que-saber-a-la-hora-de-poner-en-marcha-mi-propio-negocio\/"},"author":{"name":"kudeatzailea","@id":"https:\/\/iraurgiberritzen.eus\/es\/#\/schema\/person\/5ab41aaf388a9097177601ebf45738d2"},"headline":"Curso \u00ab\u00bfQu\u00e9 tengo que saber a la hora de poner en marcha mi propio negocio? \u00ab","datePublished":"2016-10-24T08:06:15+00:00","mainEntityOfPage":{"@id":"https:\/\/iraurgiberritzen.eus\/es\/curso-que-tengo-que-saber-a-la-hora-de-poner-en-marcha-mi-propio-negocio\/"},"wordCount":196,"publisher":{"@id":"https:\/\/iraurgiberritzen.eus\/es\/#organization"},"image":{"@id":"https:\/\/iraurgiberritzen.eus\/es\/curso-que-tengo-que-saber-a-la-hora-de-poner-en-marcha-mi-propio-negocio\/#primaryimage"},"thumbnailUrl":"https:\/\/iraurgiberritzen.eus\/wp-content\/uploads\/2023\/09\/6d00c12bde6a8ef539621cd606ac11ea.jpg","articleSection":["Noticias"],"inLanguage":"es"},{"@type":"WebPage","@id":"https:\/\/iraurgiberritzen.eus\/es\/curso-que-tengo-que-saber-a-la-hora-de-poner-en-marcha-mi-propio-negocio\/","url":"https:\/\/iraurgiberritzen.eus\/es\/curso-que-tengo-que-saber-a-la-hora-de-poner-en-marcha-mi-propio-negocio\/","name":"Curso \"\u00bfQu\u00e9 tengo que saber a la hora de poner en marcha mi propio negocio? \" - Iraurgi Berritzen","isPartOf":{"@id":"https:\/\/iraurgiberritzen.eus\/es\/#website"},"primaryImageOfPage":{"@id":"https:\/\/iraurgiberritzen.eus\/es\/curso-que-tengo-que-saber-a-la-hora-de-poner-en-marcha-mi-propio-negocio\/#primaryimage"},"image":{"@id":"https:\/\/iraurgiberritzen.eus\/es\/curso-que-tengo-que-saber-a-la-hora-de-poner-en-marcha-mi-propio-negocio\/#primaryimage"},"thumbnailUrl":"https:\/\/iraurgiberritzen.eus\/wp-content\/uploads\/2023\/09\/6d00c12bde6a8ef539621cd606ac11ea.jpg","datePublished":"2016-10-24T08:06:15+00:00","breadcrumb":{"@id":"https:\/\/iraurgiberritzen.eus\/es\/curso-que-tengo-que-saber-a-la-hora-de-poner-en-marcha-mi-propio-negocio\/#breadcrumb"},"inLanguage":"es","potentialAction":[{"@type":"ReadAction","target":["https:\/\/iraurgiberritzen.eus\/es\/curso-que-tengo-que-saber-a-la-hora-de-poner-en-marcha-mi-propio-negocio\/"]}]},{"@type":"ImageObject","inLanguage":"es","@id":"https:\/\/iraurgiberritzen.eus\/es\/curso-que-tengo-que-saber-a-la-hora-de-poner-en-marcha-mi-propio-negocio\/#primaryimage","url":"https:\/\/iraurgiberritzen.eus\/wp-content\/uploads\/2023\/09\/6d00c12bde6a8ef539621cd606ac11ea.jpg","contentUrl":"https:\/\/iraurgiberritzen.eus\/wp-content\/uploads\/2023\/09\/6d00c12bde6a8ef539621cd606ac11ea.jpg","width":600,"height":386},{"@type":"BreadcrumbList","@id":"https:\/\/iraurgiberritzen.eus\/es\/curso-que-tengo-que-saber-a-la-hora-de-poner-en-marcha-mi-propio-negocio\/#breadcrumb","itemListElement":[{"@type":"ListItem","position":1,"name":"Home","item":"https:\/\/iraurgiberritzen.eus\/es\/"},{"@type":"ListItem","position":2,"name":"Curso &#8220;\u00bfQu\u00e9 tengo que saber a la hora de poner en marcha mi propio negocio? &#8220;"}]},{"@type":"WebSite","@id":"https:\/\/iraurgiberritzen.eus\/es\/#website","url":"https:\/\/iraurgiberritzen.eus\/es\/","name":"Iraurgi Berritzen","description":"Urola Erdiko Garapen Agentzia","publisher":{"@id":"https:\/\/iraurgiberritzen.eus\/es\/#organization"},"potentialAction":[{"@type":"SearchAction","target":{"@type":"EntryPoint","urlTemplate":"https:\/\/iraurgiberritzen.eus\/es\/?s={search_term_string}"},"query-input":{"@type":"PropertyValueSpecification","valueRequired":true,"valueName":"search_term_string"}}],"inLanguage":"es"},{"@type":"Organization","@id":"https:\/\/iraurgiberritzen.eus\/es\/#organization","name":"Iraurgi Berritzen","url":"https:\/\/iraurgiberritzen.eus\/es\/","logo":{"@type":"ImageObject","inLanguage":"es","@id":"https:\/\/iraurgiberritzen.eus\/es\/#\/schema\/logo\/image\/","url":"https:\/\/iraurgiberritzen.eus\/wp-content\/uploads\/2024\/02\/IRAURGI-BERRITZEN-logotipoa_2.png","contentUrl":"https:\/\/iraurgiberritzen.eus\/wp-content\/uploads\/2024\/02\/IRAURGI-BERRITZEN-logotipoa_2.png","width":496,"height":190,"caption":"Iraurgi Berritzen"},"image":{"@id":"https:\/\/iraurgiberritzen.eus\/es\/#\/schema\/logo\/image\/"}},{"@type":"Person","@id":"https:\/\/iraurgiberritzen.eus\/es\/#\/schema\/person\/5ab41aaf388a9097177601ebf45738d2","name":"kudeatzailea","sameAs":["https:\/\/iraurgiberritzen.eus"]}]}},"_links":{"self":[{"href":"https:\/\/iraurgiberritzen.eus\/es\/wp-json\/wp\/v2\/posts\/12103","targetHints":{"allow":["GET"]}}],"collection":[{"href":"https:\/\/iraurgiberritzen.eus\/es\/wp-json\/wp\/v2\/posts"}],"about":[{"href":"https:\/\/iraurgiberritzen.eus\/es\/wp-json\/wp\/v2\/types\/post"}],"author":[{"embeddable":true,"href":"https:\/\/iraurgiberritzen.eus\/es\/wp-json\/wp\/v2\/users\/1"}],"replies":[{"embeddable":true,"href":"https:\/\/iraurgiberritzen.eus\/es\/wp-json\/wp\/v2\/comments?post=12103"}],"version-history":[{"count":0,"href":"https:\/\/iraurgiberritzen.eus\/es\/wp-json\/wp\/v2\/posts\/12103\/revisions"}],"wp:featuredmedia":[{"embeddable":true,"href":"https:\/\/iraurgiberritzen.eus\/es\/wp-json\/wp\/v2\/media\/17958"}],"wp:attachment":[{"href":"https:\/\/iraurgiberritzen.eus\/es\/wp-json\/wp\/v2\/media?parent=12103"}],"wp:term":[{"taxonomy":"category","embeddable":true,"href":"https:\/\/iraurgiberritzen.eus\/es\/wp-json\/wp\/v2\/categories?post=12103"},{"taxonomy":"post_tag","embeddable":true,"href":"https:\/\/iraurgiberritzen.eus\/es\/wp-json\/wp\/v2\/tags?post=12103"}],"curies":[{"name":"wp","href":"https:\/\/api.w.org\/{rel}","templated":true}]}}