{"id":12118,"date":"2016-11-17T10:43:44","date_gmt":"2016-11-17T08:43:44","guid":{"rendered":"https:\/\/iraurgiberritzen.eus\/se-lanza-un-nuevo-proyecto-para-sensibilizar-sobre-los-riesgos-y-las-oportunidades-de-internet-y-las-redes-sociales\/"},"modified":"2016-11-17T10:43:44","modified_gmt":"2016-11-17T08:43:44","slug":"se-lanza-un-nuevo-proyecto-para-sensibilizar-sobre-los-riesgos-y-las-oportunidades-de-internet-y-las-redes-sociales","status":"publish","type":"post","link":"https:\/\/iraurgiberritzen.eus\/es\/se-lanza-un-nuevo-proyecto-para-sensibilizar-sobre-los-riesgos-y-las-oportunidades-de-internet-y-las-redes-sociales\/","title":{"rendered":"Se lanza un nuevo proyecto para sensibilizar sobre los riesgos y las oportunidades de internet y las redes sociales"},"content":{"rendered":"<p style=\"text-align: justify;\">El uso de Internet y c\u00f3mo se gestionan las Redes Sociales son tem\u00e1ticas que est\u00e1n en auge y es por ello que con el objetivo de sensibilizar sobre las oportunidades y riesgos que ofrecen estas herramientas, diversos agentes de la comarca han organizado distintas actividades<\/p>\n<p style=\"text-align: justify;\">El proyecto trata de dar respuesta a la necesidad identificada en IB Sarea y es el resultado de varios meses de trabajo en cooperaci\u00f3n .La iniciativa, se compone de tres l\u00edneas de acci\u00f3n.<\/p>\n<p style=\"text-align: justify;\">En primer lugar, se han realizado tres sesiones pr\u00e1cticas de dos horas de duraci\u00f3n dirigidas a los alumnos y alumnas de 4\u00ba de Primaria en los colegios de Azkoitia y Azpeitia. El objetivo principal de dichas sesiones ha sido concienciar a los j\u00f3venes de las oportunidades y los riesgos que ofrecen Internet y las Redes Sociales. En total, han sido m\u00e1s de 300 alumnos y alumnas de la comarca los que han participado en estas jornadas de sensibilizaci\u00f3n.<\/p>\n<p style=\"text-align: justify;\">En segundo lugar, se han desarrollado talleres de formaci\u00f3n para el profesorado de los colegios y para las y los educadores de tiempo libre. Mediante esta acci\u00f3n, se les ha preparado para afrontar las distintas situaciones que puedan surgir en torno al uso de Internet y las Redes Sociales.<\/p>\n<p style=\"text-align: justify;\">Finalmente, se han organizado varias jornadas dirigidas a la ciudadan\u00eda, en especial a las familias, con la intenci\u00f3n de aclarar las dudas que puedan tener sobre el uso de Internet y las Redes Sociales y que pretenden ofrecer informaci\u00f3n pr\u00e1ctica sobre c\u00f3mo afrontar las distintas situaciones que pueden surgir en este sentido.<\/p>\n<p style=\"text-align: justify;\">Azkoitia:<\/p>\n<ul style=\"list-style-type: disc;\">\n<li style=\"text-align: justify;\">\u00abInternet: aukerak eta arriskuak\u00bb. 17 de Noviembre, Jueves, Zubiaurre Elkargunea, a partir de las 18.30.<\/li>\n<li style=\"text-align: justify;\">\u00abSare Sozialak: erabilera egokia\u00bb. 24 de Noviembre, Jueves, Zubiaurre Elkargunea, a partir de las 18.30.<\/li>\n<\/ul>\n<p style=\"text-align: justify;\">Azpeitia:<\/p>\n<ul style=\"list-style-type: disc;\">\n<li style=\"text-align: justify;\">\u00abInternet: aukerak eta arriskuak\u00bb. 22 de Noviembre, Jueves, Sanagustin kulturgunea, a partir de las 19.00.<\/li>\n<li style=\"text-align: justify;\">\u00abSare Sozialak: erabilera egokia\u00bb. 29 de Noviembre, Jueves, Sanagustin kulturgunea, a partir de las 19.00.<\/li>\n<\/ul>\n<p style=\"text-align: justify;\">Haciendo click en los siguientes enlace, puedes descargar el d\u00edptico del proyecto:<\/p>\n<ul style=\"list-style-type: disc;\">\n<li style=\"text-align: justify;\"><a href=\"images\/iraurgiberritzen\/Internet_Sare_Sozialak_.png\" target=\"_blank\" rel=\"noopener\">Internet y Redes Socialaes_1<\/a><\/li>\n<li style=\"text-align: justify;\"><a href=\"images\/iraurgiberritzen\/Internet_Sare_Sozialak_.png\">Internet y Redes Sociales_2<\/a><\/li>\n<\/ul>\n","protected":false},"excerpt":{"rendered":"<p>El uso de Internet y c\u00f3mo se gestionan las Redes Sociales son tem\u00e1ticas que est\u00e1n en auge y es por ello que con el objetivo de sensibilizar sobre las oportunidades y riesgos que ofrecen estas herramientas, diversos agentes de la comarca han organizado distintas actividades El proyecto trata de dar respuesta a la necesidad identificada [&hellip;]<\/p>\n","protected":false},"author":1,"featured_media":17959,"comment_status":"","ping_status":"closed","sticky":false,"template":"","format":"standard","meta":{"_acf_changed":false,"footnotes":""},"categories":[4],"tags":[],"class_list":["post-12118","post","type-post","status-publish","format-standard","has-post-thumbnail","hentry","category-noticias"],"acf":[],"yoast_head":"<!-- This site is optimized with the Yoast SEO plugin v27.4 - https:\/\/yoast.com\/product\/yoast-seo-wordpress\/ -->\n<title>Se lanza un nuevo proyecto para sensibilizar sobre los riesgos y las oportunidades de internet y las redes sociales - Iraurgi Berritzen<\/title>\n<meta name=\"robots\" content=\"index, follow, max-snippet:-1, max-image-preview:large, max-video-preview:-1\" \/>\n<link rel=\"canonical\" href=\"https:\/\/iraurgiberritzen.eus\/es\/se-lanza-un-nuevo-proyecto-para-sensibilizar-sobre-los-riesgos-y-las-oportunidades-de-internet-y-las-redes-sociales\/\" \/>\n<meta property=\"og:locale\" content=\"es_ES\" \/>\n<meta property=\"og:type\" content=\"article\" \/>\n<meta property=\"og:title\" content=\"Se lanza un nuevo proyecto para sensibilizar sobre los riesgos y las oportunidades de internet y las redes sociales - Iraurgi Berritzen\" \/>\n<meta property=\"og:description\" content=\"El uso de Internet y c\u00f3mo se gestionan las Redes Sociales son tem\u00e1ticas que est\u00e1n en auge y es por ello que con el objetivo de sensibilizar sobre las oportunidades y riesgos que ofrecen estas herramientas, diversos agentes de la comarca han organizado distintas actividades El proyecto trata de dar respuesta a la necesidad identificada [&hellip;]\" \/>\n<meta property=\"og:url\" content=\"https:\/\/iraurgiberritzen.eus\/es\/se-lanza-un-nuevo-proyecto-para-sensibilizar-sobre-los-riesgos-y-las-oportunidades-de-internet-y-las-redes-sociales\/\" \/>\n<meta property=\"og:site_name\" content=\"Iraurgi Berritzen\" \/>\n<meta property=\"article:published_time\" content=\"2016-11-17T08:43:44+00:00\" \/>\n<meta name=\"author\" content=\"kudeatzailea\" \/>\n<meta name=\"twitter:card\" content=\"summary_large_image\" \/>\n<meta name=\"twitter:label1\" content=\"Escrito por\" \/>\n\t<meta name=\"twitter:data1\" content=\"kudeatzailea\" \/>\n\t<meta name=\"twitter:label2\" content=\"Tiempo de lectura\" \/>\n\t<meta name=\"twitter:data2\" content=\"2 minutos\" \/>\n<script type=\"application\/ld+json\" class=\"yoast-schema-graph\">{\"@context\":\"https:\\\/\\\/schema.org\",\"@graph\":[{\"@type\":\"Article\",\"@id\":\"https:\\\/\\\/iraurgiberritzen.eus\\\/es\\\/se-lanza-un-nuevo-proyecto-para-sensibilizar-sobre-los-riesgos-y-las-oportunidades-de-internet-y-las-redes-sociales\\\/#article\",\"isPartOf\":{\"@id\":\"https:\\\/\\\/iraurgiberritzen.eus\\\/es\\\/se-lanza-un-nuevo-proyecto-para-sensibilizar-sobre-los-riesgos-y-las-oportunidades-de-internet-y-las-redes-sociales\\\/\"},\"author\":{\"name\":\"kudeatzailea\",\"@id\":\"https:\\\/\\\/iraurgiberritzen.eus\\\/es\\\/#\\\/schema\\\/person\\\/5ab41aaf388a9097177601ebf45738d2\"},\"headline\":\"Se lanza un nuevo proyecto para sensibilizar sobre los riesgos y las oportunidades de internet y las redes sociales\",\"datePublished\":\"2016-11-17T08:43:44+00:00\",\"mainEntityOfPage\":{\"@id\":\"https:\\\/\\\/iraurgiberritzen.eus\\\/es\\\/se-lanza-un-nuevo-proyecto-para-sensibilizar-sobre-los-riesgos-y-las-oportunidades-de-internet-y-las-redes-sociales\\\/\"},\"wordCount\":367,\"publisher\":{\"@id\":\"https:\\\/\\\/iraurgiberritzen.eus\\\/es\\\/#organization\"},\"image\":{\"@id\":\"https:\\\/\\\/iraurgiberritzen.eus\\\/es\\\/se-lanza-un-nuevo-proyecto-para-sensibilizar-sobre-los-riesgos-y-las-oportunidades-de-internet-y-las-redes-sociales\\\/#primaryimage\"},\"thumbnailUrl\":\"https:\\\/\\\/iraurgiberritzen.eus\\\/wp-content\\\/uploads\\\/2023\\\/09\\\/2cf20e200ca2c770a044a65b100b0636.jpg\",\"articleSection\":[\"Noticias\"],\"inLanguage\":\"es\"},{\"@type\":\"WebPage\",\"@id\":\"https:\\\/\\\/iraurgiberritzen.eus\\\/es\\\/se-lanza-un-nuevo-proyecto-para-sensibilizar-sobre-los-riesgos-y-las-oportunidades-de-internet-y-las-redes-sociales\\\/\",\"url\":\"https:\\\/\\\/iraurgiberritzen.eus\\\/es\\\/se-lanza-un-nuevo-proyecto-para-sensibilizar-sobre-los-riesgos-y-las-oportunidades-de-internet-y-las-redes-sociales\\\/\",\"name\":\"Se lanza un nuevo proyecto para sensibilizar sobre los riesgos y las oportunidades de internet y las redes sociales - Iraurgi Berritzen\",\"isPartOf\":{\"@id\":\"https:\\\/\\\/iraurgiberritzen.eus\\\/es\\\/#website\"},\"primaryImageOfPage\":{\"@id\":\"https:\\\/\\\/iraurgiberritzen.eus\\\/es\\\/se-lanza-un-nuevo-proyecto-para-sensibilizar-sobre-los-riesgos-y-las-oportunidades-de-internet-y-las-redes-sociales\\\/#primaryimage\"},\"image\":{\"@id\":\"https:\\\/\\\/iraurgiberritzen.eus\\\/es\\\/se-lanza-un-nuevo-proyecto-para-sensibilizar-sobre-los-riesgos-y-las-oportunidades-de-internet-y-las-redes-sociales\\\/#primaryimage\"},\"thumbnailUrl\":\"https:\\\/\\\/iraurgiberritzen.eus\\\/wp-content\\\/uploads\\\/2023\\\/09\\\/2cf20e200ca2c770a044a65b100b0636.jpg\",\"datePublished\":\"2016-11-17T08:43:44+00:00\",\"breadcrumb\":{\"@id\":\"https:\\\/\\\/iraurgiberritzen.eus\\\/es\\\/se-lanza-un-nuevo-proyecto-para-sensibilizar-sobre-los-riesgos-y-las-oportunidades-de-internet-y-las-redes-sociales\\\/#breadcrumb\"},\"inLanguage\":\"es\",\"potentialAction\":[{\"@type\":\"ReadAction\",\"target\":[\"https:\\\/\\\/iraurgiberritzen.eus\\\/es\\\/se-lanza-un-nuevo-proyecto-para-sensibilizar-sobre-los-riesgos-y-las-oportunidades-de-internet-y-las-redes-sociales\\\/\"]}]},{\"@type\":\"ImageObject\",\"inLanguage\":\"es\",\"@id\":\"https:\\\/\\\/iraurgiberritzen.eus\\\/es\\\/se-lanza-un-nuevo-proyecto-para-sensibilizar-sobre-los-riesgos-y-las-oportunidades-de-internet-y-las-redes-sociales\\\/#primaryimage\",\"url\":\"https:\\\/\\\/iraurgiberritzen.eus\\\/wp-content\\\/uploads\\\/2023\\\/09\\\/2cf20e200ca2c770a044a65b100b0636.jpg\",\"contentUrl\":\"https:\\\/\\\/iraurgiberritzen.eus\\\/wp-content\\\/uploads\\\/2023\\\/09\\\/2cf20e200ca2c770a044a65b100b0636.jpg\",\"width\":600,\"height\":386},{\"@type\":\"BreadcrumbList\",\"@id\":\"https:\\\/\\\/iraurgiberritzen.eus\\\/es\\\/se-lanza-un-nuevo-proyecto-para-sensibilizar-sobre-los-riesgos-y-las-oportunidades-de-internet-y-las-redes-sociales\\\/#breadcrumb\",\"itemListElement\":[{\"@type\":\"ListItem\",\"position\":1,\"name\":\"Home\",\"item\":\"https:\\\/\\\/iraurgiberritzen.eus\\\/es\\\/\"},{\"@type\":\"ListItem\",\"position\":2,\"name\":\"Se lanza un nuevo proyecto para sensibilizar sobre los riesgos y las oportunidades de internet y las redes sociales\"}]},{\"@type\":\"WebSite\",\"@id\":\"https:\\\/\\\/iraurgiberritzen.eus\\\/es\\\/#website\",\"url\":\"https:\\\/\\\/iraurgiberritzen.eus\\\/es\\\/\",\"name\":\"Iraurgi Berritzen\",\"description\":\"Urola Erdiko Garapen Agentzia\",\"publisher\":{\"@id\":\"https:\\\/\\\/iraurgiberritzen.eus\\\/es\\\/#organization\"},\"potentialAction\":[{\"@type\":\"SearchAction\",\"target\":{\"@type\":\"EntryPoint\",\"urlTemplate\":\"https:\\\/\\\/iraurgiberritzen.eus\\\/es\\\/?s={search_term_string}\"},\"query-input\":{\"@type\":\"PropertyValueSpecification\",\"valueRequired\":true,\"valueName\":\"search_term_string\"}}],\"inLanguage\":\"es\"},{\"@type\":\"Organization\",\"@id\":\"https:\\\/\\\/iraurgiberritzen.eus\\\/es\\\/#organization\",\"name\":\"Iraurgi Berritzen\",\"url\":\"https:\\\/\\\/iraurgiberritzen.eus\\\/es\\\/\",\"logo\":{\"@type\":\"ImageObject\",\"inLanguage\":\"es\",\"@id\":\"https:\\\/\\\/iraurgiberritzen.eus\\\/es\\\/#\\\/schema\\\/logo\\\/image\\\/\",\"url\":\"https:\\\/\\\/iraurgiberritzen.eus\\\/wp-content\\\/uploads\\\/2024\\\/02\\\/IRAURGI-BERRITZEN-logotipoa_2.png\",\"contentUrl\":\"https:\\\/\\\/iraurgiberritzen.eus\\\/wp-content\\\/uploads\\\/2024\\\/02\\\/IRAURGI-BERRITZEN-logotipoa_2.png\",\"width\":496,\"height\":190,\"caption\":\"Iraurgi Berritzen\"},\"image\":{\"@id\":\"https:\\\/\\\/iraurgiberritzen.eus\\\/es\\\/#\\\/schema\\\/logo\\\/image\\\/\"}},{\"@type\":\"Person\",\"@id\":\"https:\\\/\\\/iraurgiberritzen.eus\\\/es\\\/#\\\/schema\\\/person\\\/5ab41aaf388a9097177601ebf45738d2\",\"name\":\"kudeatzailea\",\"sameAs\":[\"https:\\\/\\\/iraurgiberritzen.eus\"]}]}<\/script>\n<!-- \/ Yoast SEO plugin. -->","yoast_head_json":{"title":"Se lanza un nuevo proyecto para sensibilizar sobre los riesgos y las oportunidades de internet y las redes sociales - Iraurgi Berritzen","robots":{"index":"index","follow":"follow","max-snippet":"max-snippet:-1","max-image-preview":"max-image-preview:large","max-video-preview":"max-video-preview:-1"},"canonical":"https:\/\/iraurgiberritzen.eus\/es\/se-lanza-un-nuevo-proyecto-para-sensibilizar-sobre-los-riesgos-y-las-oportunidades-de-internet-y-las-redes-sociales\/","og_locale":"es_ES","og_type":"article","og_title":"Se lanza un nuevo proyecto para sensibilizar sobre los riesgos y las oportunidades de internet y las redes sociales - Iraurgi Berritzen","og_description":"El uso de Internet y c\u00f3mo se gestionan las Redes Sociales son tem\u00e1ticas que est\u00e1n en auge y es por ello que con el objetivo de sensibilizar sobre las oportunidades y riesgos que ofrecen estas herramientas, diversos agentes de la comarca han organizado distintas actividades El proyecto trata de dar respuesta a la necesidad identificada [&hellip;]","og_url":"https:\/\/iraurgiberritzen.eus\/es\/se-lanza-un-nuevo-proyecto-para-sensibilizar-sobre-los-riesgos-y-las-oportunidades-de-internet-y-las-redes-sociales\/","og_site_name":"Iraurgi Berritzen","article_published_time":"2016-11-17T08:43:44+00:00","author":"kudeatzailea","twitter_card":"summary_large_image","twitter_misc":{"Escrito por":"kudeatzailea","Tiempo de lectura":"2 minutos"},"schema":{"@context":"https:\/\/schema.org","@graph":[{"@type":"Article","@id":"https:\/\/iraurgiberritzen.eus\/es\/se-lanza-un-nuevo-proyecto-para-sensibilizar-sobre-los-riesgos-y-las-oportunidades-de-internet-y-las-redes-sociales\/#article","isPartOf":{"@id":"https:\/\/iraurgiberritzen.eus\/es\/se-lanza-un-nuevo-proyecto-para-sensibilizar-sobre-los-riesgos-y-las-oportunidades-de-internet-y-las-redes-sociales\/"},"author":{"name":"kudeatzailea","@id":"https:\/\/iraurgiberritzen.eus\/es\/#\/schema\/person\/5ab41aaf388a9097177601ebf45738d2"},"headline":"Se lanza un nuevo proyecto para sensibilizar sobre los riesgos y las oportunidades de internet y las redes sociales","datePublished":"2016-11-17T08:43:44+00:00","mainEntityOfPage":{"@id":"https:\/\/iraurgiberritzen.eus\/es\/se-lanza-un-nuevo-proyecto-para-sensibilizar-sobre-los-riesgos-y-las-oportunidades-de-internet-y-las-redes-sociales\/"},"wordCount":367,"publisher":{"@id":"https:\/\/iraurgiberritzen.eus\/es\/#organization"},"image":{"@id":"https:\/\/iraurgiberritzen.eus\/es\/se-lanza-un-nuevo-proyecto-para-sensibilizar-sobre-los-riesgos-y-las-oportunidades-de-internet-y-las-redes-sociales\/#primaryimage"},"thumbnailUrl":"https:\/\/iraurgiberritzen.eus\/wp-content\/uploads\/2023\/09\/2cf20e200ca2c770a044a65b100b0636.jpg","articleSection":["Noticias"],"inLanguage":"es"},{"@type":"WebPage","@id":"https:\/\/iraurgiberritzen.eus\/es\/se-lanza-un-nuevo-proyecto-para-sensibilizar-sobre-los-riesgos-y-las-oportunidades-de-internet-y-las-redes-sociales\/","url":"https:\/\/iraurgiberritzen.eus\/es\/se-lanza-un-nuevo-proyecto-para-sensibilizar-sobre-los-riesgos-y-las-oportunidades-de-internet-y-las-redes-sociales\/","name":"Se lanza un nuevo proyecto para sensibilizar sobre los riesgos y las oportunidades de internet y las redes sociales - Iraurgi Berritzen","isPartOf":{"@id":"https:\/\/iraurgiberritzen.eus\/es\/#website"},"primaryImageOfPage":{"@id":"https:\/\/iraurgiberritzen.eus\/es\/se-lanza-un-nuevo-proyecto-para-sensibilizar-sobre-los-riesgos-y-las-oportunidades-de-internet-y-las-redes-sociales\/#primaryimage"},"image":{"@id":"https:\/\/iraurgiberritzen.eus\/es\/se-lanza-un-nuevo-proyecto-para-sensibilizar-sobre-los-riesgos-y-las-oportunidades-de-internet-y-las-redes-sociales\/#primaryimage"},"thumbnailUrl":"https:\/\/iraurgiberritzen.eus\/wp-content\/uploads\/2023\/09\/2cf20e200ca2c770a044a65b100b0636.jpg","datePublished":"2016-11-17T08:43:44+00:00","breadcrumb":{"@id":"https:\/\/iraurgiberritzen.eus\/es\/se-lanza-un-nuevo-proyecto-para-sensibilizar-sobre-los-riesgos-y-las-oportunidades-de-internet-y-las-redes-sociales\/#breadcrumb"},"inLanguage":"es","potentialAction":[{"@type":"ReadAction","target":["https:\/\/iraurgiberritzen.eus\/es\/se-lanza-un-nuevo-proyecto-para-sensibilizar-sobre-los-riesgos-y-las-oportunidades-de-internet-y-las-redes-sociales\/"]}]},{"@type":"ImageObject","inLanguage":"es","@id":"https:\/\/iraurgiberritzen.eus\/es\/se-lanza-un-nuevo-proyecto-para-sensibilizar-sobre-los-riesgos-y-las-oportunidades-de-internet-y-las-redes-sociales\/#primaryimage","url":"https:\/\/iraurgiberritzen.eus\/wp-content\/uploads\/2023\/09\/2cf20e200ca2c770a044a65b100b0636.jpg","contentUrl":"https:\/\/iraurgiberritzen.eus\/wp-content\/uploads\/2023\/09\/2cf20e200ca2c770a044a65b100b0636.jpg","width":600,"height":386},{"@type":"BreadcrumbList","@id":"https:\/\/iraurgiberritzen.eus\/es\/se-lanza-un-nuevo-proyecto-para-sensibilizar-sobre-los-riesgos-y-las-oportunidades-de-internet-y-las-redes-sociales\/#breadcrumb","itemListElement":[{"@type":"ListItem","position":1,"name":"Home","item":"https:\/\/iraurgiberritzen.eus\/es\/"},{"@type":"ListItem","position":2,"name":"Se lanza un nuevo proyecto para sensibilizar sobre los riesgos y las oportunidades de internet y las redes sociales"}]},{"@type":"WebSite","@id":"https:\/\/iraurgiberritzen.eus\/es\/#website","url":"https:\/\/iraurgiberritzen.eus\/es\/","name":"Iraurgi Berritzen","description":"Urola Erdiko Garapen Agentzia","publisher":{"@id":"https:\/\/iraurgiberritzen.eus\/es\/#organization"},"potentialAction":[{"@type":"SearchAction","target":{"@type":"EntryPoint","urlTemplate":"https:\/\/iraurgiberritzen.eus\/es\/?s={search_term_string}"},"query-input":{"@type":"PropertyValueSpecification","valueRequired":true,"valueName":"search_term_string"}}],"inLanguage":"es"},{"@type":"Organization","@id":"https:\/\/iraurgiberritzen.eus\/es\/#organization","name":"Iraurgi Berritzen","url":"https:\/\/iraurgiberritzen.eus\/es\/","logo":{"@type":"ImageObject","inLanguage":"es","@id":"https:\/\/iraurgiberritzen.eus\/es\/#\/schema\/logo\/image\/","url":"https:\/\/iraurgiberritzen.eus\/wp-content\/uploads\/2024\/02\/IRAURGI-BERRITZEN-logotipoa_2.png","contentUrl":"https:\/\/iraurgiberritzen.eus\/wp-content\/uploads\/2024\/02\/IRAURGI-BERRITZEN-logotipoa_2.png","width":496,"height":190,"caption":"Iraurgi Berritzen"},"image":{"@id":"https:\/\/iraurgiberritzen.eus\/es\/#\/schema\/logo\/image\/"}},{"@type":"Person","@id":"https:\/\/iraurgiberritzen.eus\/es\/#\/schema\/person\/5ab41aaf388a9097177601ebf45738d2","name":"kudeatzailea","sameAs":["https:\/\/iraurgiberritzen.eus"]}]}},"_links":{"self":[{"href":"https:\/\/iraurgiberritzen.eus\/es\/wp-json\/wp\/v2\/posts\/12118","targetHints":{"allow":["GET"]}}],"collection":[{"href":"https:\/\/iraurgiberritzen.eus\/es\/wp-json\/wp\/v2\/posts"}],"about":[{"href":"https:\/\/iraurgiberritzen.eus\/es\/wp-json\/wp\/v2\/types\/post"}],"author":[{"embeddable":true,"href":"https:\/\/iraurgiberritzen.eus\/es\/wp-json\/wp\/v2\/users\/1"}],"replies":[{"embeddable":true,"href":"https:\/\/iraurgiberritzen.eus\/es\/wp-json\/wp\/v2\/comments?post=12118"}],"version-history":[{"count":0,"href":"https:\/\/iraurgiberritzen.eus\/es\/wp-json\/wp\/v2\/posts\/12118\/revisions"}],"wp:featuredmedia":[{"embeddable":true,"href":"https:\/\/iraurgiberritzen.eus\/es\/wp-json\/wp\/v2\/media\/17959"}],"wp:attachment":[{"href":"https:\/\/iraurgiberritzen.eus\/es\/wp-json\/wp\/v2\/media?parent=12118"}],"wp:term":[{"taxonomy":"category","embeddable":true,"href":"https:\/\/iraurgiberritzen.eus\/es\/wp-json\/wp\/v2\/categories?post=12118"},{"taxonomy":"post_tag","embeddable":true,"href":"https:\/\/iraurgiberritzen.eus\/es\/wp-json\/wp\/v2\/tags?post=12118"}],"curies":[{"name":"wp","href":"https:\/\/api.w.org\/{rel}","templated":true}]}}