{"id":12121,"date":"2016-12-12T08:13:23","date_gmt":"2016-12-12T06:13:23","guid":{"rendered":"https:\/\/iraurgiberritzen.eus\/abierto-plazo-de-inscripcion-de-la-2a-edicion-del-programa-hazilan\/"},"modified":"2016-12-12T08:13:23","modified_gmt":"2016-12-12T06:13:23","slug":"abierto-plazo-de-inscripcion-de-la-2a-edicion-del-programa-hazilan","status":"publish","type":"post","link":"https:\/\/iraurgiberritzen.eus\/es\/abierto-plazo-de-inscripcion-de-la-2a-edicion-del-programa-hazilan\/","title":{"rendered":"Abierto plazo de inscripci\u00f3n de la 2\u00aa Edici\u00f3n del Programa Hazilan"},"content":{"rendered":"<p style=\"text-align: justify;\"><strong>Garapen<\/strong> (Asociaci\u00f3n Vasca de Agencias de Desarrollo), junto con las veinte agencias de desarrollo comarcal implicadas en el proyecto, y en colaboraci\u00f3n con el Gobierno Vasco y el Fondo Social Europeo, vuelven a poner en marcha el proyecto de inserci\u00f3n laboral Hazilan con el objetivo de <strong>crear 5.000 empleos para j\u00f3venes<\/strong>, en el per\u00edodo 2016-2020, de los cuales el 55% estar\u00e1n dirigidos a mujeres.<\/p>\n<p>Hazilan es un proyecto de inserci\u00f3n laboral dirigido a <strong>personas j\u00f3venes cualificadas<\/strong> (titulaci\u00f3n universitaria o ciclo superior de FP) <strong>de entre 20 y 35 a\u00f1os<\/strong>, que se encuentren en situaci\u00f3n de desempleo. Este colectivo, pese a su alto grado de preparaci\u00f3n, tiene especiales dificultades de acceso al mercado laboral por su falta de experiencia asociada a su perfil profesional y por la carencia de competencias y habilidades transversales demandadas por las empresas. <strong>El principal objetivo de Hazilan es la inserci\u00f3n laboral<\/strong> mediante un acompa\u00f1amiento personalizado.<\/p>\n<p style=\"text-align: justify;\"><strong>En el caso de la comarca de Urola Erdia, la agencia de Desarrollo e Innovaci\u00f3n Iraurgi Berritzen ser\u00e1 la encargada de gestionar el programa, con el objetivo de la inserci\u00f3n laboral de 15 a 20 j\u00f3venes anuales.<\/strong><\/p>\n<p style=\"text-align: justify;\">Hazilan trabaja partiendo de las <strong>necesidades reales de las empresas<\/strong>. A lo largo de estos a\u00f1os, las agencias de desarrollo han constatado que las empresas necesitan y demandan personas con iniciativa, creativas, autosuficientes, que sepan comunicar, trabajar en equipo y gestionar sus tareas de acuerdo con los objetivos y resultados esperados. Todas estas competencias y capacidades resultan cruciales, pero en muchos casos no se adquieren en las aulas de un centro educativo. Hazilan integra la adquisici\u00f3n de estas competencias con la experiencia concreta en el \u00e1mbito laboral o el proyecto que la empresa est\u00e1 interesada en desarrollar.<\/p>\n<p style=\"text-align: justify;\">Hazilan plantea <strong>una metodolog\u00eda innovadora basada en un itinerario personalizado<\/strong> y adaptado a las caracter\u00edsticas personales de las personas participantes y a los proyectos profesionales demandados por las empresas. El proyecto est\u00e1 basado en distintos recursos que, en una primera fase, se dirigen a la activaci\u00f3n de las personas y contin\u00faan, en funci\u00f3n del proyecto, a trav\u00e9s de aprendizaje especializado, pr\u00e1cticas o la participaci\u00f3n en proyectos empresariales.<\/p>\n<p style=\"text-align: justify;\">Hazilan pretende lograr una integraci\u00f3n efectiva del principio de igualdad de oportunidades y no discriminaci\u00f3n y <strong>garantizar\u00e1 la igualdad de g\u00e9nero<\/strong>.<\/p>\n<p style=\"text-align: justify;\">Todas aquellas empresas o personas j\u00f3venes interesadas en participar en el programa, pueden obtener toda la informaci\u00f3n en su <strong>p\u00e1gina web<\/strong>: <a href=\"http:\/\/www.hazilan.eus\">www.hazilan.eus<\/a> o llamando al <strong>tel\u00e9fono de Iraurgi Berritzen 943851100<\/strong> y preguntando por <strong>Sandra Fern\u00e1ndez<\/strong>.<\/p>\n","protected":false},"excerpt":{"rendered":"<p>Garapen (Asociaci\u00f3n Vasca de Agencias de Desarrollo), junto con las veinte agencias de desarrollo comarcal implicadas en el proyecto, y en colaboraci\u00f3n con el Gobierno Vasco y el Fondo Social Europeo, vuelven a poner en marcha el proyecto de inserci\u00f3n laboral Hazilan con el objetivo de crear 5.000 empleos para j\u00f3venes, en el per\u00edodo 2016-2020, [&hellip;]<\/p>\n","protected":false},"author":1,"featured_media":17960,"comment_status":"","ping_status":"closed","sticky":false,"template":"","format":"standard","meta":{"_acf_changed":false,"footnotes":""},"categories":[4],"tags":[],"class_list":["post-12121","post","type-post","status-publish","format-standard","has-post-thumbnail","hentry","category-noticias"],"acf":[],"yoast_head":"<!-- This site is optimized with the Yoast SEO plugin v27.4 - https:\/\/yoast.com\/product\/yoast-seo-wordpress\/ -->\n<title>Abierto plazo de inscripci\u00f3n de la 2\u00aa Edici\u00f3n del Programa Hazilan - Iraurgi Berritzen<\/title>\n<meta name=\"robots\" content=\"index, follow, max-snippet:-1, max-image-preview:large, max-video-preview:-1\" \/>\n<link rel=\"canonical\" href=\"https:\/\/iraurgiberritzen.eus\/es\/abierto-plazo-de-inscripcion-de-la-2a-edicion-del-programa-hazilan\/\" \/>\n<meta property=\"og:locale\" content=\"es_ES\" \/>\n<meta property=\"og:type\" content=\"article\" \/>\n<meta property=\"og:title\" content=\"Abierto plazo de inscripci\u00f3n de la 2\u00aa Edici\u00f3n del Programa Hazilan - Iraurgi Berritzen\" \/>\n<meta property=\"og:description\" content=\"Garapen (Asociaci\u00f3n Vasca de Agencias de Desarrollo), junto con las veinte agencias de desarrollo comarcal implicadas en el proyecto, y en colaboraci\u00f3n con el Gobierno Vasco y el Fondo Social Europeo, vuelven a poner en marcha el proyecto de inserci\u00f3n laboral Hazilan con el objetivo de crear 5.000 empleos para j\u00f3venes, en el per\u00edodo 2016-2020, [&hellip;]\" \/>\n<meta property=\"og:url\" content=\"https:\/\/iraurgiberritzen.eus\/es\/abierto-plazo-de-inscripcion-de-la-2a-edicion-del-programa-hazilan\/\" \/>\n<meta property=\"og:site_name\" content=\"Iraurgi Berritzen\" \/>\n<meta property=\"article:published_time\" content=\"2016-12-12T06:13:23+00:00\" \/>\n<meta name=\"author\" content=\"kudeatzailea\" \/>\n<meta name=\"twitter:card\" content=\"summary_large_image\" \/>\n<meta name=\"twitter:label1\" content=\"Escrito por\" \/>\n\t<meta name=\"twitter:data1\" content=\"kudeatzailea\" \/>\n\t<meta name=\"twitter:label2\" content=\"Tiempo de lectura\" \/>\n\t<meta name=\"twitter:data2\" content=\"2 minutos\" \/>\n<script type=\"application\/ld+json\" class=\"yoast-schema-graph\">{\"@context\":\"https:\\\/\\\/schema.org\",\"@graph\":[{\"@type\":\"Article\",\"@id\":\"https:\\\/\\\/iraurgiberritzen.eus\\\/es\\\/abierto-plazo-de-inscripcion-de-la-2a-edicion-del-programa-hazilan\\\/#article\",\"isPartOf\":{\"@id\":\"https:\\\/\\\/iraurgiberritzen.eus\\\/es\\\/abierto-plazo-de-inscripcion-de-la-2a-edicion-del-programa-hazilan\\\/\"},\"author\":{\"name\":\"kudeatzailea\",\"@id\":\"https:\\\/\\\/iraurgiberritzen.eus\\\/es\\\/#\\\/schema\\\/person\\\/5ab41aaf388a9097177601ebf45738d2\"},\"headline\":\"Abierto plazo de inscripci\u00f3n de la 2\u00aa Edici\u00f3n del Programa Hazilan\",\"datePublished\":\"2016-12-12T06:13:23+00:00\",\"mainEntityOfPage\":{\"@id\":\"https:\\\/\\\/iraurgiberritzen.eus\\\/es\\\/abierto-plazo-de-inscripcion-de-la-2a-edicion-del-programa-hazilan\\\/\"},\"wordCount\":448,\"publisher\":{\"@id\":\"https:\\\/\\\/iraurgiberritzen.eus\\\/es\\\/#organization\"},\"image\":{\"@id\":\"https:\\\/\\\/iraurgiberritzen.eus\\\/es\\\/abierto-plazo-de-inscripcion-de-la-2a-edicion-del-programa-hazilan\\\/#primaryimage\"},\"thumbnailUrl\":\"https:\\\/\\\/iraurgiberritzen.eus\\\/wp-content\\\/uploads\\\/2023\\\/09\\\/389b1419d386024814b9710bfcb9f5a1.jpg\",\"articleSection\":[\"Noticias\"],\"inLanguage\":\"es\"},{\"@type\":\"WebPage\",\"@id\":\"https:\\\/\\\/iraurgiberritzen.eus\\\/es\\\/abierto-plazo-de-inscripcion-de-la-2a-edicion-del-programa-hazilan\\\/\",\"url\":\"https:\\\/\\\/iraurgiberritzen.eus\\\/es\\\/abierto-plazo-de-inscripcion-de-la-2a-edicion-del-programa-hazilan\\\/\",\"name\":\"Abierto plazo de inscripci\u00f3n de la 2\u00aa Edici\u00f3n del Programa Hazilan - Iraurgi Berritzen\",\"isPartOf\":{\"@id\":\"https:\\\/\\\/iraurgiberritzen.eus\\\/es\\\/#website\"},\"primaryImageOfPage\":{\"@id\":\"https:\\\/\\\/iraurgiberritzen.eus\\\/es\\\/abierto-plazo-de-inscripcion-de-la-2a-edicion-del-programa-hazilan\\\/#primaryimage\"},\"image\":{\"@id\":\"https:\\\/\\\/iraurgiberritzen.eus\\\/es\\\/abierto-plazo-de-inscripcion-de-la-2a-edicion-del-programa-hazilan\\\/#primaryimage\"},\"thumbnailUrl\":\"https:\\\/\\\/iraurgiberritzen.eus\\\/wp-content\\\/uploads\\\/2023\\\/09\\\/389b1419d386024814b9710bfcb9f5a1.jpg\",\"datePublished\":\"2016-12-12T06:13:23+00:00\",\"breadcrumb\":{\"@id\":\"https:\\\/\\\/iraurgiberritzen.eus\\\/es\\\/abierto-plazo-de-inscripcion-de-la-2a-edicion-del-programa-hazilan\\\/#breadcrumb\"},\"inLanguage\":\"es\",\"potentialAction\":[{\"@type\":\"ReadAction\",\"target\":[\"https:\\\/\\\/iraurgiberritzen.eus\\\/es\\\/abierto-plazo-de-inscripcion-de-la-2a-edicion-del-programa-hazilan\\\/\"]}]},{\"@type\":\"ImageObject\",\"inLanguage\":\"es\",\"@id\":\"https:\\\/\\\/iraurgiberritzen.eus\\\/es\\\/abierto-plazo-de-inscripcion-de-la-2a-edicion-del-programa-hazilan\\\/#primaryimage\",\"url\":\"https:\\\/\\\/iraurgiberritzen.eus\\\/wp-content\\\/uploads\\\/2023\\\/09\\\/389b1419d386024814b9710bfcb9f5a1.jpg\",\"contentUrl\":\"https:\\\/\\\/iraurgiberritzen.eus\\\/wp-content\\\/uploads\\\/2023\\\/09\\\/389b1419d386024814b9710bfcb9f5a1.jpg\",\"width\":600,\"height\":386},{\"@type\":\"BreadcrumbList\",\"@id\":\"https:\\\/\\\/iraurgiberritzen.eus\\\/es\\\/abierto-plazo-de-inscripcion-de-la-2a-edicion-del-programa-hazilan\\\/#breadcrumb\",\"itemListElement\":[{\"@type\":\"ListItem\",\"position\":1,\"name\":\"Home\",\"item\":\"https:\\\/\\\/iraurgiberritzen.eus\\\/es\\\/\"},{\"@type\":\"ListItem\",\"position\":2,\"name\":\"Abierto plazo de inscripci\u00f3n de la 2\u00aa Edici\u00f3n del Programa Hazilan\"}]},{\"@type\":\"WebSite\",\"@id\":\"https:\\\/\\\/iraurgiberritzen.eus\\\/es\\\/#website\",\"url\":\"https:\\\/\\\/iraurgiberritzen.eus\\\/es\\\/\",\"name\":\"Iraurgi Berritzen\",\"description\":\"Urola Erdiko Garapen Agentzia\",\"publisher\":{\"@id\":\"https:\\\/\\\/iraurgiberritzen.eus\\\/es\\\/#organization\"},\"potentialAction\":[{\"@type\":\"SearchAction\",\"target\":{\"@type\":\"EntryPoint\",\"urlTemplate\":\"https:\\\/\\\/iraurgiberritzen.eus\\\/es\\\/?s={search_term_string}\"},\"query-input\":{\"@type\":\"PropertyValueSpecification\",\"valueRequired\":true,\"valueName\":\"search_term_string\"}}],\"inLanguage\":\"es\"},{\"@type\":\"Organization\",\"@id\":\"https:\\\/\\\/iraurgiberritzen.eus\\\/es\\\/#organization\",\"name\":\"Iraurgi Berritzen\",\"url\":\"https:\\\/\\\/iraurgiberritzen.eus\\\/es\\\/\",\"logo\":{\"@type\":\"ImageObject\",\"inLanguage\":\"es\",\"@id\":\"https:\\\/\\\/iraurgiberritzen.eus\\\/es\\\/#\\\/schema\\\/logo\\\/image\\\/\",\"url\":\"https:\\\/\\\/iraurgiberritzen.eus\\\/wp-content\\\/uploads\\\/2024\\\/02\\\/IRAURGI-BERRITZEN-logotipoa_2.png\",\"contentUrl\":\"https:\\\/\\\/iraurgiberritzen.eus\\\/wp-content\\\/uploads\\\/2024\\\/02\\\/IRAURGI-BERRITZEN-logotipoa_2.png\",\"width\":496,\"height\":190,\"caption\":\"Iraurgi Berritzen\"},\"image\":{\"@id\":\"https:\\\/\\\/iraurgiberritzen.eus\\\/es\\\/#\\\/schema\\\/logo\\\/image\\\/\"}},{\"@type\":\"Person\",\"@id\":\"https:\\\/\\\/iraurgiberritzen.eus\\\/es\\\/#\\\/schema\\\/person\\\/5ab41aaf388a9097177601ebf45738d2\",\"name\":\"kudeatzailea\",\"sameAs\":[\"https:\\\/\\\/iraurgiberritzen.eus\"]}]}<\/script>\n<!-- \/ Yoast SEO plugin. -->","yoast_head_json":{"title":"Abierto plazo de inscripci\u00f3n de la 2\u00aa Edici\u00f3n del Programa Hazilan - Iraurgi Berritzen","robots":{"index":"index","follow":"follow","max-snippet":"max-snippet:-1","max-image-preview":"max-image-preview:large","max-video-preview":"max-video-preview:-1"},"canonical":"https:\/\/iraurgiberritzen.eus\/es\/abierto-plazo-de-inscripcion-de-la-2a-edicion-del-programa-hazilan\/","og_locale":"es_ES","og_type":"article","og_title":"Abierto plazo de inscripci\u00f3n de la 2\u00aa Edici\u00f3n del Programa Hazilan - Iraurgi Berritzen","og_description":"Garapen (Asociaci\u00f3n Vasca de Agencias de Desarrollo), junto con las veinte agencias de desarrollo comarcal implicadas en el proyecto, y en colaboraci\u00f3n con el Gobierno Vasco y el Fondo Social Europeo, vuelven a poner en marcha el proyecto de inserci\u00f3n laboral Hazilan con el objetivo de crear 5.000 empleos para j\u00f3venes, en el per\u00edodo 2016-2020, [&hellip;]","og_url":"https:\/\/iraurgiberritzen.eus\/es\/abierto-plazo-de-inscripcion-de-la-2a-edicion-del-programa-hazilan\/","og_site_name":"Iraurgi Berritzen","article_published_time":"2016-12-12T06:13:23+00:00","author":"kudeatzailea","twitter_card":"summary_large_image","twitter_misc":{"Escrito por":"kudeatzailea","Tiempo de lectura":"2 minutos"},"schema":{"@context":"https:\/\/schema.org","@graph":[{"@type":"Article","@id":"https:\/\/iraurgiberritzen.eus\/es\/abierto-plazo-de-inscripcion-de-la-2a-edicion-del-programa-hazilan\/#article","isPartOf":{"@id":"https:\/\/iraurgiberritzen.eus\/es\/abierto-plazo-de-inscripcion-de-la-2a-edicion-del-programa-hazilan\/"},"author":{"name":"kudeatzailea","@id":"https:\/\/iraurgiberritzen.eus\/es\/#\/schema\/person\/5ab41aaf388a9097177601ebf45738d2"},"headline":"Abierto plazo de inscripci\u00f3n de la 2\u00aa Edici\u00f3n del Programa Hazilan","datePublished":"2016-12-12T06:13:23+00:00","mainEntityOfPage":{"@id":"https:\/\/iraurgiberritzen.eus\/es\/abierto-plazo-de-inscripcion-de-la-2a-edicion-del-programa-hazilan\/"},"wordCount":448,"publisher":{"@id":"https:\/\/iraurgiberritzen.eus\/es\/#organization"},"image":{"@id":"https:\/\/iraurgiberritzen.eus\/es\/abierto-plazo-de-inscripcion-de-la-2a-edicion-del-programa-hazilan\/#primaryimage"},"thumbnailUrl":"https:\/\/iraurgiberritzen.eus\/wp-content\/uploads\/2023\/09\/389b1419d386024814b9710bfcb9f5a1.jpg","articleSection":["Noticias"],"inLanguage":"es"},{"@type":"WebPage","@id":"https:\/\/iraurgiberritzen.eus\/es\/abierto-plazo-de-inscripcion-de-la-2a-edicion-del-programa-hazilan\/","url":"https:\/\/iraurgiberritzen.eus\/es\/abierto-plazo-de-inscripcion-de-la-2a-edicion-del-programa-hazilan\/","name":"Abierto plazo de inscripci\u00f3n de la 2\u00aa Edici\u00f3n del Programa Hazilan - Iraurgi Berritzen","isPartOf":{"@id":"https:\/\/iraurgiberritzen.eus\/es\/#website"},"primaryImageOfPage":{"@id":"https:\/\/iraurgiberritzen.eus\/es\/abierto-plazo-de-inscripcion-de-la-2a-edicion-del-programa-hazilan\/#primaryimage"},"image":{"@id":"https:\/\/iraurgiberritzen.eus\/es\/abierto-plazo-de-inscripcion-de-la-2a-edicion-del-programa-hazilan\/#primaryimage"},"thumbnailUrl":"https:\/\/iraurgiberritzen.eus\/wp-content\/uploads\/2023\/09\/389b1419d386024814b9710bfcb9f5a1.jpg","datePublished":"2016-12-12T06:13:23+00:00","breadcrumb":{"@id":"https:\/\/iraurgiberritzen.eus\/es\/abierto-plazo-de-inscripcion-de-la-2a-edicion-del-programa-hazilan\/#breadcrumb"},"inLanguage":"es","potentialAction":[{"@type":"ReadAction","target":["https:\/\/iraurgiberritzen.eus\/es\/abierto-plazo-de-inscripcion-de-la-2a-edicion-del-programa-hazilan\/"]}]},{"@type":"ImageObject","inLanguage":"es","@id":"https:\/\/iraurgiberritzen.eus\/es\/abierto-plazo-de-inscripcion-de-la-2a-edicion-del-programa-hazilan\/#primaryimage","url":"https:\/\/iraurgiberritzen.eus\/wp-content\/uploads\/2023\/09\/389b1419d386024814b9710bfcb9f5a1.jpg","contentUrl":"https:\/\/iraurgiberritzen.eus\/wp-content\/uploads\/2023\/09\/389b1419d386024814b9710bfcb9f5a1.jpg","width":600,"height":386},{"@type":"BreadcrumbList","@id":"https:\/\/iraurgiberritzen.eus\/es\/abierto-plazo-de-inscripcion-de-la-2a-edicion-del-programa-hazilan\/#breadcrumb","itemListElement":[{"@type":"ListItem","position":1,"name":"Home","item":"https:\/\/iraurgiberritzen.eus\/es\/"},{"@type":"ListItem","position":2,"name":"Abierto plazo de inscripci\u00f3n de la 2\u00aa Edici\u00f3n del Programa Hazilan"}]},{"@type":"WebSite","@id":"https:\/\/iraurgiberritzen.eus\/es\/#website","url":"https:\/\/iraurgiberritzen.eus\/es\/","name":"Iraurgi Berritzen","description":"Urola Erdiko Garapen Agentzia","publisher":{"@id":"https:\/\/iraurgiberritzen.eus\/es\/#organization"},"potentialAction":[{"@type":"SearchAction","target":{"@type":"EntryPoint","urlTemplate":"https:\/\/iraurgiberritzen.eus\/es\/?s={search_term_string}"},"query-input":{"@type":"PropertyValueSpecification","valueRequired":true,"valueName":"search_term_string"}}],"inLanguage":"es"},{"@type":"Organization","@id":"https:\/\/iraurgiberritzen.eus\/es\/#organization","name":"Iraurgi Berritzen","url":"https:\/\/iraurgiberritzen.eus\/es\/","logo":{"@type":"ImageObject","inLanguage":"es","@id":"https:\/\/iraurgiberritzen.eus\/es\/#\/schema\/logo\/image\/","url":"https:\/\/iraurgiberritzen.eus\/wp-content\/uploads\/2024\/02\/IRAURGI-BERRITZEN-logotipoa_2.png","contentUrl":"https:\/\/iraurgiberritzen.eus\/wp-content\/uploads\/2024\/02\/IRAURGI-BERRITZEN-logotipoa_2.png","width":496,"height":190,"caption":"Iraurgi Berritzen"},"image":{"@id":"https:\/\/iraurgiberritzen.eus\/es\/#\/schema\/logo\/image\/"}},{"@type":"Person","@id":"https:\/\/iraurgiberritzen.eus\/es\/#\/schema\/person\/5ab41aaf388a9097177601ebf45738d2","name":"kudeatzailea","sameAs":["https:\/\/iraurgiberritzen.eus"]}]}},"_links":{"self":[{"href":"https:\/\/iraurgiberritzen.eus\/es\/wp-json\/wp\/v2\/posts\/12121","targetHints":{"allow":["GET"]}}],"collection":[{"href":"https:\/\/iraurgiberritzen.eus\/es\/wp-json\/wp\/v2\/posts"}],"about":[{"href":"https:\/\/iraurgiberritzen.eus\/es\/wp-json\/wp\/v2\/types\/post"}],"author":[{"embeddable":true,"href":"https:\/\/iraurgiberritzen.eus\/es\/wp-json\/wp\/v2\/users\/1"}],"replies":[{"embeddable":true,"href":"https:\/\/iraurgiberritzen.eus\/es\/wp-json\/wp\/v2\/comments?post=12121"}],"version-history":[{"count":0,"href":"https:\/\/iraurgiberritzen.eus\/es\/wp-json\/wp\/v2\/posts\/12121\/revisions"}],"wp:featuredmedia":[{"embeddable":true,"href":"https:\/\/iraurgiberritzen.eus\/es\/wp-json\/wp\/v2\/media\/17960"}],"wp:attachment":[{"href":"https:\/\/iraurgiberritzen.eus\/es\/wp-json\/wp\/v2\/media?parent=12121"}],"wp:term":[{"taxonomy":"category","embeddable":true,"href":"https:\/\/iraurgiberritzen.eus\/es\/wp-json\/wp\/v2\/categories?post=12121"},{"taxonomy":"post_tag","embeddable":true,"href":"https:\/\/iraurgiberritzen.eus\/es\/wp-json\/wp\/v2\/tags?post=12121"}],"curies":[{"name":"wp","href":"https:\/\/api.w.org\/{rel}","templated":true}]}}