{"id":12126,"date":"2017-02-02T08:27:39","date_gmt":"2017-02-02T06:27:39","guid":{"rendered":"https:\/\/iraurgiberritzen.eus\/iraurgi-berritzen-ha-organizado-un-ciclo-de-formacion-dirigido-a-empresas-del-sector-del-turismo-de-urola-erdia\/"},"modified":"2017-02-02T08:27:39","modified_gmt":"2017-02-02T06:27:39","slug":"iraurgi-berritzen-ha-organizado-un-ciclo-de-formacion-dirigido-a-empresas-del-sector-del-turismo-de-urola-erdia","status":"publish","type":"post","link":"https:\/\/iraurgiberritzen.eus\/es\/iraurgi-berritzen-ha-organizado-un-ciclo-de-formacion-dirigido-a-empresas-del-sector-del-turismo-de-urola-erdia\/","title":{"rendered":"Iraurgi Berritzen ha organizado un ciclo de formaci\u00f3n dirigido a empresas del sector del turismo de Urola Erdia"},"content":{"rendered":"<p>El departamento de Turismo de Iraurgi Berritzen, Agencia de Desarrollo de Urola Erdia, ha organizado un ciclo de jornadas formativas en el \u00e1mbito del <strong>Marketing Digital<\/strong> dirigido a empresas del sector del turismo y hosteler\u00eda de la comarca de Urola Erdia.<\/p>\n<p>Concretamente, se han organizado tres sesiones encaminadas a analizar y mejorar la visibilidad y posicionamiento en la red de las empresas. Para ello, se mostrar\u00e1n los entresijos y el funcionamiento de tres de las herramientas y aplicaciones mas significativas que ofrece internet hoy en d\u00eda a las empresas tur\u00edsticas, en tres sesiones distintas:<\/p>\n<ol>\n<li style=\"text-align: justify;\">14 de Febrero,&nbsp;<strong>Tripadvisor<\/strong>: Conocer, exponer y aprender a sacarle el mayor rendimiento a una de las herramientas m\u00e1s importantes para el marketing de las empresas del sector del turismo.<br \/>Se explicar\u00e1n y expondr\u00e1n los diferentes perfiles de Tripadvisor, desde el gratuito hasta el de pago.<\/li>\n<li style=\"text-align: justify;\">21 de Febrero,&nbsp;<strong>Google My Business:<\/strong>&nbsp;Exposici\u00f3n una de las aplicaciones mas importantes de internet para mejorar la visibilidad de cualquier negocio.<br \/>\u00bfPorque debe tener mi negocio un perfil de Google My Business?<\/li>\n<li style=\"text-align: justify;\">2 de Marzo,&nbsp;<strong>Trivago<\/strong>: Conocer los entresijos de la herramienta desconocida de internet para el sector hotelero-alojamientos.<br \/>Como obtener y mejorar la visibilidad de nuestro negocio por medio de esta herramienta.<\/li>\n<\/ol>\n<p><strong>A qui\u00e9n va dirigido<\/strong>: A las empresas del sector de Turismod e Aizarnazabal, Azkoitia, Azpeitia, Beizama, Errezil y Zestoa (Hoteles, Casas Rurales, Agroturisms, Albergues, Restaurantes, Bares, Agencias de Viaje, Gu\u00edas Tur\u00edsticos etc.)<\/p>\n<p><strong>D\u00f3nde<\/strong>: Palacio de Intsausti, Azkoitia (1er piso).<\/p>\n<p><strong>Fechas y horarios<\/strong>: 14 y 21 de Febrero y 2 de Marzo, 9:00 \u2013 12:00<\/p>\n<p><strong>N\u00ba Participantes por sesi\u00f3n<\/strong>: M\u00e1ximo de 10 participantes por sesi\u00f3n. Se priorizar\u00e1 el orden de inscripci\u00f3n.<\/p>\n<p><strong>Notas importantes<\/strong>:<\/p>\n<ul>\n<li>Las tres sesiones son independientes entre si, se podr\u00e1 optar participar en las tres, en dos o en una.<\/li>\n<li>Cada participante deber\u00e1 de traer consigo un ordenador. Las sesiones tendr\u00e1n un car\u00e1cter muy pr\u00e1ctico.<\/li>\n<li>Un participante por empresa.<\/li>\n<li>Inscripci\u00f3n e informaci\u00f3n:&nbsp;<a href=\"mailto:jmujika@iraurgiberritzen.eus\">jmujika@iraurgiberritzen.eus<\/a>&nbsp;o&nbsp;943 851 100<\/li>\n<li>Plazo de inscripci\u00f3n: 10 de Febrero viernes.<\/li>\n<\/ul>\n<p>&nbsp;<\/p>\n","protected":false},"excerpt":{"rendered":"<p>El departamento de Turismo de Iraurgi Berritzen, Agencia de Desarrollo de Urola Erdia, ha organizado un ciclo de jornadas formativas en el \u00e1mbito del Marketing Digital dirigido a empresas del sector del turismo y hosteler\u00eda de la comarca de Urola Erdia. Concretamente, se han organizado tres sesiones encaminadas a analizar y mejorar la visibilidad y [&hellip;]<\/p>\n","protected":false},"author":1,"featured_media":17952,"comment_status":"","ping_status":"closed","sticky":false,"template":"","format":"standard","meta":{"_acf_changed":false,"footnotes":""},"categories":[4],"tags":[],"class_list":["post-12126","post","type-post","status-publish","format-standard","has-post-thumbnail","hentry","category-noticias"],"acf":[],"yoast_head":"<!-- This site is optimized with the Yoast SEO plugin v27.4 - https:\/\/yoast.com\/product\/yoast-seo-wordpress\/ -->\n<title>Iraurgi Berritzen ha organizado un ciclo de formaci\u00f3n dirigido a empresas del sector del turismo de Urola Erdia - Iraurgi Berritzen<\/title>\n<meta name=\"robots\" content=\"index, follow, max-snippet:-1, max-image-preview:large, max-video-preview:-1\" \/>\n<link rel=\"canonical\" href=\"https:\/\/iraurgiberritzen.eus\/es\/iraurgi-berritzen-ha-organizado-un-ciclo-de-formacion-dirigido-a-empresas-del-sector-del-turismo-de-urola-erdia\/\" \/>\n<meta property=\"og:locale\" content=\"es_ES\" \/>\n<meta property=\"og:type\" content=\"article\" \/>\n<meta property=\"og:title\" content=\"Iraurgi Berritzen ha organizado un ciclo de formaci\u00f3n dirigido a empresas del sector del turismo de Urola Erdia - Iraurgi Berritzen\" \/>\n<meta property=\"og:description\" content=\"El departamento de Turismo de Iraurgi Berritzen, Agencia de Desarrollo de Urola Erdia, ha organizado un ciclo de jornadas formativas en el \u00e1mbito del Marketing Digital dirigido a empresas del sector del turismo y hosteler\u00eda de la comarca de Urola Erdia. Concretamente, se han organizado tres sesiones encaminadas a analizar y mejorar la visibilidad y [&hellip;]\" \/>\n<meta property=\"og:url\" content=\"https:\/\/iraurgiberritzen.eus\/es\/iraurgi-berritzen-ha-organizado-un-ciclo-de-formacion-dirigido-a-empresas-del-sector-del-turismo-de-urola-erdia\/\" \/>\n<meta property=\"og:site_name\" content=\"Iraurgi Berritzen\" \/>\n<meta property=\"article:published_time\" content=\"2017-02-02T06:27:39+00:00\" \/>\n<meta name=\"author\" content=\"kudeatzailea\" \/>\n<meta name=\"twitter:card\" content=\"summary_large_image\" \/>\n<meta name=\"twitter:label1\" content=\"Escrito por\" \/>\n\t<meta name=\"twitter:data1\" content=\"kudeatzailea\" \/>\n\t<meta name=\"twitter:label2\" content=\"Tiempo de lectura\" \/>\n\t<meta name=\"twitter:data2\" content=\"2 minutos\" \/>\n<script type=\"application\/ld+json\" class=\"yoast-schema-graph\">{\"@context\":\"https:\\\/\\\/schema.org\",\"@graph\":[{\"@type\":\"Article\",\"@id\":\"https:\\\/\\\/iraurgiberritzen.eus\\\/es\\\/iraurgi-berritzen-ha-organizado-un-ciclo-de-formacion-dirigido-a-empresas-del-sector-del-turismo-de-urola-erdia\\\/#article\",\"isPartOf\":{\"@id\":\"https:\\\/\\\/iraurgiberritzen.eus\\\/es\\\/iraurgi-berritzen-ha-organizado-un-ciclo-de-formacion-dirigido-a-empresas-del-sector-del-turismo-de-urola-erdia\\\/\"},\"author\":{\"name\":\"kudeatzailea\",\"@id\":\"https:\\\/\\\/iraurgiberritzen.eus\\\/es\\\/#\\\/schema\\\/person\\\/5ab41aaf388a9097177601ebf45738d2\"},\"headline\":\"Iraurgi Berritzen ha organizado un ciclo de formaci\u00f3n dirigido a empresas del sector del turismo de Urola Erdia\",\"datePublished\":\"2017-02-02T06:27:39+00:00\",\"mainEntityOfPage\":{\"@id\":\"https:\\\/\\\/iraurgiberritzen.eus\\\/es\\\/iraurgi-berritzen-ha-organizado-un-ciclo-de-formacion-dirigido-a-empresas-del-sector-del-turismo-de-urola-erdia\\\/\"},\"wordCount\":366,\"publisher\":{\"@id\":\"https:\\\/\\\/iraurgiberritzen.eus\\\/es\\\/#organization\"},\"image\":{\"@id\":\"https:\\\/\\\/iraurgiberritzen.eus\\\/es\\\/iraurgi-berritzen-ha-organizado-un-ciclo-de-formacion-dirigido-a-empresas-del-sector-del-turismo-de-urola-erdia\\\/#primaryimage\"},\"thumbnailUrl\":\"https:\\\/\\\/iraurgiberritzen.eus\\\/wp-content\\\/uploads\\\/2023\\\/09\\\/f14a855e71266fce000280ce97ff2b84.jpg\",\"articleSection\":[\"Noticias\"],\"inLanguage\":\"es\"},{\"@type\":\"WebPage\",\"@id\":\"https:\\\/\\\/iraurgiberritzen.eus\\\/es\\\/iraurgi-berritzen-ha-organizado-un-ciclo-de-formacion-dirigido-a-empresas-del-sector-del-turismo-de-urola-erdia\\\/\",\"url\":\"https:\\\/\\\/iraurgiberritzen.eus\\\/es\\\/iraurgi-berritzen-ha-organizado-un-ciclo-de-formacion-dirigido-a-empresas-del-sector-del-turismo-de-urola-erdia\\\/\",\"name\":\"Iraurgi Berritzen ha organizado un ciclo de formaci\u00f3n dirigido a empresas del sector del turismo de Urola Erdia - Iraurgi Berritzen\",\"isPartOf\":{\"@id\":\"https:\\\/\\\/iraurgiberritzen.eus\\\/es\\\/#website\"},\"primaryImageOfPage\":{\"@id\":\"https:\\\/\\\/iraurgiberritzen.eus\\\/es\\\/iraurgi-berritzen-ha-organizado-un-ciclo-de-formacion-dirigido-a-empresas-del-sector-del-turismo-de-urola-erdia\\\/#primaryimage\"},\"image\":{\"@id\":\"https:\\\/\\\/iraurgiberritzen.eus\\\/es\\\/iraurgi-berritzen-ha-organizado-un-ciclo-de-formacion-dirigido-a-empresas-del-sector-del-turismo-de-urola-erdia\\\/#primaryimage\"},\"thumbnailUrl\":\"https:\\\/\\\/iraurgiberritzen.eus\\\/wp-content\\\/uploads\\\/2023\\\/09\\\/f14a855e71266fce000280ce97ff2b84.jpg\",\"datePublished\":\"2017-02-02T06:27:39+00:00\",\"breadcrumb\":{\"@id\":\"https:\\\/\\\/iraurgiberritzen.eus\\\/es\\\/iraurgi-berritzen-ha-organizado-un-ciclo-de-formacion-dirigido-a-empresas-del-sector-del-turismo-de-urola-erdia\\\/#breadcrumb\"},\"inLanguage\":\"es\",\"potentialAction\":[{\"@type\":\"ReadAction\",\"target\":[\"https:\\\/\\\/iraurgiberritzen.eus\\\/es\\\/iraurgi-berritzen-ha-organizado-un-ciclo-de-formacion-dirigido-a-empresas-del-sector-del-turismo-de-urola-erdia\\\/\"]}]},{\"@type\":\"ImageObject\",\"inLanguage\":\"es\",\"@id\":\"https:\\\/\\\/iraurgiberritzen.eus\\\/es\\\/iraurgi-berritzen-ha-organizado-un-ciclo-de-formacion-dirigido-a-empresas-del-sector-del-turismo-de-urola-erdia\\\/#primaryimage\",\"url\":\"https:\\\/\\\/iraurgiberritzen.eus\\\/wp-content\\\/uploads\\\/2023\\\/09\\\/f14a855e71266fce000280ce97ff2b84.jpg\",\"contentUrl\":\"https:\\\/\\\/iraurgiberritzen.eus\\\/wp-content\\\/uploads\\\/2023\\\/09\\\/f14a855e71266fce000280ce97ff2b84.jpg\",\"width\":600,\"height\":386},{\"@type\":\"BreadcrumbList\",\"@id\":\"https:\\\/\\\/iraurgiberritzen.eus\\\/es\\\/iraurgi-berritzen-ha-organizado-un-ciclo-de-formacion-dirigido-a-empresas-del-sector-del-turismo-de-urola-erdia\\\/#breadcrumb\",\"itemListElement\":[{\"@type\":\"ListItem\",\"position\":1,\"name\":\"Home\",\"item\":\"https:\\\/\\\/iraurgiberritzen.eus\\\/es\\\/\"},{\"@type\":\"ListItem\",\"position\":2,\"name\":\"Iraurgi Berritzen ha organizado un ciclo de formaci\u00f3n dirigido a empresas del sector del turismo de Urola Erdia\"}]},{\"@type\":\"WebSite\",\"@id\":\"https:\\\/\\\/iraurgiberritzen.eus\\\/es\\\/#website\",\"url\":\"https:\\\/\\\/iraurgiberritzen.eus\\\/es\\\/\",\"name\":\"Iraurgi Berritzen\",\"description\":\"Urola Erdiko Garapen Agentzia\",\"publisher\":{\"@id\":\"https:\\\/\\\/iraurgiberritzen.eus\\\/es\\\/#organization\"},\"potentialAction\":[{\"@type\":\"SearchAction\",\"target\":{\"@type\":\"EntryPoint\",\"urlTemplate\":\"https:\\\/\\\/iraurgiberritzen.eus\\\/es\\\/?s={search_term_string}\"},\"query-input\":{\"@type\":\"PropertyValueSpecification\",\"valueRequired\":true,\"valueName\":\"search_term_string\"}}],\"inLanguage\":\"es\"},{\"@type\":\"Organization\",\"@id\":\"https:\\\/\\\/iraurgiberritzen.eus\\\/es\\\/#organization\",\"name\":\"Iraurgi Berritzen\",\"url\":\"https:\\\/\\\/iraurgiberritzen.eus\\\/es\\\/\",\"logo\":{\"@type\":\"ImageObject\",\"inLanguage\":\"es\",\"@id\":\"https:\\\/\\\/iraurgiberritzen.eus\\\/es\\\/#\\\/schema\\\/logo\\\/image\\\/\",\"url\":\"https:\\\/\\\/iraurgiberritzen.eus\\\/wp-content\\\/uploads\\\/2024\\\/02\\\/IRAURGI-BERRITZEN-logotipoa_2.png\",\"contentUrl\":\"https:\\\/\\\/iraurgiberritzen.eus\\\/wp-content\\\/uploads\\\/2024\\\/02\\\/IRAURGI-BERRITZEN-logotipoa_2.png\",\"width\":496,\"height\":190,\"caption\":\"Iraurgi Berritzen\"},\"image\":{\"@id\":\"https:\\\/\\\/iraurgiberritzen.eus\\\/es\\\/#\\\/schema\\\/logo\\\/image\\\/\"}},{\"@type\":\"Person\",\"@id\":\"https:\\\/\\\/iraurgiberritzen.eus\\\/es\\\/#\\\/schema\\\/person\\\/5ab41aaf388a9097177601ebf45738d2\",\"name\":\"kudeatzailea\",\"sameAs\":[\"https:\\\/\\\/iraurgiberritzen.eus\"]}]}<\/script>\n<!-- \/ Yoast SEO plugin. -->","yoast_head_json":{"title":"Iraurgi Berritzen ha organizado un ciclo de formaci\u00f3n dirigido a empresas del sector del turismo de Urola Erdia - Iraurgi Berritzen","robots":{"index":"index","follow":"follow","max-snippet":"max-snippet:-1","max-image-preview":"max-image-preview:large","max-video-preview":"max-video-preview:-1"},"canonical":"https:\/\/iraurgiberritzen.eus\/es\/iraurgi-berritzen-ha-organizado-un-ciclo-de-formacion-dirigido-a-empresas-del-sector-del-turismo-de-urola-erdia\/","og_locale":"es_ES","og_type":"article","og_title":"Iraurgi Berritzen ha organizado un ciclo de formaci\u00f3n dirigido a empresas del sector del turismo de Urola Erdia - Iraurgi Berritzen","og_description":"El departamento de Turismo de Iraurgi Berritzen, Agencia de Desarrollo de Urola Erdia, ha organizado un ciclo de jornadas formativas en el \u00e1mbito del Marketing Digital dirigido a empresas del sector del turismo y hosteler\u00eda de la comarca de Urola Erdia. Concretamente, se han organizado tres sesiones encaminadas a analizar y mejorar la visibilidad y [&hellip;]","og_url":"https:\/\/iraurgiberritzen.eus\/es\/iraurgi-berritzen-ha-organizado-un-ciclo-de-formacion-dirigido-a-empresas-del-sector-del-turismo-de-urola-erdia\/","og_site_name":"Iraurgi Berritzen","article_published_time":"2017-02-02T06:27:39+00:00","author":"kudeatzailea","twitter_card":"summary_large_image","twitter_misc":{"Escrito por":"kudeatzailea","Tiempo de lectura":"2 minutos"},"schema":{"@context":"https:\/\/schema.org","@graph":[{"@type":"Article","@id":"https:\/\/iraurgiberritzen.eus\/es\/iraurgi-berritzen-ha-organizado-un-ciclo-de-formacion-dirigido-a-empresas-del-sector-del-turismo-de-urola-erdia\/#article","isPartOf":{"@id":"https:\/\/iraurgiberritzen.eus\/es\/iraurgi-berritzen-ha-organizado-un-ciclo-de-formacion-dirigido-a-empresas-del-sector-del-turismo-de-urola-erdia\/"},"author":{"name":"kudeatzailea","@id":"https:\/\/iraurgiberritzen.eus\/es\/#\/schema\/person\/5ab41aaf388a9097177601ebf45738d2"},"headline":"Iraurgi Berritzen ha organizado un ciclo de formaci\u00f3n dirigido a empresas del sector del turismo de Urola Erdia","datePublished":"2017-02-02T06:27:39+00:00","mainEntityOfPage":{"@id":"https:\/\/iraurgiberritzen.eus\/es\/iraurgi-berritzen-ha-organizado-un-ciclo-de-formacion-dirigido-a-empresas-del-sector-del-turismo-de-urola-erdia\/"},"wordCount":366,"publisher":{"@id":"https:\/\/iraurgiberritzen.eus\/es\/#organization"},"image":{"@id":"https:\/\/iraurgiberritzen.eus\/es\/iraurgi-berritzen-ha-organizado-un-ciclo-de-formacion-dirigido-a-empresas-del-sector-del-turismo-de-urola-erdia\/#primaryimage"},"thumbnailUrl":"https:\/\/iraurgiberritzen.eus\/wp-content\/uploads\/2023\/09\/f14a855e71266fce000280ce97ff2b84.jpg","articleSection":["Noticias"],"inLanguage":"es"},{"@type":"WebPage","@id":"https:\/\/iraurgiberritzen.eus\/es\/iraurgi-berritzen-ha-organizado-un-ciclo-de-formacion-dirigido-a-empresas-del-sector-del-turismo-de-urola-erdia\/","url":"https:\/\/iraurgiberritzen.eus\/es\/iraurgi-berritzen-ha-organizado-un-ciclo-de-formacion-dirigido-a-empresas-del-sector-del-turismo-de-urola-erdia\/","name":"Iraurgi Berritzen ha organizado un ciclo de formaci\u00f3n dirigido a empresas del sector del turismo de Urola Erdia - Iraurgi Berritzen","isPartOf":{"@id":"https:\/\/iraurgiberritzen.eus\/es\/#website"},"primaryImageOfPage":{"@id":"https:\/\/iraurgiberritzen.eus\/es\/iraurgi-berritzen-ha-organizado-un-ciclo-de-formacion-dirigido-a-empresas-del-sector-del-turismo-de-urola-erdia\/#primaryimage"},"image":{"@id":"https:\/\/iraurgiberritzen.eus\/es\/iraurgi-berritzen-ha-organizado-un-ciclo-de-formacion-dirigido-a-empresas-del-sector-del-turismo-de-urola-erdia\/#primaryimage"},"thumbnailUrl":"https:\/\/iraurgiberritzen.eus\/wp-content\/uploads\/2023\/09\/f14a855e71266fce000280ce97ff2b84.jpg","datePublished":"2017-02-02T06:27:39+00:00","breadcrumb":{"@id":"https:\/\/iraurgiberritzen.eus\/es\/iraurgi-berritzen-ha-organizado-un-ciclo-de-formacion-dirigido-a-empresas-del-sector-del-turismo-de-urola-erdia\/#breadcrumb"},"inLanguage":"es","potentialAction":[{"@type":"ReadAction","target":["https:\/\/iraurgiberritzen.eus\/es\/iraurgi-berritzen-ha-organizado-un-ciclo-de-formacion-dirigido-a-empresas-del-sector-del-turismo-de-urola-erdia\/"]}]},{"@type":"ImageObject","inLanguage":"es","@id":"https:\/\/iraurgiberritzen.eus\/es\/iraurgi-berritzen-ha-organizado-un-ciclo-de-formacion-dirigido-a-empresas-del-sector-del-turismo-de-urola-erdia\/#primaryimage","url":"https:\/\/iraurgiberritzen.eus\/wp-content\/uploads\/2023\/09\/f14a855e71266fce000280ce97ff2b84.jpg","contentUrl":"https:\/\/iraurgiberritzen.eus\/wp-content\/uploads\/2023\/09\/f14a855e71266fce000280ce97ff2b84.jpg","width":600,"height":386},{"@type":"BreadcrumbList","@id":"https:\/\/iraurgiberritzen.eus\/es\/iraurgi-berritzen-ha-organizado-un-ciclo-de-formacion-dirigido-a-empresas-del-sector-del-turismo-de-urola-erdia\/#breadcrumb","itemListElement":[{"@type":"ListItem","position":1,"name":"Home","item":"https:\/\/iraurgiberritzen.eus\/es\/"},{"@type":"ListItem","position":2,"name":"Iraurgi Berritzen ha organizado un ciclo de formaci\u00f3n dirigido a empresas del sector del turismo de Urola Erdia"}]},{"@type":"WebSite","@id":"https:\/\/iraurgiberritzen.eus\/es\/#website","url":"https:\/\/iraurgiberritzen.eus\/es\/","name":"Iraurgi Berritzen","description":"Urola Erdiko Garapen Agentzia","publisher":{"@id":"https:\/\/iraurgiberritzen.eus\/es\/#organization"},"potentialAction":[{"@type":"SearchAction","target":{"@type":"EntryPoint","urlTemplate":"https:\/\/iraurgiberritzen.eus\/es\/?s={search_term_string}"},"query-input":{"@type":"PropertyValueSpecification","valueRequired":true,"valueName":"search_term_string"}}],"inLanguage":"es"},{"@type":"Organization","@id":"https:\/\/iraurgiberritzen.eus\/es\/#organization","name":"Iraurgi Berritzen","url":"https:\/\/iraurgiberritzen.eus\/es\/","logo":{"@type":"ImageObject","inLanguage":"es","@id":"https:\/\/iraurgiberritzen.eus\/es\/#\/schema\/logo\/image\/","url":"https:\/\/iraurgiberritzen.eus\/wp-content\/uploads\/2024\/02\/IRAURGI-BERRITZEN-logotipoa_2.png","contentUrl":"https:\/\/iraurgiberritzen.eus\/wp-content\/uploads\/2024\/02\/IRAURGI-BERRITZEN-logotipoa_2.png","width":496,"height":190,"caption":"Iraurgi Berritzen"},"image":{"@id":"https:\/\/iraurgiberritzen.eus\/es\/#\/schema\/logo\/image\/"}},{"@type":"Person","@id":"https:\/\/iraurgiberritzen.eus\/es\/#\/schema\/person\/5ab41aaf388a9097177601ebf45738d2","name":"kudeatzailea","sameAs":["https:\/\/iraurgiberritzen.eus"]}]}},"_links":{"self":[{"href":"https:\/\/iraurgiberritzen.eus\/es\/wp-json\/wp\/v2\/posts\/12126","targetHints":{"allow":["GET"]}}],"collection":[{"href":"https:\/\/iraurgiberritzen.eus\/es\/wp-json\/wp\/v2\/posts"}],"about":[{"href":"https:\/\/iraurgiberritzen.eus\/es\/wp-json\/wp\/v2\/types\/post"}],"author":[{"embeddable":true,"href":"https:\/\/iraurgiberritzen.eus\/es\/wp-json\/wp\/v2\/users\/1"}],"replies":[{"embeddable":true,"href":"https:\/\/iraurgiberritzen.eus\/es\/wp-json\/wp\/v2\/comments?post=12126"}],"version-history":[{"count":0,"href":"https:\/\/iraurgiberritzen.eus\/es\/wp-json\/wp\/v2\/posts\/12126\/revisions"}],"wp:featuredmedia":[{"embeddable":true,"href":"https:\/\/iraurgiberritzen.eus\/es\/wp-json\/wp\/v2\/media\/17952"}],"wp:attachment":[{"href":"https:\/\/iraurgiberritzen.eus\/es\/wp-json\/wp\/v2\/media?parent=12126"}],"wp:term":[{"taxonomy":"category","embeddable":true,"href":"https:\/\/iraurgiberritzen.eus\/es\/wp-json\/wp\/v2\/categories?post=12126"},{"taxonomy":"post_tag","embeddable":true,"href":"https:\/\/iraurgiberritzen.eus\/es\/wp-json\/wp\/v2\/tags?post=12126"}],"curies":[{"name":"wp","href":"https:\/\/api.w.org\/{rel}","templated":true}]}}