{"id":12138,"date":"2017-02-14T00:00:00","date_gmt":"2017-02-13T22:00:00","guid":{"rendered":"https:\/\/iraurgiberritzen.eus\/ya-ha-comenzado-elkarrekin-eraikitzen-2016-17\/"},"modified":"2017-02-14T00:00:00","modified_gmt":"2017-02-13T22:00:00","slug":"ya-ha-comenzado-elkarrekin-eraikitzen-2016-17","status":"publish","type":"post","link":"https:\/\/iraurgiberritzen.eus\/es\/ya-ha-comenzado-elkarrekin-eraikitzen-2016-17\/","title":{"rendered":"\u00a1Ya ha comenzado Elkarrekin Eraikitzen 2016\/17!"},"content":{"rendered":"<p>Ya ha comenzado el proyecto Elkarrekin Eraikitzen 2016\/17 y este a\u00f1o participar\u00e1n 5 escuelas y unos 250 estudiantes. Adem\u00e1s, los j\u00f3venes van a entrevistar y visitar a m\u00e1s de 40 agentes.<\/p>\n<p>Comenz\u00f3 el proyecto Elkarrekin Eraikitzen 2016\/17 el pasado diciembre y enero. Aparte de analizar el contenido del proyecto, hicieron el seminario \u00abLan Taldeen Gidaritza\u00bb (orientaci\u00f3n de los grupos de trabajo). En el seminario, se explicaron los bases te\u00f3ricos y las distintas situaciones que se pueden ocasionar.<\/p>\n<p>Los objetivos del proyectos siguen siendo los mismos de hace cuatro a\u00f1os. Por una parte,&nbsp;es se va a ofrecer al profesorado espacios de experimentaci\u00f3n en metodolog\u00edas innovadoras. Por otra parte, con las metodologias innovadoras se promover\u00e1n&nbsp;valores de emprendimiento entre los alumnos, incidiendo en el cambio de los modos de hacer; por ejemplo, la creatividad, el uso del IKT, la comunicaci\u00f3n, la autonom\u00eda, la iniciativa o las capacidades de trabajar en grupo. Por \u00faltimo,&nbsp;los alumnos van a analizar la situaci\u00f3n real de la comarca, para que puedan tener as\u00ed mayor conocimiento de la realidad.<\/p>\n<p>Para llevar a cabo esos objetivos, se ha dise\u00f1ado el trayecto que aparece en el siguiente imagen.<\/p>\n<img loading=\"lazy\" decoding=\"async\" style=\"display: block; margin-left: auto; margin-right: auto;\" src=\"images\/EE_Kronograma-1024x364.png\" alt=\"EE Kronograma-1024x364\" width=\"700\" height=\"249\" \/>\n<p>Para terminar, teniendo en cuenta la evaluaci\u00f3n que hicieron los participantes del a\u00f1o pasado, el proyecto trae novedades. Entre otras, formar una gu\u00eda para los profesores, la renovaci\u00f3n de la p\u00e1gina web o la preparaci\u00f3n de los nuevos retos. As\u00ed para los alumnos el proyecto sera m\u00e1s atractivo.<\/p>\n<p>Por lo cual, \u00a1ya est\u00e1 en marcha el proyecto Elkarrekin Eraikitzen 2016\/17!<\/p>\n","protected":false},"excerpt":{"rendered":"<p>Ya ha comenzado el proyecto Elkarrekin Eraikitzen 2016\/17 y este a\u00f1o participar\u00e1n 5 escuelas y unos 250 estudiantes. Adem\u00e1s, los j\u00f3venes van a entrevistar y visitar a m\u00e1s de 40 agentes. Comenz\u00f3 el proyecto Elkarrekin Eraikitzen 2016\/17 el pasado diciembre y enero. Aparte de analizar el contenido del proyecto, hicieron el seminario \u00abLan Taldeen Gidaritza\u00bb [&hellip;]<\/p>\n","protected":false},"author":1,"featured_media":17954,"comment_status":"closed","ping_status":"closed","sticky":false,"template":"","format":"standard","meta":{"_acf_changed":false,"footnotes":""},"categories":[4],"tags":[],"class_list":["post-12138","post","type-post","status-publish","format-standard","has-post-thumbnail","hentry","category-noticias"],"acf":[],"yoast_head":"<!-- This site is optimized with the Yoast SEO plugin v27.4 - https:\/\/yoast.com\/product\/yoast-seo-wordpress\/ -->\n<title>\u00a1Ya ha comenzado Elkarrekin Eraikitzen 2016\/17! - Iraurgi Berritzen<\/title>\n<meta name=\"robots\" content=\"index, follow, max-snippet:-1, max-image-preview:large, max-video-preview:-1\" \/>\n<link rel=\"canonical\" href=\"https:\/\/iraurgiberritzen.eus\/es\/ya-ha-comenzado-elkarrekin-eraikitzen-2016-17\/\" \/>\n<meta property=\"og:locale\" content=\"es_ES\" \/>\n<meta property=\"og:type\" content=\"article\" \/>\n<meta property=\"og:title\" content=\"\u00a1Ya ha comenzado Elkarrekin Eraikitzen 2016\/17! - Iraurgi Berritzen\" \/>\n<meta property=\"og:description\" content=\"Ya ha comenzado el proyecto Elkarrekin Eraikitzen 2016\/17 y este a\u00f1o participar\u00e1n 5 escuelas y unos 250 estudiantes. Adem\u00e1s, los j\u00f3venes van a entrevistar y visitar a m\u00e1s de 40 agentes. Comenz\u00f3 el proyecto Elkarrekin Eraikitzen 2016\/17 el pasado diciembre y enero. Aparte de analizar el contenido del proyecto, hicieron el seminario \u00abLan Taldeen Gidaritza\u00bb [&hellip;]\" \/>\n<meta property=\"og:url\" content=\"https:\/\/iraurgiberritzen.eus\/es\/ya-ha-comenzado-elkarrekin-eraikitzen-2016-17\/\" \/>\n<meta property=\"og:site_name\" content=\"Iraurgi Berritzen\" \/>\n<meta property=\"article:published_time\" content=\"2017-02-13T22:00:00+00:00\" \/>\n<meta name=\"author\" content=\"kudeatzailea\" \/>\n<meta name=\"twitter:card\" content=\"summary_large_image\" \/>\n<meta name=\"twitter:label1\" content=\"Escrito por\" \/>\n\t<meta name=\"twitter:data1\" content=\"kudeatzailea\" \/>\n\t<meta name=\"twitter:label2\" content=\"Tiempo de lectura\" \/>\n\t<meta name=\"twitter:data2\" content=\"1 minuto\" \/>\n<script type=\"application\/ld+json\" class=\"yoast-schema-graph\">{\"@context\":\"https:\\\/\\\/schema.org\",\"@graph\":[{\"@type\":\"Article\",\"@id\":\"https:\\\/\\\/iraurgiberritzen.eus\\\/es\\\/ya-ha-comenzado-elkarrekin-eraikitzen-2016-17\\\/#article\",\"isPartOf\":{\"@id\":\"https:\\\/\\\/iraurgiberritzen.eus\\\/es\\\/ya-ha-comenzado-elkarrekin-eraikitzen-2016-17\\\/\"},\"author\":{\"name\":\"kudeatzailea\",\"@id\":\"https:\\\/\\\/iraurgiberritzen.eus\\\/es\\\/#\\\/schema\\\/person\\\/5ab41aaf388a9097177601ebf45738d2\"},\"headline\":\"\u00a1Ya ha comenzado Elkarrekin Eraikitzen 2016\\\/17!\",\"datePublished\":\"2017-02-13T22:00:00+00:00\",\"mainEntityOfPage\":{\"@id\":\"https:\\\/\\\/iraurgiberritzen.eus\\\/es\\\/ya-ha-comenzado-elkarrekin-eraikitzen-2016-17\\\/\"},\"wordCount\":274,\"publisher\":{\"@id\":\"https:\\\/\\\/iraurgiberritzen.eus\\\/es\\\/#organization\"},\"image\":{\"@id\":\"https:\\\/\\\/iraurgiberritzen.eus\\\/es\\\/ya-ha-comenzado-elkarrekin-eraikitzen-2016-17\\\/#primaryimage\"},\"thumbnailUrl\":\"https:\\\/\\\/iraurgiberritzen.eus\\\/wp-content\\\/uploads\\\/2023\\\/09\\\/ca0d6da997c7f811cdca8d4563c6a22c.jpg\",\"articleSection\":[\"Noticias\"],\"inLanguage\":\"es\"},{\"@type\":\"WebPage\",\"@id\":\"https:\\\/\\\/iraurgiberritzen.eus\\\/es\\\/ya-ha-comenzado-elkarrekin-eraikitzen-2016-17\\\/\",\"url\":\"https:\\\/\\\/iraurgiberritzen.eus\\\/es\\\/ya-ha-comenzado-elkarrekin-eraikitzen-2016-17\\\/\",\"name\":\"\u00a1Ya ha comenzado Elkarrekin Eraikitzen 2016\\\/17! - Iraurgi Berritzen\",\"isPartOf\":{\"@id\":\"https:\\\/\\\/iraurgiberritzen.eus\\\/es\\\/#website\"},\"primaryImageOfPage\":{\"@id\":\"https:\\\/\\\/iraurgiberritzen.eus\\\/es\\\/ya-ha-comenzado-elkarrekin-eraikitzen-2016-17\\\/#primaryimage\"},\"image\":{\"@id\":\"https:\\\/\\\/iraurgiberritzen.eus\\\/es\\\/ya-ha-comenzado-elkarrekin-eraikitzen-2016-17\\\/#primaryimage\"},\"thumbnailUrl\":\"https:\\\/\\\/iraurgiberritzen.eus\\\/wp-content\\\/uploads\\\/2023\\\/09\\\/ca0d6da997c7f811cdca8d4563c6a22c.jpg\",\"datePublished\":\"2017-02-13T22:00:00+00:00\",\"breadcrumb\":{\"@id\":\"https:\\\/\\\/iraurgiberritzen.eus\\\/es\\\/ya-ha-comenzado-elkarrekin-eraikitzen-2016-17\\\/#breadcrumb\"},\"inLanguage\":\"es\",\"potentialAction\":[{\"@type\":\"ReadAction\",\"target\":[\"https:\\\/\\\/iraurgiberritzen.eus\\\/es\\\/ya-ha-comenzado-elkarrekin-eraikitzen-2016-17\\\/\"]}]},{\"@type\":\"ImageObject\",\"inLanguage\":\"es\",\"@id\":\"https:\\\/\\\/iraurgiberritzen.eus\\\/es\\\/ya-ha-comenzado-elkarrekin-eraikitzen-2016-17\\\/#primaryimage\",\"url\":\"https:\\\/\\\/iraurgiberritzen.eus\\\/wp-content\\\/uploads\\\/2023\\\/09\\\/ca0d6da997c7f811cdca8d4563c6a22c.jpg\",\"contentUrl\":\"https:\\\/\\\/iraurgiberritzen.eus\\\/wp-content\\\/uploads\\\/2023\\\/09\\\/ca0d6da997c7f811cdca8d4563c6a22c.jpg\",\"width\":600,\"height\":386},{\"@type\":\"BreadcrumbList\",\"@id\":\"https:\\\/\\\/iraurgiberritzen.eus\\\/es\\\/ya-ha-comenzado-elkarrekin-eraikitzen-2016-17\\\/#breadcrumb\",\"itemListElement\":[{\"@type\":\"ListItem\",\"position\":1,\"name\":\"Home\",\"item\":\"https:\\\/\\\/iraurgiberritzen.eus\\\/es\\\/\"},{\"@type\":\"ListItem\",\"position\":2,\"name\":\"\u00a1Ya ha comenzado Elkarrekin Eraikitzen 2016\\\/17!\"}]},{\"@type\":\"WebSite\",\"@id\":\"https:\\\/\\\/iraurgiberritzen.eus\\\/es\\\/#website\",\"url\":\"https:\\\/\\\/iraurgiberritzen.eus\\\/es\\\/\",\"name\":\"Iraurgi Berritzen\",\"description\":\"Urola Erdiko Garapen Agentzia\",\"publisher\":{\"@id\":\"https:\\\/\\\/iraurgiberritzen.eus\\\/es\\\/#organization\"},\"potentialAction\":[{\"@type\":\"SearchAction\",\"target\":{\"@type\":\"EntryPoint\",\"urlTemplate\":\"https:\\\/\\\/iraurgiberritzen.eus\\\/es\\\/?s={search_term_string}\"},\"query-input\":{\"@type\":\"PropertyValueSpecification\",\"valueRequired\":true,\"valueName\":\"search_term_string\"}}],\"inLanguage\":\"es\"},{\"@type\":\"Organization\",\"@id\":\"https:\\\/\\\/iraurgiberritzen.eus\\\/es\\\/#organization\",\"name\":\"Iraurgi Berritzen\",\"url\":\"https:\\\/\\\/iraurgiberritzen.eus\\\/es\\\/\",\"logo\":{\"@type\":\"ImageObject\",\"inLanguage\":\"es\",\"@id\":\"https:\\\/\\\/iraurgiberritzen.eus\\\/es\\\/#\\\/schema\\\/logo\\\/image\\\/\",\"url\":\"https:\\\/\\\/iraurgiberritzen.eus\\\/wp-content\\\/uploads\\\/2024\\\/02\\\/IRAURGI-BERRITZEN-logotipoa_2.png\",\"contentUrl\":\"https:\\\/\\\/iraurgiberritzen.eus\\\/wp-content\\\/uploads\\\/2024\\\/02\\\/IRAURGI-BERRITZEN-logotipoa_2.png\",\"width\":496,\"height\":190,\"caption\":\"Iraurgi Berritzen\"},\"image\":{\"@id\":\"https:\\\/\\\/iraurgiberritzen.eus\\\/es\\\/#\\\/schema\\\/logo\\\/image\\\/\"}},{\"@type\":\"Person\",\"@id\":\"https:\\\/\\\/iraurgiberritzen.eus\\\/es\\\/#\\\/schema\\\/person\\\/5ab41aaf388a9097177601ebf45738d2\",\"name\":\"kudeatzailea\",\"sameAs\":[\"https:\\\/\\\/iraurgiberritzen.eus\"]}]}<\/script>\n<!-- \/ Yoast SEO plugin. -->","yoast_head_json":{"title":"\u00a1Ya ha comenzado Elkarrekin Eraikitzen 2016\/17! - Iraurgi Berritzen","robots":{"index":"index","follow":"follow","max-snippet":"max-snippet:-1","max-image-preview":"max-image-preview:large","max-video-preview":"max-video-preview:-1"},"canonical":"https:\/\/iraurgiberritzen.eus\/es\/ya-ha-comenzado-elkarrekin-eraikitzen-2016-17\/","og_locale":"es_ES","og_type":"article","og_title":"\u00a1Ya ha comenzado Elkarrekin Eraikitzen 2016\/17! - Iraurgi Berritzen","og_description":"Ya ha comenzado el proyecto Elkarrekin Eraikitzen 2016\/17 y este a\u00f1o participar\u00e1n 5 escuelas y unos 250 estudiantes. Adem\u00e1s, los j\u00f3venes van a entrevistar y visitar a m\u00e1s de 40 agentes. Comenz\u00f3 el proyecto Elkarrekin Eraikitzen 2016\/17 el pasado diciembre y enero. Aparte de analizar el contenido del proyecto, hicieron el seminario \u00abLan Taldeen Gidaritza\u00bb [&hellip;]","og_url":"https:\/\/iraurgiberritzen.eus\/es\/ya-ha-comenzado-elkarrekin-eraikitzen-2016-17\/","og_site_name":"Iraurgi Berritzen","article_published_time":"2017-02-13T22:00:00+00:00","author":"kudeatzailea","twitter_card":"summary_large_image","twitter_misc":{"Escrito por":"kudeatzailea","Tiempo de lectura":"1 minuto"},"schema":{"@context":"https:\/\/schema.org","@graph":[{"@type":"Article","@id":"https:\/\/iraurgiberritzen.eus\/es\/ya-ha-comenzado-elkarrekin-eraikitzen-2016-17\/#article","isPartOf":{"@id":"https:\/\/iraurgiberritzen.eus\/es\/ya-ha-comenzado-elkarrekin-eraikitzen-2016-17\/"},"author":{"name":"kudeatzailea","@id":"https:\/\/iraurgiberritzen.eus\/es\/#\/schema\/person\/5ab41aaf388a9097177601ebf45738d2"},"headline":"\u00a1Ya ha comenzado Elkarrekin Eraikitzen 2016\/17!","datePublished":"2017-02-13T22:00:00+00:00","mainEntityOfPage":{"@id":"https:\/\/iraurgiberritzen.eus\/es\/ya-ha-comenzado-elkarrekin-eraikitzen-2016-17\/"},"wordCount":274,"publisher":{"@id":"https:\/\/iraurgiberritzen.eus\/es\/#organization"},"image":{"@id":"https:\/\/iraurgiberritzen.eus\/es\/ya-ha-comenzado-elkarrekin-eraikitzen-2016-17\/#primaryimage"},"thumbnailUrl":"https:\/\/iraurgiberritzen.eus\/wp-content\/uploads\/2023\/09\/ca0d6da997c7f811cdca8d4563c6a22c.jpg","articleSection":["Noticias"],"inLanguage":"es"},{"@type":"WebPage","@id":"https:\/\/iraurgiberritzen.eus\/es\/ya-ha-comenzado-elkarrekin-eraikitzen-2016-17\/","url":"https:\/\/iraurgiberritzen.eus\/es\/ya-ha-comenzado-elkarrekin-eraikitzen-2016-17\/","name":"\u00a1Ya ha comenzado Elkarrekin Eraikitzen 2016\/17! - Iraurgi Berritzen","isPartOf":{"@id":"https:\/\/iraurgiberritzen.eus\/es\/#website"},"primaryImageOfPage":{"@id":"https:\/\/iraurgiberritzen.eus\/es\/ya-ha-comenzado-elkarrekin-eraikitzen-2016-17\/#primaryimage"},"image":{"@id":"https:\/\/iraurgiberritzen.eus\/es\/ya-ha-comenzado-elkarrekin-eraikitzen-2016-17\/#primaryimage"},"thumbnailUrl":"https:\/\/iraurgiberritzen.eus\/wp-content\/uploads\/2023\/09\/ca0d6da997c7f811cdca8d4563c6a22c.jpg","datePublished":"2017-02-13T22:00:00+00:00","breadcrumb":{"@id":"https:\/\/iraurgiberritzen.eus\/es\/ya-ha-comenzado-elkarrekin-eraikitzen-2016-17\/#breadcrumb"},"inLanguage":"es","potentialAction":[{"@type":"ReadAction","target":["https:\/\/iraurgiberritzen.eus\/es\/ya-ha-comenzado-elkarrekin-eraikitzen-2016-17\/"]}]},{"@type":"ImageObject","inLanguage":"es","@id":"https:\/\/iraurgiberritzen.eus\/es\/ya-ha-comenzado-elkarrekin-eraikitzen-2016-17\/#primaryimage","url":"https:\/\/iraurgiberritzen.eus\/wp-content\/uploads\/2023\/09\/ca0d6da997c7f811cdca8d4563c6a22c.jpg","contentUrl":"https:\/\/iraurgiberritzen.eus\/wp-content\/uploads\/2023\/09\/ca0d6da997c7f811cdca8d4563c6a22c.jpg","width":600,"height":386},{"@type":"BreadcrumbList","@id":"https:\/\/iraurgiberritzen.eus\/es\/ya-ha-comenzado-elkarrekin-eraikitzen-2016-17\/#breadcrumb","itemListElement":[{"@type":"ListItem","position":1,"name":"Home","item":"https:\/\/iraurgiberritzen.eus\/es\/"},{"@type":"ListItem","position":2,"name":"\u00a1Ya ha comenzado Elkarrekin Eraikitzen 2016\/17!"}]},{"@type":"WebSite","@id":"https:\/\/iraurgiberritzen.eus\/es\/#website","url":"https:\/\/iraurgiberritzen.eus\/es\/","name":"Iraurgi Berritzen","description":"Urola Erdiko Garapen Agentzia","publisher":{"@id":"https:\/\/iraurgiberritzen.eus\/es\/#organization"},"potentialAction":[{"@type":"SearchAction","target":{"@type":"EntryPoint","urlTemplate":"https:\/\/iraurgiberritzen.eus\/es\/?s={search_term_string}"},"query-input":{"@type":"PropertyValueSpecification","valueRequired":true,"valueName":"search_term_string"}}],"inLanguage":"es"},{"@type":"Organization","@id":"https:\/\/iraurgiberritzen.eus\/es\/#organization","name":"Iraurgi Berritzen","url":"https:\/\/iraurgiberritzen.eus\/es\/","logo":{"@type":"ImageObject","inLanguage":"es","@id":"https:\/\/iraurgiberritzen.eus\/es\/#\/schema\/logo\/image\/","url":"https:\/\/iraurgiberritzen.eus\/wp-content\/uploads\/2024\/02\/IRAURGI-BERRITZEN-logotipoa_2.png","contentUrl":"https:\/\/iraurgiberritzen.eus\/wp-content\/uploads\/2024\/02\/IRAURGI-BERRITZEN-logotipoa_2.png","width":496,"height":190,"caption":"Iraurgi Berritzen"},"image":{"@id":"https:\/\/iraurgiberritzen.eus\/es\/#\/schema\/logo\/image\/"}},{"@type":"Person","@id":"https:\/\/iraurgiberritzen.eus\/es\/#\/schema\/person\/5ab41aaf388a9097177601ebf45738d2","name":"kudeatzailea","sameAs":["https:\/\/iraurgiberritzen.eus"]}]}},"_links":{"self":[{"href":"https:\/\/iraurgiberritzen.eus\/es\/wp-json\/wp\/v2\/posts\/12138","targetHints":{"allow":["GET"]}}],"collection":[{"href":"https:\/\/iraurgiberritzen.eus\/es\/wp-json\/wp\/v2\/posts"}],"about":[{"href":"https:\/\/iraurgiberritzen.eus\/es\/wp-json\/wp\/v2\/types\/post"}],"author":[{"embeddable":true,"href":"https:\/\/iraurgiberritzen.eus\/es\/wp-json\/wp\/v2\/users\/1"}],"replies":[{"embeddable":true,"href":"https:\/\/iraurgiberritzen.eus\/es\/wp-json\/wp\/v2\/comments?post=12138"}],"version-history":[{"count":0,"href":"https:\/\/iraurgiberritzen.eus\/es\/wp-json\/wp\/v2\/posts\/12138\/revisions"}],"wp:featuredmedia":[{"embeddable":true,"href":"https:\/\/iraurgiberritzen.eus\/es\/wp-json\/wp\/v2\/media\/17954"}],"wp:attachment":[{"href":"https:\/\/iraurgiberritzen.eus\/es\/wp-json\/wp\/v2\/media?parent=12138"}],"wp:term":[{"taxonomy":"category","embeddable":true,"href":"https:\/\/iraurgiberritzen.eus\/es\/wp-json\/wp\/v2\/categories?post=12138"},{"taxonomy":"post_tag","embeddable":true,"href":"https:\/\/iraurgiberritzen.eus\/es\/wp-json\/wp\/v2\/tags?post=12138"}],"curies":[{"name":"wp","href":"https:\/\/api.w.org\/{rel}","templated":true}]}}