{"id":12161,"date":"2017-03-13T00:00:00","date_gmt":"2017-03-12T22:00:00","guid":{"rendered":"https:\/\/iraurgiberritzen.eus\/representantes-municipales-de-azpeitia-azkoitia-y-zestoa-se-reunen-con-los-jovenes-que-participan-en-la-segunda-edicion-del-programa-hazilan\/"},"modified":"2017-03-13T00:00:00","modified_gmt":"2017-03-12T22:00:00","slug":"representantes-municipales-de-azpeitia-azkoitia-y-zestoa-se-reunen-con-los-jovenes-que-participan-en-la-segunda-edicion-del-programa-hazilan","status":"publish","type":"post","link":"https:\/\/iraurgiberritzen.eus\/es\/representantes-municipales-de-azpeitia-azkoitia-y-zestoa-se-reunen-con-los-jovenes-que-participan-en-la-segunda-edicion-del-programa-hazilan\/","title":{"rendered":"Representantes municipales de Azpeitia, Azkoitia y Zestoa se re\u00fanen con los j\u00f3venes que participan en la segunda edici\u00f3n del programa Hazilan"},"content":{"rendered":"<p>Bajo la coordinaci\u00f3n de Iraurgi Berritzen, el 27 de enero arranc\u00f3 la 2\u00aa edici\u00f3n del programa Hazilan con la participaci\u00f3n de 20 j\u00f3venes. De entre ellos, cinco han encontrado un trabajo durante este tiempo. El presidente de Iraurgi Berritzen y alcalde Javier Zubizarreta junto con el concejal de Azpeitia Agustin Lizarralde y el alcalde de Zestoa Josetxo Mendizabal se han reunido con los j\u00f3venes para hacer una valoraci\u00f3n del proyecto y escuchar de primera mano su experiencia.<\/p>\n<p>El programa Hazilan se desarrolla por fases. Acaban de culminar la primera, la denominada \u00abAktibatu\u00bb y ahora comenzar\u00e1n a realizar pr\u00e1cticas de seis meses de duraci\u00f3n en empresas de la zona.<\/p>\n<p>En la edici\u00f3n del pasado a\u00f1o, que fue la primera, participaron 15 j\u00f3venes y hoy 13 de ellos est\u00e1n trabajando.<\/p>\n<p>El objetivo deL programa Hazilan es mejorar la empleabilidad y dotarlos de recursos para facilitarles la inserci\u00f3n laboral.<\/p>\n<p>Los representantes municipales les han transmitido su preocupaci\u00f3n por el desempleo y su compromiso por unir sinergias y seguir trabajando juntos en el tema del empleo.<\/p>\n","protected":false},"excerpt":{"rendered":"<p>Bajo la coordinaci\u00f3n de Iraurgi Berritzen, el 27 de enero arranc\u00f3 la 2\u00aa edici\u00f3n del programa Hazilan con la participaci\u00f3n de 20 j\u00f3venes. De entre ellos, cinco han encontrado un trabajo durante este tiempo. El presidente de Iraurgi Berritzen y alcalde Javier Zubizarreta junto con el concejal de Azpeitia Agustin Lizarralde y el alcalde de [&hellip;]<\/p>\n","protected":false},"author":1,"featured_media":17943,"comment_status":"","ping_status":"closed","sticky":false,"template":"","format":"standard","meta":{"_acf_changed":false,"footnotes":""},"categories":[4],"tags":[],"class_list":["post-12161","post","type-post","status-publish","format-standard","has-post-thumbnail","hentry","category-noticias"],"acf":[],"yoast_head":"<!-- This site is optimized with the Yoast SEO plugin v27.4 - https:\/\/yoast.com\/product\/yoast-seo-wordpress\/ -->\n<title>Representantes municipales de Azpeitia, Azkoitia y Zestoa se re\u00fanen con los j\u00f3venes que participan en la segunda edici\u00f3n del programa Hazilan - Iraurgi Berritzen<\/title>\n<meta name=\"robots\" content=\"index, follow, max-snippet:-1, max-image-preview:large, max-video-preview:-1\" \/>\n<link rel=\"canonical\" href=\"https:\/\/iraurgiberritzen.eus\/es\/representantes-municipales-de-azpeitia-azkoitia-y-zestoa-se-reunen-con-los-jovenes-que-participan-en-la-segunda-edicion-del-programa-hazilan\/\" \/>\n<meta property=\"og:locale\" content=\"es_ES\" \/>\n<meta property=\"og:type\" content=\"article\" \/>\n<meta property=\"og:title\" content=\"Representantes municipales de Azpeitia, Azkoitia y Zestoa se re\u00fanen con los j\u00f3venes que participan en la segunda edici\u00f3n del programa Hazilan - Iraurgi Berritzen\" \/>\n<meta property=\"og:description\" content=\"Bajo la coordinaci\u00f3n de Iraurgi Berritzen, el 27 de enero arranc\u00f3 la 2\u00aa edici\u00f3n del programa Hazilan con la participaci\u00f3n de 20 j\u00f3venes. De entre ellos, cinco han encontrado un trabajo durante este tiempo. El presidente de Iraurgi Berritzen y alcalde Javier Zubizarreta junto con el concejal de Azpeitia Agustin Lizarralde y el alcalde de [&hellip;]\" \/>\n<meta property=\"og:url\" content=\"https:\/\/iraurgiberritzen.eus\/es\/representantes-municipales-de-azpeitia-azkoitia-y-zestoa-se-reunen-con-los-jovenes-que-participan-en-la-segunda-edicion-del-programa-hazilan\/\" \/>\n<meta property=\"og:site_name\" content=\"Iraurgi Berritzen\" \/>\n<meta property=\"article:published_time\" content=\"2017-03-12T22:00:00+00:00\" \/>\n<meta name=\"author\" content=\"kudeatzailea\" \/>\n<meta name=\"twitter:card\" content=\"summary_large_image\" \/>\n<meta name=\"twitter:label1\" content=\"Escrito por\" \/>\n\t<meta name=\"twitter:data1\" content=\"kudeatzailea\" \/>\n\t<meta name=\"twitter:label2\" content=\"Tiempo de lectura\" \/>\n\t<meta name=\"twitter:data2\" content=\"1 minuto\" \/>\n<script type=\"application\/ld+json\" class=\"yoast-schema-graph\">{\"@context\":\"https:\\\/\\\/schema.org\",\"@graph\":[{\"@type\":\"Article\",\"@id\":\"https:\\\/\\\/iraurgiberritzen.eus\\\/es\\\/representantes-municipales-de-azpeitia-azkoitia-y-zestoa-se-reunen-con-los-jovenes-que-participan-en-la-segunda-edicion-del-programa-hazilan\\\/#article\",\"isPartOf\":{\"@id\":\"https:\\\/\\\/iraurgiberritzen.eus\\\/es\\\/representantes-municipales-de-azpeitia-azkoitia-y-zestoa-se-reunen-con-los-jovenes-que-participan-en-la-segunda-edicion-del-programa-hazilan\\\/\"},\"author\":{\"name\":\"kudeatzailea\",\"@id\":\"https:\\\/\\\/iraurgiberritzen.eus\\\/es\\\/#\\\/schema\\\/person\\\/5ab41aaf388a9097177601ebf45738d2\"},\"headline\":\"Representantes municipales de Azpeitia, Azkoitia y Zestoa se re\u00fanen con los j\u00f3venes que participan en la segunda edici\u00f3n del programa Hazilan\",\"datePublished\":\"2017-03-12T22:00:00+00:00\",\"mainEntityOfPage\":{\"@id\":\"https:\\\/\\\/iraurgiberritzen.eus\\\/es\\\/representantes-municipales-de-azpeitia-azkoitia-y-zestoa-se-reunen-con-los-jovenes-que-participan-en-la-segunda-edicion-del-programa-hazilan\\\/\"},\"wordCount\":206,\"publisher\":{\"@id\":\"https:\\\/\\\/iraurgiberritzen.eus\\\/es\\\/#organization\"},\"image\":{\"@id\":\"https:\\\/\\\/iraurgiberritzen.eus\\\/es\\\/representantes-municipales-de-azpeitia-azkoitia-y-zestoa-se-reunen-con-los-jovenes-que-participan-en-la-segunda-edicion-del-programa-hazilan\\\/#primaryimage\"},\"thumbnailUrl\":\"https:\\\/\\\/iraurgiberritzen.eus\\\/wp-content\\\/uploads\\\/2023\\\/09\\\/ef76ec555f88001101e0e225c3aa91e9.jpg\",\"articleSection\":[\"Noticias\"],\"inLanguage\":\"es\"},{\"@type\":\"WebPage\",\"@id\":\"https:\\\/\\\/iraurgiberritzen.eus\\\/es\\\/representantes-municipales-de-azpeitia-azkoitia-y-zestoa-se-reunen-con-los-jovenes-que-participan-en-la-segunda-edicion-del-programa-hazilan\\\/\",\"url\":\"https:\\\/\\\/iraurgiberritzen.eus\\\/es\\\/representantes-municipales-de-azpeitia-azkoitia-y-zestoa-se-reunen-con-los-jovenes-que-participan-en-la-segunda-edicion-del-programa-hazilan\\\/\",\"name\":\"Representantes municipales de Azpeitia, Azkoitia y Zestoa se re\u00fanen con los j\u00f3venes que participan en la segunda edici\u00f3n del programa Hazilan - Iraurgi Berritzen\",\"isPartOf\":{\"@id\":\"https:\\\/\\\/iraurgiberritzen.eus\\\/es\\\/#website\"},\"primaryImageOfPage\":{\"@id\":\"https:\\\/\\\/iraurgiberritzen.eus\\\/es\\\/representantes-municipales-de-azpeitia-azkoitia-y-zestoa-se-reunen-con-los-jovenes-que-participan-en-la-segunda-edicion-del-programa-hazilan\\\/#primaryimage\"},\"image\":{\"@id\":\"https:\\\/\\\/iraurgiberritzen.eus\\\/es\\\/representantes-municipales-de-azpeitia-azkoitia-y-zestoa-se-reunen-con-los-jovenes-que-participan-en-la-segunda-edicion-del-programa-hazilan\\\/#primaryimage\"},\"thumbnailUrl\":\"https:\\\/\\\/iraurgiberritzen.eus\\\/wp-content\\\/uploads\\\/2023\\\/09\\\/ef76ec555f88001101e0e225c3aa91e9.jpg\",\"datePublished\":\"2017-03-12T22:00:00+00:00\",\"breadcrumb\":{\"@id\":\"https:\\\/\\\/iraurgiberritzen.eus\\\/es\\\/representantes-municipales-de-azpeitia-azkoitia-y-zestoa-se-reunen-con-los-jovenes-que-participan-en-la-segunda-edicion-del-programa-hazilan\\\/#breadcrumb\"},\"inLanguage\":\"es\",\"potentialAction\":[{\"@type\":\"ReadAction\",\"target\":[\"https:\\\/\\\/iraurgiberritzen.eus\\\/es\\\/representantes-municipales-de-azpeitia-azkoitia-y-zestoa-se-reunen-con-los-jovenes-que-participan-en-la-segunda-edicion-del-programa-hazilan\\\/\"]}]},{\"@type\":\"ImageObject\",\"inLanguage\":\"es\",\"@id\":\"https:\\\/\\\/iraurgiberritzen.eus\\\/es\\\/representantes-municipales-de-azpeitia-azkoitia-y-zestoa-se-reunen-con-los-jovenes-que-participan-en-la-segunda-edicion-del-programa-hazilan\\\/#primaryimage\",\"url\":\"https:\\\/\\\/iraurgiberritzen.eus\\\/wp-content\\\/uploads\\\/2023\\\/09\\\/ef76ec555f88001101e0e225c3aa91e9.jpg\",\"contentUrl\":\"https:\\\/\\\/iraurgiberritzen.eus\\\/wp-content\\\/uploads\\\/2023\\\/09\\\/ef76ec555f88001101e0e225c3aa91e9.jpg\",\"width\":600,\"height\":386},{\"@type\":\"BreadcrumbList\",\"@id\":\"https:\\\/\\\/iraurgiberritzen.eus\\\/es\\\/representantes-municipales-de-azpeitia-azkoitia-y-zestoa-se-reunen-con-los-jovenes-que-participan-en-la-segunda-edicion-del-programa-hazilan\\\/#breadcrumb\",\"itemListElement\":[{\"@type\":\"ListItem\",\"position\":1,\"name\":\"Home\",\"item\":\"https:\\\/\\\/iraurgiberritzen.eus\\\/es\\\/\"},{\"@type\":\"ListItem\",\"position\":2,\"name\":\"Representantes municipales de Azpeitia, Azkoitia y Zestoa se re\u00fanen con los j\u00f3venes que participan en la segunda edici\u00f3n del programa Hazilan\"}]},{\"@type\":\"WebSite\",\"@id\":\"https:\\\/\\\/iraurgiberritzen.eus\\\/es\\\/#website\",\"url\":\"https:\\\/\\\/iraurgiberritzen.eus\\\/es\\\/\",\"name\":\"Iraurgi Berritzen\",\"description\":\"Urola Erdiko Garapen Agentzia\",\"publisher\":{\"@id\":\"https:\\\/\\\/iraurgiberritzen.eus\\\/es\\\/#organization\"},\"potentialAction\":[{\"@type\":\"SearchAction\",\"target\":{\"@type\":\"EntryPoint\",\"urlTemplate\":\"https:\\\/\\\/iraurgiberritzen.eus\\\/es\\\/?s={search_term_string}\"},\"query-input\":{\"@type\":\"PropertyValueSpecification\",\"valueRequired\":true,\"valueName\":\"search_term_string\"}}],\"inLanguage\":\"es\"},{\"@type\":\"Organization\",\"@id\":\"https:\\\/\\\/iraurgiberritzen.eus\\\/es\\\/#organization\",\"name\":\"Iraurgi Berritzen\",\"url\":\"https:\\\/\\\/iraurgiberritzen.eus\\\/es\\\/\",\"logo\":{\"@type\":\"ImageObject\",\"inLanguage\":\"es\",\"@id\":\"https:\\\/\\\/iraurgiberritzen.eus\\\/es\\\/#\\\/schema\\\/logo\\\/image\\\/\",\"url\":\"https:\\\/\\\/iraurgiberritzen.eus\\\/wp-content\\\/uploads\\\/2024\\\/02\\\/IRAURGI-BERRITZEN-logotipoa_2.png\",\"contentUrl\":\"https:\\\/\\\/iraurgiberritzen.eus\\\/wp-content\\\/uploads\\\/2024\\\/02\\\/IRAURGI-BERRITZEN-logotipoa_2.png\",\"width\":496,\"height\":190,\"caption\":\"Iraurgi Berritzen\"},\"image\":{\"@id\":\"https:\\\/\\\/iraurgiberritzen.eus\\\/es\\\/#\\\/schema\\\/logo\\\/image\\\/\"}},{\"@type\":\"Person\",\"@id\":\"https:\\\/\\\/iraurgiberritzen.eus\\\/es\\\/#\\\/schema\\\/person\\\/5ab41aaf388a9097177601ebf45738d2\",\"name\":\"kudeatzailea\",\"sameAs\":[\"https:\\\/\\\/iraurgiberritzen.eus\"]}]}<\/script>\n<!-- \/ Yoast SEO plugin. -->","yoast_head_json":{"title":"Representantes municipales de Azpeitia, Azkoitia y Zestoa se re\u00fanen con los j\u00f3venes que participan en la segunda edici\u00f3n del programa Hazilan - Iraurgi Berritzen","robots":{"index":"index","follow":"follow","max-snippet":"max-snippet:-1","max-image-preview":"max-image-preview:large","max-video-preview":"max-video-preview:-1"},"canonical":"https:\/\/iraurgiberritzen.eus\/es\/representantes-municipales-de-azpeitia-azkoitia-y-zestoa-se-reunen-con-los-jovenes-que-participan-en-la-segunda-edicion-del-programa-hazilan\/","og_locale":"es_ES","og_type":"article","og_title":"Representantes municipales de Azpeitia, Azkoitia y Zestoa se re\u00fanen con los j\u00f3venes que participan en la segunda edici\u00f3n del programa Hazilan - Iraurgi Berritzen","og_description":"Bajo la coordinaci\u00f3n de Iraurgi Berritzen, el 27 de enero arranc\u00f3 la 2\u00aa edici\u00f3n del programa Hazilan con la participaci\u00f3n de 20 j\u00f3venes. De entre ellos, cinco han encontrado un trabajo durante este tiempo. El presidente de Iraurgi Berritzen y alcalde Javier Zubizarreta junto con el concejal de Azpeitia Agustin Lizarralde y el alcalde de [&hellip;]","og_url":"https:\/\/iraurgiberritzen.eus\/es\/representantes-municipales-de-azpeitia-azkoitia-y-zestoa-se-reunen-con-los-jovenes-que-participan-en-la-segunda-edicion-del-programa-hazilan\/","og_site_name":"Iraurgi Berritzen","article_published_time":"2017-03-12T22:00:00+00:00","author":"kudeatzailea","twitter_card":"summary_large_image","twitter_misc":{"Escrito por":"kudeatzailea","Tiempo de lectura":"1 minuto"},"schema":{"@context":"https:\/\/schema.org","@graph":[{"@type":"Article","@id":"https:\/\/iraurgiberritzen.eus\/es\/representantes-municipales-de-azpeitia-azkoitia-y-zestoa-se-reunen-con-los-jovenes-que-participan-en-la-segunda-edicion-del-programa-hazilan\/#article","isPartOf":{"@id":"https:\/\/iraurgiberritzen.eus\/es\/representantes-municipales-de-azpeitia-azkoitia-y-zestoa-se-reunen-con-los-jovenes-que-participan-en-la-segunda-edicion-del-programa-hazilan\/"},"author":{"name":"kudeatzailea","@id":"https:\/\/iraurgiberritzen.eus\/es\/#\/schema\/person\/5ab41aaf388a9097177601ebf45738d2"},"headline":"Representantes municipales de Azpeitia, Azkoitia y Zestoa se re\u00fanen con los j\u00f3venes que participan en la segunda edici\u00f3n del programa Hazilan","datePublished":"2017-03-12T22:00:00+00:00","mainEntityOfPage":{"@id":"https:\/\/iraurgiberritzen.eus\/es\/representantes-municipales-de-azpeitia-azkoitia-y-zestoa-se-reunen-con-los-jovenes-que-participan-en-la-segunda-edicion-del-programa-hazilan\/"},"wordCount":206,"publisher":{"@id":"https:\/\/iraurgiberritzen.eus\/es\/#organization"},"image":{"@id":"https:\/\/iraurgiberritzen.eus\/es\/representantes-municipales-de-azpeitia-azkoitia-y-zestoa-se-reunen-con-los-jovenes-que-participan-en-la-segunda-edicion-del-programa-hazilan\/#primaryimage"},"thumbnailUrl":"https:\/\/iraurgiberritzen.eus\/wp-content\/uploads\/2023\/09\/ef76ec555f88001101e0e225c3aa91e9.jpg","articleSection":["Noticias"],"inLanguage":"es"},{"@type":"WebPage","@id":"https:\/\/iraurgiberritzen.eus\/es\/representantes-municipales-de-azpeitia-azkoitia-y-zestoa-se-reunen-con-los-jovenes-que-participan-en-la-segunda-edicion-del-programa-hazilan\/","url":"https:\/\/iraurgiberritzen.eus\/es\/representantes-municipales-de-azpeitia-azkoitia-y-zestoa-se-reunen-con-los-jovenes-que-participan-en-la-segunda-edicion-del-programa-hazilan\/","name":"Representantes municipales de Azpeitia, Azkoitia y Zestoa se re\u00fanen con los j\u00f3venes que participan en la segunda edici\u00f3n del programa Hazilan - Iraurgi Berritzen","isPartOf":{"@id":"https:\/\/iraurgiberritzen.eus\/es\/#website"},"primaryImageOfPage":{"@id":"https:\/\/iraurgiberritzen.eus\/es\/representantes-municipales-de-azpeitia-azkoitia-y-zestoa-se-reunen-con-los-jovenes-que-participan-en-la-segunda-edicion-del-programa-hazilan\/#primaryimage"},"image":{"@id":"https:\/\/iraurgiberritzen.eus\/es\/representantes-municipales-de-azpeitia-azkoitia-y-zestoa-se-reunen-con-los-jovenes-que-participan-en-la-segunda-edicion-del-programa-hazilan\/#primaryimage"},"thumbnailUrl":"https:\/\/iraurgiberritzen.eus\/wp-content\/uploads\/2023\/09\/ef76ec555f88001101e0e225c3aa91e9.jpg","datePublished":"2017-03-12T22:00:00+00:00","breadcrumb":{"@id":"https:\/\/iraurgiberritzen.eus\/es\/representantes-municipales-de-azpeitia-azkoitia-y-zestoa-se-reunen-con-los-jovenes-que-participan-en-la-segunda-edicion-del-programa-hazilan\/#breadcrumb"},"inLanguage":"es","potentialAction":[{"@type":"ReadAction","target":["https:\/\/iraurgiberritzen.eus\/es\/representantes-municipales-de-azpeitia-azkoitia-y-zestoa-se-reunen-con-los-jovenes-que-participan-en-la-segunda-edicion-del-programa-hazilan\/"]}]},{"@type":"ImageObject","inLanguage":"es","@id":"https:\/\/iraurgiberritzen.eus\/es\/representantes-municipales-de-azpeitia-azkoitia-y-zestoa-se-reunen-con-los-jovenes-que-participan-en-la-segunda-edicion-del-programa-hazilan\/#primaryimage","url":"https:\/\/iraurgiberritzen.eus\/wp-content\/uploads\/2023\/09\/ef76ec555f88001101e0e225c3aa91e9.jpg","contentUrl":"https:\/\/iraurgiberritzen.eus\/wp-content\/uploads\/2023\/09\/ef76ec555f88001101e0e225c3aa91e9.jpg","width":600,"height":386},{"@type":"BreadcrumbList","@id":"https:\/\/iraurgiberritzen.eus\/es\/representantes-municipales-de-azpeitia-azkoitia-y-zestoa-se-reunen-con-los-jovenes-que-participan-en-la-segunda-edicion-del-programa-hazilan\/#breadcrumb","itemListElement":[{"@type":"ListItem","position":1,"name":"Home","item":"https:\/\/iraurgiberritzen.eus\/es\/"},{"@type":"ListItem","position":2,"name":"Representantes municipales de Azpeitia, Azkoitia y Zestoa se re\u00fanen con los j\u00f3venes que participan en la segunda edici\u00f3n del programa Hazilan"}]},{"@type":"WebSite","@id":"https:\/\/iraurgiberritzen.eus\/es\/#website","url":"https:\/\/iraurgiberritzen.eus\/es\/","name":"Iraurgi Berritzen","description":"Urola Erdiko Garapen Agentzia","publisher":{"@id":"https:\/\/iraurgiberritzen.eus\/es\/#organization"},"potentialAction":[{"@type":"SearchAction","target":{"@type":"EntryPoint","urlTemplate":"https:\/\/iraurgiberritzen.eus\/es\/?s={search_term_string}"},"query-input":{"@type":"PropertyValueSpecification","valueRequired":true,"valueName":"search_term_string"}}],"inLanguage":"es"},{"@type":"Organization","@id":"https:\/\/iraurgiberritzen.eus\/es\/#organization","name":"Iraurgi Berritzen","url":"https:\/\/iraurgiberritzen.eus\/es\/","logo":{"@type":"ImageObject","inLanguage":"es","@id":"https:\/\/iraurgiberritzen.eus\/es\/#\/schema\/logo\/image\/","url":"https:\/\/iraurgiberritzen.eus\/wp-content\/uploads\/2024\/02\/IRAURGI-BERRITZEN-logotipoa_2.png","contentUrl":"https:\/\/iraurgiberritzen.eus\/wp-content\/uploads\/2024\/02\/IRAURGI-BERRITZEN-logotipoa_2.png","width":496,"height":190,"caption":"Iraurgi Berritzen"},"image":{"@id":"https:\/\/iraurgiberritzen.eus\/es\/#\/schema\/logo\/image\/"}},{"@type":"Person","@id":"https:\/\/iraurgiberritzen.eus\/es\/#\/schema\/person\/5ab41aaf388a9097177601ebf45738d2","name":"kudeatzailea","sameAs":["https:\/\/iraurgiberritzen.eus"]}]}},"_links":{"self":[{"href":"https:\/\/iraurgiberritzen.eus\/es\/wp-json\/wp\/v2\/posts\/12161","targetHints":{"allow":["GET"]}}],"collection":[{"href":"https:\/\/iraurgiberritzen.eus\/es\/wp-json\/wp\/v2\/posts"}],"about":[{"href":"https:\/\/iraurgiberritzen.eus\/es\/wp-json\/wp\/v2\/types\/post"}],"author":[{"embeddable":true,"href":"https:\/\/iraurgiberritzen.eus\/es\/wp-json\/wp\/v2\/users\/1"}],"replies":[{"embeddable":true,"href":"https:\/\/iraurgiberritzen.eus\/es\/wp-json\/wp\/v2\/comments?post=12161"}],"version-history":[{"count":0,"href":"https:\/\/iraurgiberritzen.eus\/es\/wp-json\/wp\/v2\/posts\/12161\/revisions"}],"wp:featuredmedia":[{"embeddable":true,"href":"https:\/\/iraurgiberritzen.eus\/es\/wp-json\/wp\/v2\/media\/17943"}],"wp:attachment":[{"href":"https:\/\/iraurgiberritzen.eus\/es\/wp-json\/wp\/v2\/media?parent=12161"}],"wp:term":[{"taxonomy":"category","embeddable":true,"href":"https:\/\/iraurgiberritzen.eus\/es\/wp-json\/wp\/v2\/categories?post=12161"},{"taxonomy":"post_tag","embeddable":true,"href":"https:\/\/iraurgiberritzen.eus\/es\/wp-json\/wp\/v2\/tags?post=12161"}],"curies":[{"name":"wp","href":"https:\/\/api.w.org\/{rel}","templated":true}]}}