{"id":12164,"date":"2017-03-15T11:10:45","date_gmt":"2017-03-15T09:10:45","guid":{"rendered":"https:\/\/iraurgiberritzen.eus\/se-han-reunido-las-diez-empresas-que-forman-enpresa-gunea\/"},"modified":"2017-03-15T11:10:45","modified_gmt":"2017-03-15T09:10:45","slug":"se-han-reunido-las-diez-empresas-que-forman-enpresa-gunea","status":"publish","type":"post","link":"https:\/\/iraurgiberritzen.eus\/es\/se-han-reunido-las-diez-empresas-que-forman-enpresa-gunea\/","title":{"rendered":"Se han reunido las diez empresas que forman Enpresa Gunea"},"content":{"rendered":"<p>10 empresas de la comarca Urola Medio que forman <strong>Enpresa Gunea<\/strong> se reunieron en 10 de marzo, en el Palacio Insausti de Azkoitia.<\/p>\n<p>El objetivo de Enpresa Gunea es fomentar la competitividad y la innovaci\u00f3n en las empresas de la comarca, mediante la colaboraci\u00f3n entre las empresas. \u00bfC\u00f3mo? Creando y transfiriendo los conocimientos y experiencias que las empresas tienen en innovaci\u00f3n de gesti\u00f3n e innovaci\u00f3n tecnol\u00f3gica, para lo que se promueven procesos de aprendizaje colectivo en el que se intercambien opiniones y experiencias.<\/p>\n<p>En la reuni\u00f3n se explicaron las ayudas que est\u00e1 ofreciendo Iraurgi Berritzen a las empresas en 2017. Se decidieron los temas de prioridad:<\/p>\n<ol>\n<li><strong>Formaci\u00f3n pr\u00e1ctica para empresas:<\/strong> Compartir las pr\u00e1cticas con otras empresas de la comarca y formaci\u00f3n pr\u00e1ctica pasa el proceso productivo de las empresas.<\/li>\n<li><strong>Organizar actividades para activar el empleo de la comarca:<\/strong> Se har\u00e1 una encuesta para conocer el perfil profesional que piden las empresas y se organizar\u00e1n actividades para mejorar el estado de los desempleados.<\/li>\n<li>Proyectos para forzar el trabajo en equipo entre <strong>la empresa tractor y proveedores. \u200b<\/strong><\/li>\n<li><strong>Promoci\u00f3n de las nuevas tecnolog\u00edas en las empresas de la comarca:<\/strong> Experiencia piloto de 3DPrinting en las empresas.<\/li>\n<li>\u200bOferta de las ayudas de proyectos financiados para <strong>la mejora de la gesti\u00f3n y organizaci\u00f3n de las empresas<\/strong>.<\/li>\n<li>Proyecto estrat\u00e9gico para promocionar <strong>la tecnolog\u00eda y ciencia a los j\u00f3venes<\/strong> de la comarca. Proyecto Bizilabe en marcha.<\/li>\n<\/ol>\n<p>Empresas participantes: \u200bDomusa, Odrinox, Sidenor, Ormola, Glual, Lan Mobel, Xubi, Kimu bat, Berritek y Munibe Group.<\/p>\n","protected":false},"excerpt":{"rendered":"<p>10 empresas de la comarca Urola Medio que forman Enpresa Gunea se reunieron en 10 de marzo, en el Palacio Insausti de Azkoitia. El objetivo de Enpresa Gunea es fomentar la competitividad y la innovaci\u00f3n en las empresas de la comarca, mediante la colaboraci\u00f3n entre las empresas. \u00bfC\u00f3mo? Creando y transfiriendo los conocimientos y experiencias [&hellip;]<\/p>\n","protected":false},"author":1,"featured_media":17944,"comment_status":"","ping_status":"closed","sticky":false,"template":"","format":"standard","meta":{"_acf_changed":false,"footnotes":""},"categories":[4],"tags":[],"class_list":["post-12164","post","type-post","status-publish","format-standard","has-post-thumbnail","hentry","category-noticias"],"acf":[],"yoast_head":"<!-- This site is optimized with the Yoast SEO plugin v27.4 - https:\/\/yoast.com\/product\/yoast-seo-wordpress\/ -->\n<title>Se han reunido las diez empresas que forman Enpresa Gunea - Iraurgi Berritzen<\/title>\n<meta name=\"robots\" content=\"index, follow, max-snippet:-1, max-image-preview:large, max-video-preview:-1\" \/>\n<link rel=\"canonical\" href=\"https:\/\/iraurgiberritzen.eus\/es\/se-han-reunido-las-diez-empresas-que-forman-enpresa-gunea\/\" \/>\n<meta property=\"og:locale\" content=\"es_ES\" \/>\n<meta property=\"og:type\" content=\"article\" \/>\n<meta property=\"og:title\" content=\"Se han reunido las diez empresas que forman Enpresa Gunea - Iraurgi Berritzen\" \/>\n<meta property=\"og:description\" content=\"10 empresas de la comarca Urola Medio que forman Enpresa Gunea se reunieron en 10 de marzo, en el Palacio Insausti de Azkoitia. El objetivo de Enpresa Gunea es fomentar la competitividad y la innovaci\u00f3n en las empresas de la comarca, mediante la colaboraci\u00f3n entre las empresas. \u00bfC\u00f3mo? Creando y transfiriendo los conocimientos y experiencias [&hellip;]\" \/>\n<meta property=\"og:url\" content=\"https:\/\/iraurgiberritzen.eus\/es\/se-han-reunido-las-diez-empresas-que-forman-enpresa-gunea\/\" \/>\n<meta property=\"og:site_name\" content=\"Iraurgi Berritzen\" \/>\n<meta property=\"article:published_time\" content=\"2017-03-15T09:10:45+00:00\" \/>\n<meta name=\"author\" content=\"kudeatzailea\" \/>\n<meta name=\"twitter:card\" content=\"summary_large_image\" \/>\n<meta name=\"twitter:label1\" content=\"Escrito por\" \/>\n\t<meta name=\"twitter:data1\" content=\"kudeatzailea\" \/>\n\t<meta name=\"twitter:label2\" content=\"Tiempo de lectura\" \/>\n\t<meta name=\"twitter:data2\" content=\"1 minuto\" \/>\n<script type=\"application\/ld+json\" class=\"yoast-schema-graph\">{\"@context\":\"https:\\\/\\\/schema.org\",\"@graph\":[{\"@type\":\"Article\",\"@id\":\"https:\\\/\\\/iraurgiberritzen.eus\\\/es\\\/se-han-reunido-las-diez-empresas-que-forman-enpresa-gunea\\\/#article\",\"isPartOf\":{\"@id\":\"https:\\\/\\\/iraurgiberritzen.eus\\\/es\\\/se-han-reunido-las-diez-empresas-que-forman-enpresa-gunea\\\/\"},\"author\":{\"name\":\"kudeatzailea\",\"@id\":\"https:\\\/\\\/iraurgiberritzen.eus\\\/es\\\/#\\\/schema\\\/person\\\/5ab41aaf388a9097177601ebf45738d2\"},\"headline\":\"Se han reunido las diez empresas que forman Enpresa Gunea\",\"datePublished\":\"2017-03-15T09:10:45+00:00\",\"mainEntityOfPage\":{\"@id\":\"https:\\\/\\\/iraurgiberritzen.eus\\\/es\\\/se-han-reunido-las-diez-empresas-que-forman-enpresa-gunea\\\/\"},\"wordCount\":273,\"publisher\":{\"@id\":\"https:\\\/\\\/iraurgiberritzen.eus\\\/es\\\/#organization\"},\"image\":{\"@id\":\"https:\\\/\\\/iraurgiberritzen.eus\\\/es\\\/se-han-reunido-las-diez-empresas-que-forman-enpresa-gunea\\\/#primaryimage\"},\"thumbnailUrl\":\"https:\\\/\\\/iraurgiberritzen.eus\\\/wp-content\\\/uploads\\\/2023\\\/09\\\/bbfb4faa18ee2951b02b656fb34be1d7.jpg\",\"articleSection\":[\"Noticias\"],\"inLanguage\":\"es\"},{\"@type\":\"WebPage\",\"@id\":\"https:\\\/\\\/iraurgiberritzen.eus\\\/es\\\/se-han-reunido-las-diez-empresas-que-forman-enpresa-gunea\\\/\",\"url\":\"https:\\\/\\\/iraurgiberritzen.eus\\\/es\\\/se-han-reunido-las-diez-empresas-que-forman-enpresa-gunea\\\/\",\"name\":\"Se han reunido las diez empresas que forman Enpresa Gunea - Iraurgi Berritzen\",\"isPartOf\":{\"@id\":\"https:\\\/\\\/iraurgiberritzen.eus\\\/es\\\/#website\"},\"primaryImageOfPage\":{\"@id\":\"https:\\\/\\\/iraurgiberritzen.eus\\\/es\\\/se-han-reunido-las-diez-empresas-que-forman-enpresa-gunea\\\/#primaryimage\"},\"image\":{\"@id\":\"https:\\\/\\\/iraurgiberritzen.eus\\\/es\\\/se-han-reunido-las-diez-empresas-que-forman-enpresa-gunea\\\/#primaryimage\"},\"thumbnailUrl\":\"https:\\\/\\\/iraurgiberritzen.eus\\\/wp-content\\\/uploads\\\/2023\\\/09\\\/bbfb4faa18ee2951b02b656fb34be1d7.jpg\",\"datePublished\":\"2017-03-15T09:10:45+00:00\",\"breadcrumb\":{\"@id\":\"https:\\\/\\\/iraurgiberritzen.eus\\\/es\\\/se-han-reunido-las-diez-empresas-que-forman-enpresa-gunea\\\/#breadcrumb\"},\"inLanguage\":\"es\",\"potentialAction\":[{\"@type\":\"ReadAction\",\"target\":[\"https:\\\/\\\/iraurgiberritzen.eus\\\/es\\\/se-han-reunido-las-diez-empresas-que-forman-enpresa-gunea\\\/\"]}]},{\"@type\":\"ImageObject\",\"inLanguage\":\"es\",\"@id\":\"https:\\\/\\\/iraurgiberritzen.eus\\\/es\\\/se-han-reunido-las-diez-empresas-que-forman-enpresa-gunea\\\/#primaryimage\",\"url\":\"https:\\\/\\\/iraurgiberritzen.eus\\\/wp-content\\\/uploads\\\/2023\\\/09\\\/bbfb4faa18ee2951b02b656fb34be1d7.jpg\",\"contentUrl\":\"https:\\\/\\\/iraurgiberritzen.eus\\\/wp-content\\\/uploads\\\/2023\\\/09\\\/bbfb4faa18ee2951b02b656fb34be1d7.jpg\",\"width\":600,\"height\":386},{\"@type\":\"BreadcrumbList\",\"@id\":\"https:\\\/\\\/iraurgiberritzen.eus\\\/es\\\/se-han-reunido-las-diez-empresas-que-forman-enpresa-gunea\\\/#breadcrumb\",\"itemListElement\":[{\"@type\":\"ListItem\",\"position\":1,\"name\":\"Home\",\"item\":\"https:\\\/\\\/iraurgiberritzen.eus\\\/es\\\/\"},{\"@type\":\"ListItem\",\"position\":2,\"name\":\"Se han reunido las diez empresas que forman Enpresa Gunea\"}]},{\"@type\":\"WebSite\",\"@id\":\"https:\\\/\\\/iraurgiberritzen.eus\\\/es\\\/#website\",\"url\":\"https:\\\/\\\/iraurgiberritzen.eus\\\/es\\\/\",\"name\":\"Iraurgi Berritzen\",\"description\":\"Urola Erdiko Garapen Agentzia\",\"publisher\":{\"@id\":\"https:\\\/\\\/iraurgiberritzen.eus\\\/es\\\/#organization\"},\"potentialAction\":[{\"@type\":\"SearchAction\",\"target\":{\"@type\":\"EntryPoint\",\"urlTemplate\":\"https:\\\/\\\/iraurgiberritzen.eus\\\/es\\\/?s={search_term_string}\"},\"query-input\":{\"@type\":\"PropertyValueSpecification\",\"valueRequired\":true,\"valueName\":\"search_term_string\"}}],\"inLanguage\":\"es\"},{\"@type\":\"Organization\",\"@id\":\"https:\\\/\\\/iraurgiberritzen.eus\\\/es\\\/#organization\",\"name\":\"Iraurgi Berritzen\",\"url\":\"https:\\\/\\\/iraurgiberritzen.eus\\\/es\\\/\",\"logo\":{\"@type\":\"ImageObject\",\"inLanguage\":\"es\",\"@id\":\"https:\\\/\\\/iraurgiberritzen.eus\\\/es\\\/#\\\/schema\\\/logo\\\/image\\\/\",\"url\":\"https:\\\/\\\/iraurgiberritzen.eus\\\/wp-content\\\/uploads\\\/2024\\\/02\\\/IRAURGI-BERRITZEN-logotipoa_2.png\",\"contentUrl\":\"https:\\\/\\\/iraurgiberritzen.eus\\\/wp-content\\\/uploads\\\/2024\\\/02\\\/IRAURGI-BERRITZEN-logotipoa_2.png\",\"width\":496,\"height\":190,\"caption\":\"Iraurgi Berritzen\"},\"image\":{\"@id\":\"https:\\\/\\\/iraurgiberritzen.eus\\\/es\\\/#\\\/schema\\\/logo\\\/image\\\/\"}},{\"@type\":\"Person\",\"@id\":\"https:\\\/\\\/iraurgiberritzen.eus\\\/es\\\/#\\\/schema\\\/person\\\/5ab41aaf388a9097177601ebf45738d2\",\"name\":\"kudeatzailea\",\"sameAs\":[\"https:\\\/\\\/iraurgiberritzen.eus\"]}]}<\/script>\n<!-- \/ Yoast SEO plugin. -->","yoast_head_json":{"title":"Se han reunido las diez empresas que forman Enpresa Gunea - Iraurgi Berritzen","robots":{"index":"index","follow":"follow","max-snippet":"max-snippet:-1","max-image-preview":"max-image-preview:large","max-video-preview":"max-video-preview:-1"},"canonical":"https:\/\/iraurgiberritzen.eus\/es\/se-han-reunido-las-diez-empresas-que-forman-enpresa-gunea\/","og_locale":"es_ES","og_type":"article","og_title":"Se han reunido las diez empresas que forman Enpresa Gunea - Iraurgi Berritzen","og_description":"10 empresas de la comarca Urola Medio que forman Enpresa Gunea se reunieron en 10 de marzo, en el Palacio Insausti de Azkoitia. El objetivo de Enpresa Gunea es fomentar la competitividad y la innovaci\u00f3n en las empresas de la comarca, mediante la colaboraci\u00f3n entre las empresas. \u00bfC\u00f3mo? Creando y transfiriendo los conocimientos y experiencias [&hellip;]","og_url":"https:\/\/iraurgiberritzen.eus\/es\/se-han-reunido-las-diez-empresas-que-forman-enpresa-gunea\/","og_site_name":"Iraurgi Berritzen","article_published_time":"2017-03-15T09:10:45+00:00","author":"kudeatzailea","twitter_card":"summary_large_image","twitter_misc":{"Escrito por":"kudeatzailea","Tiempo de lectura":"1 minuto"},"schema":{"@context":"https:\/\/schema.org","@graph":[{"@type":"Article","@id":"https:\/\/iraurgiberritzen.eus\/es\/se-han-reunido-las-diez-empresas-que-forman-enpresa-gunea\/#article","isPartOf":{"@id":"https:\/\/iraurgiberritzen.eus\/es\/se-han-reunido-las-diez-empresas-que-forman-enpresa-gunea\/"},"author":{"name":"kudeatzailea","@id":"https:\/\/iraurgiberritzen.eus\/es\/#\/schema\/person\/5ab41aaf388a9097177601ebf45738d2"},"headline":"Se han reunido las diez empresas que forman Enpresa Gunea","datePublished":"2017-03-15T09:10:45+00:00","mainEntityOfPage":{"@id":"https:\/\/iraurgiberritzen.eus\/es\/se-han-reunido-las-diez-empresas-que-forman-enpresa-gunea\/"},"wordCount":273,"publisher":{"@id":"https:\/\/iraurgiberritzen.eus\/es\/#organization"},"image":{"@id":"https:\/\/iraurgiberritzen.eus\/es\/se-han-reunido-las-diez-empresas-que-forman-enpresa-gunea\/#primaryimage"},"thumbnailUrl":"https:\/\/iraurgiberritzen.eus\/wp-content\/uploads\/2023\/09\/bbfb4faa18ee2951b02b656fb34be1d7.jpg","articleSection":["Noticias"],"inLanguage":"es"},{"@type":"WebPage","@id":"https:\/\/iraurgiberritzen.eus\/es\/se-han-reunido-las-diez-empresas-que-forman-enpresa-gunea\/","url":"https:\/\/iraurgiberritzen.eus\/es\/se-han-reunido-las-diez-empresas-que-forman-enpresa-gunea\/","name":"Se han reunido las diez empresas que forman Enpresa Gunea - Iraurgi Berritzen","isPartOf":{"@id":"https:\/\/iraurgiberritzen.eus\/es\/#website"},"primaryImageOfPage":{"@id":"https:\/\/iraurgiberritzen.eus\/es\/se-han-reunido-las-diez-empresas-que-forman-enpresa-gunea\/#primaryimage"},"image":{"@id":"https:\/\/iraurgiberritzen.eus\/es\/se-han-reunido-las-diez-empresas-que-forman-enpresa-gunea\/#primaryimage"},"thumbnailUrl":"https:\/\/iraurgiberritzen.eus\/wp-content\/uploads\/2023\/09\/bbfb4faa18ee2951b02b656fb34be1d7.jpg","datePublished":"2017-03-15T09:10:45+00:00","breadcrumb":{"@id":"https:\/\/iraurgiberritzen.eus\/es\/se-han-reunido-las-diez-empresas-que-forman-enpresa-gunea\/#breadcrumb"},"inLanguage":"es","potentialAction":[{"@type":"ReadAction","target":["https:\/\/iraurgiberritzen.eus\/es\/se-han-reunido-las-diez-empresas-que-forman-enpresa-gunea\/"]}]},{"@type":"ImageObject","inLanguage":"es","@id":"https:\/\/iraurgiberritzen.eus\/es\/se-han-reunido-las-diez-empresas-que-forman-enpresa-gunea\/#primaryimage","url":"https:\/\/iraurgiberritzen.eus\/wp-content\/uploads\/2023\/09\/bbfb4faa18ee2951b02b656fb34be1d7.jpg","contentUrl":"https:\/\/iraurgiberritzen.eus\/wp-content\/uploads\/2023\/09\/bbfb4faa18ee2951b02b656fb34be1d7.jpg","width":600,"height":386},{"@type":"BreadcrumbList","@id":"https:\/\/iraurgiberritzen.eus\/es\/se-han-reunido-las-diez-empresas-que-forman-enpresa-gunea\/#breadcrumb","itemListElement":[{"@type":"ListItem","position":1,"name":"Home","item":"https:\/\/iraurgiberritzen.eus\/es\/"},{"@type":"ListItem","position":2,"name":"Se han reunido las diez empresas que forman Enpresa Gunea"}]},{"@type":"WebSite","@id":"https:\/\/iraurgiberritzen.eus\/es\/#website","url":"https:\/\/iraurgiberritzen.eus\/es\/","name":"Iraurgi Berritzen","description":"Urola Erdiko Garapen Agentzia","publisher":{"@id":"https:\/\/iraurgiberritzen.eus\/es\/#organization"},"potentialAction":[{"@type":"SearchAction","target":{"@type":"EntryPoint","urlTemplate":"https:\/\/iraurgiberritzen.eus\/es\/?s={search_term_string}"},"query-input":{"@type":"PropertyValueSpecification","valueRequired":true,"valueName":"search_term_string"}}],"inLanguage":"es"},{"@type":"Organization","@id":"https:\/\/iraurgiberritzen.eus\/es\/#organization","name":"Iraurgi Berritzen","url":"https:\/\/iraurgiberritzen.eus\/es\/","logo":{"@type":"ImageObject","inLanguage":"es","@id":"https:\/\/iraurgiberritzen.eus\/es\/#\/schema\/logo\/image\/","url":"https:\/\/iraurgiberritzen.eus\/wp-content\/uploads\/2024\/02\/IRAURGI-BERRITZEN-logotipoa_2.png","contentUrl":"https:\/\/iraurgiberritzen.eus\/wp-content\/uploads\/2024\/02\/IRAURGI-BERRITZEN-logotipoa_2.png","width":496,"height":190,"caption":"Iraurgi Berritzen"},"image":{"@id":"https:\/\/iraurgiberritzen.eus\/es\/#\/schema\/logo\/image\/"}},{"@type":"Person","@id":"https:\/\/iraurgiberritzen.eus\/es\/#\/schema\/person\/5ab41aaf388a9097177601ebf45738d2","name":"kudeatzailea","sameAs":["https:\/\/iraurgiberritzen.eus"]}]}},"_links":{"self":[{"href":"https:\/\/iraurgiberritzen.eus\/es\/wp-json\/wp\/v2\/posts\/12164","targetHints":{"allow":["GET"]}}],"collection":[{"href":"https:\/\/iraurgiberritzen.eus\/es\/wp-json\/wp\/v2\/posts"}],"about":[{"href":"https:\/\/iraurgiberritzen.eus\/es\/wp-json\/wp\/v2\/types\/post"}],"author":[{"embeddable":true,"href":"https:\/\/iraurgiberritzen.eus\/es\/wp-json\/wp\/v2\/users\/1"}],"replies":[{"embeddable":true,"href":"https:\/\/iraurgiberritzen.eus\/es\/wp-json\/wp\/v2\/comments?post=12164"}],"version-history":[{"count":0,"href":"https:\/\/iraurgiberritzen.eus\/es\/wp-json\/wp\/v2\/posts\/12164\/revisions"}],"wp:featuredmedia":[{"embeddable":true,"href":"https:\/\/iraurgiberritzen.eus\/es\/wp-json\/wp\/v2\/media\/17944"}],"wp:attachment":[{"href":"https:\/\/iraurgiberritzen.eus\/es\/wp-json\/wp\/v2\/media?parent=12164"}],"wp:term":[{"taxonomy":"category","embeddable":true,"href":"https:\/\/iraurgiberritzen.eus\/es\/wp-json\/wp\/v2\/categories?post=12164"},{"taxonomy":"post_tag","embeddable":true,"href":"https:\/\/iraurgiberritzen.eus\/es\/wp-json\/wp\/v2\/tags?post=12164"}],"curies":[{"name":"wp","href":"https:\/\/api.w.org\/{rel}","templated":true}]}}