{"id":12168,"date":"2017-04-05T00:00:00","date_gmt":"2017-04-04T22:00:00","guid":{"rendered":"https:\/\/iraurgiberritzen.eus\/iraurgi-berritzen-ha-puesto-en-marcha-un-proyecto-para-impulsar-las-capacidades-de-ciencia-y-tecnologia-con-la-ayuda-de-elhuyar\/"},"modified":"2017-04-05T00:00:00","modified_gmt":"2017-04-04T22:00:00","slug":"iraurgi-berritzen-ha-puesto-en-marcha-un-proyecto-para-impulsar-las-capacidades-de-ciencia-y-tecnologia-con-la-ayuda-de-elhuyar","status":"publish","type":"post","link":"https:\/\/iraurgiberritzen.eus\/es\/iraurgi-berritzen-ha-puesto-en-marcha-un-proyecto-para-impulsar-las-capacidades-de-ciencia-y-tecnologia-con-la-ayuda-de-elhuyar\/","title":{"rendered":"Iraurgi Berritzen ha puesto en marcha un proyecto para impulsar las capacidades de ciencia y tecnolog\u00eda, con la ayuda de Elhuyar"},"content":{"rendered":"<p>Iraurgi Berritzen y Elhuyar Fundazioak han puesto en marcha una serie de proyectos pilotos para impulsar las capacidades de ciencia y tecnolog\u00eda.<\/p>\n<hr id=\"system-readmore\" \/>\n<p>&nbsp;<\/p>\n<p style=\"margin: 0px 0px 15px 10px; padding: 0px; font-size: 12.0097px; font-family: Arial, Helvetica, sans-serif; background-color: #f9f9f9;\">Las actividades de las \u00faltimas semanas han sido dirigidos a la Educaci\u00f3n Secundaria Obligatoria de las escuelas Floreaga, Ikasberri, Iraurgi, Urola y Xabier Munibe. Aparte de ofrecer a los profesores una formaci\u00f3n sobre bases de metodolog\u00eda para ense\u00f1ar ciencia y tecnolog\u00eda, se han hecho talleres pilotos con los estudiantes.<\/p>\n<p style=\"margin: 0px 0px 15px 10px; padding: 0px; font-size: 12.0097px; font-family: Arial, Helvetica, sans-serif; background-color: #f9f9f9;\">El viernes pasado se hizo Bizilabe en la plaza de Azkoitia y ha sido el fruto de todos los proyectos que se han elaborado. Los estudiantes de la comarca ense\u00f1aron los prototipos elaborados en los talleres pr\u00e1cticos, como microbiolog\u00eda, electr\u00f3nica y prototipo. Tambi\u00e9n hicieron experimentos sobre pol\u00edmeros y nanotecnolog\u00eda.<\/p>\n<p style=\"margin: 0px 0px 15px 10px; padding: 0px; font-size: 12.0097px; font-family: Arial, Helvetica, sans-serif; background-color: #f9f9f9;\">En los prototipos ense\u00f1ados en Bizilabe Azoka hay que destacar los de microbiolog\u00eda en los que trabajaron cajas de Petri. En el taller \u00abPrototipatzen murgiltzen\u00bb ense\u00f1aron los productos prototipados. Se acercaron tambi\u00e9n al mundo de las cosas peque\u00f1as en el taller \u00abNanogauzak\u00bb. Para terminar, en el taller \u00abLitxarreriak eta margoak, testurak eta koloreak; horiek bai nahasteak\u00bb ense\u00f1aron pol\u00edmeros qu\u00edmicos.<\/p>\n<p style=\"margin: 0px 0px 15px 10px; padding: 0px; font-size: 12.0097px; font-family: Arial, Helvetica, sans-serif; background-color: #f9f9f9;\"><strong>Proyecto con esencia experimental<\/strong><\/p>\n<p style=\"margin: 0px 0px 15px 10px; padding: 0px; font-size: 12.0097px; font-family: Arial, Helvetica, sans-serif; background-color: #f9f9f9;\">El proyecto tiene como objetivo responder a las necesidades encontradas dentro de la red de Iraurgi Berritzen. Se ha visto que es necesario impulsar capacidades de ciencia y tecnolog\u00eda en educaci\u00f3n.&nbsp;As\u00ed, fusionando con la estrategia de Elhuyar Zientzia, varias sociedades est\u00e1n elaborando el proyecto BIZILABE.<\/p>\n<p style=\"margin: 0px 0px 15px 10px; padding: 0px; font-size: 12.0097px; font-family: Arial, Helvetica, sans-serif; background-color: #f9f9f9;\">Entre otros proyectos, en marzo de 2017 se han de resaltar dos proyectos. Por una parte, los profesores de la ESO que ense\u00f1an ciencia y tecnolog\u00eda han recibido formaciones en dos d\u00edas. Por otra parte, los estudiantes de Urola Medio de la ESO han recibido talleres experimentales sobre ciencia y tecnolog\u00eda.<\/p>\n<p>El proyecto tiene visi\u00f3n para largo plazo y se prev\u00e9 que los ayuntamientos de la comarca y las agencias de desarrollo e innovaci\u00f3n sigan elaborando esta l\u00ednea de trabajo.<\/p>\n<p class=\"p1\" style=\"margin: 0px 0px 15px 10px; padding: 0px; font-size: 12.0097px; font-family: Arial, Helvetica, sans-serif; background-color: #f9f9f9;\">{myFlickr}photoset_id=72157678876820624{\/myFlickr}<\/p>\n","protected":false},"excerpt":{"rendered":"<p>Iraurgi Berritzen y Elhuyar Fundazioak han puesto en marcha una serie de proyectos pilotos para impulsar las capacidades de ciencia y tecnolog\u00eda. &nbsp; Las actividades de las \u00faltimas semanas han sido dirigidos a la Educaci\u00f3n Secundaria Obligatoria de las escuelas Floreaga, Ikasberri, Iraurgi, Urola y Xabier Munibe. Aparte de ofrecer a los profesores una formaci\u00f3n [&hellip;]<\/p>\n","protected":false},"author":1,"featured_media":17945,"comment_status":"","ping_status":"closed","sticky":false,"template":"","format":"standard","meta":{"_acf_changed":false,"footnotes":""},"categories":[4],"tags":[],"class_list":["post-12168","post","type-post","status-publish","format-standard","has-post-thumbnail","hentry","category-noticias"],"acf":[],"yoast_head":"<!-- This site is optimized with the Yoast SEO plugin v27.4 - https:\/\/yoast.com\/product\/yoast-seo-wordpress\/ -->\n<title>Iraurgi Berritzen ha puesto en marcha un proyecto para impulsar las capacidades de ciencia y tecnolog\u00eda, con la ayuda de Elhuyar - Iraurgi Berritzen<\/title>\n<meta name=\"robots\" content=\"index, follow, max-snippet:-1, max-image-preview:large, max-video-preview:-1\" \/>\n<link rel=\"canonical\" href=\"https:\/\/iraurgiberritzen.eus\/es\/iraurgi-berritzen-ha-puesto-en-marcha-un-proyecto-para-impulsar-las-capacidades-de-ciencia-y-tecnologia-con-la-ayuda-de-elhuyar\/\" \/>\n<meta property=\"og:locale\" content=\"es_ES\" \/>\n<meta property=\"og:type\" content=\"article\" \/>\n<meta property=\"og:title\" content=\"Iraurgi Berritzen ha puesto en marcha un proyecto para impulsar las capacidades de ciencia y tecnolog\u00eda, con la ayuda de Elhuyar - Iraurgi Berritzen\" \/>\n<meta property=\"og:description\" content=\"Iraurgi Berritzen y Elhuyar Fundazioak han puesto en marcha una serie de proyectos pilotos para impulsar las capacidades de ciencia y tecnolog\u00eda. &nbsp; Las actividades de las \u00faltimas semanas han sido dirigidos a la Educaci\u00f3n Secundaria Obligatoria de las escuelas Floreaga, Ikasberri, Iraurgi, Urola y Xabier Munibe. Aparte de ofrecer a los profesores una formaci\u00f3n [&hellip;]\" \/>\n<meta property=\"og:url\" content=\"https:\/\/iraurgiberritzen.eus\/es\/iraurgi-berritzen-ha-puesto-en-marcha-un-proyecto-para-impulsar-las-capacidades-de-ciencia-y-tecnologia-con-la-ayuda-de-elhuyar\/\" \/>\n<meta property=\"og:site_name\" content=\"Iraurgi Berritzen\" \/>\n<meta property=\"article:published_time\" content=\"2017-04-04T22:00:00+00:00\" \/>\n<meta name=\"author\" content=\"kudeatzailea\" \/>\n<meta name=\"twitter:card\" content=\"summary_large_image\" \/>\n<meta name=\"twitter:label1\" content=\"Escrito por\" \/>\n\t<meta name=\"twitter:data1\" content=\"kudeatzailea\" \/>\n\t<meta name=\"twitter:label2\" content=\"Tiempo de lectura\" \/>\n\t<meta name=\"twitter:data2\" content=\"2 minutos\" \/>\n<script type=\"application\/ld+json\" class=\"yoast-schema-graph\">{\"@context\":\"https:\\\/\\\/schema.org\",\"@graph\":[{\"@type\":\"Article\",\"@id\":\"https:\\\/\\\/iraurgiberritzen.eus\\\/es\\\/iraurgi-berritzen-ha-puesto-en-marcha-un-proyecto-para-impulsar-las-capacidades-de-ciencia-y-tecnologia-con-la-ayuda-de-elhuyar\\\/#article\",\"isPartOf\":{\"@id\":\"https:\\\/\\\/iraurgiberritzen.eus\\\/es\\\/iraurgi-berritzen-ha-puesto-en-marcha-un-proyecto-para-impulsar-las-capacidades-de-ciencia-y-tecnologia-con-la-ayuda-de-elhuyar\\\/\"},\"author\":{\"name\":\"kudeatzailea\",\"@id\":\"https:\\\/\\\/iraurgiberritzen.eus\\\/es\\\/#\\\/schema\\\/person\\\/5ab41aaf388a9097177601ebf45738d2\"},\"headline\":\"Iraurgi Berritzen ha puesto en marcha un proyecto para impulsar las capacidades de ciencia y tecnolog\u00eda, con la ayuda de Elhuyar\",\"datePublished\":\"2017-04-04T22:00:00+00:00\",\"mainEntityOfPage\":{\"@id\":\"https:\\\/\\\/iraurgiberritzen.eus\\\/es\\\/iraurgi-berritzen-ha-puesto-en-marcha-un-proyecto-para-impulsar-las-capacidades-de-ciencia-y-tecnologia-con-la-ayuda-de-elhuyar\\\/\"},\"wordCount\":367,\"publisher\":{\"@id\":\"https:\\\/\\\/iraurgiberritzen.eus\\\/es\\\/#organization\"},\"image\":{\"@id\":\"https:\\\/\\\/iraurgiberritzen.eus\\\/es\\\/iraurgi-berritzen-ha-puesto-en-marcha-un-proyecto-para-impulsar-las-capacidades-de-ciencia-y-tecnologia-con-la-ayuda-de-elhuyar\\\/#primaryimage\"},\"thumbnailUrl\":\"https:\\\/\\\/iraurgiberritzen.eus\\\/wp-content\\\/uploads\\\/2023\\\/09\\\/c0463a74730bd2dbab86cbb4dec094a0.jpg\",\"articleSection\":[\"Noticias\"],\"inLanguage\":\"es\"},{\"@type\":\"WebPage\",\"@id\":\"https:\\\/\\\/iraurgiberritzen.eus\\\/es\\\/iraurgi-berritzen-ha-puesto-en-marcha-un-proyecto-para-impulsar-las-capacidades-de-ciencia-y-tecnologia-con-la-ayuda-de-elhuyar\\\/\",\"url\":\"https:\\\/\\\/iraurgiberritzen.eus\\\/es\\\/iraurgi-berritzen-ha-puesto-en-marcha-un-proyecto-para-impulsar-las-capacidades-de-ciencia-y-tecnologia-con-la-ayuda-de-elhuyar\\\/\",\"name\":\"Iraurgi Berritzen ha puesto en marcha un proyecto para impulsar las capacidades de ciencia y tecnolog\u00eda, con la ayuda de Elhuyar - Iraurgi Berritzen\",\"isPartOf\":{\"@id\":\"https:\\\/\\\/iraurgiberritzen.eus\\\/es\\\/#website\"},\"primaryImageOfPage\":{\"@id\":\"https:\\\/\\\/iraurgiberritzen.eus\\\/es\\\/iraurgi-berritzen-ha-puesto-en-marcha-un-proyecto-para-impulsar-las-capacidades-de-ciencia-y-tecnologia-con-la-ayuda-de-elhuyar\\\/#primaryimage\"},\"image\":{\"@id\":\"https:\\\/\\\/iraurgiberritzen.eus\\\/es\\\/iraurgi-berritzen-ha-puesto-en-marcha-un-proyecto-para-impulsar-las-capacidades-de-ciencia-y-tecnologia-con-la-ayuda-de-elhuyar\\\/#primaryimage\"},\"thumbnailUrl\":\"https:\\\/\\\/iraurgiberritzen.eus\\\/wp-content\\\/uploads\\\/2023\\\/09\\\/c0463a74730bd2dbab86cbb4dec094a0.jpg\",\"datePublished\":\"2017-04-04T22:00:00+00:00\",\"breadcrumb\":{\"@id\":\"https:\\\/\\\/iraurgiberritzen.eus\\\/es\\\/iraurgi-berritzen-ha-puesto-en-marcha-un-proyecto-para-impulsar-las-capacidades-de-ciencia-y-tecnologia-con-la-ayuda-de-elhuyar\\\/#breadcrumb\"},\"inLanguage\":\"es\",\"potentialAction\":[{\"@type\":\"ReadAction\",\"target\":[\"https:\\\/\\\/iraurgiberritzen.eus\\\/es\\\/iraurgi-berritzen-ha-puesto-en-marcha-un-proyecto-para-impulsar-las-capacidades-de-ciencia-y-tecnologia-con-la-ayuda-de-elhuyar\\\/\"]}]},{\"@type\":\"ImageObject\",\"inLanguage\":\"es\",\"@id\":\"https:\\\/\\\/iraurgiberritzen.eus\\\/es\\\/iraurgi-berritzen-ha-puesto-en-marcha-un-proyecto-para-impulsar-las-capacidades-de-ciencia-y-tecnologia-con-la-ayuda-de-elhuyar\\\/#primaryimage\",\"url\":\"https:\\\/\\\/iraurgiberritzen.eus\\\/wp-content\\\/uploads\\\/2023\\\/09\\\/c0463a74730bd2dbab86cbb4dec094a0.jpg\",\"contentUrl\":\"https:\\\/\\\/iraurgiberritzen.eus\\\/wp-content\\\/uploads\\\/2023\\\/09\\\/c0463a74730bd2dbab86cbb4dec094a0.jpg\",\"width\":600,\"height\":386},{\"@type\":\"BreadcrumbList\",\"@id\":\"https:\\\/\\\/iraurgiberritzen.eus\\\/es\\\/iraurgi-berritzen-ha-puesto-en-marcha-un-proyecto-para-impulsar-las-capacidades-de-ciencia-y-tecnologia-con-la-ayuda-de-elhuyar\\\/#breadcrumb\",\"itemListElement\":[{\"@type\":\"ListItem\",\"position\":1,\"name\":\"Home\",\"item\":\"https:\\\/\\\/iraurgiberritzen.eus\\\/es\\\/\"},{\"@type\":\"ListItem\",\"position\":2,\"name\":\"Iraurgi Berritzen ha puesto en marcha un proyecto para impulsar las capacidades de ciencia y tecnolog\u00eda, con la ayuda de Elhuyar\"}]},{\"@type\":\"WebSite\",\"@id\":\"https:\\\/\\\/iraurgiberritzen.eus\\\/es\\\/#website\",\"url\":\"https:\\\/\\\/iraurgiberritzen.eus\\\/es\\\/\",\"name\":\"Iraurgi Berritzen\",\"description\":\"Urola Erdiko Garapen Agentzia\",\"publisher\":{\"@id\":\"https:\\\/\\\/iraurgiberritzen.eus\\\/es\\\/#organization\"},\"potentialAction\":[{\"@type\":\"SearchAction\",\"target\":{\"@type\":\"EntryPoint\",\"urlTemplate\":\"https:\\\/\\\/iraurgiberritzen.eus\\\/es\\\/?s={search_term_string}\"},\"query-input\":{\"@type\":\"PropertyValueSpecification\",\"valueRequired\":true,\"valueName\":\"search_term_string\"}}],\"inLanguage\":\"es\"},{\"@type\":\"Organization\",\"@id\":\"https:\\\/\\\/iraurgiberritzen.eus\\\/es\\\/#organization\",\"name\":\"Iraurgi Berritzen\",\"url\":\"https:\\\/\\\/iraurgiberritzen.eus\\\/es\\\/\",\"logo\":{\"@type\":\"ImageObject\",\"inLanguage\":\"es\",\"@id\":\"https:\\\/\\\/iraurgiberritzen.eus\\\/es\\\/#\\\/schema\\\/logo\\\/image\\\/\",\"url\":\"https:\\\/\\\/iraurgiberritzen.eus\\\/wp-content\\\/uploads\\\/2024\\\/02\\\/IRAURGI-BERRITZEN-logotipoa_2.png\",\"contentUrl\":\"https:\\\/\\\/iraurgiberritzen.eus\\\/wp-content\\\/uploads\\\/2024\\\/02\\\/IRAURGI-BERRITZEN-logotipoa_2.png\",\"width\":496,\"height\":190,\"caption\":\"Iraurgi Berritzen\"},\"image\":{\"@id\":\"https:\\\/\\\/iraurgiberritzen.eus\\\/es\\\/#\\\/schema\\\/logo\\\/image\\\/\"}},{\"@type\":\"Person\",\"@id\":\"https:\\\/\\\/iraurgiberritzen.eus\\\/es\\\/#\\\/schema\\\/person\\\/5ab41aaf388a9097177601ebf45738d2\",\"name\":\"kudeatzailea\",\"sameAs\":[\"https:\\\/\\\/iraurgiberritzen.eus\"]}]}<\/script>\n<!-- \/ Yoast SEO plugin. -->","yoast_head_json":{"title":"Iraurgi Berritzen ha puesto en marcha un proyecto para impulsar las capacidades de ciencia y tecnolog\u00eda, con la ayuda de Elhuyar - Iraurgi Berritzen","robots":{"index":"index","follow":"follow","max-snippet":"max-snippet:-1","max-image-preview":"max-image-preview:large","max-video-preview":"max-video-preview:-1"},"canonical":"https:\/\/iraurgiberritzen.eus\/es\/iraurgi-berritzen-ha-puesto-en-marcha-un-proyecto-para-impulsar-las-capacidades-de-ciencia-y-tecnologia-con-la-ayuda-de-elhuyar\/","og_locale":"es_ES","og_type":"article","og_title":"Iraurgi Berritzen ha puesto en marcha un proyecto para impulsar las capacidades de ciencia y tecnolog\u00eda, con la ayuda de Elhuyar - Iraurgi Berritzen","og_description":"Iraurgi Berritzen y Elhuyar Fundazioak han puesto en marcha una serie de proyectos pilotos para impulsar las capacidades de ciencia y tecnolog\u00eda. &nbsp; Las actividades de las \u00faltimas semanas han sido dirigidos a la Educaci\u00f3n Secundaria Obligatoria de las escuelas Floreaga, Ikasberri, Iraurgi, Urola y Xabier Munibe. Aparte de ofrecer a los profesores una formaci\u00f3n [&hellip;]","og_url":"https:\/\/iraurgiberritzen.eus\/es\/iraurgi-berritzen-ha-puesto-en-marcha-un-proyecto-para-impulsar-las-capacidades-de-ciencia-y-tecnologia-con-la-ayuda-de-elhuyar\/","og_site_name":"Iraurgi Berritzen","article_published_time":"2017-04-04T22:00:00+00:00","author":"kudeatzailea","twitter_card":"summary_large_image","twitter_misc":{"Escrito por":"kudeatzailea","Tiempo de lectura":"2 minutos"},"schema":{"@context":"https:\/\/schema.org","@graph":[{"@type":"Article","@id":"https:\/\/iraurgiberritzen.eus\/es\/iraurgi-berritzen-ha-puesto-en-marcha-un-proyecto-para-impulsar-las-capacidades-de-ciencia-y-tecnologia-con-la-ayuda-de-elhuyar\/#article","isPartOf":{"@id":"https:\/\/iraurgiberritzen.eus\/es\/iraurgi-berritzen-ha-puesto-en-marcha-un-proyecto-para-impulsar-las-capacidades-de-ciencia-y-tecnologia-con-la-ayuda-de-elhuyar\/"},"author":{"name":"kudeatzailea","@id":"https:\/\/iraurgiberritzen.eus\/es\/#\/schema\/person\/5ab41aaf388a9097177601ebf45738d2"},"headline":"Iraurgi Berritzen ha puesto en marcha un proyecto para impulsar las capacidades de ciencia y tecnolog\u00eda, con la ayuda de Elhuyar","datePublished":"2017-04-04T22:00:00+00:00","mainEntityOfPage":{"@id":"https:\/\/iraurgiberritzen.eus\/es\/iraurgi-berritzen-ha-puesto-en-marcha-un-proyecto-para-impulsar-las-capacidades-de-ciencia-y-tecnologia-con-la-ayuda-de-elhuyar\/"},"wordCount":367,"publisher":{"@id":"https:\/\/iraurgiberritzen.eus\/es\/#organization"},"image":{"@id":"https:\/\/iraurgiberritzen.eus\/es\/iraurgi-berritzen-ha-puesto-en-marcha-un-proyecto-para-impulsar-las-capacidades-de-ciencia-y-tecnologia-con-la-ayuda-de-elhuyar\/#primaryimage"},"thumbnailUrl":"https:\/\/iraurgiberritzen.eus\/wp-content\/uploads\/2023\/09\/c0463a74730bd2dbab86cbb4dec094a0.jpg","articleSection":["Noticias"],"inLanguage":"es"},{"@type":"WebPage","@id":"https:\/\/iraurgiberritzen.eus\/es\/iraurgi-berritzen-ha-puesto-en-marcha-un-proyecto-para-impulsar-las-capacidades-de-ciencia-y-tecnologia-con-la-ayuda-de-elhuyar\/","url":"https:\/\/iraurgiberritzen.eus\/es\/iraurgi-berritzen-ha-puesto-en-marcha-un-proyecto-para-impulsar-las-capacidades-de-ciencia-y-tecnologia-con-la-ayuda-de-elhuyar\/","name":"Iraurgi Berritzen ha puesto en marcha un proyecto para impulsar las capacidades de ciencia y tecnolog\u00eda, con la ayuda de Elhuyar - Iraurgi Berritzen","isPartOf":{"@id":"https:\/\/iraurgiberritzen.eus\/es\/#website"},"primaryImageOfPage":{"@id":"https:\/\/iraurgiberritzen.eus\/es\/iraurgi-berritzen-ha-puesto-en-marcha-un-proyecto-para-impulsar-las-capacidades-de-ciencia-y-tecnologia-con-la-ayuda-de-elhuyar\/#primaryimage"},"image":{"@id":"https:\/\/iraurgiberritzen.eus\/es\/iraurgi-berritzen-ha-puesto-en-marcha-un-proyecto-para-impulsar-las-capacidades-de-ciencia-y-tecnologia-con-la-ayuda-de-elhuyar\/#primaryimage"},"thumbnailUrl":"https:\/\/iraurgiberritzen.eus\/wp-content\/uploads\/2023\/09\/c0463a74730bd2dbab86cbb4dec094a0.jpg","datePublished":"2017-04-04T22:00:00+00:00","breadcrumb":{"@id":"https:\/\/iraurgiberritzen.eus\/es\/iraurgi-berritzen-ha-puesto-en-marcha-un-proyecto-para-impulsar-las-capacidades-de-ciencia-y-tecnologia-con-la-ayuda-de-elhuyar\/#breadcrumb"},"inLanguage":"es","potentialAction":[{"@type":"ReadAction","target":["https:\/\/iraurgiberritzen.eus\/es\/iraurgi-berritzen-ha-puesto-en-marcha-un-proyecto-para-impulsar-las-capacidades-de-ciencia-y-tecnologia-con-la-ayuda-de-elhuyar\/"]}]},{"@type":"ImageObject","inLanguage":"es","@id":"https:\/\/iraurgiberritzen.eus\/es\/iraurgi-berritzen-ha-puesto-en-marcha-un-proyecto-para-impulsar-las-capacidades-de-ciencia-y-tecnologia-con-la-ayuda-de-elhuyar\/#primaryimage","url":"https:\/\/iraurgiberritzen.eus\/wp-content\/uploads\/2023\/09\/c0463a74730bd2dbab86cbb4dec094a0.jpg","contentUrl":"https:\/\/iraurgiberritzen.eus\/wp-content\/uploads\/2023\/09\/c0463a74730bd2dbab86cbb4dec094a0.jpg","width":600,"height":386},{"@type":"BreadcrumbList","@id":"https:\/\/iraurgiberritzen.eus\/es\/iraurgi-berritzen-ha-puesto-en-marcha-un-proyecto-para-impulsar-las-capacidades-de-ciencia-y-tecnologia-con-la-ayuda-de-elhuyar\/#breadcrumb","itemListElement":[{"@type":"ListItem","position":1,"name":"Home","item":"https:\/\/iraurgiberritzen.eus\/es\/"},{"@type":"ListItem","position":2,"name":"Iraurgi Berritzen ha puesto en marcha un proyecto para impulsar las capacidades de ciencia y tecnolog\u00eda, con la ayuda de Elhuyar"}]},{"@type":"WebSite","@id":"https:\/\/iraurgiberritzen.eus\/es\/#website","url":"https:\/\/iraurgiberritzen.eus\/es\/","name":"Iraurgi Berritzen","description":"Urola Erdiko Garapen Agentzia","publisher":{"@id":"https:\/\/iraurgiberritzen.eus\/es\/#organization"},"potentialAction":[{"@type":"SearchAction","target":{"@type":"EntryPoint","urlTemplate":"https:\/\/iraurgiberritzen.eus\/es\/?s={search_term_string}"},"query-input":{"@type":"PropertyValueSpecification","valueRequired":true,"valueName":"search_term_string"}}],"inLanguage":"es"},{"@type":"Organization","@id":"https:\/\/iraurgiberritzen.eus\/es\/#organization","name":"Iraurgi Berritzen","url":"https:\/\/iraurgiberritzen.eus\/es\/","logo":{"@type":"ImageObject","inLanguage":"es","@id":"https:\/\/iraurgiberritzen.eus\/es\/#\/schema\/logo\/image\/","url":"https:\/\/iraurgiberritzen.eus\/wp-content\/uploads\/2024\/02\/IRAURGI-BERRITZEN-logotipoa_2.png","contentUrl":"https:\/\/iraurgiberritzen.eus\/wp-content\/uploads\/2024\/02\/IRAURGI-BERRITZEN-logotipoa_2.png","width":496,"height":190,"caption":"Iraurgi Berritzen"},"image":{"@id":"https:\/\/iraurgiberritzen.eus\/es\/#\/schema\/logo\/image\/"}},{"@type":"Person","@id":"https:\/\/iraurgiberritzen.eus\/es\/#\/schema\/person\/5ab41aaf388a9097177601ebf45738d2","name":"kudeatzailea","sameAs":["https:\/\/iraurgiberritzen.eus"]}]}},"_links":{"self":[{"href":"https:\/\/iraurgiberritzen.eus\/es\/wp-json\/wp\/v2\/posts\/12168","targetHints":{"allow":["GET"]}}],"collection":[{"href":"https:\/\/iraurgiberritzen.eus\/es\/wp-json\/wp\/v2\/posts"}],"about":[{"href":"https:\/\/iraurgiberritzen.eus\/es\/wp-json\/wp\/v2\/types\/post"}],"author":[{"embeddable":true,"href":"https:\/\/iraurgiberritzen.eus\/es\/wp-json\/wp\/v2\/users\/1"}],"replies":[{"embeddable":true,"href":"https:\/\/iraurgiberritzen.eus\/es\/wp-json\/wp\/v2\/comments?post=12168"}],"version-history":[{"count":0,"href":"https:\/\/iraurgiberritzen.eus\/es\/wp-json\/wp\/v2\/posts\/12168\/revisions"}],"wp:featuredmedia":[{"embeddable":true,"href":"https:\/\/iraurgiberritzen.eus\/es\/wp-json\/wp\/v2\/media\/17945"}],"wp:attachment":[{"href":"https:\/\/iraurgiberritzen.eus\/es\/wp-json\/wp\/v2\/media?parent=12168"}],"wp:term":[{"taxonomy":"category","embeddable":true,"href":"https:\/\/iraurgiberritzen.eus\/es\/wp-json\/wp\/v2\/categories?post=12168"},{"taxonomy":"post_tag","embeddable":true,"href":"https:\/\/iraurgiberritzen.eus\/es\/wp-json\/wp\/v2\/tags?post=12168"}],"curies":[{"name":"wp","href":"https:\/\/api.w.org\/{rel}","templated":true}]}}