{"id":12183,"date":"2017-06-05T07:08:48","date_gmt":"2017-06-05T05:08:48","guid":{"rendered":"https:\/\/iraurgiberritzen.eus\/las-agencias-de-desarrollo-y-la-diputacion-han-firmado-por-primera-vez-un-convenio-para-el-impulso-economico-del-territorio\/"},"modified":"2017-06-05T07:08:48","modified_gmt":"2017-06-05T05:08:48","slug":"las-agencias-de-desarrollo-y-la-diputacion-han-firmado-por-primera-vez-un-convenio-para-el-impulso-economico-del-territorio","status":"publish","type":"post","link":"https:\/\/iraurgiberritzen.eus\/es\/las-agencias-de-desarrollo-y-la-diputacion-han-firmado-por-primera-vez-un-convenio-para-el-impulso-economico-del-territorio\/","title":{"rendered":"Las Agencias de Desarrollo y la diputaci\u00f3n han firmado por primera vez un convenio para el impulso econ\u00f3mico del territorio"},"content":{"rendered":"<p>Todas las Agencias de Desarrollo Local \u2013entre ellas, Iraurgi Berritzen\u2013 y&nbsp;La Diputaci\u00f3n Foral de Gipuzkoa han firmado por primera vez&nbsp;un convenio para el desarrollo de un nuevo modelo de gobernanza destinado al impulso econ\u00f3mico.<\/p>\n<p>&nbsp;Este primer convenio de colaboraci\u00f3n determinar\u00e1 un nuevo modelo de colaboraci\u00f3n para el establecimiento de estrategias, para el desarrollo de programas y para la creaci\u00f3n de nuevas herramientas y&nbsp;estar\u00e1 en vigor hasta el a\u00f1o 2021.E l diputado general Markel Olano y los presidentes de las Agencias de Desarrollo firmaron este documento de colaboraci\u00f3n el pasado viernes.<\/p>\n<p>Olano ha se\u00f1alado que \u00abeste convenio de colaboraci\u00f3n dar\u00e1 lugar al desarrollo de proyectos estrat\u00e9gicos que responder\u00e1n a la futura situaci\u00f3n socioecon\u00f3mica\u00bb.&nbsp;Este convenio tiene como objetivo el desarrollo de los proyectos considerados estrat\u00e9gicos para el territorio, uniendo los agentes y los instrumentos territoriales y empresariales.&nbsp;Mediante este convenio se quiere impulsar la colaboraci\u00f3n entre las diferentes instituciones, a fin de conseguir una Gipuzkoa desarrollada y cohesionada. As\u00ed mismo, la cohesi\u00f3n territorial necesita un modelo de desarrollo que contenga estos cinco aspectos: el aspecto econ\u00f3mico, el aspecto sociocultural e institucional, el aspecto pol\u00edtico-administrativo, el relativo al medio ambiente, y el relativo al desarrollo integral de las personas, como eje transversal.<\/p>\n<p>El convenio han firmado estas once agencias:&nbsp;Beterri-Buruntza Udlak, Bidasoa Bizirik-Bidasoa Activa, Mancomunidad de Debagoiena, Debegesa ( Agencia de Debabarrena), Sociedad de Fomento de San Sebasti\u00e1n, Goieki ( Goierriko Agentzia), Iraurgi Berritzen (Agencia del Urola Medio), Oarsoaldea, Tolosaldea Garatzen, Uggasa y Urola Kostako Udal Elkartea. Colaboran desde el a\u00f1o 2013, con el apoyo de Orkestra.<\/p>\n","protected":false},"excerpt":{"rendered":"<p>Todas las Agencias de Desarrollo Local \u2013entre ellas, Iraurgi Berritzen\u2013 y&nbsp;La Diputaci\u00f3n Foral de Gipuzkoa han firmado por primera vez&nbsp;un convenio para el desarrollo de un nuevo modelo de gobernanza destinado al impulso econ\u00f3mico. &nbsp;Este primer convenio de colaboraci\u00f3n determinar\u00e1 un nuevo modelo de colaboraci\u00f3n para el establecimiento de estrategias, para el desarrollo de programas [&hellip;]<\/p>\n","protected":false},"author":1,"featured_media":17950,"comment_status":"","ping_status":"closed","sticky":false,"template":"","format":"standard","meta":{"_acf_changed":false,"footnotes":""},"categories":[4],"tags":[],"class_list":["post-12183","post","type-post","status-publish","format-standard","has-post-thumbnail","hentry","category-noticias"],"acf":[],"yoast_head":"<!-- This site is optimized with the Yoast SEO plugin v27.4 - https:\/\/yoast.com\/product\/yoast-seo-wordpress\/ -->\n<title>Las Agencias de Desarrollo y la diputaci\u00f3n han firmado por primera vez un convenio para el impulso econ\u00f3mico del territorio - Iraurgi Berritzen<\/title>\n<meta name=\"robots\" content=\"index, follow, max-snippet:-1, max-image-preview:large, max-video-preview:-1\" \/>\n<link rel=\"canonical\" href=\"https:\/\/iraurgiberritzen.eus\/es\/las-agencias-de-desarrollo-y-la-diputacion-han-firmado-por-primera-vez-un-convenio-para-el-impulso-economico-del-territorio\/\" \/>\n<meta property=\"og:locale\" content=\"es_ES\" \/>\n<meta property=\"og:type\" content=\"article\" \/>\n<meta property=\"og:title\" content=\"Las Agencias de Desarrollo y la diputaci\u00f3n han firmado por primera vez un convenio para el impulso econ\u00f3mico del territorio - Iraurgi Berritzen\" \/>\n<meta property=\"og:description\" content=\"Todas las Agencias de Desarrollo Local \u2013entre ellas, Iraurgi Berritzen\u2013 y&nbsp;La Diputaci\u00f3n Foral de Gipuzkoa han firmado por primera vez&nbsp;un convenio para el desarrollo de un nuevo modelo de gobernanza destinado al impulso econ\u00f3mico. &nbsp;Este primer convenio de colaboraci\u00f3n determinar\u00e1 un nuevo modelo de colaboraci\u00f3n para el establecimiento de estrategias, para el desarrollo de programas [&hellip;]\" \/>\n<meta property=\"og:url\" content=\"https:\/\/iraurgiberritzen.eus\/es\/las-agencias-de-desarrollo-y-la-diputacion-han-firmado-por-primera-vez-un-convenio-para-el-impulso-economico-del-territorio\/\" \/>\n<meta property=\"og:site_name\" content=\"Iraurgi Berritzen\" \/>\n<meta property=\"article:published_time\" content=\"2017-06-05T05:08:48+00:00\" \/>\n<meta name=\"author\" content=\"kudeatzailea\" \/>\n<meta name=\"twitter:card\" content=\"summary_large_image\" \/>\n<meta name=\"twitter:label1\" content=\"Escrito por\" \/>\n\t<meta name=\"twitter:data1\" content=\"kudeatzailea\" \/>\n\t<meta name=\"twitter:label2\" content=\"Tiempo de lectura\" \/>\n\t<meta name=\"twitter:data2\" content=\"1 minuto\" \/>\n<script type=\"application\/ld+json\" class=\"yoast-schema-graph\">{\"@context\":\"https:\\\/\\\/schema.org\",\"@graph\":[{\"@type\":\"Article\",\"@id\":\"https:\\\/\\\/iraurgiberritzen.eus\\\/es\\\/las-agencias-de-desarrollo-y-la-diputacion-han-firmado-por-primera-vez-un-convenio-para-el-impulso-economico-del-territorio\\\/#article\",\"isPartOf\":{\"@id\":\"https:\\\/\\\/iraurgiberritzen.eus\\\/es\\\/las-agencias-de-desarrollo-y-la-diputacion-han-firmado-por-primera-vez-un-convenio-para-el-impulso-economico-del-territorio\\\/\"},\"author\":{\"name\":\"kudeatzailea\",\"@id\":\"https:\\\/\\\/iraurgiberritzen.eus\\\/es\\\/#\\\/schema\\\/person\\\/5ab41aaf388a9097177601ebf45738d2\"},\"headline\":\"Las Agencias de Desarrollo y la diputaci\u00f3n han firmado por primera vez un convenio para el impulso econ\u00f3mico del territorio\",\"datePublished\":\"2017-06-05T05:08:48+00:00\",\"mainEntityOfPage\":{\"@id\":\"https:\\\/\\\/iraurgiberritzen.eus\\\/es\\\/las-agencias-de-desarrollo-y-la-diputacion-han-firmado-por-primera-vez-un-convenio-para-el-impulso-economico-del-territorio\\\/\"},\"wordCount\":304,\"publisher\":{\"@id\":\"https:\\\/\\\/iraurgiberritzen.eus\\\/es\\\/#organization\"},\"image\":{\"@id\":\"https:\\\/\\\/iraurgiberritzen.eus\\\/es\\\/las-agencias-de-desarrollo-y-la-diputacion-han-firmado-por-primera-vez-un-convenio-para-el-impulso-economico-del-territorio\\\/#primaryimage\"},\"thumbnailUrl\":\"https:\\\/\\\/iraurgiberritzen.eus\\\/wp-content\\\/uploads\\\/2023\\\/09\\\/e99cca3cbc010706fcba1d1bd7112857.jpg\",\"articleSection\":[\"Noticias\"],\"inLanguage\":\"es\"},{\"@type\":\"WebPage\",\"@id\":\"https:\\\/\\\/iraurgiberritzen.eus\\\/es\\\/las-agencias-de-desarrollo-y-la-diputacion-han-firmado-por-primera-vez-un-convenio-para-el-impulso-economico-del-territorio\\\/\",\"url\":\"https:\\\/\\\/iraurgiberritzen.eus\\\/es\\\/las-agencias-de-desarrollo-y-la-diputacion-han-firmado-por-primera-vez-un-convenio-para-el-impulso-economico-del-territorio\\\/\",\"name\":\"Las Agencias de Desarrollo y la diputaci\u00f3n han firmado por primera vez un convenio para el impulso econ\u00f3mico del territorio - Iraurgi Berritzen\",\"isPartOf\":{\"@id\":\"https:\\\/\\\/iraurgiberritzen.eus\\\/es\\\/#website\"},\"primaryImageOfPage\":{\"@id\":\"https:\\\/\\\/iraurgiberritzen.eus\\\/es\\\/las-agencias-de-desarrollo-y-la-diputacion-han-firmado-por-primera-vez-un-convenio-para-el-impulso-economico-del-territorio\\\/#primaryimage\"},\"image\":{\"@id\":\"https:\\\/\\\/iraurgiberritzen.eus\\\/es\\\/las-agencias-de-desarrollo-y-la-diputacion-han-firmado-por-primera-vez-un-convenio-para-el-impulso-economico-del-territorio\\\/#primaryimage\"},\"thumbnailUrl\":\"https:\\\/\\\/iraurgiberritzen.eus\\\/wp-content\\\/uploads\\\/2023\\\/09\\\/e99cca3cbc010706fcba1d1bd7112857.jpg\",\"datePublished\":\"2017-06-05T05:08:48+00:00\",\"breadcrumb\":{\"@id\":\"https:\\\/\\\/iraurgiberritzen.eus\\\/es\\\/las-agencias-de-desarrollo-y-la-diputacion-han-firmado-por-primera-vez-un-convenio-para-el-impulso-economico-del-territorio\\\/#breadcrumb\"},\"inLanguage\":\"es\",\"potentialAction\":[{\"@type\":\"ReadAction\",\"target\":[\"https:\\\/\\\/iraurgiberritzen.eus\\\/es\\\/las-agencias-de-desarrollo-y-la-diputacion-han-firmado-por-primera-vez-un-convenio-para-el-impulso-economico-del-territorio\\\/\"]}]},{\"@type\":\"ImageObject\",\"inLanguage\":\"es\",\"@id\":\"https:\\\/\\\/iraurgiberritzen.eus\\\/es\\\/las-agencias-de-desarrollo-y-la-diputacion-han-firmado-por-primera-vez-un-convenio-para-el-impulso-economico-del-territorio\\\/#primaryimage\",\"url\":\"https:\\\/\\\/iraurgiberritzen.eus\\\/wp-content\\\/uploads\\\/2023\\\/09\\\/e99cca3cbc010706fcba1d1bd7112857.jpg\",\"contentUrl\":\"https:\\\/\\\/iraurgiberritzen.eus\\\/wp-content\\\/uploads\\\/2023\\\/09\\\/e99cca3cbc010706fcba1d1bd7112857.jpg\",\"width\":600,\"height\":386},{\"@type\":\"BreadcrumbList\",\"@id\":\"https:\\\/\\\/iraurgiberritzen.eus\\\/es\\\/las-agencias-de-desarrollo-y-la-diputacion-han-firmado-por-primera-vez-un-convenio-para-el-impulso-economico-del-territorio\\\/#breadcrumb\",\"itemListElement\":[{\"@type\":\"ListItem\",\"position\":1,\"name\":\"Home\",\"item\":\"https:\\\/\\\/iraurgiberritzen.eus\\\/es\\\/\"},{\"@type\":\"ListItem\",\"position\":2,\"name\":\"Las Agencias de Desarrollo y la diputaci\u00f3n han firmado por primera vez un convenio para el impulso econ\u00f3mico del territorio\"}]},{\"@type\":\"WebSite\",\"@id\":\"https:\\\/\\\/iraurgiberritzen.eus\\\/es\\\/#website\",\"url\":\"https:\\\/\\\/iraurgiberritzen.eus\\\/es\\\/\",\"name\":\"Iraurgi Berritzen\",\"description\":\"Urola Erdiko Garapen Agentzia\",\"publisher\":{\"@id\":\"https:\\\/\\\/iraurgiberritzen.eus\\\/es\\\/#organization\"},\"potentialAction\":[{\"@type\":\"SearchAction\",\"target\":{\"@type\":\"EntryPoint\",\"urlTemplate\":\"https:\\\/\\\/iraurgiberritzen.eus\\\/es\\\/?s={search_term_string}\"},\"query-input\":{\"@type\":\"PropertyValueSpecification\",\"valueRequired\":true,\"valueName\":\"search_term_string\"}}],\"inLanguage\":\"es\"},{\"@type\":\"Organization\",\"@id\":\"https:\\\/\\\/iraurgiberritzen.eus\\\/es\\\/#organization\",\"name\":\"Iraurgi Berritzen\",\"url\":\"https:\\\/\\\/iraurgiberritzen.eus\\\/es\\\/\",\"logo\":{\"@type\":\"ImageObject\",\"inLanguage\":\"es\",\"@id\":\"https:\\\/\\\/iraurgiberritzen.eus\\\/es\\\/#\\\/schema\\\/logo\\\/image\\\/\",\"url\":\"https:\\\/\\\/iraurgiberritzen.eus\\\/wp-content\\\/uploads\\\/2024\\\/02\\\/IRAURGI-BERRITZEN-logotipoa_2.png\",\"contentUrl\":\"https:\\\/\\\/iraurgiberritzen.eus\\\/wp-content\\\/uploads\\\/2024\\\/02\\\/IRAURGI-BERRITZEN-logotipoa_2.png\",\"width\":496,\"height\":190,\"caption\":\"Iraurgi Berritzen\"},\"image\":{\"@id\":\"https:\\\/\\\/iraurgiberritzen.eus\\\/es\\\/#\\\/schema\\\/logo\\\/image\\\/\"}},{\"@type\":\"Person\",\"@id\":\"https:\\\/\\\/iraurgiberritzen.eus\\\/es\\\/#\\\/schema\\\/person\\\/5ab41aaf388a9097177601ebf45738d2\",\"name\":\"kudeatzailea\",\"sameAs\":[\"https:\\\/\\\/iraurgiberritzen.eus\"]}]}<\/script>\n<!-- \/ Yoast SEO plugin. -->","yoast_head_json":{"title":"Las Agencias de Desarrollo y la diputaci\u00f3n han firmado por primera vez un convenio para el impulso econ\u00f3mico del territorio - Iraurgi Berritzen","robots":{"index":"index","follow":"follow","max-snippet":"max-snippet:-1","max-image-preview":"max-image-preview:large","max-video-preview":"max-video-preview:-1"},"canonical":"https:\/\/iraurgiberritzen.eus\/es\/las-agencias-de-desarrollo-y-la-diputacion-han-firmado-por-primera-vez-un-convenio-para-el-impulso-economico-del-territorio\/","og_locale":"es_ES","og_type":"article","og_title":"Las Agencias de Desarrollo y la diputaci\u00f3n han firmado por primera vez un convenio para el impulso econ\u00f3mico del territorio - Iraurgi Berritzen","og_description":"Todas las Agencias de Desarrollo Local \u2013entre ellas, Iraurgi Berritzen\u2013 y&nbsp;La Diputaci\u00f3n Foral de Gipuzkoa han firmado por primera vez&nbsp;un convenio para el desarrollo de un nuevo modelo de gobernanza destinado al impulso econ\u00f3mico. &nbsp;Este primer convenio de colaboraci\u00f3n determinar\u00e1 un nuevo modelo de colaboraci\u00f3n para el establecimiento de estrategias, para el desarrollo de programas [&hellip;]","og_url":"https:\/\/iraurgiberritzen.eus\/es\/las-agencias-de-desarrollo-y-la-diputacion-han-firmado-por-primera-vez-un-convenio-para-el-impulso-economico-del-territorio\/","og_site_name":"Iraurgi Berritzen","article_published_time":"2017-06-05T05:08:48+00:00","author":"kudeatzailea","twitter_card":"summary_large_image","twitter_misc":{"Escrito por":"kudeatzailea","Tiempo de lectura":"1 minuto"},"schema":{"@context":"https:\/\/schema.org","@graph":[{"@type":"Article","@id":"https:\/\/iraurgiberritzen.eus\/es\/las-agencias-de-desarrollo-y-la-diputacion-han-firmado-por-primera-vez-un-convenio-para-el-impulso-economico-del-territorio\/#article","isPartOf":{"@id":"https:\/\/iraurgiberritzen.eus\/es\/las-agencias-de-desarrollo-y-la-diputacion-han-firmado-por-primera-vez-un-convenio-para-el-impulso-economico-del-territorio\/"},"author":{"name":"kudeatzailea","@id":"https:\/\/iraurgiberritzen.eus\/es\/#\/schema\/person\/5ab41aaf388a9097177601ebf45738d2"},"headline":"Las Agencias de Desarrollo y la diputaci\u00f3n han firmado por primera vez un convenio para el impulso econ\u00f3mico del territorio","datePublished":"2017-06-05T05:08:48+00:00","mainEntityOfPage":{"@id":"https:\/\/iraurgiberritzen.eus\/es\/las-agencias-de-desarrollo-y-la-diputacion-han-firmado-por-primera-vez-un-convenio-para-el-impulso-economico-del-territorio\/"},"wordCount":304,"publisher":{"@id":"https:\/\/iraurgiberritzen.eus\/es\/#organization"},"image":{"@id":"https:\/\/iraurgiberritzen.eus\/es\/las-agencias-de-desarrollo-y-la-diputacion-han-firmado-por-primera-vez-un-convenio-para-el-impulso-economico-del-territorio\/#primaryimage"},"thumbnailUrl":"https:\/\/iraurgiberritzen.eus\/wp-content\/uploads\/2023\/09\/e99cca3cbc010706fcba1d1bd7112857.jpg","articleSection":["Noticias"],"inLanguage":"es"},{"@type":"WebPage","@id":"https:\/\/iraurgiberritzen.eus\/es\/las-agencias-de-desarrollo-y-la-diputacion-han-firmado-por-primera-vez-un-convenio-para-el-impulso-economico-del-territorio\/","url":"https:\/\/iraurgiberritzen.eus\/es\/las-agencias-de-desarrollo-y-la-diputacion-han-firmado-por-primera-vez-un-convenio-para-el-impulso-economico-del-territorio\/","name":"Las Agencias de Desarrollo y la diputaci\u00f3n han firmado por primera vez un convenio para el impulso econ\u00f3mico del territorio - Iraurgi Berritzen","isPartOf":{"@id":"https:\/\/iraurgiberritzen.eus\/es\/#website"},"primaryImageOfPage":{"@id":"https:\/\/iraurgiberritzen.eus\/es\/las-agencias-de-desarrollo-y-la-diputacion-han-firmado-por-primera-vez-un-convenio-para-el-impulso-economico-del-territorio\/#primaryimage"},"image":{"@id":"https:\/\/iraurgiberritzen.eus\/es\/las-agencias-de-desarrollo-y-la-diputacion-han-firmado-por-primera-vez-un-convenio-para-el-impulso-economico-del-territorio\/#primaryimage"},"thumbnailUrl":"https:\/\/iraurgiberritzen.eus\/wp-content\/uploads\/2023\/09\/e99cca3cbc010706fcba1d1bd7112857.jpg","datePublished":"2017-06-05T05:08:48+00:00","breadcrumb":{"@id":"https:\/\/iraurgiberritzen.eus\/es\/las-agencias-de-desarrollo-y-la-diputacion-han-firmado-por-primera-vez-un-convenio-para-el-impulso-economico-del-territorio\/#breadcrumb"},"inLanguage":"es","potentialAction":[{"@type":"ReadAction","target":["https:\/\/iraurgiberritzen.eus\/es\/las-agencias-de-desarrollo-y-la-diputacion-han-firmado-por-primera-vez-un-convenio-para-el-impulso-economico-del-territorio\/"]}]},{"@type":"ImageObject","inLanguage":"es","@id":"https:\/\/iraurgiberritzen.eus\/es\/las-agencias-de-desarrollo-y-la-diputacion-han-firmado-por-primera-vez-un-convenio-para-el-impulso-economico-del-territorio\/#primaryimage","url":"https:\/\/iraurgiberritzen.eus\/wp-content\/uploads\/2023\/09\/e99cca3cbc010706fcba1d1bd7112857.jpg","contentUrl":"https:\/\/iraurgiberritzen.eus\/wp-content\/uploads\/2023\/09\/e99cca3cbc010706fcba1d1bd7112857.jpg","width":600,"height":386},{"@type":"BreadcrumbList","@id":"https:\/\/iraurgiberritzen.eus\/es\/las-agencias-de-desarrollo-y-la-diputacion-han-firmado-por-primera-vez-un-convenio-para-el-impulso-economico-del-territorio\/#breadcrumb","itemListElement":[{"@type":"ListItem","position":1,"name":"Home","item":"https:\/\/iraurgiberritzen.eus\/es\/"},{"@type":"ListItem","position":2,"name":"Las Agencias de Desarrollo y la diputaci\u00f3n han firmado por primera vez un convenio para el impulso econ\u00f3mico del territorio"}]},{"@type":"WebSite","@id":"https:\/\/iraurgiberritzen.eus\/es\/#website","url":"https:\/\/iraurgiberritzen.eus\/es\/","name":"Iraurgi Berritzen","description":"Urola Erdiko Garapen Agentzia","publisher":{"@id":"https:\/\/iraurgiberritzen.eus\/es\/#organization"},"potentialAction":[{"@type":"SearchAction","target":{"@type":"EntryPoint","urlTemplate":"https:\/\/iraurgiberritzen.eus\/es\/?s={search_term_string}"},"query-input":{"@type":"PropertyValueSpecification","valueRequired":true,"valueName":"search_term_string"}}],"inLanguage":"es"},{"@type":"Organization","@id":"https:\/\/iraurgiberritzen.eus\/es\/#organization","name":"Iraurgi Berritzen","url":"https:\/\/iraurgiberritzen.eus\/es\/","logo":{"@type":"ImageObject","inLanguage":"es","@id":"https:\/\/iraurgiberritzen.eus\/es\/#\/schema\/logo\/image\/","url":"https:\/\/iraurgiberritzen.eus\/wp-content\/uploads\/2024\/02\/IRAURGI-BERRITZEN-logotipoa_2.png","contentUrl":"https:\/\/iraurgiberritzen.eus\/wp-content\/uploads\/2024\/02\/IRAURGI-BERRITZEN-logotipoa_2.png","width":496,"height":190,"caption":"Iraurgi Berritzen"},"image":{"@id":"https:\/\/iraurgiberritzen.eus\/es\/#\/schema\/logo\/image\/"}},{"@type":"Person","@id":"https:\/\/iraurgiberritzen.eus\/es\/#\/schema\/person\/5ab41aaf388a9097177601ebf45738d2","name":"kudeatzailea","sameAs":["https:\/\/iraurgiberritzen.eus"]}]}},"_links":{"self":[{"href":"https:\/\/iraurgiberritzen.eus\/es\/wp-json\/wp\/v2\/posts\/12183","targetHints":{"allow":["GET"]}}],"collection":[{"href":"https:\/\/iraurgiberritzen.eus\/es\/wp-json\/wp\/v2\/posts"}],"about":[{"href":"https:\/\/iraurgiberritzen.eus\/es\/wp-json\/wp\/v2\/types\/post"}],"author":[{"embeddable":true,"href":"https:\/\/iraurgiberritzen.eus\/es\/wp-json\/wp\/v2\/users\/1"}],"replies":[{"embeddable":true,"href":"https:\/\/iraurgiberritzen.eus\/es\/wp-json\/wp\/v2\/comments?post=12183"}],"version-history":[{"count":0,"href":"https:\/\/iraurgiberritzen.eus\/es\/wp-json\/wp\/v2\/posts\/12183\/revisions"}],"wp:featuredmedia":[{"embeddable":true,"href":"https:\/\/iraurgiberritzen.eus\/es\/wp-json\/wp\/v2\/media\/17950"}],"wp:attachment":[{"href":"https:\/\/iraurgiberritzen.eus\/es\/wp-json\/wp\/v2\/media?parent=12183"}],"wp:term":[{"taxonomy":"category","embeddable":true,"href":"https:\/\/iraurgiberritzen.eus\/es\/wp-json\/wp\/v2\/categories?post=12183"},{"taxonomy":"post_tag","embeddable":true,"href":"https:\/\/iraurgiberritzen.eus\/es\/wp-json\/wp\/v2\/tags?post=12183"}],"curies":[{"name":"wp","href":"https:\/\/api.w.org\/{rel}","templated":true}]}}