{"id":12189,"date":"2017-06-08T00:00:00","date_gmt":"2017-06-07T22:00:00","guid":{"rendered":"https:\/\/iraurgiberritzen.eus\/elkarrekin-eraikitzen-2016-17-ha-entrado-en-la-fase-final\/"},"modified":"2017-06-08T00:00:00","modified_gmt":"2017-06-07T22:00:00","slug":"elkarrekin-eraikitzen-2016-17-ha-entrado-en-la-fase-final","status":"publish","type":"post","link":"https:\/\/iraurgiberritzen.eus\/es\/elkarrekin-eraikitzen-2016-17-ha-entrado-en-la-fase-final\/","title":{"rendered":"Elkarrekin Eraikitzen 2016\/17 ha entrado en la fase final"},"content":{"rendered":"<p>Este a\u00f1o, 4 centros de ense\u00f1anza de la comarca y m\u00e1s de 200 estudiantes han participado en el proyecto. En cuanto a los promotores participantes, se han contado m\u00e1s de 40. Ya han llegado a la fase final.<\/p>\n<p>El viernes pasado, 2 de junio, se reunieron profesores de diferentes centros de ense\u00f1anza e hicieron la evaluaci\u00f3n del a\u00f1o escolar. En general, la evaluaci\u00f3n ha sido positiva y el proyecto tendr\u00e1 continuaci\u00f3n el pr\u00f3ximo a\u00f1o. De cara al pr\u00f3ximo a\u00f1o escolar, se han identificado diferentes l\u00edneas de mejor\u00eda y se trabajar\u00e1n en trabajo en equipo.<\/p>\n<p>Por otra parte, se han evaluado bien las visitas que han hecho los estudiantes a diferentes promotores de la comarca. En las experiencias que han vivido los j\u00f3venes se ha subrayado la importancia que tiene el desarrollo del proyecto.<\/p>\n<p>Para terminar, el 15 de junio, jueves, se le pondr\u00e1 fin al proyecto con el acto que se celebrar\u00e1 en el ayuntamiento de Azpeitia. Participar\u00e1n los estudiantes de diferentes centros de ense\u00f1anza.<\/p>\n","protected":false},"excerpt":{"rendered":"<p>Este a\u00f1o, 4 centros de ense\u00f1anza de la comarca y m\u00e1s de 200 estudiantes han participado en el proyecto. En cuanto a los promotores participantes, se han contado m\u00e1s de 40. Ya han llegado a la fase final. El viernes pasado, 2 de junio, se reunieron profesores de diferentes centros de ense\u00f1anza e hicieron la [&hellip;]<\/p>\n","protected":false},"author":1,"featured_media":17934,"comment_status":"closed","ping_status":"closed","sticky":false,"template":"","format":"standard","meta":{"_acf_changed":false,"footnotes":""},"categories":[4],"tags":[],"class_list":["post-12189","post","type-post","status-publish","format-standard","has-post-thumbnail","hentry","category-noticias"],"acf":[],"yoast_head":"<!-- This site is optimized with the Yoast SEO plugin v27.4 - https:\/\/yoast.com\/product\/yoast-seo-wordpress\/ -->\n<title>Elkarrekin Eraikitzen 2016\/17 ha entrado en la fase final - Iraurgi Berritzen<\/title>\n<meta name=\"robots\" content=\"index, follow, max-snippet:-1, max-image-preview:large, max-video-preview:-1\" \/>\n<link rel=\"canonical\" href=\"https:\/\/iraurgiberritzen.eus\/es\/elkarrekin-eraikitzen-2016-17-ha-entrado-en-la-fase-final\/\" \/>\n<meta property=\"og:locale\" content=\"es_ES\" \/>\n<meta property=\"og:type\" content=\"article\" \/>\n<meta property=\"og:title\" content=\"Elkarrekin Eraikitzen 2016\/17 ha entrado en la fase final - Iraurgi Berritzen\" \/>\n<meta property=\"og:description\" content=\"Este a\u00f1o, 4 centros de ense\u00f1anza de la comarca y m\u00e1s de 200 estudiantes han participado en el proyecto. En cuanto a los promotores participantes, se han contado m\u00e1s de 40. Ya han llegado a la fase final. El viernes pasado, 2 de junio, se reunieron profesores de diferentes centros de ense\u00f1anza e hicieron la [&hellip;]\" \/>\n<meta property=\"og:url\" content=\"https:\/\/iraurgiberritzen.eus\/es\/elkarrekin-eraikitzen-2016-17-ha-entrado-en-la-fase-final\/\" \/>\n<meta property=\"og:site_name\" content=\"Iraurgi Berritzen\" \/>\n<meta property=\"article:published_time\" content=\"2017-06-07T22:00:00+00:00\" \/>\n<meta name=\"author\" content=\"kudeatzailea\" \/>\n<meta name=\"twitter:card\" content=\"summary_large_image\" \/>\n<meta name=\"twitter:label1\" content=\"Escrito por\" \/>\n\t<meta name=\"twitter:data1\" content=\"kudeatzailea\" \/>\n\t<meta name=\"twitter:label2\" content=\"Tiempo de lectura\" \/>\n\t<meta name=\"twitter:data2\" content=\"1 minuto\" \/>\n<script type=\"application\/ld+json\" class=\"yoast-schema-graph\">{\"@context\":\"https:\\\/\\\/schema.org\",\"@graph\":[{\"@type\":\"Article\",\"@id\":\"https:\\\/\\\/iraurgiberritzen.eus\\\/es\\\/elkarrekin-eraikitzen-2016-17-ha-entrado-en-la-fase-final\\\/#article\",\"isPartOf\":{\"@id\":\"https:\\\/\\\/iraurgiberritzen.eus\\\/es\\\/elkarrekin-eraikitzen-2016-17-ha-entrado-en-la-fase-final\\\/\"},\"author\":{\"name\":\"kudeatzailea\",\"@id\":\"https:\\\/\\\/iraurgiberritzen.eus\\\/es\\\/#\\\/schema\\\/person\\\/5ab41aaf388a9097177601ebf45738d2\"},\"headline\":\"Elkarrekin Eraikitzen 2016\\\/17 ha entrado en la fase final\",\"datePublished\":\"2017-06-07T22:00:00+00:00\",\"mainEntityOfPage\":{\"@id\":\"https:\\\/\\\/iraurgiberritzen.eus\\\/es\\\/elkarrekin-eraikitzen-2016-17-ha-entrado-en-la-fase-final\\\/\"},\"wordCount\":187,\"publisher\":{\"@id\":\"https:\\\/\\\/iraurgiberritzen.eus\\\/es\\\/#organization\"},\"image\":{\"@id\":\"https:\\\/\\\/iraurgiberritzen.eus\\\/es\\\/elkarrekin-eraikitzen-2016-17-ha-entrado-en-la-fase-final\\\/#primaryimage\"},\"thumbnailUrl\":\"https:\\\/\\\/iraurgiberritzen.eus\\\/wp-content\\\/uploads\\\/2023\\\/09\\\/717c6fb0dff4b7bf3cb4cc45603e902e.jpg\",\"articleSection\":[\"Noticias\"],\"inLanguage\":\"es\"},{\"@type\":\"WebPage\",\"@id\":\"https:\\\/\\\/iraurgiberritzen.eus\\\/es\\\/elkarrekin-eraikitzen-2016-17-ha-entrado-en-la-fase-final\\\/\",\"url\":\"https:\\\/\\\/iraurgiberritzen.eus\\\/es\\\/elkarrekin-eraikitzen-2016-17-ha-entrado-en-la-fase-final\\\/\",\"name\":\"Elkarrekin Eraikitzen 2016\\\/17 ha entrado en la fase final - Iraurgi Berritzen\",\"isPartOf\":{\"@id\":\"https:\\\/\\\/iraurgiberritzen.eus\\\/es\\\/#website\"},\"primaryImageOfPage\":{\"@id\":\"https:\\\/\\\/iraurgiberritzen.eus\\\/es\\\/elkarrekin-eraikitzen-2016-17-ha-entrado-en-la-fase-final\\\/#primaryimage\"},\"image\":{\"@id\":\"https:\\\/\\\/iraurgiberritzen.eus\\\/es\\\/elkarrekin-eraikitzen-2016-17-ha-entrado-en-la-fase-final\\\/#primaryimage\"},\"thumbnailUrl\":\"https:\\\/\\\/iraurgiberritzen.eus\\\/wp-content\\\/uploads\\\/2023\\\/09\\\/717c6fb0dff4b7bf3cb4cc45603e902e.jpg\",\"datePublished\":\"2017-06-07T22:00:00+00:00\",\"breadcrumb\":{\"@id\":\"https:\\\/\\\/iraurgiberritzen.eus\\\/es\\\/elkarrekin-eraikitzen-2016-17-ha-entrado-en-la-fase-final\\\/#breadcrumb\"},\"inLanguage\":\"es\",\"potentialAction\":[{\"@type\":\"ReadAction\",\"target\":[\"https:\\\/\\\/iraurgiberritzen.eus\\\/es\\\/elkarrekin-eraikitzen-2016-17-ha-entrado-en-la-fase-final\\\/\"]}]},{\"@type\":\"ImageObject\",\"inLanguage\":\"es\",\"@id\":\"https:\\\/\\\/iraurgiberritzen.eus\\\/es\\\/elkarrekin-eraikitzen-2016-17-ha-entrado-en-la-fase-final\\\/#primaryimage\",\"url\":\"https:\\\/\\\/iraurgiberritzen.eus\\\/wp-content\\\/uploads\\\/2023\\\/09\\\/717c6fb0dff4b7bf3cb4cc45603e902e.jpg\",\"contentUrl\":\"https:\\\/\\\/iraurgiberritzen.eus\\\/wp-content\\\/uploads\\\/2023\\\/09\\\/717c6fb0dff4b7bf3cb4cc45603e902e.jpg\",\"width\":600,\"height\":386},{\"@type\":\"BreadcrumbList\",\"@id\":\"https:\\\/\\\/iraurgiberritzen.eus\\\/es\\\/elkarrekin-eraikitzen-2016-17-ha-entrado-en-la-fase-final\\\/#breadcrumb\",\"itemListElement\":[{\"@type\":\"ListItem\",\"position\":1,\"name\":\"Home\",\"item\":\"https:\\\/\\\/iraurgiberritzen.eus\\\/es\\\/\"},{\"@type\":\"ListItem\",\"position\":2,\"name\":\"Elkarrekin Eraikitzen 2016\\\/17 ha entrado en la fase final\"}]},{\"@type\":\"WebSite\",\"@id\":\"https:\\\/\\\/iraurgiberritzen.eus\\\/es\\\/#website\",\"url\":\"https:\\\/\\\/iraurgiberritzen.eus\\\/es\\\/\",\"name\":\"Iraurgi Berritzen\",\"description\":\"Urola Erdiko Garapen Agentzia\",\"publisher\":{\"@id\":\"https:\\\/\\\/iraurgiberritzen.eus\\\/es\\\/#organization\"},\"potentialAction\":[{\"@type\":\"SearchAction\",\"target\":{\"@type\":\"EntryPoint\",\"urlTemplate\":\"https:\\\/\\\/iraurgiberritzen.eus\\\/es\\\/?s={search_term_string}\"},\"query-input\":{\"@type\":\"PropertyValueSpecification\",\"valueRequired\":true,\"valueName\":\"search_term_string\"}}],\"inLanguage\":\"es\"},{\"@type\":\"Organization\",\"@id\":\"https:\\\/\\\/iraurgiberritzen.eus\\\/es\\\/#organization\",\"name\":\"Iraurgi Berritzen\",\"url\":\"https:\\\/\\\/iraurgiberritzen.eus\\\/es\\\/\",\"logo\":{\"@type\":\"ImageObject\",\"inLanguage\":\"es\",\"@id\":\"https:\\\/\\\/iraurgiberritzen.eus\\\/es\\\/#\\\/schema\\\/logo\\\/image\\\/\",\"url\":\"https:\\\/\\\/iraurgiberritzen.eus\\\/wp-content\\\/uploads\\\/2024\\\/02\\\/IRAURGI-BERRITZEN-logotipoa_2.png\",\"contentUrl\":\"https:\\\/\\\/iraurgiberritzen.eus\\\/wp-content\\\/uploads\\\/2024\\\/02\\\/IRAURGI-BERRITZEN-logotipoa_2.png\",\"width\":496,\"height\":190,\"caption\":\"Iraurgi Berritzen\"},\"image\":{\"@id\":\"https:\\\/\\\/iraurgiberritzen.eus\\\/es\\\/#\\\/schema\\\/logo\\\/image\\\/\"}},{\"@type\":\"Person\",\"@id\":\"https:\\\/\\\/iraurgiberritzen.eus\\\/es\\\/#\\\/schema\\\/person\\\/5ab41aaf388a9097177601ebf45738d2\",\"name\":\"kudeatzailea\",\"sameAs\":[\"https:\\\/\\\/iraurgiberritzen.eus\"]}]}<\/script>\n<!-- \/ Yoast SEO plugin. -->","yoast_head_json":{"title":"Elkarrekin Eraikitzen 2016\/17 ha entrado en la fase final - Iraurgi Berritzen","robots":{"index":"index","follow":"follow","max-snippet":"max-snippet:-1","max-image-preview":"max-image-preview:large","max-video-preview":"max-video-preview:-1"},"canonical":"https:\/\/iraurgiberritzen.eus\/es\/elkarrekin-eraikitzen-2016-17-ha-entrado-en-la-fase-final\/","og_locale":"es_ES","og_type":"article","og_title":"Elkarrekin Eraikitzen 2016\/17 ha entrado en la fase final - Iraurgi Berritzen","og_description":"Este a\u00f1o, 4 centros de ense\u00f1anza de la comarca y m\u00e1s de 200 estudiantes han participado en el proyecto. En cuanto a los promotores participantes, se han contado m\u00e1s de 40. Ya han llegado a la fase final. El viernes pasado, 2 de junio, se reunieron profesores de diferentes centros de ense\u00f1anza e hicieron la [&hellip;]","og_url":"https:\/\/iraurgiberritzen.eus\/es\/elkarrekin-eraikitzen-2016-17-ha-entrado-en-la-fase-final\/","og_site_name":"Iraurgi Berritzen","article_published_time":"2017-06-07T22:00:00+00:00","author":"kudeatzailea","twitter_card":"summary_large_image","twitter_misc":{"Escrito por":"kudeatzailea","Tiempo de lectura":"1 minuto"},"schema":{"@context":"https:\/\/schema.org","@graph":[{"@type":"Article","@id":"https:\/\/iraurgiberritzen.eus\/es\/elkarrekin-eraikitzen-2016-17-ha-entrado-en-la-fase-final\/#article","isPartOf":{"@id":"https:\/\/iraurgiberritzen.eus\/es\/elkarrekin-eraikitzen-2016-17-ha-entrado-en-la-fase-final\/"},"author":{"name":"kudeatzailea","@id":"https:\/\/iraurgiberritzen.eus\/es\/#\/schema\/person\/5ab41aaf388a9097177601ebf45738d2"},"headline":"Elkarrekin Eraikitzen 2016\/17 ha entrado en la fase final","datePublished":"2017-06-07T22:00:00+00:00","mainEntityOfPage":{"@id":"https:\/\/iraurgiberritzen.eus\/es\/elkarrekin-eraikitzen-2016-17-ha-entrado-en-la-fase-final\/"},"wordCount":187,"publisher":{"@id":"https:\/\/iraurgiberritzen.eus\/es\/#organization"},"image":{"@id":"https:\/\/iraurgiberritzen.eus\/es\/elkarrekin-eraikitzen-2016-17-ha-entrado-en-la-fase-final\/#primaryimage"},"thumbnailUrl":"https:\/\/iraurgiberritzen.eus\/wp-content\/uploads\/2023\/09\/717c6fb0dff4b7bf3cb4cc45603e902e.jpg","articleSection":["Noticias"],"inLanguage":"es"},{"@type":"WebPage","@id":"https:\/\/iraurgiberritzen.eus\/es\/elkarrekin-eraikitzen-2016-17-ha-entrado-en-la-fase-final\/","url":"https:\/\/iraurgiberritzen.eus\/es\/elkarrekin-eraikitzen-2016-17-ha-entrado-en-la-fase-final\/","name":"Elkarrekin Eraikitzen 2016\/17 ha entrado en la fase final - Iraurgi Berritzen","isPartOf":{"@id":"https:\/\/iraurgiberritzen.eus\/es\/#website"},"primaryImageOfPage":{"@id":"https:\/\/iraurgiberritzen.eus\/es\/elkarrekin-eraikitzen-2016-17-ha-entrado-en-la-fase-final\/#primaryimage"},"image":{"@id":"https:\/\/iraurgiberritzen.eus\/es\/elkarrekin-eraikitzen-2016-17-ha-entrado-en-la-fase-final\/#primaryimage"},"thumbnailUrl":"https:\/\/iraurgiberritzen.eus\/wp-content\/uploads\/2023\/09\/717c6fb0dff4b7bf3cb4cc45603e902e.jpg","datePublished":"2017-06-07T22:00:00+00:00","breadcrumb":{"@id":"https:\/\/iraurgiberritzen.eus\/es\/elkarrekin-eraikitzen-2016-17-ha-entrado-en-la-fase-final\/#breadcrumb"},"inLanguage":"es","potentialAction":[{"@type":"ReadAction","target":["https:\/\/iraurgiberritzen.eus\/es\/elkarrekin-eraikitzen-2016-17-ha-entrado-en-la-fase-final\/"]}]},{"@type":"ImageObject","inLanguage":"es","@id":"https:\/\/iraurgiberritzen.eus\/es\/elkarrekin-eraikitzen-2016-17-ha-entrado-en-la-fase-final\/#primaryimage","url":"https:\/\/iraurgiberritzen.eus\/wp-content\/uploads\/2023\/09\/717c6fb0dff4b7bf3cb4cc45603e902e.jpg","contentUrl":"https:\/\/iraurgiberritzen.eus\/wp-content\/uploads\/2023\/09\/717c6fb0dff4b7bf3cb4cc45603e902e.jpg","width":600,"height":386},{"@type":"BreadcrumbList","@id":"https:\/\/iraurgiberritzen.eus\/es\/elkarrekin-eraikitzen-2016-17-ha-entrado-en-la-fase-final\/#breadcrumb","itemListElement":[{"@type":"ListItem","position":1,"name":"Home","item":"https:\/\/iraurgiberritzen.eus\/es\/"},{"@type":"ListItem","position":2,"name":"Elkarrekin Eraikitzen 2016\/17 ha entrado en la fase final"}]},{"@type":"WebSite","@id":"https:\/\/iraurgiberritzen.eus\/es\/#website","url":"https:\/\/iraurgiberritzen.eus\/es\/","name":"Iraurgi Berritzen","description":"Urola Erdiko Garapen Agentzia","publisher":{"@id":"https:\/\/iraurgiberritzen.eus\/es\/#organization"},"potentialAction":[{"@type":"SearchAction","target":{"@type":"EntryPoint","urlTemplate":"https:\/\/iraurgiberritzen.eus\/es\/?s={search_term_string}"},"query-input":{"@type":"PropertyValueSpecification","valueRequired":true,"valueName":"search_term_string"}}],"inLanguage":"es"},{"@type":"Organization","@id":"https:\/\/iraurgiberritzen.eus\/es\/#organization","name":"Iraurgi Berritzen","url":"https:\/\/iraurgiberritzen.eus\/es\/","logo":{"@type":"ImageObject","inLanguage":"es","@id":"https:\/\/iraurgiberritzen.eus\/es\/#\/schema\/logo\/image\/","url":"https:\/\/iraurgiberritzen.eus\/wp-content\/uploads\/2024\/02\/IRAURGI-BERRITZEN-logotipoa_2.png","contentUrl":"https:\/\/iraurgiberritzen.eus\/wp-content\/uploads\/2024\/02\/IRAURGI-BERRITZEN-logotipoa_2.png","width":496,"height":190,"caption":"Iraurgi Berritzen"},"image":{"@id":"https:\/\/iraurgiberritzen.eus\/es\/#\/schema\/logo\/image\/"}},{"@type":"Person","@id":"https:\/\/iraurgiberritzen.eus\/es\/#\/schema\/person\/5ab41aaf388a9097177601ebf45738d2","name":"kudeatzailea","sameAs":["https:\/\/iraurgiberritzen.eus"]}]}},"_links":{"self":[{"href":"https:\/\/iraurgiberritzen.eus\/es\/wp-json\/wp\/v2\/posts\/12189","targetHints":{"allow":["GET"]}}],"collection":[{"href":"https:\/\/iraurgiberritzen.eus\/es\/wp-json\/wp\/v2\/posts"}],"about":[{"href":"https:\/\/iraurgiberritzen.eus\/es\/wp-json\/wp\/v2\/types\/post"}],"author":[{"embeddable":true,"href":"https:\/\/iraurgiberritzen.eus\/es\/wp-json\/wp\/v2\/users\/1"}],"replies":[{"embeddable":true,"href":"https:\/\/iraurgiberritzen.eus\/es\/wp-json\/wp\/v2\/comments?post=12189"}],"version-history":[{"count":0,"href":"https:\/\/iraurgiberritzen.eus\/es\/wp-json\/wp\/v2\/posts\/12189\/revisions"}],"wp:featuredmedia":[{"embeddable":true,"href":"https:\/\/iraurgiberritzen.eus\/es\/wp-json\/wp\/v2\/media\/17934"}],"wp:attachment":[{"href":"https:\/\/iraurgiberritzen.eus\/es\/wp-json\/wp\/v2\/media?parent=12189"}],"wp:term":[{"taxonomy":"category","embeddable":true,"href":"https:\/\/iraurgiberritzen.eus\/es\/wp-json\/wp\/v2\/categories?post=12189"},{"taxonomy":"post_tag","embeddable":true,"href":"https:\/\/iraurgiberritzen.eus\/es\/wp-json\/wp\/v2\/tags?post=12189"}],"curies":[{"name":"wp","href":"https:\/\/api.w.org\/{rel}","templated":true}]}}