{"id":12192,"date":"2017-06-12T11:12:55","date_gmt":"2017-06-12T09:12:55","guid":{"rendered":"https:\/\/iraurgiberritzen.eus\/ya-se-ha-terminado-la-formacion-que-organizo-iraurgi-berritzen-para-desempleados-mayores-de-35-anos\/"},"modified":"2017-06-12T11:12:55","modified_gmt":"2017-06-12T09:12:55","slug":"ya-se-ha-terminado-la-formacion-que-organizo-iraurgi-berritzen-para-desempleados-mayores-de-35-anos","status":"publish","type":"post","link":"https:\/\/iraurgiberritzen.eus\/es\/ya-se-ha-terminado-la-formacion-que-organizo-iraurgi-berritzen-para-desempleados-mayores-de-35-anos\/","title":{"rendered":"Ya se ha terminado la formaci\u00f3n que organiz\u00f3 Iraurgi Berritzen para desempleados mayores de 35 a\u00f1os"},"content":{"rendered":"<p>Ya se ha terminado la formaci\u00f3n que organiz\u00f3 Iraurgi Berritzen para desempleados mayores de 35 a\u00f1os. Han participado 10 desempleados\/as y ha durado una semana. Entre otras, han trabajado: Objetivos profesionales, trabajar y analizar las competencias que tiene cada uno\/a, y las herramientas que hay hoy en d\u00eda para buscar empleo. Tanto los organizadores como los participantes han valorado muy bien la formaci\u00f3n.<\/p>\n","protected":false},"excerpt":{"rendered":"<p>Ya se ha terminado la formaci\u00f3n que organiz\u00f3 Iraurgi Berritzen para desempleados mayores de 35 a\u00f1os. Han participado 10 desempleados\/as y ha durado una semana. Entre otras, han trabajado: Objetivos profesionales, trabajar y analizar las competencias que tiene cada uno\/a, y las herramientas que hay hoy en d\u00eda para buscar empleo. Tanto los organizadores como [&hellip;]<\/p>\n","protected":false},"author":1,"featured_media":17935,"comment_status":"","ping_status":"closed","sticky":false,"template":"","format":"standard","meta":{"_acf_changed":false,"footnotes":""},"categories":[4],"tags":[],"class_list":["post-12192","post","type-post","status-publish","format-standard","has-post-thumbnail","hentry","category-noticias"],"acf":[],"yoast_head":"<!-- This site is optimized with the Yoast SEO plugin v27.4 - https:\/\/yoast.com\/product\/yoast-seo-wordpress\/ -->\n<title>Ya se ha terminado la formaci\u00f3n que organiz\u00f3 Iraurgi Berritzen para desempleados mayores de 35 a\u00f1os - Iraurgi Berritzen<\/title>\n<meta name=\"robots\" content=\"index, follow, max-snippet:-1, max-image-preview:large, max-video-preview:-1\" \/>\n<link rel=\"canonical\" href=\"https:\/\/iraurgiberritzen.eus\/es\/ya-se-ha-terminado-la-formacion-que-organizo-iraurgi-berritzen-para-desempleados-mayores-de-35-anos\/\" \/>\n<meta property=\"og:locale\" content=\"es_ES\" \/>\n<meta property=\"og:type\" content=\"article\" \/>\n<meta property=\"og:title\" content=\"Ya se ha terminado la formaci\u00f3n que organiz\u00f3 Iraurgi Berritzen para desempleados mayores de 35 a\u00f1os - Iraurgi Berritzen\" \/>\n<meta property=\"og:description\" content=\"Ya se ha terminado la formaci\u00f3n que organiz\u00f3 Iraurgi Berritzen para desempleados mayores de 35 a\u00f1os. Han participado 10 desempleados\/as y ha durado una semana. Entre otras, han trabajado: Objetivos profesionales, trabajar y analizar las competencias que tiene cada uno\/a, y las herramientas que hay hoy en d\u00eda para buscar empleo. Tanto los organizadores como [&hellip;]\" \/>\n<meta property=\"og:url\" content=\"https:\/\/iraurgiberritzen.eus\/es\/ya-se-ha-terminado-la-formacion-que-organizo-iraurgi-berritzen-para-desempleados-mayores-de-35-anos\/\" \/>\n<meta property=\"og:site_name\" content=\"Iraurgi Berritzen\" \/>\n<meta property=\"article:published_time\" content=\"2017-06-12T09:12:55+00:00\" \/>\n<meta name=\"author\" content=\"kudeatzailea\" \/>\n<meta name=\"twitter:card\" content=\"summary_large_image\" \/>\n<meta name=\"twitter:label1\" content=\"Escrito por\" \/>\n\t<meta name=\"twitter:data1\" content=\"kudeatzailea\" \/>\n<script type=\"application\/ld+json\" class=\"yoast-schema-graph\">{\"@context\":\"https:\\\/\\\/schema.org\",\"@graph\":[{\"@type\":\"Article\",\"@id\":\"https:\\\/\\\/iraurgiberritzen.eus\\\/es\\\/ya-se-ha-terminado-la-formacion-que-organizo-iraurgi-berritzen-para-desempleados-mayores-de-35-anos\\\/#article\",\"isPartOf\":{\"@id\":\"https:\\\/\\\/iraurgiberritzen.eus\\\/es\\\/ya-se-ha-terminado-la-formacion-que-organizo-iraurgi-berritzen-para-desempleados-mayores-de-35-anos\\\/\"},\"author\":{\"name\":\"kudeatzailea\",\"@id\":\"https:\\\/\\\/iraurgiberritzen.eus\\\/es\\\/#\\\/schema\\\/person\\\/5ab41aaf388a9097177601ebf45738d2\"},\"headline\":\"Ya se ha terminado la formaci\u00f3n que organiz\u00f3 Iraurgi Berritzen para desempleados mayores de 35 a\u00f1os\",\"datePublished\":\"2017-06-12T09:12:55+00:00\",\"mainEntityOfPage\":{\"@id\":\"https:\\\/\\\/iraurgiberritzen.eus\\\/es\\\/ya-se-ha-terminado-la-formacion-que-organizo-iraurgi-berritzen-para-desempleados-mayores-de-35-anos\\\/\"},\"wordCount\":84,\"publisher\":{\"@id\":\"https:\\\/\\\/iraurgiberritzen.eus\\\/es\\\/#organization\"},\"image\":{\"@id\":\"https:\\\/\\\/iraurgiberritzen.eus\\\/es\\\/ya-se-ha-terminado-la-formacion-que-organizo-iraurgi-berritzen-para-desempleados-mayores-de-35-anos\\\/#primaryimage\"},\"thumbnailUrl\":\"https:\\\/\\\/iraurgiberritzen.eus\\\/wp-content\\\/uploads\\\/2023\\\/09\\\/e2dc343852dcc66e453f7f9901577ec5.jpg\",\"articleSection\":[\"Noticias\"],\"inLanguage\":\"es\"},{\"@type\":\"WebPage\",\"@id\":\"https:\\\/\\\/iraurgiberritzen.eus\\\/es\\\/ya-se-ha-terminado-la-formacion-que-organizo-iraurgi-berritzen-para-desempleados-mayores-de-35-anos\\\/\",\"url\":\"https:\\\/\\\/iraurgiberritzen.eus\\\/es\\\/ya-se-ha-terminado-la-formacion-que-organizo-iraurgi-berritzen-para-desempleados-mayores-de-35-anos\\\/\",\"name\":\"Ya se ha terminado la formaci\u00f3n que organiz\u00f3 Iraurgi Berritzen para desempleados mayores de 35 a\u00f1os - Iraurgi Berritzen\",\"isPartOf\":{\"@id\":\"https:\\\/\\\/iraurgiberritzen.eus\\\/es\\\/#website\"},\"primaryImageOfPage\":{\"@id\":\"https:\\\/\\\/iraurgiberritzen.eus\\\/es\\\/ya-se-ha-terminado-la-formacion-que-organizo-iraurgi-berritzen-para-desempleados-mayores-de-35-anos\\\/#primaryimage\"},\"image\":{\"@id\":\"https:\\\/\\\/iraurgiberritzen.eus\\\/es\\\/ya-se-ha-terminado-la-formacion-que-organizo-iraurgi-berritzen-para-desempleados-mayores-de-35-anos\\\/#primaryimage\"},\"thumbnailUrl\":\"https:\\\/\\\/iraurgiberritzen.eus\\\/wp-content\\\/uploads\\\/2023\\\/09\\\/e2dc343852dcc66e453f7f9901577ec5.jpg\",\"datePublished\":\"2017-06-12T09:12:55+00:00\",\"breadcrumb\":{\"@id\":\"https:\\\/\\\/iraurgiberritzen.eus\\\/es\\\/ya-se-ha-terminado-la-formacion-que-organizo-iraurgi-berritzen-para-desempleados-mayores-de-35-anos\\\/#breadcrumb\"},\"inLanguage\":\"es\",\"potentialAction\":[{\"@type\":\"ReadAction\",\"target\":[\"https:\\\/\\\/iraurgiberritzen.eus\\\/es\\\/ya-se-ha-terminado-la-formacion-que-organizo-iraurgi-berritzen-para-desempleados-mayores-de-35-anos\\\/\"]}]},{\"@type\":\"ImageObject\",\"inLanguage\":\"es\",\"@id\":\"https:\\\/\\\/iraurgiberritzen.eus\\\/es\\\/ya-se-ha-terminado-la-formacion-que-organizo-iraurgi-berritzen-para-desempleados-mayores-de-35-anos\\\/#primaryimage\",\"url\":\"https:\\\/\\\/iraurgiberritzen.eus\\\/wp-content\\\/uploads\\\/2023\\\/09\\\/e2dc343852dcc66e453f7f9901577ec5.jpg\",\"contentUrl\":\"https:\\\/\\\/iraurgiberritzen.eus\\\/wp-content\\\/uploads\\\/2023\\\/09\\\/e2dc343852dcc66e453f7f9901577ec5.jpg\",\"width\":600,\"height\":386},{\"@type\":\"BreadcrumbList\",\"@id\":\"https:\\\/\\\/iraurgiberritzen.eus\\\/es\\\/ya-se-ha-terminado-la-formacion-que-organizo-iraurgi-berritzen-para-desempleados-mayores-de-35-anos\\\/#breadcrumb\",\"itemListElement\":[{\"@type\":\"ListItem\",\"position\":1,\"name\":\"Home\",\"item\":\"https:\\\/\\\/iraurgiberritzen.eus\\\/es\\\/\"},{\"@type\":\"ListItem\",\"position\":2,\"name\":\"Ya se ha terminado la formaci\u00f3n que organiz\u00f3 Iraurgi Berritzen para desempleados mayores de 35 a\u00f1os\"}]},{\"@type\":\"WebSite\",\"@id\":\"https:\\\/\\\/iraurgiberritzen.eus\\\/es\\\/#website\",\"url\":\"https:\\\/\\\/iraurgiberritzen.eus\\\/es\\\/\",\"name\":\"Iraurgi Berritzen\",\"description\":\"Urola Erdiko Garapen Agentzia\",\"publisher\":{\"@id\":\"https:\\\/\\\/iraurgiberritzen.eus\\\/es\\\/#organization\"},\"potentialAction\":[{\"@type\":\"SearchAction\",\"target\":{\"@type\":\"EntryPoint\",\"urlTemplate\":\"https:\\\/\\\/iraurgiberritzen.eus\\\/es\\\/?s={search_term_string}\"},\"query-input\":{\"@type\":\"PropertyValueSpecification\",\"valueRequired\":true,\"valueName\":\"search_term_string\"}}],\"inLanguage\":\"es\"},{\"@type\":\"Organization\",\"@id\":\"https:\\\/\\\/iraurgiberritzen.eus\\\/es\\\/#organization\",\"name\":\"Iraurgi Berritzen\",\"url\":\"https:\\\/\\\/iraurgiberritzen.eus\\\/es\\\/\",\"logo\":{\"@type\":\"ImageObject\",\"inLanguage\":\"es\",\"@id\":\"https:\\\/\\\/iraurgiberritzen.eus\\\/es\\\/#\\\/schema\\\/logo\\\/image\\\/\",\"url\":\"https:\\\/\\\/iraurgiberritzen.eus\\\/wp-content\\\/uploads\\\/2024\\\/02\\\/IRAURGI-BERRITZEN-logotipoa_2.png\",\"contentUrl\":\"https:\\\/\\\/iraurgiberritzen.eus\\\/wp-content\\\/uploads\\\/2024\\\/02\\\/IRAURGI-BERRITZEN-logotipoa_2.png\",\"width\":496,\"height\":190,\"caption\":\"Iraurgi Berritzen\"},\"image\":{\"@id\":\"https:\\\/\\\/iraurgiberritzen.eus\\\/es\\\/#\\\/schema\\\/logo\\\/image\\\/\"}},{\"@type\":\"Person\",\"@id\":\"https:\\\/\\\/iraurgiberritzen.eus\\\/es\\\/#\\\/schema\\\/person\\\/5ab41aaf388a9097177601ebf45738d2\",\"name\":\"kudeatzailea\",\"sameAs\":[\"https:\\\/\\\/iraurgiberritzen.eus\"]}]}<\/script>\n<!-- \/ Yoast SEO plugin. -->","yoast_head_json":{"title":"Ya se ha terminado la formaci\u00f3n que organiz\u00f3 Iraurgi Berritzen para desempleados mayores de 35 a\u00f1os - Iraurgi Berritzen","robots":{"index":"index","follow":"follow","max-snippet":"max-snippet:-1","max-image-preview":"max-image-preview:large","max-video-preview":"max-video-preview:-1"},"canonical":"https:\/\/iraurgiberritzen.eus\/es\/ya-se-ha-terminado-la-formacion-que-organizo-iraurgi-berritzen-para-desempleados-mayores-de-35-anos\/","og_locale":"es_ES","og_type":"article","og_title":"Ya se ha terminado la formaci\u00f3n que organiz\u00f3 Iraurgi Berritzen para desempleados mayores de 35 a\u00f1os - Iraurgi Berritzen","og_description":"Ya se ha terminado la formaci\u00f3n que organiz\u00f3 Iraurgi Berritzen para desempleados mayores de 35 a\u00f1os. Han participado 10 desempleados\/as y ha durado una semana. Entre otras, han trabajado: Objetivos profesionales, trabajar y analizar las competencias que tiene cada uno\/a, y las herramientas que hay hoy en d\u00eda para buscar empleo. Tanto los organizadores como [&hellip;]","og_url":"https:\/\/iraurgiberritzen.eus\/es\/ya-se-ha-terminado-la-formacion-que-organizo-iraurgi-berritzen-para-desempleados-mayores-de-35-anos\/","og_site_name":"Iraurgi Berritzen","article_published_time":"2017-06-12T09:12:55+00:00","author":"kudeatzailea","twitter_card":"summary_large_image","twitter_misc":{"Escrito por":"kudeatzailea"},"schema":{"@context":"https:\/\/schema.org","@graph":[{"@type":"Article","@id":"https:\/\/iraurgiberritzen.eus\/es\/ya-se-ha-terminado-la-formacion-que-organizo-iraurgi-berritzen-para-desempleados-mayores-de-35-anos\/#article","isPartOf":{"@id":"https:\/\/iraurgiberritzen.eus\/es\/ya-se-ha-terminado-la-formacion-que-organizo-iraurgi-berritzen-para-desempleados-mayores-de-35-anos\/"},"author":{"name":"kudeatzailea","@id":"https:\/\/iraurgiberritzen.eus\/es\/#\/schema\/person\/5ab41aaf388a9097177601ebf45738d2"},"headline":"Ya se ha terminado la formaci\u00f3n que organiz\u00f3 Iraurgi Berritzen para desempleados mayores de 35 a\u00f1os","datePublished":"2017-06-12T09:12:55+00:00","mainEntityOfPage":{"@id":"https:\/\/iraurgiberritzen.eus\/es\/ya-se-ha-terminado-la-formacion-que-organizo-iraurgi-berritzen-para-desempleados-mayores-de-35-anos\/"},"wordCount":84,"publisher":{"@id":"https:\/\/iraurgiberritzen.eus\/es\/#organization"},"image":{"@id":"https:\/\/iraurgiberritzen.eus\/es\/ya-se-ha-terminado-la-formacion-que-organizo-iraurgi-berritzen-para-desempleados-mayores-de-35-anos\/#primaryimage"},"thumbnailUrl":"https:\/\/iraurgiberritzen.eus\/wp-content\/uploads\/2023\/09\/e2dc343852dcc66e453f7f9901577ec5.jpg","articleSection":["Noticias"],"inLanguage":"es"},{"@type":"WebPage","@id":"https:\/\/iraurgiberritzen.eus\/es\/ya-se-ha-terminado-la-formacion-que-organizo-iraurgi-berritzen-para-desempleados-mayores-de-35-anos\/","url":"https:\/\/iraurgiberritzen.eus\/es\/ya-se-ha-terminado-la-formacion-que-organizo-iraurgi-berritzen-para-desempleados-mayores-de-35-anos\/","name":"Ya se ha terminado la formaci\u00f3n que organiz\u00f3 Iraurgi Berritzen para desempleados mayores de 35 a\u00f1os - Iraurgi Berritzen","isPartOf":{"@id":"https:\/\/iraurgiberritzen.eus\/es\/#website"},"primaryImageOfPage":{"@id":"https:\/\/iraurgiberritzen.eus\/es\/ya-se-ha-terminado-la-formacion-que-organizo-iraurgi-berritzen-para-desempleados-mayores-de-35-anos\/#primaryimage"},"image":{"@id":"https:\/\/iraurgiberritzen.eus\/es\/ya-se-ha-terminado-la-formacion-que-organizo-iraurgi-berritzen-para-desempleados-mayores-de-35-anos\/#primaryimage"},"thumbnailUrl":"https:\/\/iraurgiberritzen.eus\/wp-content\/uploads\/2023\/09\/e2dc343852dcc66e453f7f9901577ec5.jpg","datePublished":"2017-06-12T09:12:55+00:00","breadcrumb":{"@id":"https:\/\/iraurgiberritzen.eus\/es\/ya-se-ha-terminado-la-formacion-que-organizo-iraurgi-berritzen-para-desempleados-mayores-de-35-anos\/#breadcrumb"},"inLanguage":"es","potentialAction":[{"@type":"ReadAction","target":["https:\/\/iraurgiberritzen.eus\/es\/ya-se-ha-terminado-la-formacion-que-organizo-iraurgi-berritzen-para-desempleados-mayores-de-35-anos\/"]}]},{"@type":"ImageObject","inLanguage":"es","@id":"https:\/\/iraurgiberritzen.eus\/es\/ya-se-ha-terminado-la-formacion-que-organizo-iraurgi-berritzen-para-desempleados-mayores-de-35-anos\/#primaryimage","url":"https:\/\/iraurgiberritzen.eus\/wp-content\/uploads\/2023\/09\/e2dc343852dcc66e453f7f9901577ec5.jpg","contentUrl":"https:\/\/iraurgiberritzen.eus\/wp-content\/uploads\/2023\/09\/e2dc343852dcc66e453f7f9901577ec5.jpg","width":600,"height":386},{"@type":"BreadcrumbList","@id":"https:\/\/iraurgiberritzen.eus\/es\/ya-se-ha-terminado-la-formacion-que-organizo-iraurgi-berritzen-para-desempleados-mayores-de-35-anos\/#breadcrumb","itemListElement":[{"@type":"ListItem","position":1,"name":"Home","item":"https:\/\/iraurgiberritzen.eus\/es\/"},{"@type":"ListItem","position":2,"name":"Ya se ha terminado la formaci\u00f3n que organiz\u00f3 Iraurgi Berritzen para desempleados mayores de 35 a\u00f1os"}]},{"@type":"WebSite","@id":"https:\/\/iraurgiberritzen.eus\/es\/#website","url":"https:\/\/iraurgiberritzen.eus\/es\/","name":"Iraurgi Berritzen","description":"Urola Erdiko Garapen Agentzia","publisher":{"@id":"https:\/\/iraurgiberritzen.eus\/es\/#organization"},"potentialAction":[{"@type":"SearchAction","target":{"@type":"EntryPoint","urlTemplate":"https:\/\/iraurgiberritzen.eus\/es\/?s={search_term_string}"},"query-input":{"@type":"PropertyValueSpecification","valueRequired":true,"valueName":"search_term_string"}}],"inLanguage":"es"},{"@type":"Organization","@id":"https:\/\/iraurgiberritzen.eus\/es\/#organization","name":"Iraurgi Berritzen","url":"https:\/\/iraurgiberritzen.eus\/es\/","logo":{"@type":"ImageObject","inLanguage":"es","@id":"https:\/\/iraurgiberritzen.eus\/es\/#\/schema\/logo\/image\/","url":"https:\/\/iraurgiberritzen.eus\/wp-content\/uploads\/2024\/02\/IRAURGI-BERRITZEN-logotipoa_2.png","contentUrl":"https:\/\/iraurgiberritzen.eus\/wp-content\/uploads\/2024\/02\/IRAURGI-BERRITZEN-logotipoa_2.png","width":496,"height":190,"caption":"Iraurgi Berritzen"},"image":{"@id":"https:\/\/iraurgiberritzen.eus\/es\/#\/schema\/logo\/image\/"}},{"@type":"Person","@id":"https:\/\/iraurgiberritzen.eus\/es\/#\/schema\/person\/5ab41aaf388a9097177601ebf45738d2","name":"kudeatzailea","sameAs":["https:\/\/iraurgiberritzen.eus"]}]}},"_links":{"self":[{"href":"https:\/\/iraurgiberritzen.eus\/es\/wp-json\/wp\/v2\/posts\/12192","targetHints":{"allow":["GET"]}}],"collection":[{"href":"https:\/\/iraurgiberritzen.eus\/es\/wp-json\/wp\/v2\/posts"}],"about":[{"href":"https:\/\/iraurgiberritzen.eus\/es\/wp-json\/wp\/v2\/types\/post"}],"author":[{"embeddable":true,"href":"https:\/\/iraurgiberritzen.eus\/es\/wp-json\/wp\/v2\/users\/1"}],"replies":[{"embeddable":true,"href":"https:\/\/iraurgiberritzen.eus\/es\/wp-json\/wp\/v2\/comments?post=12192"}],"version-history":[{"count":0,"href":"https:\/\/iraurgiberritzen.eus\/es\/wp-json\/wp\/v2\/posts\/12192\/revisions"}],"wp:featuredmedia":[{"embeddable":true,"href":"https:\/\/iraurgiberritzen.eus\/es\/wp-json\/wp\/v2\/media\/17935"}],"wp:attachment":[{"href":"https:\/\/iraurgiberritzen.eus\/es\/wp-json\/wp\/v2\/media?parent=12192"}],"wp:term":[{"taxonomy":"category","embeddable":true,"href":"https:\/\/iraurgiberritzen.eus\/es\/wp-json\/wp\/v2\/categories?post=12192"},{"taxonomy":"post_tag","embeddable":true,"href":"https:\/\/iraurgiberritzen.eus\/es\/wp-json\/wp\/v2\/tags?post=12192"}],"curies":[{"name":"wp","href":"https:\/\/api.w.org\/{rel}","templated":true}]}}