{"id":12197,"date":"2017-06-16T00:00:00","date_gmt":"2017-06-15T22:00:00","guid":{"rendered":"https:\/\/iraurgiberritzen.eus\/iraurgi-berritzen-ha-acordado-impulsar-el-uso-de-energias-renovables-con-la-diputacion-foral-de-gipuzkoa\/"},"modified":"2017-06-16T00:00:00","modified_gmt":"2017-06-15T22:00:00","slug":"iraurgi-berritzen-ha-acordado-impulsar-el-uso-de-energias-renovables-con-la-diputacion-foral-de-gipuzkoa","status":"publish","type":"post","link":"https:\/\/iraurgiberritzen.eus\/es\/iraurgi-berritzen-ha-acordado-impulsar-el-uso-de-energias-renovables-con-la-diputacion-foral-de-gipuzkoa\/","title":{"rendered":"Iraurgi Berritzen ha acordado impulsar el uso de energ\u00edas renovables con la Diputaci\u00f3n Foral de Gipuzkoa"},"content":{"rendered":"<p>Las Comarcas de Debabarrena, Oarsoaldea, Tolosaldea, Urola Erdia y Urola Garaia, a trav\u00e9s de sus Agencias de Desarrollo (Debegesa, Oarsoaldea, Tolosaldea Garatzen, Iraurgi Berritzen y Uggasa) han firmado con J\u00f3e Ignacio Asensio \u2013Diputado de Medio Ambiente\u2013&nbsp;un convenio de colaboraci\u00f3n para el impulso de los planes de energ\u00eda en sus respectivas comarcas para lo cual recibir\u00e1 cada una de ellas una aportaci\u00f3n econ\u00f3mica de 50.000 euros.<\/p>\n<p>&nbsp;\u00abEl objetivo es que estos planes constituyan el soporte para iniciar el largo recorrido que la ciudadan\u00eda en su conjunto -apoyada en las instituciones p\u00fablicas- va a tener que abordar de manera colectiva si desea reducir al m\u00e1ximo su dependencia y sus niveles de pobreza energ\u00e9tica\u00bb, ha explicado Asensio.<\/p>\n<p>En la rueda de prensa fue ayer y all\u00ed estuvieron Olatz Peon, Presidenta de la Agencia de desarrollo comarcal Tolosaldea Garatzen y alcaldesa de Tolosa; Javier Zubizarreta, Presidente de la sociedad comarcal de desarrollo, Urola Erdia, Iraurgi Berritzen y alcalde de Azkoitia; Fernando Nebreda, Director Gerente de la agencia comercal de desarrollo Oarsoaldea; Juan Angel Balbas, Director Gerente de Debegesa, Sociedad para el Desarrollo econ\u00f3mico de Debabarrena y Koldobike Olabide, Presidenta de Uggasa y alcaldesa de Legazpi.<\/p>\n<p>La Diputaci\u00f3n subvencionar\u00e1 la realizaci\u00f3n de estudios y planes que tengan como objeto el impulso tanto del uso de las energ\u00edas renovables como del ahorro y la eficiencia energ\u00e9tica en las comarcas. En concreto, se van a subvencionar estudios y planes para la mejora de la eficiencia energ\u00e9tica en edificios p\u00fablicos y para implantar instalaciones de producci\u00f3n de energ\u00eda en base a energ\u00edas renovables, as\u00ed como, redes de calor de distrito (district heating) y redes de electricidad distribuidas alimentadas con energ\u00edas renovables, sin olvidar aquellos estudios y planes de reducci\u00f3n (correcci\u00f3n y prevenci\u00f3n) de la pobreza energ\u00e9tica que deseen elaborar las diferentes comarcas.<\/p>\n","protected":false},"excerpt":{"rendered":"<p>Las Comarcas de Debabarrena, Oarsoaldea, Tolosaldea, Urola Erdia y Urola Garaia, a trav\u00e9s de sus Agencias de Desarrollo (Debegesa, Oarsoaldea, Tolosaldea Garatzen, Iraurgi Berritzen y Uggasa) han firmado con J\u00f3e Ignacio Asensio \u2013Diputado de Medio Ambiente\u2013&nbsp;un convenio de colaboraci\u00f3n para el impulso de los planes de energ\u00eda en sus respectivas comarcas para lo cual recibir\u00e1 [&hellip;]<\/p>\n","protected":false},"author":1,"featured_media":17936,"comment_status":"","ping_status":"closed","sticky":false,"template":"","format":"standard","meta":{"_acf_changed":false,"footnotes":""},"categories":[4],"tags":[],"class_list":["post-12197","post","type-post","status-publish","format-standard","has-post-thumbnail","hentry","category-noticias"],"acf":[],"yoast_head":"<!-- This site is optimized with the Yoast SEO plugin v27.4 - https:\/\/yoast.com\/product\/yoast-seo-wordpress\/ -->\n<title>Iraurgi Berritzen ha acordado impulsar el uso de energ\u00edas renovables con la Diputaci\u00f3n Foral de Gipuzkoa - Iraurgi Berritzen<\/title>\n<meta name=\"robots\" content=\"index, follow, max-snippet:-1, max-image-preview:large, max-video-preview:-1\" \/>\n<link rel=\"canonical\" href=\"https:\/\/iraurgiberritzen.eus\/es\/iraurgi-berritzen-ha-acordado-impulsar-el-uso-de-energias-renovables-con-la-diputacion-foral-de-gipuzkoa\/\" \/>\n<meta property=\"og:locale\" content=\"es_ES\" \/>\n<meta property=\"og:type\" content=\"article\" \/>\n<meta property=\"og:title\" content=\"Iraurgi Berritzen ha acordado impulsar el uso de energ\u00edas renovables con la Diputaci\u00f3n Foral de Gipuzkoa - Iraurgi Berritzen\" \/>\n<meta property=\"og:description\" content=\"Las Comarcas de Debabarrena, Oarsoaldea, Tolosaldea, Urola Erdia y Urola Garaia, a trav\u00e9s de sus Agencias de Desarrollo (Debegesa, Oarsoaldea, Tolosaldea Garatzen, Iraurgi Berritzen y Uggasa) han firmado con J\u00f3e Ignacio Asensio \u2013Diputado de Medio Ambiente\u2013&nbsp;un convenio de colaboraci\u00f3n para el impulso de los planes de energ\u00eda en sus respectivas comarcas para lo cual recibir\u00e1 [&hellip;]\" \/>\n<meta property=\"og:url\" content=\"https:\/\/iraurgiberritzen.eus\/es\/iraurgi-berritzen-ha-acordado-impulsar-el-uso-de-energias-renovables-con-la-diputacion-foral-de-gipuzkoa\/\" \/>\n<meta property=\"og:site_name\" content=\"Iraurgi Berritzen\" \/>\n<meta property=\"article:published_time\" content=\"2017-06-15T22:00:00+00:00\" \/>\n<meta name=\"author\" content=\"kudeatzailea\" \/>\n<meta name=\"twitter:card\" content=\"summary_large_image\" \/>\n<meta name=\"twitter:label1\" content=\"Escrito por\" \/>\n\t<meta name=\"twitter:data1\" content=\"kudeatzailea\" \/>\n\t<meta name=\"twitter:label2\" content=\"Tiempo de lectura\" \/>\n\t<meta name=\"twitter:data2\" content=\"2 minutos\" \/>\n<script type=\"application\/ld+json\" class=\"yoast-schema-graph\">{\"@context\":\"https:\\\/\\\/schema.org\",\"@graph\":[{\"@type\":\"Article\",\"@id\":\"https:\\\/\\\/iraurgiberritzen.eus\\\/es\\\/iraurgi-berritzen-ha-acordado-impulsar-el-uso-de-energias-renovables-con-la-diputacion-foral-de-gipuzkoa\\\/#article\",\"isPartOf\":{\"@id\":\"https:\\\/\\\/iraurgiberritzen.eus\\\/es\\\/iraurgi-berritzen-ha-acordado-impulsar-el-uso-de-energias-renovables-con-la-diputacion-foral-de-gipuzkoa\\\/\"},\"author\":{\"name\":\"kudeatzailea\",\"@id\":\"https:\\\/\\\/iraurgiberritzen.eus\\\/es\\\/#\\\/schema\\\/person\\\/5ab41aaf388a9097177601ebf45738d2\"},\"headline\":\"Iraurgi Berritzen ha acordado impulsar el uso de energ\u00edas renovables con la Diputaci\u00f3n Foral de Gipuzkoa\",\"datePublished\":\"2017-06-15T22:00:00+00:00\",\"mainEntityOfPage\":{\"@id\":\"https:\\\/\\\/iraurgiberritzen.eus\\\/es\\\/iraurgi-berritzen-ha-acordado-impulsar-el-uso-de-energias-renovables-con-la-diputacion-foral-de-gipuzkoa\\\/\"},\"wordCount\":339,\"publisher\":{\"@id\":\"https:\\\/\\\/iraurgiberritzen.eus\\\/es\\\/#organization\"},\"image\":{\"@id\":\"https:\\\/\\\/iraurgiberritzen.eus\\\/es\\\/iraurgi-berritzen-ha-acordado-impulsar-el-uso-de-energias-renovables-con-la-diputacion-foral-de-gipuzkoa\\\/#primaryimage\"},\"thumbnailUrl\":\"https:\\\/\\\/iraurgiberritzen.eus\\\/wp-content\\\/uploads\\\/2023\\\/09\\\/d503b79bddae5a3eeed71620c726e5d6.jpg\",\"articleSection\":[\"Noticias\"],\"inLanguage\":\"es\"},{\"@type\":\"WebPage\",\"@id\":\"https:\\\/\\\/iraurgiberritzen.eus\\\/es\\\/iraurgi-berritzen-ha-acordado-impulsar-el-uso-de-energias-renovables-con-la-diputacion-foral-de-gipuzkoa\\\/\",\"url\":\"https:\\\/\\\/iraurgiberritzen.eus\\\/es\\\/iraurgi-berritzen-ha-acordado-impulsar-el-uso-de-energias-renovables-con-la-diputacion-foral-de-gipuzkoa\\\/\",\"name\":\"Iraurgi Berritzen ha acordado impulsar el uso de energ\u00edas renovables con la Diputaci\u00f3n Foral de Gipuzkoa - Iraurgi Berritzen\",\"isPartOf\":{\"@id\":\"https:\\\/\\\/iraurgiberritzen.eus\\\/es\\\/#website\"},\"primaryImageOfPage\":{\"@id\":\"https:\\\/\\\/iraurgiberritzen.eus\\\/es\\\/iraurgi-berritzen-ha-acordado-impulsar-el-uso-de-energias-renovables-con-la-diputacion-foral-de-gipuzkoa\\\/#primaryimage\"},\"image\":{\"@id\":\"https:\\\/\\\/iraurgiberritzen.eus\\\/es\\\/iraurgi-berritzen-ha-acordado-impulsar-el-uso-de-energias-renovables-con-la-diputacion-foral-de-gipuzkoa\\\/#primaryimage\"},\"thumbnailUrl\":\"https:\\\/\\\/iraurgiberritzen.eus\\\/wp-content\\\/uploads\\\/2023\\\/09\\\/d503b79bddae5a3eeed71620c726e5d6.jpg\",\"datePublished\":\"2017-06-15T22:00:00+00:00\",\"breadcrumb\":{\"@id\":\"https:\\\/\\\/iraurgiberritzen.eus\\\/es\\\/iraurgi-berritzen-ha-acordado-impulsar-el-uso-de-energias-renovables-con-la-diputacion-foral-de-gipuzkoa\\\/#breadcrumb\"},\"inLanguage\":\"es\",\"potentialAction\":[{\"@type\":\"ReadAction\",\"target\":[\"https:\\\/\\\/iraurgiberritzen.eus\\\/es\\\/iraurgi-berritzen-ha-acordado-impulsar-el-uso-de-energias-renovables-con-la-diputacion-foral-de-gipuzkoa\\\/\"]}]},{\"@type\":\"ImageObject\",\"inLanguage\":\"es\",\"@id\":\"https:\\\/\\\/iraurgiberritzen.eus\\\/es\\\/iraurgi-berritzen-ha-acordado-impulsar-el-uso-de-energias-renovables-con-la-diputacion-foral-de-gipuzkoa\\\/#primaryimage\",\"url\":\"https:\\\/\\\/iraurgiberritzen.eus\\\/wp-content\\\/uploads\\\/2023\\\/09\\\/d503b79bddae5a3eeed71620c726e5d6.jpg\",\"contentUrl\":\"https:\\\/\\\/iraurgiberritzen.eus\\\/wp-content\\\/uploads\\\/2023\\\/09\\\/d503b79bddae5a3eeed71620c726e5d6.jpg\",\"width\":600,\"height\":386},{\"@type\":\"BreadcrumbList\",\"@id\":\"https:\\\/\\\/iraurgiberritzen.eus\\\/es\\\/iraurgi-berritzen-ha-acordado-impulsar-el-uso-de-energias-renovables-con-la-diputacion-foral-de-gipuzkoa\\\/#breadcrumb\",\"itemListElement\":[{\"@type\":\"ListItem\",\"position\":1,\"name\":\"Home\",\"item\":\"https:\\\/\\\/iraurgiberritzen.eus\\\/es\\\/\"},{\"@type\":\"ListItem\",\"position\":2,\"name\":\"Iraurgi Berritzen ha acordado impulsar el uso de energ\u00edas renovables con la Diputaci\u00f3n Foral de Gipuzkoa\"}]},{\"@type\":\"WebSite\",\"@id\":\"https:\\\/\\\/iraurgiberritzen.eus\\\/es\\\/#website\",\"url\":\"https:\\\/\\\/iraurgiberritzen.eus\\\/es\\\/\",\"name\":\"Iraurgi Berritzen\",\"description\":\"Urola Erdiko Garapen Agentzia\",\"publisher\":{\"@id\":\"https:\\\/\\\/iraurgiberritzen.eus\\\/es\\\/#organization\"},\"potentialAction\":[{\"@type\":\"SearchAction\",\"target\":{\"@type\":\"EntryPoint\",\"urlTemplate\":\"https:\\\/\\\/iraurgiberritzen.eus\\\/es\\\/?s={search_term_string}\"},\"query-input\":{\"@type\":\"PropertyValueSpecification\",\"valueRequired\":true,\"valueName\":\"search_term_string\"}}],\"inLanguage\":\"es\"},{\"@type\":\"Organization\",\"@id\":\"https:\\\/\\\/iraurgiberritzen.eus\\\/es\\\/#organization\",\"name\":\"Iraurgi Berritzen\",\"url\":\"https:\\\/\\\/iraurgiberritzen.eus\\\/es\\\/\",\"logo\":{\"@type\":\"ImageObject\",\"inLanguage\":\"es\",\"@id\":\"https:\\\/\\\/iraurgiberritzen.eus\\\/es\\\/#\\\/schema\\\/logo\\\/image\\\/\",\"url\":\"https:\\\/\\\/iraurgiberritzen.eus\\\/wp-content\\\/uploads\\\/2024\\\/02\\\/IRAURGI-BERRITZEN-logotipoa_2.png\",\"contentUrl\":\"https:\\\/\\\/iraurgiberritzen.eus\\\/wp-content\\\/uploads\\\/2024\\\/02\\\/IRAURGI-BERRITZEN-logotipoa_2.png\",\"width\":496,\"height\":190,\"caption\":\"Iraurgi Berritzen\"},\"image\":{\"@id\":\"https:\\\/\\\/iraurgiberritzen.eus\\\/es\\\/#\\\/schema\\\/logo\\\/image\\\/\"}},{\"@type\":\"Person\",\"@id\":\"https:\\\/\\\/iraurgiberritzen.eus\\\/es\\\/#\\\/schema\\\/person\\\/5ab41aaf388a9097177601ebf45738d2\",\"name\":\"kudeatzailea\",\"sameAs\":[\"https:\\\/\\\/iraurgiberritzen.eus\"]}]}<\/script>\n<!-- \/ Yoast SEO plugin. -->","yoast_head_json":{"title":"Iraurgi Berritzen ha acordado impulsar el uso de energ\u00edas renovables con la Diputaci\u00f3n Foral de Gipuzkoa - Iraurgi Berritzen","robots":{"index":"index","follow":"follow","max-snippet":"max-snippet:-1","max-image-preview":"max-image-preview:large","max-video-preview":"max-video-preview:-1"},"canonical":"https:\/\/iraurgiberritzen.eus\/es\/iraurgi-berritzen-ha-acordado-impulsar-el-uso-de-energias-renovables-con-la-diputacion-foral-de-gipuzkoa\/","og_locale":"es_ES","og_type":"article","og_title":"Iraurgi Berritzen ha acordado impulsar el uso de energ\u00edas renovables con la Diputaci\u00f3n Foral de Gipuzkoa - Iraurgi Berritzen","og_description":"Las Comarcas de Debabarrena, Oarsoaldea, Tolosaldea, Urola Erdia y Urola Garaia, a trav\u00e9s de sus Agencias de Desarrollo (Debegesa, Oarsoaldea, Tolosaldea Garatzen, Iraurgi Berritzen y Uggasa) han firmado con J\u00f3e Ignacio Asensio \u2013Diputado de Medio Ambiente\u2013&nbsp;un convenio de colaboraci\u00f3n para el impulso de los planes de energ\u00eda en sus respectivas comarcas para lo cual recibir\u00e1 [&hellip;]","og_url":"https:\/\/iraurgiberritzen.eus\/es\/iraurgi-berritzen-ha-acordado-impulsar-el-uso-de-energias-renovables-con-la-diputacion-foral-de-gipuzkoa\/","og_site_name":"Iraurgi Berritzen","article_published_time":"2017-06-15T22:00:00+00:00","author":"kudeatzailea","twitter_card":"summary_large_image","twitter_misc":{"Escrito por":"kudeatzailea","Tiempo de lectura":"2 minutos"},"schema":{"@context":"https:\/\/schema.org","@graph":[{"@type":"Article","@id":"https:\/\/iraurgiberritzen.eus\/es\/iraurgi-berritzen-ha-acordado-impulsar-el-uso-de-energias-renovables-con-la-diputacion-foral-de-gipuzkoa\/#article","isPartOf":{"@id":"https:\/\/iraurgiberritzen.eus\/es\/iraurgi-berritzen-ha-acordado-impulsar-el-uso-de-energias-renovables-con-la-diputacion-foral-de-gipuzkoa\/"},"author":{"name":"kudeatzailea","@id":"https:\/\/iraurgiberritzen.eus\/es\/#\/schema\/person\/5ab41aaf388a9097177601ebf45738d2"},"headline":"Iraurgi Berritzen ha acordado impulsar el uso de energ\u00edas renovables con la Diputaci\u00f3n Foral de Gipuzkoa","datePublished":"2017-06-15T22:00:00+00:00","mainEntityOfPage":{"@id":"https:\/\/iraurgiberritzen.eus\/es\/iraurgi-berritzen-ha-acordado-impulsar-el-uso-de-energias-renovables-con-la-diputacion-foral-de-gipuzkoa\/"},"wordCount":339,"publisher":{"@id":"https:\/\/iraurgiberritzen.eus\/es\/#organization"},"image":{"@id":"https:\/\/iraurgiberritzen.eus\/es\/iraurgi-berritzen-ha-acordado-impulsar-el-uso-de-energias-renovables-con-la-diputacion-foral-de-gipuzkoa\/#primaryimage"},"thumbnailUrl":"https:\/\/iraurgiberritzen.eus\/wp-content\/uploads\/2023\/09\/d503b79bddae5a3eeed71620c726e5d6.jpg","articleSection":["Noticias"],"inLanguage":"es"},{"@type":"WebPage","@id":"https:\/\/iraurgiberritzen.eus\/es\/iraurgi-berritzen-ha-acordado-impulsar-el-uso-de-energias-renovables-con-la-diputacion-foral-de-gipuzkoa\/","url":"https:\/\/iraurgiberritzen.eus\/es\/iraurgi-berritzen-ha-acordado-impulsar-el-uso-de-energias-renovables-con-la-diputacion-foral-de-gipuzkoa\/","name":"Iraurgi Berritzen ha acordado impulsar el uso de energ\u00edas renovables con la Diputaci\u00f3n Foral de Gipuzkoa - Iraurgi Berritzen","isPartOf":{"@id":"https:\/\/iraurgiberritzen.eus\/es\/#website"},"primaryImageOfPage":{"@id":"https:\/\/iraurgiberritzen.eus\/es\/iraurgi-berritzen-ha-acordado-impulsar-el-uso-de-energias-renovables-con-la-diputacion-foral-de-gipuzkoa\/#primaryimage"},"image":{"@id":"https:\/\/iraurgiberritzen.eus\/es\/iraurgi-berritzen-ha-acordado-impulsar-el-uso-de-energias-renovables-con-la-diputacion-foral-de-gipuzkoa\/#primaryimage"},"thumbnailUrl":"https:\/\/iraurgiberritzen.eus\/wp-content\/uploads\/2023\/09\/d503b79bddae5a3eeed71620c726e5d6.jpg","datePublished":"2017-06-15T22:00:00+00:00","breadcrumb":{"@id":"https:\/\/iraurgiberritzen.eus\/es\/iraurgi-berritzen-ha-acordado-impulsar-el-uso-de-energias-renovables-con-la-diputacion-foral-de-gipuzkoa\/#breadcrumb"},"inLanguage":"es","potentialAction":[{"@type":"ReadAction","target":["https:\/\/iraurgiberritzen.eus\/es\/iraurgi-berritzen-ha-acordado-impulsar-el-uso-de-energias-renovables-con-la-diputacion-foral-de-gipuzkoa\/"]}]},{"@type":"ImageObject","inLanguage":"es","@id":"https:\/\/iraurgiberritzen.eus\/es\/iraurgi-berritzen-ha-acordado-impulsar-el-uso-de-energias-renovables-con-la-diputacion-foral-de-gipuzkoa\/#primaryimage","url":"https:\/\/iraurgiberritzen.eus\/wp-content\/uploads\/2023\/09\/d503b79bddae5a3eeed71620c726e5d6.jpg","contentUrl":"https:\/\/iraurgiberritzen.eus\/wp-content\/uploads\/2023\/09\/d503b79bddae5a3eeed71620c726e5d6.jpg","width":600,"height":386},{"@type":"BreadcrumbList","@id":"https:\/\/iraurgiberritzen.eus\/es\/iraurgi-berritzen-ha-acordado-impulsar-el-uso-de-energias-renovables-con-la-diputacion-foral-de-gipuzkoa\/#breadcrumb","itemListElement":[{"@type":"ListItem","position":1,"name":"Home","item":"https:\/\/iraurgiberritzen.eus\/es\/"},{"@type":"ListItem","position":2,"name":"Iraurgi Berritzen ha acordado impulsar el uso de energ\u00edas renovables con la Diputaci\u00f3n Foral de Gipuzkoa"}]},{"@type":"WebSite","@id":"https:\/\/iraurgiberritzen.eus\/es\/#website","url":"https:\/\/iraurgiberritzen.eus\/es\/","name":"Iraurgi Berritzen","description":"Urola Erdiko Garapen Agentzia","publisher":{"@id":"https:\/\/iraurgiberritzen.eus\/es\/#organization"},"potentialAction":[{"@type":"SearchAction","target":{"@type":"EntryPoint","urlTemplate":"https:\/\/iraurgiberritzen.eus\/es\/?s={search_term_string}"},"query-input":{"@type":"PropertyValueSpecification","valueRequired":true,"valueName":"search_term_string"}}],"inLanguage":"es"},{"@type":"Organization","@id":"https:\/\/iraurgiberritzen.eus\/es\/#organization","name":"Iraurgi Berritzen","url":"https:\/\/iraurgiberritzen.eus\/es\/","logo":{"@type":"ImageObject","inLanguage":"es","@id":"https:\/\/iraurgiberritzen.eus\/es\/#\/schema\/logo\/image\/","url":"https:\/\/iraurgiberritzen.eus\/wp-content\/uploads\/2024\/02\/IRAURGI-BERRITZEN-logotipoa_2.png","contentUrl":"https:\/\/iraurgiberritzen.eus\/wp-content\/uploads\/2024\/02\/IRAURGI-BERRITZEN-logotipoa_2.png","width":496,"height":190,"caption":"Iraurgi Berritzen"},"image":{"@id":"https:\/\/iraurgiberritzen.eus\/es\/#\/schema\/logo\/image\/"}},{"@type":"Person","@id":"https:\/\/iraurgiberritzen.eus\/es\/#\/schema\/person\/5ab41aaf388a9097177601ebf45738d2","name":"kudeatzailea","sameAs":["https:\/\/iraurgiberritzen.eus"]}]}},"_links":{"self":[{"href":"https:\/\/iraurgiberritzen.eus\/es\/wp-json\/wp\/v2\/posts\/12197","targetHints":{"allow":["GET"]}}],"collection":[{"href":"https:\/\/iraurgiberritzen.eus\/es\/wp-json\/wp\/v2\/posts"}],"about":[{"href":"https:\/\/iraurgiberritzen.eus\/es\/wp-json\/wp\/v2\/types\/post"}],"author":[{"embeddable":true,"href":"https:\/\/iraurgiberritzen.eus\/es\/wp-json\/wp\/v2\/users\/1"}],"replies":[{"embeddable":true,"href":"https:\/\/iraurgiberritzen.eus\/es\/wp-json\/wp\/v2\/comments?post=12197"}],"version-history":[{"count":0,"href":"https:\/\/iraurgiberritzen.eus\/es\/wp-json\/wp\/v2\/posts\/12197\/revisions"}],"wp:featuredmedia":[{"embeddable":true,"href":"https:\/\/iraurgiberritzen.eus\/es\/wp-json\/wp\/v2\/media\/17936"}],"wp:attachment":[{"href":"https:\/\/iraurgiberritzen.eus\/es\/wp-json\/wp\/v2\/media?parent=12197"}],"wp:term":[{"taxonomy":"category","embeddable":true,"href":"https:\/\/iraurgiberritzen.eus\/es\/wp-json\/wp\/v2\/categories?post=12197"},{"taxonomy":"post_tag","embeddable":true,"href":"https:\/\/iraurgiberritzen.eus\/es\/wp-json\/wp\/v2\/tags?post=12197"}],"curies":[{"name":"wp","href":"https:\/\/api.w.org\/{rel}","templated":true}]}}