{"id":12200,"date":"2017-06-15T09:59:08","date_gmt":"2017-06-15T07:59:08","guid":{"rendered":"https:\/\/iraurgiberritzen.eus\/se-ha-celebrado-el-acto-final-del-proyecto-elkarrekin-eraikitzen-2016-2017-hoy-en-el-ayuntamiento-de-azpeitia\/"},"modified":"2017-06-15T09:59:08","modified_gmt":"2017-06-15T07:59:08","slug":"se-ha-celebrado-el-acto-final-del-proyecto-elkarrekin-eraikitzen-2016-2017-hoy-en-el-ayuntamiento-de-azpeitia","status":"publish","type":"post","link":"https:\/\/iraurgiberritzen.eus\/es\/se-ha-celebrado-el-acto-final-del-proyecto-elkarrekin-eraikitzen-2016-2017-hoy-en-el-ayuntamiento-de-azpeitia\/","title":{"rendered":"Se ha celebrado el acto final del proyecto Elkarrekin Eraikitzen 2016\/2017 hoy en el ayuntamiento de Azpeitia"},"content":{"rendered":"<p>Se ha celebrado el acto final del proyecto Elkarrekin Eraikitzen 2016\/2017 hoy, jueves, en el ayuntamiento de Azpeitia.&nbsp;El acto ha sido desde las 10:00 hasta las 12:00, y han participado los representantes de los centro de ense\u00f1anza, de los ayuntamientos y de los agentes de la comarca.<\/p>\n<p>En el proyecto de este a\u00f1o han participado cuatro centros de ense\u00f1anza de la zona (Floreaga Salestar Ikastetxea, Iraurgi Ikastetxea, Ikasberri Azpeitiko Ikastola y Xabier Munibe Azkoitiko Ikastola). Iraurgi Berritzen \u2013agencia de desarrollo e innovacion de empresas de Urola Erdia\u2013 ha coordinado las tareas del proyecto. Con el desarrollo de este proyecto, han confirmado el compromiso que tienen para trabajar los desarrollos y agencias de innovaci\u00f3n&nbsp;con los agentes de ense\u00f1anza de la comarca.<\/p>\n<p>Elkarrekin Eraikitzen ha cumplido tres objetivos principales adem\u00e1s de hacer que los estudiantes sean protagonistas. Por un lado, tiene como objetivo promover los valores vinculados al emprendimiento entre los estudiantes y las capacidades; entre otros, la capacidad de iniciativa o comunicaci\u00f3n. Para poder cumplir ese primer objetivo, el proyecto les ha ofrecido la posibilidad de experimentar las metodolog\u00edas innovadoras a los profesores. El tercer y el \u00faltimo objetivo del proyecto es que los estudiantes tengan noticias de la situaci\u00f3n socioecon\u00f3mica de la comarca para que reciban la informaci\u00f3n de entrar en el mundo laboral en el futuro. A lo largo del proceso han participado los estudiantes del 3\u00ba y 4\u00ba de la ESO.<\/p>\n<p>La jornada de hoy se ha empezado con las palapras del alcalde de Azpeitia Eneko Etxeberria&nbsp;y del alcalde de AzkoitiaJ avier Zubizarreta. Como han explicado, Elkarrekin Eraikitzen ha sido \u00abun modo para que los j\u00f3venes conozcan la realidad\u00bb. A continuaci\u00f3n, se han presentado los datos del proyecto: se han puesto 10 desaf\u00edos, han participado 12 profesores, m\u00e1s de 150 estudiantes y 40 agentes. A continuaci\u00f3n, los estudiantes han explicado las experiencias que han vivido durante este proyecto. El acto se ha terminado con una mesa redonda. Ah\u00ed mismo, los temas han sido \u00abLa educaci\u00f3n y la colaboraci\u00f3n entre los agentes de la zona\u00bb. En el debate han participado:<\/p>\n<ul>\n<li>Mari Jose Arregi, ayuntamiento de Azkoitia<\/li>\n<li>Estitxu Elduaien, ayuntamiento de Azpeitia<\/li>\n<li>Leire Aranburu, Iraurgi Ikastetxea y participante del consejo<\/li>\n<li>Itziar Abarisketa, coordinadora de IB sarea<\/li>\n<\/ul>\n<p>En la mesa redonda han explicado que los estudiantes han agradecido salir de las escuelas. Adem\u00e1s de eso, durante el proyecto Elkarrekin Eraikitzen han contactado con los responsables de las empresas, han ido a las empresas y a los centros hospitalarios y han entrevistado a gente diferente. Por otra parte, han puesto en valor la importancia de trabajar juntos en la comarca, y que en el futuro eso ser\u00e1 imprescindible.<\/p>\n<p><strong>DATOS Y FASES DEL PROYECTO<\/strong><\/p>\n<p>El desarrollo del proyecto se ha organizado en dos fases. En primer lugar, los profesores de los centros educativos de la comarca, adem\u00e1s de recibir formaci\u00f3n especializada en metodolog\u00edas de ense\u00f1anza colaborativa han redise\u00f1ado el proceso a aplicar con los estudiantes seg\u00fan las necesidades identificadas en la edici\u00f3n anterior. En segundo lugar, los alumnos en peque\u00f1os equipos de trabajo, han trabajado 10 situaciones reales que se dan en la comarca a trav\u00e9s del proceso dise\u00f1ado en la fase anterior.<\/p>\n<p>Los participantes, sobre todo los profesores y los estudiantes, han puesto en valor esta cuarta edici\u00f3n. Durante el proyecto, adem\u00e1s de los 12 profesores y m\u00e1s de 150 estudiantes que han participado en el proyecto, han colaborado alrededor de 30 agentes. Entre otros, destacan empresas, distintos servicios de los ayuntamientos, Urkome, asociaciones de comerciantes, Iraurgi Berritzen, centros de salud y diversas explotaciones del primer sector.<\/p>\n","protected":false},"excerpt":{"rendered":"<p>Se ha celebrado el acto final del proyecto Elkarrekin Eraikitzen 2016\/2017 hoy, jueves, en el ayuntamiento de Azpeitia.&nbsp;El acto ha sido desde las 10:00 hasta las 12:00, y han participado los representantes de los centro de ense\u00f1anza, de los ayuntamientos y de los agentes de la comarca. En el proyecto de este a\u00f1o han participado [&hellip;]<\/p>\n","protected":false},"author":1,"featured_media":17937,"comment_status":"closed","ping_status":"closed","sticky":false,"template":"","format":"standard","meta":{"_acf_changed":false,"footnotes":""},"categories":[4],"tags":[],"class_list":["post-12200","post","type-post","status-publish","format-standard","has-post-thumbnail","hentry","category-noticias"],"acf":[],"yoast_head":"<!-- This site is optimized with the Yoast SEO plugin v27.4 - https:\/\/yoast.com\/product\/yoast-seo-wordpress\/ -->\n<title>Se ha celebrado el acto final del proyecto Elkarrekin Eraikitzen 2016\/2017 hoy en el ayuntamiento de Azpeitia - Iraurgi Berritzen<\/title>\n<meta name=\"robots\" content=\"index, follow, max-snippet:-1, max-image-preview:large, max-video-preview:-1\" \/>\n<link rel=\"canonical\" href=\"https:\/\/iraurgiberritzen.eus\/es\/se-ha-celebrado-el-acto-final-del-proyecto-elkarrekin-eraikitzen-2016-2017-hoy-en-el-ayuntamiento-de-azpeitia\/\" \/>\n<meta property=\"og:locale\" content=\"es_ES\" \/>\n<meta property=\"og:type\" content=\"article\" \/>\n<meta property=\"og:title\" content=\"Se ha celebrado el acto final del proyecto Elkarrekin Eraikitzen 2016\/2017 hoy en el ayuntamiento de Azpeitia - Iraurgi Berritzen\" \/>\n<meta property=\"og:description\" content=\"Se ha celebrado el acto final del proyecto Elkarrekin Eraikitzen 2016\/2017 hoy, jueves, en el ayuntamiento de Azpeitia.&nbsp;El acto ha sido desde las 10:00 hasta las 12:00, y han participado los representantes de los centro de ense\u00f1anza, de los ayuntamientos y de los agentes de la comarca. En el proyecto de este a\u00f1o han participado [&hellip;]\" \/>\n<meta property=\"og:url\" content=\"https:\/\/iraurgiberritzen.eus\/es\/se-ha-celebrado-el-acto-final-del-proyecto-elkarrekin-eraikitzen-2016-2017-hoy-en-el-ayuntamiento-de-azpeitia\/\" \/>\n<meta property=\"og:site_name\" content=\"Iraurgi Berritzen\" \/>\n<meta property=\"article:published_time\" content=\"2017-06-15T07:59:08+00:00\" \/>\n<meta name=\"author\" content=\"kudeatzailea\" \/>\n<meta name=\"twitter:card\" content=\"summary_large_image\" \/>\n<meta name=\"twitter:label1\" content=\"Escrito por\" \/>\n\t<meta name=\"twitter:data1\" content=\"kudeatzailea\" \/>\n\t<meta name=\"twitter:label2\" content=\"Tiempo de lectura\" \/>\n\t<meta name=\"twitter:data2\" content=\"3 minutos\" \/>\n<script type=\"application\/ld+json\" class=\"yoast-schema-graph\">{\"@context\":\"https:\\\/\\\/schema.org\",\"@graph\":[{\"@type\":\"Article\",\"@id\":\"https:\\\/\\\/iraurgiberritzen.eus\\\/es\\\/se-ha-celebrado-el-acto-final-del-proyecto-elkarrekin-eraikitzen-2016-2017-hoy-en-el-ayuntamiento-de-azpeitia\\\/#article\",\"isPartOf\":{\"@id\":\"https:\\\/\\\/iraurgiberritzen.eus\\\/es\\\/se-ha-celebrado-el-acto-final-del-proyecto-elkarrekin-eraikitzen-2016-2017-hoy-en-el-ayuntamiento-de-azpeitia\\\/\"},\"author\":{\"name\":\"kudeatzailea\",\"@id\":\"https:\\\/\\\/iraurgiberritzen.eus\\\/es\\\/#\\\/schema\\\/person\\\/5ab41aaf388a9097177601ebf45738d2\"},\"headline\":\"Se ha celebrado el acto final del proyecto Elkarrekin Eraikitzen 2016\\\/2017 hoy en el ayuntamiento de Azpeitia\",\"datePublished\":\"2017-06-15T07:59:08+00:00\",\"mainEntityOfPage\":{\"@id\":\"https:\\\/\\\/iraurgiberritzen.eus\\\/es\\\/se-ha-celebrado-el-acto-final-del-proyecto-elkarrekin-eraikitzen-2016-2017-hoy-en-el-ayuntamiento-de-azpeitia\\\/\"},\"wordCount\":626,\"publisher\":{\"@id\":\"https:\\\/\\\/iraurgiberritzen.eus\\\/es\\\/#organization\"},\"image\":{\"@id\":\"https:\\\/\\\/iraurgiberritzen.eus\\\/es\\\/se-ha-celebrado-el-acto-final-del-proyecto-elkarrekin-eraikitzen-2016-2017-hoy-en-el-ayuntamiento-de-azpeitia\\\/#primaryimage\"},\"thumbnailUrl\":\"https:\\\/\\\/iraurgiberritzen.eus\\\/wp-content\\\/uploads\\\/2023\\\/09\\\/d092a7ea9dcb3e71938975c579e85d9c.jpg\",\"articleSection\":[\"Noticias\"],\"inLanguage\":\"es\"},{\"@type\":\"WebPage\",\"@id\":\"https:\\\/\\\/iraurgiberritzen.eus\\\/es\\\/se-ha-celebrado-el-acto-final-del-proyecto-elkarrekin-eraikitzen-2016-2017-hoy-en-el-ayuntamiento-de-azpeitia\\\/\",\"url\":\"https:\\\/\\\/iraurgiberritzen.eus\\\/es\\\/se-ha-celebrado-el-acto-final-del-proyecto-elkarrekin-eraikitzen-2016-2017-hoy-en-el-ayuntamiento-de-azpeitia\\\/\",\"name\":\"Se ha celebrado el acto final del proyecto Elkarrekin Eraikitzen 2016\\\/2017 hoy en el ayuntamiento de Azpeitia - Iraurgi Berritzen\",\"isPartOf\":{\"@id\":\"https:\\\/\\\/iraurgiberritzen.eus\\\/es\\\/#website\"},\"primaryImageOfPage\":{\"@id\":\"https:\\\/\\\/iraurgiberritzen.eus\\\/es\\\/se-ha-celebrado-el-acto-final-del-proyecto-elkarrekin-eraikitzen-2016-2017-hoy-en-el-ayuntamiento-de-azpeitia\\\/#primaryimage\"},\"image\":{\"@id\":\"https:\\\/\\\/iraurgiberritzen.eus\\\/es\\\/se-ha-celebrado-el-acto-final-del-proyecto-elkarrekin-eraikitzen-2016-2017-hoy-en-el-ayuntamiento-de-azpeitia\\\/#primaryimage\"},\"thumbnailUrl\":\"https:\\\/\\\/iraurgiberritzen.eus\\\/wp-content\\\/uploads\\\/2023\\\/09\\\/d092a7ea9dcb3e71938975c579e85d9c.jpg\",\"datePublished\":\"2017-06-15T07:59:08+00:00\",\"breadcrumb\":{\"@id\":\"https:\\\/\\\/iraurgiberritzen.eus\\\/es\\\/se-ha-celebrado-el-acto-final-del-proyecto-elkarrekin-eraikitzen-2016-2017-hoy-en-el-ayuntamiento-de-azpeitia\\\/#breadcrumb\"},\"inLanguage\":\"es\",\"potentialAction\":[{\"@type\":\"ReadAction\",\"target\":[\"https:\\\/\\\/iraurgiberritzen.eus\\\/es\\\/se-ha-celebrado-el-acto-final-del-proyecto-elkarrekin-eraikitzen-2016-2017-hoy-en-el-ayuntamiento-de-azpeitia\\\/\"]}]},{\"@type\":\"ImageObject\",\"inLanguage\":\"es\",\"@id\":\"https:\\\/\\\/iraurgiberritzen.eus\\\/es\\\/se-ha-celebrado-el-acto-final-del-proyecto-elkarrekin-eraikitzen-2016-2017-hoy-en-el-ayuntamiento-de-azpeitia\\\/#primaryimage\",\"url\":\"https:\\\/\\\/iraurgiberritzen.eus\\\/wp-content\\\/uploads\\\/2023\\\/09\\\/d092a7ea9dcb3e71938975c579e85d9c.jpg\",\"contentUrl\":\"https:\\\/\\\/iraurgiberritzen.eus\\\/wp-content\\\/uploads\\\/2023\\\/09\\\/d092a7ea9dcb3e71938975c579e85d9c.jpg\",\"width\":600,\"height\":386},{\"@type\":\"BreadcrumbList\",\"@id\":\"https:\\\/\\\/iraurgiberritzen.eus\\\/es\\\/se-ha-celebrado-el-acto-final-del-proyecto-elkarrekin-eraikitzen-2016-2017-hoy-en-el-ayuntamiento-de-azpeitia\\\/#breadcrumb\",\"itemListElement\":[{\"@type\":\"ListItem\",\"position\":1,\"name\":\"Home\",\"item\":\"https:\\\/\\\/iraurgiberritzen.eus\\\/es\\\/\"},{\"@type\":\"ListItem\",\"position\":2,\"name\":\"Se ha celebrado el acto final del proyecto Elkarrekin Eraikitzen 2016\\\/2017 hoy en el ayuntamiento de Azpeitia\"}]},{\"@type\":\"WebSite\",\"@id\":\"https:\\\/\\\/iraurgiberritzen.eus\\\/es\\\/#website\",\"url\":\"https:\\\/\\\/iraurgiberritzen.eus\\\/es\\\/\",\"name\":\"Iraurgi Berritzen\",\"description\":\"Urola Erdiko Garapen Agentzia\",\"publisher\":{\"@id\":\"https:\\\/\\\/iraurgiberritzen.eus\\\/es\\\/#organization\"},\"potentialAction\":[{\"@type\":\"SearchAction\",\"target\":{\"@type\":\"EntryPoint\",\"urlTemplate\":\"https:\\\/\\\/iraurgiberritzen.eus\\\/es\\\/?s={search_term_string}\"},\"query-input\":{\"@type\":\"PropertyValueSpecification\",\"valueRequired\":true,\"valueName\":\"search_term_string\"}}],\"inLanguage\":\"es\"},{\"@type\":\"Organization\",\"@id\":\"https:\\\/\\\/iraurgiberritzen.eus\\\/es\\\/#organization\",\"name\":\"Iraurgi Berritzen\",\"url\":\"https:\\\/\\\/iraurgiberritzen.eus\\\/es\\\/\",\"logo\":{\"@type\":\"ImageObject\",\"inLanguage\":\"es\",\"@id\":\"https:\\\/\\\/iraurgiberritzen.eus\\\/es\\\/#\\\/schema\\\/logo\\\/image\\\/\",\"url\":\"https:\\\/\\\/iraurgiberritzen.eus\\\/wp-content\\\/uploads\\\/2024\\\/02\\\/IRAURGI-BERRITZEN-logotipoa_2.png\",\"contentUrl\":\"https:\\\/\\\/iraurgiberritzen.eus\\\/wp-content\\\/uploads\\\/2024\\\/02\\\/IRAURGI-BERRITZEN-logotipoa_2.png\",\"width\":496,\"height\":190,\"caption\":\"Iraurgi Berritzen\"},\"image\":{\"@id\":\"https:\\\/\\\/iraurgiberritzen.eus\\\/es\\\/#\\\/schema\\\/logo\\\/image\\\/\"}},{\"@type\":\"Person\",\"@id\":\"https:\\\/\\\/iraurgiberritzen.eus\\\/es\\\/#\\\/schema\\\/person\\\/5ab41aaf388a9097177601ebf45738d2\",\"name\":\"kudeatzailea\",\"sameAs\":[\"https:\\\/\\\/iraurgiberritzen.eus\"]}]}<\/script>\n<!-- \/ Yoast SEO plugin. -->","yoast_head_json":{"title":"Se ha celebrado el acto final del proyecto Elkarrekin Eraikitzen 2016\/2017 hoy en el ayuntamiento de Azpeitia - Iraurgi Berritzen","robots":{"index":"index","follow":"follow","max-snippet":"max-snippet:-1","max-image-preview":"max-image-preview:large","max-video-preview":"max-video-preview:-1"},"canonical":"https:\/\/iraurgiberritzen.eus\/es\/se-ha-celebrado-el-acto-final-del-proyecto-elkarrekin-eraikitzen-2016-2017-hoy-en-el-ayuntamiento-de-azpeitia\/","og_locale":"es_ES","og_type":"article","og_title":"Se ha celebrado el acto final del proyecto Elkarrekin Eraikitzen 2016\/2017 hoy en el ayuntamiento de Azpeitia - Iraurgi Berritzen","og_description":"Se ha celebrado el acto final del proyecto Elkarrekin Eraikitzen 2016\/2017 hoy, jueves, en el ayuntamiento de Azpeitia.&nbsp;El acto ha sido desde las 10:00 hasta las 12:00, y han participado los representantes de los centro de ense\u00f1anza, de los ayuntamientos y de los agentes de la comarca. En el proyecto de este a\u00f1o han participado [&hellip;]","og_url":"https:\/\/iraurgiberritzen.eus\/es\/se-ha-celebrado-el-acto-final-del-proyecto-elkarrekin-eraikitzen-2016-2017-hoy-en-el-ayuntamiento-de-azpeitia\/","og_site_name":"Iraurgi Berritzen","article_published_time":"2017-06-15T07:59:08+00:00","author":"kudeatzailea","twitter_card":"summary_large_image","twitter_misc":{"Escrito por":"kudeatzailea","Tiempo de lectura":"3 minutos"},"schema":{"@context":"https:\/\/schema.org","@graph":[{"@type":"Article","@id":"https:\/\/iraurgiberritzen.eus\/es\/se-ha-celebrado-el-acto-final-del-proyecto-elkarrekin-eraikitzen-2016-2017-hoy-en-el-ayuntamiento-de-azpeitia\/#article","isPartOf":{"@id":"https:\/\/iraurgiberritzen.eus\/es\/se-ha-celebrado-el-acto-final-del-proyecto-elkarrekin-eraikitzen-2016-2017-hoy-en-el-ayuntamiento-de-azpeitia\/"},"author":{"name":"kudeatzailea","@id":"https:\/\/iraurgiberritzen.eus\/es\/#\/schema\/person\/5ab41aaf388a9097177601ebf45738d2"},"headline":"Se ha celebrado el acto final del proyecto Elkarrekin Eraikitzen 2016\/2017 hoy en el ayuntamiento de Azpeitia","datePublished":"2017-06-15T07:59:08+00:00","mainEntityOfPage":{"@id":"https:\/\/iraurgiberritzen.eus\/es\/se-ha-celebrado-el-acto-final-del-proyecto-elkarrekin-eraikitzen-2016-2017-hoy-en-el-ayuntamiento-de-azpeitia\/"},"wordCount":626,"publisher":{"@id":"https:\/\/iraurgiberritzen.eus\/es\/#organization"},"image":{"@id":"https:\/\/iraurgiberritzen.eus\/es\/se-ha-celebrado-el-acto-final-del-proyecto-elkarrekin-eraikitzen-2016-2017-hoy-en-el-ayuntamiento-de-azpeitia\/#primaryimage"},"thumbnailUrl":"https:\/\/iraurgiberritzen.eus\/wp-content\/uploads\/2023\/09\/d092a7ea9dcb3e71938975c579e85d9c.jpg","articleSection":["Noticias"],"inLanguage":"es"},{"@type":"WebPage","@id":"https:\/\/iraurgiberritzen.eus\/es\/se-ha-celebrado-el-acto-final-del-proyecto-elkarrekin-eraikitzen-2016-2017-hoy-en-el-ayuntamiento-de-azpeitia\/","url":"https:\/\/iraurgiberritzen.eus\/es\/se-ha-celebrado-el-acto-final-del-proyecto-elkarrekin-eraikitzen-2016-2017-hoy-en-el-ayuntamiento-de-azpeitia\/","name":"Se ha celebrado el acto final del proyecto Elkarrekin Eraikitzen 2016\/2017 hoy en el ayuntamiento de Azpeitia - Iraurgi Berritzen","isPartOf":{"@id":"https:\/\/iraurgiberritzen.eus\/es\/#website"},"primaryImageOfPage":{"@id":"https:\/\/iraurgiberritzen.eus\/es\/se-ha-celebrado-el-acto-final-del-proyecto-elkarrekin-eraikitzen-2016-2017-hoy-en-el-ayuntamiento-de-azpeitia\/#primaryimage"},"image":{"@id":"https:\/\/iraurgiberritzen.eus\/es\/se-ha-celebrado-el-acto-final-del-proyecto-elkarrekin-eraikitzen-2016-2017-hoy-en-el-ayuntamiento-de-azpeitia\/#primaryimage"},"thumbnailUrl":"https:\/\/iraurgiberritzen.eus\/wp-content\/uploads\/2023\/09\/d092a7ea9dcb3e71938975c579e85d9c.jpg","datePublished":"2017-06-15T07:59:08+00:00","breadcrumb":{"@id":"https:\/\/iraurgiberritzen.eus\/es\/se-ha-celebrado-el-acto-final-del-proyecto-elkarrekin-eraikitzen-2016-2017-hoy-en-el-ayuntamiento-de-azpeitia\/#breadcrumb"},"inLanguage":"es","potentialAction":[{"@type":"ReadAction","target":["https:\/\/iraurgiberritzen.eus\/es\/se-ha-celebrado-el-acto-final-del-proyecto-elkarrekin-eraikitzen-2016-2017-hoy-en-el-ayuntamiento-de-azpeitia\/"]}]},{"@type":"ImageObject","inLanguage":"es","@id":"https:\/\/iraurgiberritzen.eus\/es\/se-ha-celebrado-el-acto-final-del-proyecto-elkarrekin-eraikitzen-2016-2017-hoy-en-el-ayuntamiento-de-azpeitia\/#primaryimage","url":"https:\/\/iraurgiberritzen.eus\/wp-content\/uploads\/2023\/09\/d092a7ea9dcb3e71938975c579e85d9c.jpg","contentUrl":"https:\/\/iraurgiberritzen.eus\/wp-content\/uploads\/2023\/09\/d092a7ea9dcb3e71938975c579e85d9c.jpg","width":600,"height":386},{"@type":"BreadcrumbList","@id":"https:\/\/iraurgiberritzen.eus\/es\/se-ha-celebrado-el-acto-final-del-proyecto-elkarrekin-eraikitzen-2016-2017-hoy-en-el-ayuntamiento-de-azpeitia\/#breadcrumb","itemListElement":[{"@type":"ListItem","position":1,"name":"Home","item":"https:\/\/iraurgiberritzen.eus\/es\/"},{"@type":"ListItem","position":2,"name":"Se ha celebrado el acto final del proyecto Elkarrekin Eraikitzen 2016\/2017 hoy en el ayuntamiento de Azpeitia"}]},{"@type":"WebSite","@id":"https:\/\/iraurgiberritzen.eus\/es\/#website","url":"https:\/\/iraurgiberritzen.eus\/es\/","name":"Iraurgi Berritzen","description":"Urola Erdiko Garapen Agentzia","publisher":{"@id":"https:\/\/iraurgiberritzen.eus\/es\/#organization"},"potentialAction":[{"@type":"SearchAction","target":{"@type":"EntryPoint","urlTemplate":"https:\/\/iraurgiberritzen.eus\/es\/?s={search_term_string}"},"query-input":{"@type":"PropertyValueSpecification","valueRequired":true,"valueName":"search_term_string"}}],"inLanguage":"es"},{"@type":"Organization","@id":"https:\/\/iraurgiberritzen.eus\/es\/#organization","name":"Iraurgi Berritzen","url":"https:\/\/iraurgiberritzen.eus\/es\/","logo":{"@type":"ImageObject","inLanguage":"es","@id":"https:\/\/iraurgiberritzen.eus\/es\/#\/schema\/logo\/image\/","url":"https:\/\/iraurgiberritzen.eus\/wp-content\/uploads\/2024\/02\/IRAURGI-BERRITZEN-logotipoa_2.png","contentUrl":"https:\/\/iraurgiberritzen.eus\/wp-content\/uploads\/2024\/02\/IRAURGI-BERRITZEN-logotipoa_2.png","width":496,"height":190,"caption":"Iraurgi Berritzen"},"image":{"@id":"https:\/\/iraurgiberritzen.eus\/es\/#\/schema\/logo\/image\/"}},{"@type":"Person","@id":"https:\/\/iraurgiberritzen.eus\/es\/#\/schema\/person\/5ab41aaf388a9097177601ebf45738d2","name":"kudeatzailea","sameAs":["https:\/\/iraurgiberritzen.eus"]}]}},"_links":{"self":[{"href":"https:\/\/iraurgiberritzen.eus\/es\/wp-json\/wp\/v2\/posts\/12200","targetHints":{"allow":["GET"]}}],"collection":[{"href":"https:\/\/iraurgiberritzen.eus\/es\/wp-json\/wp\/v2\/posts"}],"about":[{"href":"https:\/\/iraurgiberritzen.eus\/es\/wp-json\/wp\/v2\/types\/post"}],"author":[{"embeddable":true,"href":"https:\/\/iraurgiberritzen.eus\/es\/wp-json\/wp\/v2\/users\/1"}],"replies":[{"embeddable":true,"href":"https:\/\/iraurgiberritzen.eus\/es\/wp-json\/wp\/v2\/comments?post=12200"}],"version-history":[{"count":0,"href":"https:\/\/iraurgiberritzen.eus\/es\/wp-json\/wp\/v2\/posts\/12200\/revisions"}],"wp:featuredmedia":[{"embeddable":true,"href":"https:\/\/iraurgiberritzen.eus\/es\/wp-json\/wp\/v2\/media\/17937"}],"wp:attachment":[{"href":"https:\/\/iraurgiberritzen.eus\/es\/wp-json\/wp\/v2\/media?parent=12200"}],"wp:term":[{"taxonomy":"category","embeddable":true,"href":"https:\/\/iraurgiberritzen.eus\/es\/wp-json\/wp\/v2\/categories?post=12200"},{"taxonomy":"post_tag","embeddable":true,"href":"https:\/\/iraurgiberritzen.eus\/es\/wp-json\/wp\/v2\/tags?post=12200"}],"curies":[{"name":"wp","href":"https:\/\/api.w.org\/{rel}","templated":true}]}}