{"id":12203,"date":"2017-06-30T00:00:00","date_gmt":"2017-06-29T22:00:00","guid":{"rendered":"https:\/\/iraurgiberritzen.eus\/puesta-en-marcha-de-becas-global-training-2017\/"},"modified":"2017-06-30T00:00:00","modified_gmt":"2017-06-29T22:00:00","slug":"puesta-en-marcha-de-becas-global-training-2017","status":"publish","type":"post","link":"https:\/\/iraurgiberritzen.eus\/es\/puesta-en-marcha-de-becas-global-training-2017\/","title":{"rendered":"Puesta en marcha de becas Global Training 2017"},"content":{"rendered":"<p>Os informamos desde Iraurgi Berritzen que por quinto a\u00f1o consecutivo, Garapen, Asociaci\u00f3n Vasca de Agencias de Desarrollo, y Fomento de San Sebasti\u00e1n, lanzan 60 Becas Global Training.<\/p>\n<p>Dicho programa de Becas pone en el mercado y a disposici\u00f3n de nuestros j\u00f3venes con titulaci\u00f3n universitaria y formaci\u00f3n profesional de grado superior un potente mecanismo que permite realizar pr\u00e1cticas remuneradas en empresas y organismos en el extranjero, en actividades y proyectos relacionados con su perfil acad\u00e9mico y profesional durante al menos 6 meses.<\/p>\n<p>El plazo de inscripci\u00f3n en el programa se inicia el 14 de junio, y finaliza el 14 de julio (a las 12:00 de mediod\u00eda). Para completar la inscripci\u00f3n on-line, cualquier candidato\/a puede entregar la documentaci\u00f3n en Iraurgi Berritzen.<\/p>\n<p>Toda la informaci\u00f3n de las becas, as\u00ed como de los proyectos estar\u00e1 disponible en el siguiente enlace:&nbsp;<a href=\"http:\/\/www.becasglobaltraining.eus\/\">http:\/\/www.becasglobaltraining.eus\/<\/a><\/p>\n<p>La documentaci\u00f3n que se debe de entregar:<\/p>\n<ul>\n<li>Copia del Documento Nacional de Identidad (DNI)<\/li>\n<li>Certificado de empadronamiento en alg\u00fan municipio de la Comunidad Aut\u00f3noma del Pa\u00eds Vasco, expedido por el Ayuntamiento de que se trate (al menos un a\u00f1o de antiguedad)<\/li>\n<li>CV en ingl\u00e9s y castellano<\/li>\n<li>Carta de motivaci\u00f3n en ingl\u00e9s y castellano<\/li>\n<li>Foto tama\u00f1o carnet<\/li>\n<li>T\u00edtulos oficiales formaci\u00f3n reglada (original y copia). En caso de haber finalizado en 2017 y en caso de no disponer del t\u00edtulo oficial, podr\u00e1 presentar el Expediente Acad\u00e9mico justificando haber cursado todos los cr\u00e9ditos<\/li>\n<li>T\u00edtulos oficiales idiomas (original y copia)<\/li>\n<li>Declaraci\u00f3n jurada (desc\u00e1rguesela desde la p\u00e1quina web<\/li>\n<\/ul>\n<p>Comprobante de la inscripci\u00f3n online, que aparecer\u00e1 una vez finalizada la inscripci\u00f3n online.<\/p>\n<p>Para m\u00e1s informaci\u00f3n pod\u00e9is contactar con Iraurgi Berritzen llamando al 943 85 11 00 (Sandra Fern\u00e1ndez) o escribiendo a la direcci\u00f3n&nbsp;<a href=\"mailto:alarranaga@iraurgiberritzen.eus\">sfernandez@iraurgiberritzen.eus<\/a>.<\/p>\n","protected":false},"excerpt":{"rendered":"<p>Os informamos desde Iraurgi Berritzen que por quinto a\u00f1o consecutivo, Garapen, Asociaci\u00f3n Vasca de Agencias de Desarrollo, y Fomento de San Sebasti\u00e1n, lanzan 60 Becas Global Training. Dicho programa de Becas pone en el mercado y a disposici\u00f3n de nuestros j\u00f3venes con titulaci\u00f3n universitaria y formaci\u00f3n profesional de grado superior un potente mecanismo que permite [&hellip;]<\/p>\n","protected":false},"author":1,"featured_media":17938,"comment_status":"","ping_status":"closed","sticky":false,"template":"","format":"standard","meta":{"_acf_changed":false,"footnotes":""},"categories":[4],"tags":[],"class_list":["post-12203","post","type-post","status-publish","format-standard","has-post-thumbnail","hentry","category-noticias"],"acf":[],"yoast_head":"<!-- This site is optimized with the Yoast SEO plugin v27.4 - https:\/\/yoast.com\/product\/yoast-seo-wordpress\/ -->\n<title>Puesta en marcha de becas Global Training 2017 - Iraurgi Berritzen<\/title>\n<meta name=\"robots\" content=\"index, follow, max-snippet:-1, max-image-preview:large, max-video-preview:-1\" \/>\n<link rel=\"canonical\" href=\"https:\/\/iraurgiberritzen.eus\/es\/puesta-en-marcha-de-becas-global-training-2017\/\" \/>\n<meta property=\"og:locale\" content=\"es_ES\" \/>\n<meta property=\"og:type\" content=\"article\" \/>\n<meta property=\"og:title\" content=\"Puesta en marcha de becas Global Training 2017 - Iraurgi Berritzen\" \/>\n<meta property=\"og:description\" content=\"Os informamos desde Iraurgi Berritzen que por quinto a\u00f1o consecutivo, Garapen, Asociaci\u00f3n Vasca de Agencias de Desarrollo, y Fomento de San Sebasti\u00e1n, lanzan 60 Becas Global Training. Dicho programa de Becas pone en el mercado y a disposici\u00f3n de nuestros j\u00f3venes con titulaci\u00f3n universitaria y formaci\u00f3n profesional de grado superior un potente mecanismo que permite [&hellip;]\" \/>\n<meta property=\"og:url\" content=\"https:\/\/iraurgiberritzen.eus\/es\/puesta-en-marcha-de-becas-global-training-2017\/\" \/>\n<meta property=\"og:site_name\" content=\"Iraurgi Berritzen\" \/>\n<meta property=\"article:published_time\" content=\"2017-06-29T22:00:00+00:00\" \/>\n<meta name=\"author\" content=\"kudeatzailea\" \/>\n<meta name=\"twitter:card\" content=\"summary_large_image\" \/>\n<meta name=\"twitter:label1\" content=\"Escrito por\" \/>\n\t<meta name=\"twitter:data1\" content=\"kudeatzailea\" \/>\n\t<meta name=\"twitter:label2\" content=\"Tiempo de lectura\" \/>\n\t<meta name=\"twitter:data2\" content=\"2 minutos\" \/>\n<script type=\"application\/ld+json\" class=\"yoast-schema-graph\">{\"@context\":\"https:\\\/\\\/schema.org\",\"@graph\":[{\"@type\":\"Article\",\"@id\":\"https:\\\/\\\/iraurgiberritzen.eus\\\/es\\\/puesta-en-marcha-de-becas-global-training-2017\\\/#article\",\"isPartOf\":{\"@id\":\"https:\\\/\\\/iraurgiberritzen.eus\\\/es\\\/puesta-en-marcha-de-becas-global-training-2017\\\/\"},\"author\":{\"name\":\"kudeatzailea\",\"@id\":\"https:\\\/\\\/iraurgiberritzen.eus\\\/es\\\/#\\\/schema\\\/person\\\/5ab41aaf388a9097177601ebf45738d2\"},\"headline\":\"Puesta en marcha de becas Global Training 2017\",\"datePublished\":\"2017-06-29T22:00:00+00:00\",\"mainEntityOfPage\":{\"@id\":\"https:\\\/\\\/iraurgiberritzen.eus\\\/es\\\/puesta-en-marcha-de-becas-global-training-2017\\\/\"},\"wordCount\":319,\"publisher\":{\"@id\":\"https:\\\/\\\/iraurgiberritzen.eus\\\/es\\\/#organization\"},\"image\":{\"@id\":\"https:\\\/\\\/iraurgiberritzen.eus\\\/es\\\/puesta-en-marcha-de-becas-global-training-2017\\\/#primaryimage\"},\"thumbnailUrl\":\"https:\\\/\\\/iraurgiberritzen.eus\\\/wp-content\\\/uploads\\\/2023\\\/09\\\/007f7dcc1de776ae0fbd86ceae8656ad.jpg\",\"articleSection\":[\"Noticias\"],\"inLanguage\":\"es\"},{\"@type\":\"WebPage\",\"@id\":\"https:\\\/\\\/iraurgiberritzen.eus\\\/es\\\/puesta-en-marcha-de-becas-global-training-2017\\\/\",\"url\":\"https:\\\/\\\/iraurgiberritzen.eus\\\/es\\\/puesta-en-marcha-de-becas-global-training-2017\\\/\",\"name\":\"Puesta en marcha de becas Global Training 2017 - Iraurgi Berritzen\",\"isPartOf\":{\"@id\":\"https:\\\/\\\/iraurgiberritzen.eus\\\/es\\\/#website\"},\"primaryImageOfPage\":{\"@id\":\"https:\\\/\\\/iraurgiberritzen.eus\\\/es\\\/puesta-en-marcha-de-becas-global-training-2017\\\/#primaryimage\"},\"image\":{\"@id\":\"https:\\\/\\\/iraurgiberritzen.eus\\\/es\\\/puesta-en-marcha-de-becas-global-training-2017\\\/#primaryimage\"},\"thumbnailUrl\":\"https:\\\/\\\/iraurgiberritzen.eus\\\/wp-content\\\/uploads\\\/2023\\\/09\\\/007f7dcc1de776ae0fbd86ceae8656ad.jpg\",\"datePublished\":\"2017-06-29T22:00:00+00:00\",\"breadcrumb\":{\"@id\":\"https:\\\/\\\/iraurgiberritzen.eus\\\/es\\\/puesta-en-marcha-de-becas-global-training-2017\\\/#breadcrumb\"},\"inLanguage\":\"es\",\"potentialAction\":[{\"@type\":\"ReadAction\",\"target\":[\"https:\\\/\\\/iraurgiberritzen.eus\\\/es\\\/puesta-en-marcha-de-becas-global-training-2017\\\/\"]}]},{\"@type\":\"ImageObject\",\"inLanguage\":\"es\",\"@id\":\"https:\\\/\\\/iraurgiberritzen.eus\\\/es\\\/puesta-en-marcha-de-becas-global-training-2017\\\/#primaryimage\",\"url\":\"https:\\\/\\\/iraurgiberritzen.eus\\\/wp-content\\\/uploads\\\/2023\\\/09\\\/007f7dcc1de776ae0fbd86ceae8656ad.jpg\",\"contentUrl\":\"https:\\\/\\\/iraurgiberritzen.eus\\\/wp-content\\\/uploads\\\/2023\\\/09\\\/007f7dcc1de776ae0fbd86ceae8656ad.jpg\",\"width\":600,\"height\":386},{\"@type\":\"BreadcrumbList\",\"@id\":\"https:\\\/\\\/iraurgiberritzen.eus\\\/es\\\/puesta-en-marcha-de-becas-global-training-2017\\\/#breadcrumb\",\"itemListElement\":[{\"@type\":\"ListItem\",\"position\":1,\"name\":\"Home\",\"item\":\"https:\\\/\\\/iraurgiberritzen.eus\\\/es\\\/\"},{\"@type\":\"ListItem\",\"position\":2,\"name\":\"Puesta en marcha de becas Global Training 2017\"}]},{\"@type\":\"WebSite\",\"@id\":\"https:\\\/\\\/iraurgiberritzen.eus\\\/es\\\/#website\",\"url\":\"https:\\\/\\\/iraurgiberritzen.eus\\\/es\\\/\",\"name\":\"Iraurgi Berritzen\",\"description\":\"Urola Erdiko Garapen Agentzia\",\"publisher\":{\"@id\":\"https:\\\/\\\/iraurgiberritzen.eus\\\/es\\\/#organization\"},\"potentialAction\":[{\"@type\":\"SearchAction\",\"target\":{\"@type\":\"EntryPoint\",\"urlTemplate\":\"https:\\\/\\\/iraurgiberritzen.eus\\\/es\\\/?s={search_term_string}\"},\"query-input\":{\"@type\":\"PropertyValueSpecification\",\"valueRequired\":true,\"valueName\":\"search_term_string\"}}],\"inLanguage\":\"es\"},{\"@type\":\"Organization\",\"@id\":\"https:\\\/\\\/iraurgiberritzen.eus\\\/es\\\/#organization\",\"name\":\"Iraurgi Berritzen\",\"url\":\"https:\\\/\\\/iraurgiberritzen.eus\\\/es\\\/\",\"logo\":{\"@type\":\"ImageObject\",\"inLanguage\":\"es\",\"@id\":\"https:\\\/\\\/iraurgiberritzen.eus\\\/es\\\/#\\\/schema\\\/logo\\\/image\\\/\",\"url\":\"https:\\\/\\\/iraurgiberritzen.eus\\\/wp-content\\\/uploads\\\/2024\\\/02\\\/IRAURGI-BERRITZEN-logotipoa_2.png\",\"contentUrl\":\"https:\\\/\\\/iraurgiberritzen.eus\\\/wp-content\\\/uploads\\\/2024\\\/02\\\/IRAURGI-BERRITZEN-logotipoa_2.png\",\"width\":496,\"height\":190,\"caption\":\"Iraurgi Berritzen\"},\"image\":{\"@id\":\"https:\\\/\\\/iraurgiberritzen.eus\\\/es\\\/#\\\/schema\\\/logo\\\/image\\\/\"}},{\"@type\":\"Person\",\"@id\":\"https:\\\/\\\/iraurgiberritzen.eus\\\/es\\\/#\\\/schema\\\/person\\\/5ab41aaf388a9097177601ebf45738d2\",\"name\":\"kudeatzailea\",\"sameAs\":[\"https:\\\/\\\/iraurgiberritzen.eus\"]}]}<\/script>\n<!-- \/ Yoast SEO plugin. -->","yoast_head_json":{"title":"Puesta en marcha de becas Global Training 2017 - Iraurgi Berritzen","robots":{"index":"index","follow":"follow","max-snippet":"max-snippet:-1","max-image-preview":"max-image-preview:large","max-video-preview":"max-video-preview:-1"},"canonical":"https:\/\/iraurgiberritzen.eus\/es\/puesta-en-marcha-de-becas-global-training-2017\/","og_locale":"es_ES","og_type":"article","og_title":"Puesta en marcha de becas Global Training 2017 - Iraurgi Berritzen","og_description":"Os informamos desde Iraurgi Berritzen que por quinto a\u00f1o consecutivo, Garapen, Asociaci\u00f3n Vasca de Agencias de Desarrollo, y Fomento de San Sebasti\u00e1n, lanzan 60 Becas Global Training. Dicho programa de Becas pone en el mercado y a disposici\u00f3n de nuestros j\u00f3venes con titulaci\u00f3n universitaria y formaci\u00f3n profesional de grado superior un potente mecanismo que permite [&hellip;]","og_url":"https:\/\/iraurgiberritzen.eus\/es\/puesta-en-marcha-de-becas-global-training-2017\/","og_site_name":"Iraurgi Berritzen","article_published_time":"2017-06-29T22:00:00+00:00","author":"kudeatzailea","twitter_card":"summary_large_image","twitter_misc":{"Escrito por":"kudeatzailea","Tiempo de lectura":"2 minutos"},"schema":{"@context":"https:\/\/schema.org","@graph":[{"@type":"Article","@id":"https:\/\/iraurgiberritzen.eus\/es\/puesta-en-marcha-de-becas-global-training-2017\/#article","isPartOf":{"@id":"https:\/\/iraurgiberritzen.eus\/es\/puesta-en-marcha-de-becas-global-training-2017\/"},"author":{"name":"kudeatzailea","@id":"https:\/\/iraurgiberritzen.eus\/es\/#\/schema\/person\/5ab41aaf388a9097177601ebf45738d2"},"headline":"Puesta en marcha de becas Global Training 2017","datePublished":"2017-06-29T22:00:00+00:00","mainEntityOfPage":{"@id":"https:\/\/iraurgiberritzen.eus\/es\/puesta-en-marcha-de-becas-global-training-2017\/"},"wordCount":319,"publisher":{"@id":"https:\/\/iraurgiberritzen.eus\/es\/#organization"},"image":{"@id":"https:\/\/iraurgiberritzen.eus\/es\/puesta-en-marcha-de-becas-global-training-2017\/#primaryimage"},"thumbnailUrl":"https:\/\/iraurgiberritzen.eus\/wp-content\/uploads\/2023\/09\/007f7dcc1de776ae0fbd86ceae8656ad.jpg","articleSection":["Noticias"],"inLanguage":"es"},{"@type":"WebPage","@id":"https:\/\/iraurgiberritzen.eus\/es\/puesta-en-marcha-de-becas-global-training-2017\/","url":"https:\/\/iraurgiberritzen.eus\/es\/puesta-en-marcha-de-becas-global-training-2017\/","name":"Puesta en marcha de becas Global Training 2017 - Iraurgi Berritzen","isPartOf":{"@id":"https:\/\/iraurgiberritzen.eus\/es\/#website"},"primaryImageOfPage":{"@id":"https:\/\/iraurgiberritzen.eus\/es\/puesta-en-marcha-de-becas-global-training-2017\/#primaryimage"},"image":{"@id":"https:\/\/iraurgiberritzen.eus\/es\/puesta-en-marcha-de-becas-global-training-2017\/#primaryimage"},"thumbnailUrl":"https:\/\/iraurgiberritzen.eus\/wp-content\/uploads\/2023\/09\/007f7dcc1de776ae0fbd86ceae8656ad.jpg","datePublished":"2017-06-29T22:00:00+00:00","breadcrumb":{"@id":"https:\/\/iraurgiberritzen.eus\/es\/puesta-en-marcha-de-becas-global-training-2017\/#breadcrumb"},"inLanguage":"es","potentialAction":[{"@type":"ReadAction","target":["https:\/\/iraurgiberritzen.eus\/es\/puesta-en-marcha-de-becas-global-training-2017\/"]}]},{"@type":"ImageObject","inLanguage":"es","@id":"https:\/\/iraurgiberritzen.eus\/es\/puesta-en-marcha-de-becas-global-training-2017\/#primaryimage","url":"https:\/\/iraurgiberritzen.eus\/wp-content\/uploads\/2023\/09\/007f7dcc1de776ae0fbd86ceae8656ad.jpg","contentUrl":"https:\/\/iraurgiberritzen.eus\/wp-content\/uploads\/2023\/09\/007f7dcc1de776ae0fbd86ceae8656ad.jpg","width":600,"height":386},{"@type":"BreadcrumbList","@id":"https:\/\/iraurgiberritzen.eus\/es\/puesta-en-marcha-de-becas-global-training-2017\/#breadcrumb","itemListElement":[{"@type":"ListItem","position":1,"name":"Home","item":"https:\/\/iraurgiberritzen.eus\/es\/"},{"@type":"ListItem","position":2,"name":"Puesta en marcha de becas Global Training 2017"}]},{"@type":"WebSite","@id":"https:\/\/iraurgiberritzen.eus\/es\/#website","url":"https:\/\/iraurgiberritzen.eus\/es\/","name":"Iraurgi Berritzen","description":"Urola Erdiko Garapen Agentzia","publisher":{"@id":"https:\/\/iraurgiberritzen.eus\/es\/#organization"},"potentialAction":[{"@type":"SearchAction","target":{"@type":"EntryPoint","urlTemplate":"https:\/\/iraurgiberritzen.eus\/es\/?s={search_term_string}"},"query-input":{"@type":"PropertyValueSpecification","valueRequired":true,"valueName":"search_term_string"}}],"inLanguage":"es"},{"@type":"Organization","@id":"https:\/\/iraurgiberritzen.eus\/es\/#organization","name":"Iraurgi Berritzen","url":"https:\/\/iraurgiberritzen.eus\/es\/","logo":{"@type":"ImageObject","inLanguage":"es","@id":"https:\/\/iraurgiberritzen.eus\/es\/#\/schema\/logo\/image\/","url":"https:\/\/iraurgiberritzen.eus\/wp-content\/uploads\/2024\/02\/IRAURGI-BERRITZEN-logotipoa_2.png","contentUrl":"https:\/\/iraurgiberritzen.eus\/wp-content\/uploads\/2024\/02\/IRAURGI-BERRITZEN-logotipoa_2.png","width":496,"height":190,"caption":"Iraurgi Berritzen"},"image":{"@id":"https:\/\/iraurgiberritzen.eus\/es\/#\/schema\/logo\/image\/"}},{"@type":"Person","@id":"https:\/\/iraurgiberritzen.eus\/es\/#\/schema\/person\/5ab41aaf388a9097177601ebf45738d2","name":"kudeatzailea","sameAs":["https:\/\/iraurgiberritzen.eus"]}]}},"_links":{"self":[{"href":"https:\/\/iraurgiberritzen.eus\/es\/wp-json\/wp\/v2\/posts\/12203","targetHints":{"allow":["GET"]}}],"collection":[{"href":"https:\/\/iraurgiberritzen.eus\/es\/wp-json\/wp\/v2\/posts"}],"about":[{"href":"https:\/\/iraurgiberritzen.eus\/es\/wp-json\/wp\/v2\/types\/post"}],"author":[{"embeddable":true,"href":"https:\/\/iraurgiberritzen.eus\/es\/wp-json\/wp\/v2\/users\/1"}],"replies":[{"embeddable":true,"href":"https:\/\/iraurgiberritzen.eus\/es\/wp-json\/wp\/v2\/comments?post=12203"}],"version-history":[{"count":0,"href":"https:\/\/iraurgiberritzen.eus\/es\/wp-json\/wp\/v2\/posts\/12203\/revisions"}],"wp:featuredmedia":[{"embeddable":true,"href":"https:\/\/iraurgiberritzen.eus\/es\/wp-json\/wp\/v2\/media\/17938"}],"wp:attachment":[{"href":"https:\/\/iraurgiberritzen.eus\/es\/wp-json\/wp\/v2\/media?parent=12203"}],"wp:term":[{"taxonomy":"category","embeddable":true,"href":"https:\/\/iraurgiberritzen.eus\/es\/wp-json\/wp\/v2\/categories?post=12203"},{"taxonomy":"post_tag","embeddable":true,"href":"https:\/\/iraurgiberritzen.eus\/es\/wp-json\/wp\/v2\/tags?post=12203"}],"curies":[{"name":"wp","href":"https:\/\/api.w.org\/{rel}","templated":true}]}}