{"id":12208,"date":"2017-06-20T07:54:53","date_gmt":"2017-06-20T05:54:53","guid":{"rendered":"https:\/\/iraurgiberritzen.eus\/frankinorte-el-salon-de-la-franquicia-negocios-celebrara-su-v-edicion-14-de-septiembre-2\/"},"modified":"2017-06-20T07:54:53","modified_gmt":"2017-06-20T05:54:53","slug":"frankinorte-el-salon-de-la-franquicia-negocios-celebrara-su-v-edicion-14-de-septiembre-2","status":"publish","type":"post","link":"https:\/\/iraurgiberritzen.eus\/es\/frankinorte-el-salon-de-la-franquicia-negocios-celebrara-su-v-edicion-14-de-septiembre-2\/","title":{"rendered":"FrankiNorte, el Sal\u00f3n de la Franquicia &#038; Negocios celebrar\u00e1 su V edici\u00f3n 14 de septiembre"},"content":{"rendered":"<p>Bilbao acoge la V edici\u00f3n de FrankiNorte, Sal\u00f3n de Franquicias &amp; otras Oportunidades de&nbsp;Negocio. Tendr\u00e1 lugar el 14 de Septiembre en una nueva sede \u00abEdificio Yimby\u00bb, Ercilla&nbsp;Kalea, 24, 1\u00ba (Plaza Moy\u00faa).<\/p>\n<p>La entrada al Sal\u00f3n es gratuita y, si te registras, recibir\u00e1s m\u00e1s informaci\u00f3n sobre el contenido&nbsp;del Sal\u00f3n. Adem\u00e1s, si lo deseas, podr\u00e1s solicitar cita con las empresas expositoras para&nbsp;organizar tu agenda, no siendo imprescindible para tu visita el 14 de septiembre.<\/p>\n<p>Podr\u00e1s conocer de primera mano a las franquicias m\u00e1s novedosas y en plena expansi\u00f3n. El&nbsp;formato del Sal\u00f3n va dirigido a los emprendedores, empresarios e inversores facilitando el&nbsp;recibir informaci\u00f3n directamente de las marcas participantes que sean de tu inter\u00e9s a trav\u00e9s de&nbsp;tu visita al Sal\u00f3n FrankiNorte.<\/p>\n<p>Todo el asesoramiento necesario en materia de financiaci\u00f3n y la informaci\u00f3n necesaria sobre la&nbsp;puesta en marcha de un negocio. La visita esta dirigida a aquellos que est\u00e1n interesados en montar su&nbsp;propio negocio o autoemplearse.<\/p>\n<p>Todos los visitantes podr\u00e1n conocer en FrankiNorte un amplio abanico de ofertas comerciales&nbsp;novedosas e impactantes: hosteler\u00eda, moda y complementos, belleza y&nbsp;cosm\u00e9tica, agencias de viajes, telecomunicaciones, autoescuelas&#8230;<\/p>\n<p>Acceso al sal\u00f3n es gratuito, inscr\u00edbete en&nbsp;<a href=\"http:\/\/frankinorte.com\/visitantes.php\">http:\/\/frankinorte.com\/visitantes.php<\/a>&nbsp;y, si quieres, puedes solicitar cita con las empresas expositoras.<\/p>\n","protected":false},"excerpt":{"rendered":"<p>Bilbao acoge la V edici\u00f3n de FrankiNorte, Sal\u00f3n de Franquicias &amp; otras Oportunidades de&nbsp;Negocio. Tendr\u00e1 lugar el 14 de Septiembre en una nueva sede \u00abEdificio Yimby\u00bb, Ercilla&nbsp;Kalea, 24, 1\u00ba (Plaza Moy\u00faa). La entrada al Sal\u00f3n es gratuita y, si te registras, recibir\u00e1s m\u00e1s informaci\u00f3n sobre el contenido&nbsp;del Sal\u00f3n. Adem\u00e1s, si lo deseas, podr\u00e1s solicitar cita [&hellip;]<\/p>\n","protected":false},"author":1,"featured_media":17939,"comment_status":"","ping_status":"closed","sticky":false,"template":"","format":"standard","meta":{"_acf_changed":false,"footnotes":""},"categories":[4],"tags":[],"class_list":["post-12208","post","type-post","status-publish","format-standard","has-post-thumbnail","hentry","category-noticias"],"acf":[],"yoast_head":"<!-- This site is optimized with the Yoast SEO plugin v27.4 - https:\/\/yoast.com\/product\/yoast-seo-wordpress\/ -->\n<title>FrankiNorte, el Sal\u00f3n de la Franquicia &amp; Negocios celebrar\u00e1 su V edici\u00f3n 14 de septiembre - Iraurgi Berritzen<\/title>\n<meta name=\"robots\" content=\"index, follow, max-snippet:-1, max-image-preview:large, max-video-preview:-1\" \/>\n<link rel=\"canonical\" href=\"https:\/\/iraurgiberritzen.eus\/es\/frankinorte-el-salon-de-la-franquicia-negocios-celebrara-su-v-edicion-14-de-septiembre-2\/\" \/>\n<meta property=\"og:locale\" content=\"es_ES\" \/>\n<meta property=\"og:type\" content=\"article\" \/>\n<meta property=\"og:title\" content=\"FrankiNorte, el Sal\u00f3n de la Franquicia &amp; Negocios celebrar\u00e1 su V edici\u00f3n 14 de septiembre - Iraurgi Berritzen\" \/>\n<meta property=\"og:description\" content=\"Bilbao acoge la V edici\u00f3n de FrankiNorte, Sal\u00f3n de Franquicias &amp; otras Oportunidades de&nbsp;Negocio. Tendr\u00e1 lugar el 14 de Septiembre en una nueva sede \u00abEdificio Yimby\u00bb, Ercilla&nbsp;Kalea, 24, 1\u00ba (Plaza Moy\u00faa). La entrada al Sal\u00f3n es gratuita y, si te registras, recibir\u00e1s m\u00e1s informaci\u00f3n sobre el contenido&nbsp;del Sal\u00f3n. Adem\u00e1s, si lo deseas, podr\u00e1s solicitar cita [&hellip;]\" \/>\n<meta property=\"og:url\" content=\"https:\/\/iraurgiberritzen.eus\/es\/frankinorte-el-salon-de-la-franquicia-negocios-celebrara-su-v-edicion-14-de-septiembre-2\/\" \/>\n<meta property=\"og:site_name\" content=\"Iraurgi Berritzen\" \/>\n<meta property=\"article:published_time\" content=\"2017-06-20T05:54:53+00:00\" \/>\n<meta name=\"author\" content=\"kudeatzailea\" \/>\n<meta name=\"twitter:card\" content=\"summary_large_image\" \/>\n<meta name=\"twitter:label1\" content=\"Escrito por\" \/>\n\t<meta name=\"twitter:data1\" content=\"kudeatzailea\" \/>\n\t<meta name=\"twitter:label2\" content=\"Tiempo de lectura\" \/>\n\t<meta name=\"twitter:data2\" content=\"1 minuto\" \/>\n<script type=\"application\/ld+json\" class=\"yoast-schema-graph\">{\"@context\":\"https:\\\/\\\/schema.org\",\"@graph\":[{\"@type\":\"Article\",\"@id\":\"https:\\\/\\\/iraurgiberritzen.eus\\\/es\\\/frankinorte-el-salon-de-la-franquicia-negocios-celebrara-su-v-edicion-14-de-septiembre-2\\\/#article\",\"isPartOf\":{\"@id\":\"https:\\\/\\\/iraurgiberritzen.eus\\\/es\\\/frankinorte-el-salon-de-la-franquicia-negocios-celebrara-su-v-edicion-14-de-septiembre-2\\\/\"},\"author\":{\"name\":\"kudeatzailea\",\"@id\":\"https:\\\/\\\/iraurgiberritzen.eus\\\/es\\\/#\\\/schema\\\/person\\\/5ab41aaf388a9097177601ebf45738d2\"},\"headline\":\"FrankiNorte, el Sal\u00f3n de la Franquicia &#038; Negocios celebrar\u00e1 su V edici\u00f3n 14 de septiembre\",\"datePublished\":\"2017-06-20T05:54:53+00:00\",\"mainEntityOfPage\":{\"@id\":\"https:\\\/\\\/iraurgiberritzen.eus\\\/es\\\/frankinorte-el-salon-de-la-franquicia-negocios-celebrara-su-v-edicion-14-de-septiembre-2\\\/\"},\"wordCount\":260,\"publisher\":{\"@id\":\"https:\\\/\\\/iraurgiberritzen.eus\\\/es\\\/#organization\"},\"image\":{\"@id\":\"https:\\\/\\\/iraurgiberritzen.eus\\\/es\\\/frankinorte-el-salon-de-la-franquicia-negocios-celebrara-su-v-edicion-14-de-septiembre-2\\\/#primaryimage\"},\"thumbnailUrl\":\"https:\\\/\\\/iraurgiberritzen.eus\\\/wp-content\\\/uploads\\\/2023\\\/09\\\/4cd4eaee1c7cc4757d33459591114de7.jpg\",\"articleSection\":[\"Noticias\"],\"inLanguage\":\"es\"},{\"@type\":\"WebPage\",\"@id\":\"https:\\\/\\\/iraurgiberritzen.eus\\\/es\\\/frankinorte-el-salon-de-la-franquicia-negocios-celebrara-su-v-edicion-14-de-septiembre-2\\\/\",\"url\":\"https:\\\/\\\/iraurgiberritzen.eus\\\/es\\\/frankinorte-el-salon-de-la-franquicia-negocios-celebrara-su-v-edicion-14-de-septiembre-2\\\/\",\"name\":\"FrankiNorte, el Sal\u00f3n de la Franquicia & Negocios celebrar\u00e1 su V edici\u00f3n 14 de septiembre - Iraurgi Berritzen\",\"isPartOf\":{\"@id\":\"https:\\\/\\\/iraurgiberritzen.eus\\\/es\\\/#website\"},\"primaryImageOfPage\":{\"@id\":\"https:\\\/\\\/iraurgiberritzen.eus\\\/es\\\/frankinorte-el-salon-de-la-franquicia-negocios-celebrara-su-v-edicion-14-de-septiembre-2\\\/#primaryimage\"},\"image\":{\"@id\":\"https:\\\/\\\/iraurgiberritzen.eus\\\/es\\\/frankinorte-el-salon-de-la-franquicia-negocios-celebrara-su-v-edicion-14-de-septiembre-2\\\/#primaryimage\"},\"thumbnailUrl\":\"https:\\\/\\\/iraurgiberritzen.eus\\\/wp-content\\\/uploads\\\/2023\\\/09\\\/4cd4eaee1c7cc4757d33459591114de7.jpg\",\"datePublished\":\"2017-06-20T05:54:53+00:00\",\"breadcrumb\":{\"@id\":\"https:\\\/\\\/iraurgiberritzen.eus\\\/es\\\/frankinorte-el-salon-de-la-franquicia-negocios-celebrara-su-v-edicion-14-de-septiembre-2\\\/#breadcrumb\"},\"inLanguage\":\"es\",\"potentialAction\":[{\"@type\":\"ReadAction\",\"target\":[\"https:\\\/\\\/iraurgiberritzen.eus\\\/es\\\/frankinorte-el-salon-de-la-franquicia-negocios-celebrara-su-v-edicion-14-de-septiembre-2\\\/\"]}]},{\"@type\":\"ImageObject\",\"inLanguage\":\"es\",\"@id\":\"https:\\\/\\\/iraurgiberritzen.eus\\\/es\\\/frankinorte-el-salon-de-la-franquicia-negocios-celebrara-su-v-edicion-14-de-septiembre-2\\\/#primaryimage\",\"url\":\"https:\\\/\\\/iraurgiberritzen.eus\\\/wp-content\\\/uploads\\\/2023\\\/09\\\/4cd4eaee1c7cc4757d33459591114de7.jpg\",\"contentUrl\":\"https:\\\/\\\/iraurgiberritzen.eus\\\/wp-content\\\/uploads\\\/2023\\\/09\\\/4cd4eaee1c7cc4757d33459591114de7.jpg\",\"width\":600,\"height\":386},{\"@type\":\"BreadcrumbList\",\"@id\":\"https:\\\/\\\/iraurgiberritzen.eus\\\/es\\\/frankinorte-el-salon-de-la-franquicia-negocios-celebrara-su-v-edicion-14-de-septiembre-2\\\/#breadcrumb\",\"itemListElement\":[{\"@type\":\"ListItem\",\"position\":1,\"name\":\"Home\",\"item\":\"https:\\\/\\\/iraurgiberritzen.eus\\\/es\\\/\"},{\"@type\":\"ListItem\",\"position\":2,\"name\":\"FrankiNorte, el Sal\u00f3n de la Franquicia &#038; Negocios celebrar\u00e1 su V edici\u00f3n 14 de septiembre\"}]},{\"@type\":\"WebSite\",\"@id\":\"https:\\\/\\\/iraurgiberritzen.eus\\\/es\\\/#website\",\"url\":\"https:\\\/\\\/iraurgiberritzen.eus\\\/es\\\/\",\"name\":\"Iraurgi Berritzen\",\"description\":\"Urola Erdiko Garapen Agentzia\",\"publisher\":{\"@id\":\"https:\\\/\\\/iraurgiberritzen.eus\\\/es\\\/#organization\"},\"potentialAction\":[{\"@type\":\"SearchAction\",\"target\":{\"@type\":\"EntryPoint\",\"urlTemplate\":\"https:\\\/\\\/iraurgiberritzen.eus\\\/es\\\/?s={search_term_string}\"},\"query-input\":{\"@type\":\"PropertyValueSpecification\",\"valueRequired\":true,\"valueName\":\"search_term_string\"}}],\"inLanguage\":\"es\"},{\"@type\":\"Organization\",\"@id\":\"https:\\\/\\\/iraurgiberritzen.eus\\\/es\\\/#organization\",\"name\":\"Iraurgi Berritzen\",\"url\":\"https:\\\/\\\/iraurgiberritzen.eus\\\/es\\\/\",\"logo\":{\"@type\":\"ImageObject\",\"inLanguage\":\"es\",\"@id\":\"https:\\\/\\\/iraurgiberritzen.eus\\\/es\\\/#\\\/schema\\\/logo\\\/image\\\/\",\"url\":\"https:\\\/\\\/iraurgiberritzen.eus\\\/wp-content\\\/uploads\\\/2024\\\/02\\\/IRAURGI-BERRITZEN-logotipoa_2.png\",\"contentUrl\":\"https:\\\/\\\/iraurgiberritzen.eus\\\/wp-content\\\/uploads\\\/2024\\\/02\\\/IRAURGI-BERRITZEN-logotipoa_2.png\",\"width\":496,\"height\":190,\"caption\":\"Iraurgi Berritzen\"},\"image\":{\"@id\":\"https:\\\/\\\/iraurgiberritzen.eus\\\/es\\\/#\\\/schema\\\/logo\\\/image\\\/\"}},{\"@type\":\"Person\",\"@id\":\"https:\\\/\\\/iraurgiberritzen.eus\\\/es\\\/#\\\/schema\\\/person\\\/5ab41aaf388a9097177601ebf45738d2\",\"name\":\"kudeatzailea\",\"sameAs\":[\"https:\\\/\\\/iraurgiberritzen.eus\"]}]}<\/script>\n<!-- \/ Yoast SEO plugin. -->","yoast_head_json":{"title":"FrankiNorte, el Sal\u00f3n de la Franquicia & Negocios celebrar\u00e1 su V edici\u00f3n 14 de septiembre - Iraurgi Berritzen","robots":{"index":"index","follow":"follow","max-snippet":"max-snippet:-1","max-image-preview":"max-image-preview:large","max-video-preview":"max-video-preview:-1"},"canonical":"https:\/\/iraurgiberritzen.eus\/es\/frankinorte-el-salon-de-la-franquicia-negocios-celebrara-su-v-edicion-14-de-septiembre-2\/","og_locale":"es_ES","og_type":"article","og_title":"FrankiNorte, el Sal\u00f3n de la Franquicia & Negocios celebrar\u00e1 su V edici\u00f3n 14 de septiembre - Iraurgi Berritzen","og_description":"Bilbao acoge la V edici\u00f3n de FrankiNorte, Sal\u00f3n de Franquicias &amp; otras Oportunidades de&nbsp;Negocio. Tendr\u00e1 lugar el 14 de Septiembre en una nueva sede \u00abEdificio Yimby\u00bb, Ercilla&nbsp;Kalea, 24, 1\u00ba (Plaza Moy\u00faa). La entrada al Sal\u00f3n es gratuita y, si te registras, recibir\u00e1s m\u00e1s informaci\u00f3n sobre el contenido&nbsp;del Sal\u00f3n. Adem\u00e1s, si lo deseas, podr\u00e1s solicitar cita [&hellip;]","og_url":"https:\/\/iraurgiberritzen.eus\/es\/frankinorte-el-salon-de-la-franquicia-negocios-celebrara-su-v-edicion-14-de-septiembre-2\/","og_site_name":"Iraurgi Berritzen","article_published_time":"2017-06-20T05:54:53+00:00","author":"kudeatzailea","twitter_card":"summary_large_image","twitter_misc":{"Escrito por":"kudeatzailea","Tiempo de lectura":"1 minuto"},"schema":{"@context":"https:\/\/schema.org","@graph":[{"@type":"Article","@id":"https:\/\/iraurgiberritzen.eus\/es\/frankinorte-el-salon-de-la-franquicia-negocios-celebrara-su-v-edicion-14-de-septiembre-2\/#article","isPartOf":{"@id":"https:\/\/iraurgiberritzen.eus\/es\/frankinorte-el-salon-de-la-franquicia-negocios-celebrara-su-v-edicion-14-de-septiembre-2\/"},"author":{"name":"kudeatzailea","@id":"https:\/\/iraurgiberritzen.eus\/es\/#\/schema\/person\/5ab41aaf388a9097177601ebf45738d2"},"headline":"FrankiNorte, el Sal\u00f3n de la Franquicia &#038; Negocios celebrar\u00e1 su V edici\u00f3n 14 de septiembre","datePublished":"2017-06-20T05:54:53+00:00","mainEntityOfPage":{"@id":"https:\/\/iraurgiberritzen.eus\/es\/frankinorte-el-salon-de-la-franquicia-negocios-celebrara-su-v-edicion-14-de-septiembre-2\/"},"wordCount":260,"publisher":{"@id":"https:\/\/iraurgiberritzen.eus\/es\/#organization"},"image":{"@id":"https:\/\/iraurgiberritzen.eus\/es\/frankinorte-el-salon-de-la-franquicia-negocios-celebrara-su-v-edicion-14-de-septiembre-2\/#primaryimage"},"thumbnailUrl":"https:\/\/iraurgiberritzen.eus\/wp-content\/uploads\/2023\/09\/4cd4eaee1c7cc4757d33459591114de7.jpg","articleSection":["Noticias"],"inLanguage":"es"},{"@type":"WebPage","@id":"https:\/\/iraurgiberritzen.eus\/es\/frankinorte-el-salon-de-la-franquicia-negocios-celebrara-su-v-edicion-14-de-septiembre-2\/","url":"https:\/\/iraurgiberritzen.eus\/es\/frankinorte-el-salon-de-la-franquicia-negocios-celebrara-su-v-edicion-14-de-septiembre-2\/","name":"FrankiNorte, el Sal\u00f3n de la Franquicia & Negocios celebrar\u00e1 su V edici\u00f3n 14 de septiembre - Iraurgi Berritzen","isPartOf":{"@id":"https:\/\/iraurgiberritzen.eus\/es\/#website"},"primaryImageOfPage":{"@id":"https:\/\/iraurgiberritzen.eus\/es\/frankinorte-el-salon-de-la-franquicia-negocios-celebrara-su-v-edicion-14-de-septiembre-2\/#primaryimage"},"image":{"@id":"https:\/\/iraurgiberritzen.eus\/es\/frankinorte-el-salon-de-la-franquicia-negocios-celebrara-su-v-edicion-14-de-septiembre-2\/#primaryimage"},"thumbnailUrl":"https:\/\/iraurgiberritzen.eus\/wp-content\/uploads\/2023\/09\/4cd4eaee1c7cc4757d33459591114de7.jpg","datePublished":"2017-06-20T05:54:53+00:00","breadcrumb":{"@id":"https:\/\/iraurgiberritzen.eus\/es\/frankinorte-el-salon-de-la-franquicia-negocios-celebrara-su-v-edicion-14-de-septiembre-2\/#breadcrumb"},"inLanguage":"es","potentialAction":[{"@type":"ReadAction","target":["https:\/\/iraurgiberritzen.eus\/es\/frankinorte-el-salon-de-la-franquicia-negocios-celebrara-su-v-edicion-14-de-septiembre-2\/"]}]},{"@type":"ImageObject","inLanguage":"es","@id":"https:\/\/iraurgiberritzen.eus\/es\/frankinorte-el-salon-de-la-franquicia-negocios-celebrara-su-v-edicion-14-de-septiembre-2\/#primaryimage","url":"https:\/\/iraurgiberritzen.eus\/wp-content\/uploads\/2023\/09\/4cd4eaee1c7cc4757d33459591114de7.jpg","contentUrl":"https:\/\/iraurgiberritzen.eus\/wp-content\/uploads\/2023\/09\/4cd4eaee1c7cc4757d33459591114de7.jpg","width":600,"height":386},{"@type":"BreadcrumbList","@id":"https:\/\/iraurgiberritzen.eus\/es\/frankinorte-el-salon-de-la-franquicia-negocios-celebrara-su-v-edicion-14-de-septiembre-2\/#breadcrumb","itemListElement":[{"@type":"ListItem","position":1,"name":"Home","item":"https:\/\/iraurgiberritzen.eus\/es\/"},{"@type":"ListItem","position":2,"name":"FrankiNorte, el Sal\u00f3n de la Franquicia &#038; Negocios celebrar\u00e1 su V edici\u00f3n 14 de septiembre"}]},{"@type":"WebSite","@id":"https:\/\/iraurgiberritzen.eus\/es\/#website","url":"https:\/\/iraurgiberritzen.eus\/es\/","name":"Iraurgi Berritzen","description":"Urola Erdiko Garapen Agentzia","publisher":{"@id":"https:\/\/iraurgiberritzen.eus\/es\/#organization"},"potentialAction":[{"@type":"SearchAction","target":{"@type":"EntryPoint","urlTemplate":"https:\/\/iraurgiberritzen.eus\/es\/?s={search_term_string}"},"query-input":{"@type":"PropertyValueSpecification","valueRequired":true,"valueName":"search_term_string"}}],"inLanguage":"es"},{"@type":"Organization","@id":"https:\/\/iraurgiberritzen.eus\/es\/#organization","name":"Iraurgi Berritzen","url":"https:\/\/iraurgiberritzen.eus\/es\/","logo":{"@type":"ImageObject","inLanguage":"es","@id":"https:\/\/iraurgiberritzen.eus\/es\/#\/schema\/logo\/image\/","url":"https:\/\/iraurgiberritzen.eus\/wp-content\/uploads\/2024\/02\/IRAURGI-BERRITZEN-logotipoa_2.png","contentUrl":"https:\/\/iraurgiberritzen.eus\/wp-content\/uploads\/2024\/02\/IRAURGI-BERRITZEN-logotipoa_2.png","width":496,"height":190,"caption":"Iraurgi Berritzen"},"image":{"@id":"https:\/\/iraurgiberritzen.eus\/es\/#\/schema\/logo\/image\/"}},{"@type":"Person","@id":"https:\/\/iraurgiberritzen.eus\/es\/#\/schema\/person\/5ab41aaf388a9097177601ebf45738d2","name":"kudeatzailea","sameAs":["https:\/\/iraurgiberritzen.eus"]}]}},"_links":{"self":[{"href":"https:\/\/iraurgiberritzen.eus\/es\/wp-json\/wp\/v2\/posts\/12208","targetHints":{"allow":["GET"]}}],"collection":[{"href":"https:\/\/iraurgiberritzen.eus\/es\/wp-json\/wp\/v2\/posts"}],"about":[{"href":"https:\/\/iraurgiberritzen.eus\/es\/wp-json\/wp\/v2\/types\/post"}],"author":[{"embeddable":true,"href":"https:\/\/iraurgiberritzen.eus\/es\/wp-json\/wp\/v2\/users\/1"}],"replies":[{"embeddable":true,"href":"https:\/\/iraurgiberritzen.eus\/es\/wp-json\/wp\/v2\/comments?post=12208"}],"version-history":[{"count":0,"href":"https:\/\/iraurgiberritzen.eus\/es\/wp-json\/wp\/v2\/posts\/12208\/revisions"}],"wp:featuredmedia":[{"embeddable":true,"href":"https:\/\/iraurgiberritzen.eus\/es\/wp-json\/wp\/v2\/media\/17939"}],"wp:attachment":[{"href":"https:\/\/iraurgiberritzen.eus\/es\/wp-json\/wp\/v2\/media?parent=12208"}],"wp:term":[{"taxonomy":"category","embeddable":true,"href":"https:\/\/iraurgiberritzen.eus\/es\/wp-json\/wp\/v2\/categories?post=12208"},{"taxonomy":"post_tag","embeddable":true,"href":"https:\/\/iraurgiberritzen.eus\/es\/wp-json\/wp\/v2\/tags?post=12208"}],"curies":[{"name":"wp","href":"https:\/\/api.w.org\/{rel}","templated":true}]}}