{"id":12211,"date":"2017-07-11T11:01:37","date_gmt":"2017-07-11T09:01:37","guid":{"rendered":"https:\/\/iraurgiberritzen.eus\/se-ha-reunido-el-nuevo-consejo-gestor-de-iraurgi-berritzen\/"},"modified":"2017-07-11T11:01:37","modified_gmt":"2017-07-11T09:01:37","slug":"se-ha-reunido-el-nuevo-consejo-gestor-de-iraurgi-berritzen","status":"publish","type":"post","link":"https:\/\/iraurgiberritzen.eus\/es\/se-ha-reunido-el-nuevo-consejo-gestor-de-iraurgi-berritzen\/","title":{"rendered":"Se ha reunido el nuevo consejo gestor de Iraurgi Berritzen"},"content":{"rendered":"<p>Hoy, 11 julio, se ha reunido el consejo gestor de la red de agentes de Iraurgi Berritzen. El consejo, teniendo como punto de partida la visi\u00f3n comarcal y como fin su desarrollo socioecon\u00f3mico, pretende fortalecer la colaboraci\u00f3n entre empresas, centros de ense\u00f1anza y ayuntamientos con el objetivo de impulsar proyectos referentes y estrat\u00e9gicos en la comarca.<\/p>\n<p>En la reuni\u00f3n, adem\u00e1s de presentar las l\u00edneas de actuaci\u00f3n y proyectos que se han trabajado en diferentes secciones de Iraurgi Berritzen, se ha abodado el tema del empleo. En este sentido, se han discutido y acordado diferentes propuestas con el objetivo de promover el empleo durante los pr\u00f3ximos meses.<\/p>\n<p>En los \u00faltimos meses, junto a los cambios que se han realizado en el modelo organizativo de Iraurgi Berritzen, se ha adecuado el consejo gestor de la red. A d\u00eda de hoy, el consejo gestor se compone de dos representantes de \u00abEnpresa Gunea\u00bb, por parte de \u00abHezkuntza Gunea\u00bb un representante en representaci\u00f3n de los centros escolares y otro en representaci\u00f3n del centro de formaci\u00f3n profesional, y por \u00faltimo otros dos representantes de \u00abGarapen Gunea\u00bb.<\/p>\n<p>El nuevo consejo de gestor, por lo tanto, se estructura as\u00ed:<\/p>\n<ul>\n<li>En representaci\u00f3n de las empresas grandes: Cruz Alberdi (Sidenor)<\/li>\n<li>En representaci\u00f3n de las empresas peque\u00f1as: Edurne Odriozola (Odrinox)<\/li>\n<li>En representaci\u00f3n de los centros de ense\u00f1anza: Maje Agirre (Iraurgi Ikastetxea)<\/li>\n<li>En representaci\u00f3n del centro de formaci\u00f3n profesional: Eduardo Sudupe (Urola Lanbide Eskola)<\/li>\n<li>En representaci\u00f3n de los ayuntamientos: Ana Azkoitia (Ayuntamiento de Azkoitia)<\/li>\n<li>En Representaci\u00f3n de los ayuntamientos: Agustin Lizarralde (Ayuntamiento de Azpeitia)<\/li>\n<li>Iraurgi Berritzen: Bego\u00f1a Beobide, Itziar Abarisketa y Iosu Sorazu.<\/li>\n<\/ul>\n<p>El pr\u00f3ximo consejo gestor se prev\u00e9 hacer en octubre.<\/p>\n<p>Para terminar, Iraurgi Berritzen quiere dar las gracias a todas aquellas entidades y personas que participan en el consejo gestor de IB Sarea.<\/p>\n<p>{myFlickr}photoset_id=72157683415772663{\/myFlickr}<\/p>\n","protected":false},"excerpt":{"rendered":"<p>Hoy, 11 julio, se ha reunido el consejo gestor de la red de agentes de Iraurgi Berritzen. El consejo, teniendo como punto de partida la visi\u00f3n comarcal y como fin su desarrollo socioecon\u00f3mico, pretende fortalecer la colaboraci\u00f3n entre empresas, centros de ense\u00f1anza y ayuntamientos con el objetivo de impulsar proyectos referentes y estrat\u00e9gicos en la [&hellip;]<\/p>\n","protected":false},"author":1,"featured_media":17940,"comment_status":"","ping_status":"closed","sticky":false,"template":"","format":"standard","meta":{"_acf_changed":false,"footnotes":""},"categories":[4],"tags":[],"class_list":["post-12211","post","type-post","status-publish","format-standard","has-post-thumbnail","hentry","category-noticias"],"acf":[],"yoast_head":"<!-- This site is optimized with the Yoast SEO plugin v27.4 - https:\/\/yoast.com\/product\/yoast-seo-wordpress\/ -->\n<title>Se ha reunido el nuevo consejo gestor de Iraurgi Berritzen - Iraurgi Berritzen<\/title>\n<meta name=\"robots\" content=\"index, follow, max-snippet:-1, max-image-preview:large, max-video-preview:-1\" \/>\n<link rel=\"canonical\" href=\"https:\/\/iraurgiberritzen.eus\/es\/se-ha-reunido-el-nuevo-consejo-gestor-de-iraurgi-berritzen\/\" \/>\n<meta property=\"og:locale\" content=\"es_ES\" \/>\n<meta property=\"og:type\" content=\"article\" \/>\n<meta property=\"og:title\" content=\"Se ha reunido el nuevo consejo gestor de Iraurgi Berritzen - Iraurgi Berritzen\" \/>\n<meta property=\"og:description\" content=\"Hoy, 11 julio, se ha reunido el consejo gestor de la red de agentes de Iraurgi Berritzen. El consejo, teniendo como punto de partida la visi\u00f3n comarcal y como fin su desarrollo socioecon\u00f3mico, pretende fortalecer la colaboraci\u00f3n entre empresas, centros de ense\u00f1anza y ayuntamientos con el objetivo de impulsar proyectos referentes y estrat\u00e9gicos en la [&hellip;]\" \/>\n<meta property=\"og:url\" content=\"https:\/\/iraurgiberritzen.eus\/es\/se-ha-reunido-el-nuevo-consejo-gestor-de-iraurgi-berritzen\/\" \/>\n<meta property=\"og:site_name\" content=\"Iraurgi Berritzen\" \/>\n<meta property=\"article:published_time\" content=\"2017-07-11T09:01:37+00:00\" \/>\n<meta name=\"author\" content=\"kudeatzailea\" \/>\n<meta name=\"twitter:card\" content=\"summary_large_image\" \/>\n<meta name=\"twitter:label1\" content=\"Escrito por\" \/>\n\t<meta name=\"twitter:data1\" content=\"kudeatzailea\" \/>\n\t<meta name=\"twitter:label2\" content=\"Tiempo de lectura\" \/>\n\t<meta name=\"twitter:data2\" content=\"2 minutos\" \/>\n<script type=\"application\/ld+json\" class=\"yoast-schema-graph\">{\"@context\":\"https:\\\/\\\/schema.org\",\"@graph\":[{\"@type\":\"Article\",\"@id\":\"https:\\\/\\\/iraurgiberritzen.eus\\\/es\\\/se-ha-reunido-el-nuevo-consejo-gestor-de-iraurgi-berritzen\\\/#article\",\"isPartOf\":{\"@id\":\"https:\\\/\\\/iraurgiberritzen.eus\\\/es\\\/se-ha-reunido-el-nuevo-consejo-gestor-de-iraurgi-berritzen\\\/\"},\"author\":{\"name\":\"kudeatzailea\",\"@id\":\"https:\\\/\\\/iraurgiberritzen.eus\\\/es\\\/#\\\/schema\\\/person\\\/5ab41aaf388a9097177601ebf45738d2\"},\"headline\":\"Se ha reunido el nuevo consejo gestor de Iraurgi Berritzen\",\"datePublished\":\"2017-07-11T09:01:37+00:00\",\"mainEntityOfPage\":{\"@id\":\"https:\\\/\\\/iraurgiberritzen.eus\\\/es\\\/se-ha-reunido-el-nuevo-consejo-gestor-de-iraurgi-berritzen\\\/\"},\"wordCount\":331,\"publisher\":{\"@id\":\"https:\\\/\\\/iraurgiberritzen.eus\\\/es\\\/#organization\"},\"image\":{\"@id\":\"https:\\\/\\\/iraurgiberritzen.eus\\\/es\\\/se-ha-reunido-el-nuevo-consejo-gestor-de-iraurgi-berritzen\\\/#primaryimage\"},\"thumbnailUrl\":\"https:\\\/\\\/iraurgiberritzen.eus\\\/wp-content\\\/uploads\\\/2023\\\/09\\\/64f1bd36159ab528d3f0e600c8367f84.jpg\",\"articleSection\":[\"Noticias\"],\"inLanguage\":\"es\"},{\"@type\":\"WebPage\",\"@id\":\"https:\\\/\\\/iraurgiberritzen.eus\\\/es\\\/se-ha-reunido-el-nuevo-consejo-gestor-de-iraurgi-berritzen\\\/\",\"url\":\"https:\\\/\\\/iraurgiberritzen.eus\\\/es\\\/se-ha-reunido-el-nuevo-consejo-gestor-de-iraurgi-berritzen\\\/\",\"name\":\"Se ha reunido el nuevo consejo gestor de Iraurgi Berritzen - Iraurgi Berritzen\",\"isPartOf\":{\"@id\":\"https:\\\/\\\/iraurgiberritzen.eus\\\/es\\\/#website\"},\"primaryImageOfPage\":{\"@id\":\"https:\\\/\\\/iraurgiberritzen.eus\\\/es\\\/se-ha-reunido-el-nuevo-consejo-gestor-de-iraurgi-berritzen\\\/#primaryimage\"},\"image\":{\"@id\":\"https:\\\/\\\/iraurgiberritzen.eus\\\/es\\\/se-ha-reunido-el-nuevo-consejo-gestor-de-iraurgi-berritzen\\\/#primaryimage\"},\"thumbnailUrl\":\"https:\\\/\\\/iraurgiberritzen.eus\\\/wp-content\\\/uploads\\\/2023\\\/09\\\/64f1bd36159ab528d3f0e600c8367f84.jpg\",\"datePublished\":\"2017-07-11T09:01:37+00:00\",\"breadcrumb\":{\"@id\":\"https:\\\/\\\/iraurgiberritzen.eus\\\/es\\\/se-ha-reunido-el-nuevo-consejo-gestor-de-iraurgi-berritzen\\\/#breadcrumb\"},\"inLanguage\":\"es\",\"potentialAction\":[{\"@type\":\"ReadAction\",\"target\":[\"https:\\\/\\\/iraurgiberritzen.eus\\\/es\\\/se-ha-reunido-el-nuevo-consejo-gestor-de-iraurgi-berritzen\\\/\"]}]},{\"@type\":\"ImageObject\",\"inLanguage\":\"es\",\"@id\":\"https:\\\/\\\/iraurgiberritzen.eus\\\/es\\\/se-ha-reunido-el-nuevo-consejo-gestor-de-iraurgi-berritzen\\\/#primaryimage\",\"url\":\"https:\\\/\\\/iraurgiberritzen.eus\\\/wp-content\\\/uploads\\\/2023\\\/09\\\/64f1bd36159ab528d3f0e600c8367f84.jpg\",\"contentUrl\":\"https:\\\/\\\/iraurgiberritzen.eus\\\/wp-content\\\/uploads\\\/2023\\\/09\\\/64f1bd36159ab528d3f0e600c8367f84.jpg\",\"width\":600,\"height\":386},{\"@type\":\"BreadcrumbList\",\"@id\":\"https:\\\/\\\/iraurgiberritzen.eus\\\/es\\\/se-ha-reunido-el-nuevo-consejo-gestor-de-iraurgi-berritzen\\\/#breadcrumb\",\"itemListElement\":[{\"@type\":\"ListItem\",\"position\":1,\"name\":\"Home\",\"item\":\"https:\\\/\\\/iraurgiberritzen.eus\\\/es\\\/\"},{\"@type\":\"ListItem\",\"position\":2,\"name\":\"Se ha reunido el nuevo consejo gestor de Iraurgi Berritzen\"}]},{\"@type\":\"WebSite\",\"@id\":\"https:\\\/\\\/iraurgiberritzen.eus\\\/es\\\/#website\",\"url\":\"https:\\\/\\\/iraurgiberritzen.eus\\\/es\\\/\",\"name\":\"Iraurgi Berritzen\",\"description\":\"Urola Erdiko Garapen Agentzia\",\"publisher\":{\"@id\":\"https:\\\/\\\/iraurgiberritzen.eus\\\/es\\\/#organization\"},\"potentialAction\":[{\"@type\":\"SearchAction\",\"target\":{\"@type\":\"EntryPoint\",\"urlTemplate\":\"https:\\\/\\\/iraurgiberritzen.eus\\\/es\\\/?s={search_term_string}\"},\"query-input\":{\"@type\":\"PropertyValueSpecification\",\"valueRequired\":true,\"valueName\":\"search_term_string\"}}],\"inLanguage\":\"es\"},{\"@type\":\"Organization\",\"@id\":\"https:\\\/\\\/iraurgiberritzen.eus\\\/es\\\/#organization\",\"name\":\"Iraurgi Berritzen\",\"url\":\"https:\\\/\\\/iraurgiberritzen.eus\\\/es\\\/\",\"logo\":{\"@type\":\"ImageObject\",\"inLanguage\":\"es\",\"@id\":\"https:\\\/\\\/iraurgiberritzen.eus\\\/es\\\/#\\\/schema\\\/logo\\\/image\\\/\",\"url\":\"https:\\\/\\\/iraurgiberritzen.eus\\\/wp-content\\\/uploads\\\/2024\\\/02\\\/IRAURGI-BERRITZEN-logotipoa_2.png\",\"contentUrl\":\"https:\\\/\\\/iraurgiberritzen.eus\\\/wp-content\\\/uploads\\\/2024\\\/02\\\/IRAURGI-BERRITZEN-logotipoa_2.png\",\"width\":496,\"height\":190,\"caption\":\"Iraurgi Berritzen\"},\"image\":{\"@id\":\"https:\\\/\\\/iraurgiberritzen.eus\\\/es\\\/#\\\/schema\\\/logo\\\/image\\\/\"}},{\"@type\":\"Person\",\"@id\":\"https:\\\/\\\/iraurgiberritzen.eus\\\/es\\\/#\\\/schema\\\/person\\\/5ab41aaf388a9097177601ebf45738d2\",\"name\":\"kudeatzailea\",\"sameAs\":[\"https:\\\/\\\/iraurgiberritzen.eus\"]}]}<\/script>\n<!-- \/ Yoast SEO plugin. -->","yoast_head_json":{"title":"Se ha reunido el nuevo consejo gestor de Iraurgi Berritzen - Iraurgi Berritzen","robots":{"index":"index","follow":"follow","max-snippet":"max-snippet:-1","max-image-preview":"max-image-preview:large","max-video-preview":"max-video-preview:-1"},"canonical":"https:\/\/iraurgiberritzen.eus\/es\/se-ha-reunido-el-nuevo-consejo-gestor-de-iraurgi-berritzen\/","og_locale":"es_ES","og_type":"article","og_title":"Se ha reunido el nuevo consejo gestor de Iraurgi Berritzen - Iraurgi Berritzen","og_description":"Hoy, 11 julio, se ha reunido el consejo gestor de la red de agentes de Iraurgi Berritzen. El consejo, teniendo como punto de partida la visi\u00f3n comarcal y como fin su desarrollo socioecon\u00f3mico, pretende fortalecer la colaboraci\u00f3n entre empresas, centros de ense\u00f1anza y ayuntamientos con el objetivo de impulsar proyectos referentes y estrat\u00e9gicos en la [&hellip;]","og_url":"https:\/\/iraurgiberritzen.eus\/es\/se-ha-reunido-el-nuevo-consejo-gestor-de-iraurgi-berritzen\/","og_site_name":"Iraurgi Berritzen","article_published_time":"2017-07-11T09:01:37+00:00","author":"kudeatzailea","twitter_card":"summary_large_image","twitter_misc":{"Escrito por":"kudeatzailea","Tiempo de lectura":"2 minutos"},"schema":{"@context":"https:\/\/schema.org","@graph":[{"@type":"Article","@id":"https:\/\/iraurgiberritzen.eus\/es\/se-ha-reunido-el-nuevo-consejo-gestor-de-iraurgi-berritzen\/#article","isPartOf":{"@id":"https:\/\/iraurgiberritzen.eus\/es\/se-ha-reunido-el-nuevo-consejo-gestor-de-iraurgi-berritzen\/"},"author":{"name":"kudeatzailea","@id":"https:\/\/iraurgiberritzen.eus\/es\/#\/schema\/person\/5ab41aaf388a9097177601ebf45738d2"},"headline":"Se ha reunido el nuevo consejo gestor de Iraurgi Berritzen","datePublished":"2017-07-11T09:01:37+00:00","mainEntityOfPage":{"@id":"https:\/\/iraurgiberritzen.eus\/es\/se-ha-reunido-el-nuevo-consejo-gestor-de-iraurgi-berritzen\/"},"wordCount":331,"publisher":{"@id":"https:\/\/iraurgiberritzen.eus\/es\/#organization"},"image":{"@id":"https:\/\/iraurgiberritzen.eus\/es\/se-ha-reunido-el-nuevo-consejo-gestor-de-iraurgi-berritzen\/#primaryimage"},"thumbnailUrl":"https:\/\/iraurgiberritzen.eus\/wp-content\/uploads\/2023\/09\/64f1bd36159ab528d3f0e600c8367f84.jpg","articleSection":["Noticias"],"inLanguage":"es"},{"@type":"WebPage","@id":"https:\/\/iraurgiberritzen.eus\/es\/se-ha-reunido-el-nuevo-consejo-gestor-de-iraurgi-berritzen\/","url":"https:\/\/iraurgiberritzen.eus\/es\/se-ha-reunido-el-nuevo-consejo-gestor-de-iraurgi-berritzen\/","name":"Se ha reunido el nuevo consejo gestor de Iraurgi Berritzen - Iraurgi Berritzen","isPartOf":{"@id":"https:\/\/iraurgiberritzen.eus\/es\/#website"},"primaryImageOfPage":{"@id":"https:\/\/iraurgiberritzen.eus\/es\/se-ha-reunido-el-nuevo-consejo-gestor-de-iraurgi-berritzen\/#primaryimage"},"image":{"@id":"https:\/\/iraurgiberritzen.eus\/es\/se-ha-reunido-el-nuevo-consejo-gestor-de-iraurgi-berritzen\/#primaryimage"},"thumbnailUrl":"https:\/\/iraurgiberritzen.eus\/wp-content\/uploads\/2023\/09\/64f1bd36159ab528d3f0e600c8367f84.jpg","datePublished":"2017-07-11T09:01:37+00:00","breadcrumb":{"@id":"https:\/\/iraurgiberritzen.eus\/es\/se-ha-reunido-el-nuevo-consejo-gestor-de-iraurgi-berritzen\/#breadcrumb"},"inLanguage":"es","potentialAction":[{"@type":"ReadAction","target":["https:\/\/iraurgiberritzen.eus\/es\/se-ha-reunido-el-nuevo-consejo-gestor-de-iraurgi-berritzen\/"]}]},{"@type":"ImageObject","inLanguage":"es","@id":"https:\/\/iraurgiberritzen.eus\/es\/se-ha-reunido-el-nuevo-consejo-gestor-de-iraurgi-berritzen\/#primaryimage","url":"https:\/\/iraurgiberritzen.eus\/wp-content\/uploads\/2023\/09\/64f1bd36159ab528d3f0e600c8367f84.jpg","contentUrl":"https:\/\/iraurgiberritzen.eus\/wp-content\/uploads\/2023\/09\/64f1bd36159ab528d3f0e600c8367f84.jpg","width":600,"height":386},{"@type":"BreadcrumbList","@id":"https:\/\/iraurgiberritzen.eus\/es\/se-ha-reunido-el-nuevo-consejo-gestor-de-iraurgi-berritzen\/#breadcrumb","itemListElement":[{"@type":"ListItem","position":1,"name":"Home","item":"https:\/\/iraurgiberritzen.eus\/es\/"},{"@type":"ListItem","position":2,"name":"Se ha reunido el nuevo consejo gestor de Iraurgi Berritzen"}]},{"@type":"WebSite","@id":"https:\/\/iraurgiberritzen.eus\/es\/#website","url":"https:\/\/iraurgiberritzen.eus\/es\/","name":"Iraurgi Berritzen","description":"Urola Erdiko Garapen Agentzia","publisher":{"@id":"https:\/\/iraurgiberritzen.eus\/es\/#organization"},"potentialAction":[{"@type":"SearchAction","target":{"@type":"EntryPoint","urlTemplate":"https:\/\/iraurgiberritzen.eus\/es\/?s={search_term_string}"},"query-input":{"@type":"PropertyValueSpecification","valueRequired":true,"valueName":"search_term_string"}}],"inLanguage":"es"},{"@type":"Organization","@id":"https:\/\/iraurgiberritzen.eus\/es\/#organization","name":"Iraurgi Berritzen","url":"https:\/\/iraurgiberritzen.eus\/es\/","logo":{"@type":"ImageObject","inLanguage":"es","@id":"https:\/\/iraurgiberritzen.eus\/es\/#\/schema\/logo\/image\/","url":"https:\/\/iraurgiberritzen.eus\/wp-content\/uploads\/2024\/02\/IRAURGI-BERRITZEN-logotipoa_2.png","contentUrl":"https:\/\/iraurgiberritzen.eus\/wp-content\/uploads\/2024\/02\/IRAURGI-BERRITZEN-logotipoa_2.png","width":496,"height":190,"caption":"Iraurgi Berritzen"},"image":{"@id":"https:\/\/iraurgiberritzen.eus\/es\/#\/schema\/logo\/image\/"}},{"@type":"Person","@id":"https:\/\/iraurgiberritzen.eus\/es\/#\/schema\/person\/5ab41aaf388a9097177601ebf45738d2","name":"kudeatzailea","sameAs":["https:\/\/iraurgiberritzen.eus"]}]}},"_links":{"self":[{"href":"https:\/\/iraurgiberritzen.eus\/es\/wp-json\/wp\/v2\/posts\/12211","targetHints":{"allow":["GET"]}}],"collection":[{"href":"https:\/\/iraurgiberritzen.eus\/es\/wp-json\/wp\/v2\/posts"}],"about":[{"href":"https:\/\/iraurgiberritzen.eus\/es\/wp-json\/wp\/v2\/types\/post"}],"author":[{"embeddable":true,"href":"https:\/\/iraurgiberritzen.eus\/es\/wp-json\/wp\/v2\/users\/1"}],"replies":[{"embeddable":true,"href":"https:\/\/iraurgiberritzen.eus\/es\/wp-json\/wp\/v2\/comments?post=12211"}],"version-history":[{"count":0,"href":"https:\/\/iraurgiberritzen.eus\/es\/wp-json\/wp\/v2\/posts\/12211\/revisions"}],"wp:featuredmedia":[{"embeddable":true,"href":"https:\/\/iraurgiberritzen.eus\/es\/wp-json\/wp\/v2\/media\/17940"}],"wp:attachment":[{"href":"https:\/\/iraurgiberritzen.eus\/es\/wp-json\/wp\/v2\/media?parent=12211"}],"wp:term":[{"taxonomy":"category","embeddable":true,"href":"https:\/\/iraurgiberritzen.eus\/es\/wp-json\/wp\/v2\/categories?post=12211"},{"taxonomy":"post_tag","embeddable":true,"href":"https:\/\/iraurgiberritzen.eus\/es\/wp-json\/wp\/v2\/tags?post=12211"}],"curies":[{"name":"wp","href":"https:\/\/api.w.org\/{rel}","templated":true}]}}