{"id":12217,"date":"2017-07-18T07:19:34","date_gmt":"2017-07-18T05:19:34","guid":{"rendered":"https:\/\/iraurgiberritzen.eus\/reunion-de-seguimiento-de-urolanprest-empleo-y-formacion\/"},"modified":"2017-07-18T07:19:34","modified_gmt":"2017-07-18T05:19:34","slug":"reunion-de-seguimiento-de-urolanprest-empleo-y-formacion","status":"publish","type":"post","link":"https:\/\/iraurgiberritzen.eus\/es\/reunion-de-seguimiento-de-urolanprest-empleo-y-formacion\/","title":{"rendered":"Reuni\u00f3n de seguimiento de  Urolanprest, empleo y formaci\u00f3n"},"content":{"rendered":"<p style=\"text-align: justify; background-image: initial; background-attachment: initial; background-position: initial; background-repeat: initial;\">El pasado viernes, d\u00eda 14, se reunieron los representantes de la comarca para realizar el seguimiento de Urolanprest, puesto en marcha el 20 de octubre de 2016 y analizar la oferta formativa y de empleo dirigida a los actuales desempleados.<\/p>\n<p style=\"text-align: justify; background-image: initial; background-attachment: initial; background-position: initial; background-repeat: initial;\">La primera reuni\u00f3n de Urolanprest fue en febrero y la del viernes fue la segunda, valor\u00e1ndose positivamente la herramienta de empleo y formaci\u00f3n. Seg\u00fan Itziar Abarisketa, Coordinadora de proyectos de Iraurgi Berritzen los mejores datos de Urolanprest se dieron en mayo: En total la p\u00e1gina web tuvo 3177 sesiones (En enero 2508) y cada mes tiene como media 1500 visitas. Los representantes hicieron un seguimiento de la p\u00e1gina web, redes sociales y boletines ,y dieron su opini\u00f3n sobre ello, dando varias recomendaciones a los t\u00e9cnicos responsables de la p\u00e1gina web.<\/p>\n<p style=\"text-align: justify;\">Analizaron el desempleo y Abarisketa subray\u00f3 la evoluci\u00f3n positiva (9,6%) de los \u00faltimos meses, explicando el perfil del desempleado actual: 7 de cada 10 tienen estudios obligatorios; de los cuales el 45% tienen m\u00e1s de 45 a\u00f1os, siendo siempre la tasa de mujeres m\u00e1s alta.<\/p>\n<p style=\"text-align: justify;\">Se subray\u00f3 la importancia de la coordinaci\u00f3n de la formaci\u00f3n y se dio a conocer la oferta formativa dirigida a los desempleados en los pr\u00f3ximos meses. Mencionaron los cursos que se impartir\u00e1n a partir de septiembre as\u00ed como los que se prev\u00e9n, destacandoentre otros los de soldadura, dependencia, mec\u00e1nica, administraci\u00f3n y carpinter\u00eda.<\/p>\n<p style=\"text-align: justify;\">Itziar Abarisketa dio a conocer las conclusiones de empleo de las empresas industriales de la comarca, describiendo el perfil profesional del futuro ( especialmente los perfiles de Ingenier\u00eda y Formaci\u00f3n Profesional). Asimismo, analizaron las oportunidades para dirigir a los desempleados de este perfil.<\/p>\n<p style=\"text-align: justify;\">Adem\u00e1s, los asistentes mencionaron los cursos que ser\u00edan interesantes y no est\u00e1n previstos. Seg\u00fan ellos, ser\u00eda interesante organizar entre otros alg\u00fan curso de hosteler\u00eda en la comarca.<\/p>\n<p style=\"text-align: justify;\">Bego\u00f1a Beobide, directora de Iraurgi Berritzen, subray\u00f3 la importancia de organizar distintas actividades en cooperaci\u00f3n destacando la importancia de la mesa de formaci\u00f3n en la comarca.<\/p>\n<p style=\"text-align: justify;\">Los participantes de esta reuni\u00f3n fueron los siguientes: Imanol Iribar de Bozi, Esther Sudupe de Azkoitiko Gazte Bulegoa, Oihana Sudupe de Azpeitiko Gazte Bulegoa, Maialen Ituarte del Centro de Empleo de Iraurgi Berrtizen, Arantxa Azpiazu de Lanbide, Marta Senz de Sartu Bategin, Eduardo Sudupe de Urola Lanbide Heziketa, Goretti Segurola de Urolalde, Leire Goenaga del Ayuntamiento de Azpeitia, Ana Azkoitia del Ayuntamiento de Azkoitia, Josetxo Mendizaba alcalde de Zestoa, y Sebero Agirretxe alcalde de R\u00e9gil.<\/p>\n","protected":false},"excerpt":{"rendered":"<p>El pasado viernes, d\u00eda 14, se reunieron los representantes de la comarca para realizar el seguimiento de Urolanprest, puesto en marcha el 20 de octubre de 2016 y analizar la oferta formativa y de empleo dirigida a los actuales desempleados. La primera reuni\u00f3n de Urolanprest fue en febrero y la del viernes fue la segunda, [&hellip;]<\/p>\n","protected":false},"author":1,"featured_media":17941,"comment_status":"","ping_status":"closed","sticky":false,"template":"","format":"standard","meta":{"_acf_changed":false,"footnotes":""},"categories":[4],"tags":[],"class_list":["post-12217","post","type-post","status-publish","format-standard","has-post-thumbnail","hentry","category-noticias"],"acf":[],"yoast_head":"<!-- This site is optimized with the Yoast SEO plugin v27.4 - https:\/\/yoast.com\/product\/yoast-seo-wordpress\/ -->\n<title>Reuni\u00f3n de seguimiento de Urolanprest, empleo y formaci\u00f3n - Iraurgi Berritzen<\/title>\n<meta name=\"robots\" content=\"index, follow, max-snippet:-1, max-image-preview:large, max-video-preview:-1\" \/>\n<link rel=\"canonical\" href=\"https:\/\/iraurgiberritzen.eus\/es\/reunion-de-seguimiento-de-urolanprest-empleo-y-formacion\/\" \/>\n<meta property=\"og:locale\" content=\"es_ES\" \/>\n<meta property=\"og:type\" content=\"article\" \/>\n<meta property=\"og:title\" content=\"Reuni\u00f3n de seguimiento de Urolanprest, empleo y formaci\u00f3n - Iraurgi Berritzen\" \/>\n<meta property=\"og:description\" content=\"El pasado viernes, d\u00eda 14, se reunieron los representantes de la comarca para realizar el seguimiento de Urolanprest, puesto en marcha el 20 de octubre de 2016 y analizar la oferta formativa y de empleo dirigida a los actuales desempleados. La primera reuni\u00f3n de Urolanprest fue en febrero y la del viernes fue la segunda, [&hellip;]\" \/>\n<meta property=\"og:url\" content=\"https:\/\/iraurgiberritzen.eus\/es\/reunion-de-seguimiento-de-urolanprest-empleo-y-formacion\/\" \/>\n<meta property=\"og:site_name\" content=\"Iraurgi Berritzen\" \/>\n<meta property=\"article:published_time\" content=\"2017-07-18T05:19:34+00:00\" \/>\n<meta name=\"author\" content=\"kudeatzailea\" \/>\n<meta name=\"twitter:card\" content=\"summary_large_image\" \/>\n<meta name=\"twitter:label1\" content=\"Escrito por\" \/>\n\t<meta name=\"twitter:data1\" content=\"kudeatzailea\" \/>\n\t<meta name=\"twitter:label2\" content=\"Tiempo de lectura\" \/>\n\t<meta name=\"twitter:data2\" content=\"2 minutos\" \/>\n<script type=\"application\/ld+json\" class=\"yoast-schema-graph\">{\"@context\":\"https:\\\/\\\/schema.org\",\"@graph\":[{\"@type\":\"Article\",\"@id\":\"https:\\\/\\\/iraurgiberritzen.eus\\\/es\\\/reunion-de-seguimiento-de-urolanprest-empleo-y-formacion\\\/#article\",\"isPartOf\":{\"@id\":\"https:\\\/\\\/iraurgiberritzen.eus\\\/es\\\/reunion-de-seguimiento-de-urolanprest-empleo-y-formacion\\\/\"},\"author\":{\"name\":\"kudeatzailea\",\"@id\":\"https:\\\/\\\/iraurgiberritzen.eus\\\/es\\\/#\\\/schema\\\/person\\\/5ab41aaf388a9097177601ebf45738d2\"},\"headline\":\"Reuni\u00f3n de seguimiento de Urolanprest, empleo y formaci\u00f3n\",\"datePublished\":\"2017-07-18T05:19:34+00:00\",\"mainEntityOfPage\":{\"@id\":\"https:\\\/\\\/iraurgiberritzen.eus\\\/es\\\/reunion-de-seguimiento-de-urolanprest-empleo-y-formacion\\\/\"},\"wordCount\":432,\"publisher\":{\"@id\":\"https:\\\/\\\/iraurgiberritzen.eus\\\/es\\\/#organization\"},\"image\":{\"@id\":\"https:\\\/\\\/iraurgiberritzen.eus\\\/es\\\/reunion-de-seguimiento-de-urolanprest-empleo-y-formacion\\\/#primaryimage\"},\"thumbnailUrl\":\"https:\\\/\\\/iraurgiberritzen.eus\\\/wp-content\\\/uploads\\\/2023\\\/09\\\/8e7bd2cc5d4f67673f13afdbefce0937.jpg\",\"articleSection\":[\"Noticias\"],\"inLanguage\":\"es\"},{\"@type\":\"WebPage\",\"@id\":\"https:\\\/\\\/iraurgiberritzen.eus\\\/es\\\/reunion-de-seguimiento-de-urolanprest-empleo-y-formacion\\\/\",\"url\":\"https:\\\/\\\/iraurgiberritzen.eus\\\/es\\\/reunion-de-seguimiento-de-urolanprest-empleo-y-formacion\\\/\",\"name\":\"Reuni\u00f3n de seguimiento de Urolanprest, empleo y formaci\u00f3n - Iraurgi Berritzen\",\"isPartOf\":{\"@id\":\"https:\\\/\\\/iraurgiberritzen.eus\\\/es\\\/#website\"},\"primaryImageOfPage\":{\"@id\":\"https:\\\/\\\/iraurgiberritzen.eus\\\/es\\\/reunion-de-seguimiento-de-urolanprest-empleo-y-formacion\\\/#primaryimage\"},\"image\":{\"@id\":\"https:\\\/\\\/iraurgiberritzen.eus\\\/es\\\/reunion-de-seguimiento-de-urolanprest-empleo-y-formacion\\\/#primaryimage\"},\"thumbnailUrl\":\"https:\\\/\\\/iraurgiberritzen.eus\\\/wp-content\\\/uploads\\\/2023\\\/09\\\/8e7bd2cc5d4f67673f13afdbefce0937.jpg\",\"datePublished\":\"2017-07-18T05:19:34+00:00\",\"breadcrumb\":{\"@id\":\"https:\\\/\\\/iraurgiberritzen.eus\\\/es\\\/reunion-de-seguimiento-de-urolanprest-empleo-y-formacion\\\/#breadcrumb\"},\"inLanguage\":\"es\",\"potentialAction\":[{\"@type\":\"ReadAction\",\"target\":[\"https:\\\/\\\/iraurgiberritzen.eus\\\/es\\\/reunion-de-seguimiento-de-urolanprest-empleo-y-formacion\\\/\"]}]},{\"@type\":\"ImageObject\",\"inLanguage\":\"es\",\"@id\":\"https:\\\/\\\/iraurgiberritzen.eus\\\/es\\\/reunion-de-seguimiento-de-urolanprest-empleo-y-formacion\\\/#primaryimage\",\"url\":\"https:\\\/\\\/iraurgiberritzen.eus\\\/wp-content\\\/uploads\\\/2023\\\/09\\\/8e7bd2cc5d4f67673f13afdbefce0937.jpg\",\"contentUrl\":\"https:\\\/\\\/iraurgiberritzen.eus\\\/wp-content\\\/uploads\\\/2023\\\/09\\\/8e7bd2cc5d4f67673f13afdbefce0937.jpg\",\"width\":600,\"height\":386},{\"@type\":\"BreadcrumbList\",\"@id\":\"https:\\\/\\\/iraurgiberritzen.eus\\\/es\\\/reunion-de-seguimiento-de-urolanprest-empleo-y-formacion\\\/#breadcrumb\",\"itemListElement\":[{\"@type\":\"ListItem\",\"position\":1,\"name\":\"Home\",\"item\":\"https:\\\/\\\/iraurgiberritzen.eus\\\/es\\\/\"},{\"@type\":\"ListItem\",\"position\":2,\"name\":\"Reuni\u00f3n de seguimiento de Urolanprest, empleo y formaci\u00f3n\"}]},{\"@type\":\"WebSite\",\"@id\":\"https:\\\/\\\/iraurgiberritzen.eus\\\/es\\\/#website\",\"url\":\"https:\\\/\\\/iraurgiberritzen.eus\\\/es\\\/\",\"name\":\"Iraurgi Berritzen\",\"description\":\"Urola Erdiko Garapen Agentzia\",\"publisher\":{\"@id\":\"https:\\\/\\\/iraurgiberritzen.eus\\\/es\\\/#organization\"},\"potentialAction\":[{\"@type\":\"SearchAction\",\"target\":{\"@type\":\"EntryPoint\",\"urlTemplate\":\"https:\\\/\\\/iraurgiberritzen.eus\\\/es\\\/?s={search_term_string}\"},\"query-input\":{\"@type\":\"PropertyValueSpecification\",\"valueRequired\":true,\"valueName\":\"search_term_string\"}}],\"inLanguage\":\"es\"},{\"@type\":\"Organization\",\"@id\":\"https:\\\/\\\/iraurgiberritzen.eus\\\/es\\\/#organization\",\"name\":\"Iraurgi Berritzen\",\"url\":\"https:\\\/\\\/iraurgiberritzen.eus\\\/es\\\/\",\"logo\":{\"@type\":\"ImageObject\",\"inLanguage\":\"es\",\"@id\":\"https:\\\/\\\/iraurgiberritzen.eus\\\/es\\\/#\\\/schema\\\/logo\\\/image\\\/\",\"url\":\"https:\\\/\\\/iraurgiberritzen.eus\\\/wp-content\\\/uploads\\\/2024\\\/02\\\/IRAURGI-BERRITZEN-logotipoa_2.png\",\"contentUrl\":\"https:\\\/\\\/iraurgiberritzen.eus\\\/wp-content\\\/uploads\\\/2024\\\/02\\\/IRAURGI-BERRITZEN-logotipoa_2.png\",\"width\":496,\"height\":190,\"caption\":\"Iraurgi Berritzen\"},\"image\":{\"@id\":\"https:\\\/\\\/iraurgiberritzen.eus\\\/es\\\/#\\\/schema\\\/logo\\\/image\\\/\"}},{\"@type\":\"Person\",\"@id\":\"https:\\\/\\\/iraurgiberritzen.eus\\\/es\\\/#\\\/schema\\\/person\\\/5ab41aaf388a9097177601ebf45738d2\",\"name\":\"kudeatzailea\",\"sameAs\":[\"https:\\\/\\\/iraurgiberritzen.eus\"]}]}<\/script>\n<!-- \/ Yoast SEO plugin. -->","yoast_head_json":{"title":"Reuni\u00f3n de seguimiento de Urolanprest, empleo y formaci\u00f3n - Iraurgi Berritzen","robots":{"index":"index","follow":"follow","max-snippet":"max-snippet:-1","max-image-preview":"max-image-preview:large","max-video-preview":"max-video-preview:-1"},"canonical":"https:\/\/iraurgiberritzen.eus\/es\/reunion-de-seguimiento-de-urolanprest-empleo-y-formacion\/","og_locale":"es_ES","og_type":"article","og_title":"Reuni\u00f3n de seguimiento de Urolanprest, empleo y formaci\u00f3n - Iraurgi Berritzen","og_description":"El pasado viernes, d\u00eda 14, se reunieron los representantes de la comarca para realizar el seguimiento de Urolanprest, puesto en marcha el 20 de octubre de 2016 y analizar la oferta formativa y de empleo dirigida a los actuales desempleados. La primera reuni\u00f3n de Urolanprest fue en febrero y la del viernes fue la segunda, [&hellip;]","og_url":"https:\/\/iraurgiberritzen.eus\/es\/reunion-de-seguimiento-de-urolanprest-empleo-y-formacion\/","og_site_name":"Iraurgi Berritzen","article_published_time":"2017-07-18T05:19:34+00:00","author":"kudeatzailea","twitter_card":"summary_large_image","twitter_misc":{"Escrito por":"kudeatzailea","Tiempo de lectura":"2 minutos"},"schema":{"@context":"https:\/\/schema.org","@graph":[{"@type":"Article","@id":"https:\/\/iraurgiberritzen.eus\/es\/reunion-de-seguimiento-de-urolanprest-empleo-y-formacion\/#article","isPartOf":{"@id":"https:\/\/iraurgiberritzen.eus\/es\/reunion-de-seguimiento-de-urolanprest-empleo-y-formacion\/"},"author":{"name":"kudeatzailea","@id":"https:\/\/iraurgiberritzen.eus\/es\/#\/schema\/person\/5ab41aaf388a9097177601ebf45738d2"},"headline":"Reuni\u00f3n de seguimiento de Urolanprest, empleo y formaci\u00f3n","datePublished":"2017-07-18T05:19:34+00:00","mainEntityOfPage":{"@id":"https:\/\/iraurgiberritzen.eus\/es\/reunion-de-seguimiento-de-urolanprest-empleo-y-formacion\/"},"wordCount":432,"publisher":{"@id":"https:\/\/iraurgiberritzen.eus\/es\/#organization"},"image":{"@id":"https:\/\/iraurgiberritzen.eus\/es\/reunion-de-seguimiento-de-urolanprest-empleo-y-formacion\/#primaryimage"},"thumbnailUrl":"https:\/\/iraurgiberritzen.eus\/wp-content\/uploads\/2023\/09\/8e7bd2cc5d4f67673f13afdbefce0937.jpg","articleSection":["Noticias"],"inLanguage":"es"},{"@type":"WebPage","@id":"https:\/\/iraurgiberritzen.eus\/es\/reunion-de-seguimiento-de-urolanprest-empleo-y-formacion\/","url":"https:\/\/iraurgiberritzen.eus\/es\/reunion-de-seguimiento-de-urolanprest-empleo-y-formacion\/","name":"Reuni\u00f3n de seguimiento de Urolanprest, empleo y formaci\u00f3n - Iraurgi Berritzen","isPartOf":{"@id":"https:\/\/iraurgiberritzen.eus\/es\/#website"},"primaryImageOfPage":{"@id":"https:\/\/iraurgiberritzen.eus\/es\/reunion-de-seguimiento-de-urolanprest-empleo-y-formacion\/#primaryimage"},"image":{"@id":"https:\/\/iraurgiberritzen.eus\/es\/reunion-de-seguimiento-de-urolanprest-empleo-y-formacion\/#primaryimage"},"thumbnailUrl":"https:\/\/iraurgiberritzen.eus\/wp-content\/uploads\/2023\/09\/8e7bd2cc5d4f67673f13afdbefce0937.jpg","datePublished":"2017-07-18T05:19:34+00:00","breadcrumb":{"@id":"https:\/\/iraurgiberritzen.eus\/es\/reunion-de-seguimiento-de-urolanprest-empleo-y-formacion\/#breadcrumb"},"inLanguage":"es","potentialAction":[{"@type":"ReadAction","target":["https:\/\/iraurgiberritzen.eus\/es\/reunion-de-seguimiento-de-urolanprest-empleo-y-formacion\/"]}]},{"@type":"ImageObject","inLanguage":"es","@id":"https:\/\/iraurgiberritzen.eus\/es\/reunion-de-seguimiento-de-urolanprest-empleo-y-formacion\/#primaryimage","url":"https:\/\/iraurgiberritzen.eus\/wp-content\/uploads\/2023\/09\/8e7bd2cc5d4f67673f13afdbefce0937.jpg","contentUrl":"https:\/\/iraurgiberritzen.eus\/wp-content\/uploads\/2023\/09\/8e7bd2cc5d4f67673f13afdbefce0937.jpg","width":600,"height":386},{"@type":"BreadcrumbList","@id":"https:\/\/iraurgiberritzen.eus\/es\/reunion-de-seguimiento-de-urolanprest-empleo-y-formacion\/#breadcrumb","itemListElement":[{"@type":"ListItem","position":1,"name":"Home","item":"https:\/\/iraurgiberritzen.eus\/es\/"},{"@type":"ListItem","position":2,"name":"Reuni\u00f3n de seguimiento de Urolanprest, empleo y formaci\u00f3n"}]},{"@type":"WebSite","@id":"https:\/\/iraurgiberritzen.eus\/es\/#website","url":"https:\/\/iraurgiberritzen.eus\/es\/","name":"Iraurgi Berritzen","description":"Urola Erdiko Garapen Agentzia","publisher":{"@id":"https:\/\/iraurgiberritzen.eus\/es\/#organization"},"potentialAction":[{"@type":"SearchAction","target":{"@type":"EntryPoint","urlTemplate":"https:\/\/iraurgiberritzen.eus\/es\/?s={search_term_string}"},"query-input":{"@type":"PropertyValueSpecification","valueRequired":true,"valueName":"search_term_string"}}],"inLanguage":"es"},{"@type":"Organization","@id":"https:\/\/iraurgiberritzen.eus\/es\/#organization","name":"Iraurgi Berritzen","url":"https:\/\/iraurgiberritzen.eus\/es\/","logo":{"@type":"ImageObject","inLanguage":"es","@id":"https:\/\/iraurgiberritzen.eus\/es\/#\/schema\/logo\/image\/","url":"https:\/\/iraurgiberritzen.eus\/wp-content\/uploads\/2024\/02\/IRAURGI-BERRITZEN-logotipoa_2.png","contentUrl":"https:\/\/iraurgiberritzen.eus\/wp-content\/uploads\/2024\/02\/IRAURGI-BERRITZEN-logotipoa_2.png","width":496,"height":190,"caption":"Iraurgi Berritzen"},"image":{"@id":"https:\/\/iraurgiberritzen.eus\/es\/#\/schema\/logo\/image\/"}},{"@type":"Person","@id":"https:\/\/iraurgiberritzen.eus\/es\/#\/schema\/person\/5ab41aaf388a9097177601ebf45738d2","name":"kudeatzailea","sameAs":["https:\/\/iraurgiberritzen.eus"]}]}},"_links":{"self":[{"href":"https:\/\/iraurgiberritzen.eus\/es\/wp-json\/wp\/v2\/posts\/12217","targetHints":{"allow":["GET"]}}],"collection":[{"href":"https:\/\/iraurgiberritzen.eus\/es\/wp-json\/wp\/v2\/posts"}],"about":[{"href":"https:\/\/iraurgiberritzen.eus\/es\/wp-json\/wp\/v2\/types\/post"}],"author":[{"embeddable":true,"href":"https:\/\/iraurgiberritzen.eus\/es\/wp-json\/wp\/v2\/users\/1"}],"replies":[{"embeddable":true,"href":"https:\/\/iraurgiberritzen.eus\/es\/wp-json\/wp\/v2\/comments?post=12217"}],"version-history":[{"count":0,"href":"https:\/\/iraurgiberritzen.eus\/es\/wp-json\/wp\/v2\/posts\/12217\/revisions"}],"wp:featuredmedia":[{"embeddable":true,"href":"https:\/\/iraurgiberritzen.eus\/es\/wp-json\/wp\/v2\/media\/17941"}],"wp:attachment":[{"href":"https:\/\/iraurgiberritzen.eus\/es\/wp-json\/wp\/v2\/media?parent=12217"}],"wp:term":[{"taxonomy":"category","embeddable":true,"href":"https:\/\/iraurgiberritzen.eus\/es\/wp-json\/wp\/v2\/categories?post=12217"},{"taxonomy":"post_tag","embeddable":true,"href":"https:\/\/iraurgiberritzen.eus\/es\/wp-json\/wp\/v2\/tags?post=12217"}],"curies":[{"name":"wp","href":"https:\/\/api.w.org\/{rel}","templated":true}]}}