{"id":12227,"date":"2017-07-14T00:00:00","date_gmt":"2017-07-13T22:00:00","guid":{"rendered":"https:\/\/iraurgiberritzen.eus\/las-personas-participantes-del-programa-txertatu-merkatuan-han-finalizado-el-taller-de-cocina\/"},"modified":"2017-07-14T00:00:00","modified_gmt":"2017-07-13T22:00:00","slug":"las-personas-participantes-del-programa-txertatu-merkatuan-han-finalizado-el-taller-de-cocina","status":"publish","type":"post","link":"https:\/\/iraurgiberritzen.eus\/es\/las-personas-participantes-del-programa-txertatu-merkatuan-han-finalizado-el-taller-de-cocina\/","title":{"rendered":"Las personas participantes del programa Txertatu Merkatuan han finalizado el taller de cocina"},"content":{"rendered":"<p>El 19 de Junio 17 personas participantes comenzaron el curso de Cocina en las instalaciones que el Elkargune tiene adecuadas en Azkoitia.<\/p>\n<p style=\"text-align: justify;\">El profesor Asier Plazaola, durante 60 horas, ha intentado ense\u00f1ar al grupo cocinar platos t\u00edpicos de la zona: Por un lado, primeros platos como por ejemplo, ensaladas, verduras, legumbres, aperitivos y por otro lado segundos platos, con carne y pescado. Tambi\u00e9n han preparado diversos postres y dulces. Al final, ese es el objetivo del Programa Txertatu Merkatuan: adquirir un conocimiento t\u00e9cnico que facilite las opciones de&nbsp;inserci\u00f3n laboral.<\/p>\n<p style=\"text-align: justify;\">El taller ha finalizado el 20 de julio y a partir de septiembre, las personas participantes podr\u00e1n realizar pr\u00e1cticas de entre 3-6 meses de duraci\u00f3n en los distintos bares y restaurantes de la zona.<\/p>\n<p style=\"text-align: justify;\">Esta actuaci\u00f3n se desarrolla en el marco del Programa Operativo de Empleo Juvenil 2014-2020, cofinanciado en un 91,89% por FSE, y la coordina Garapen (Asociaci\u00f3n Vasca de Agencias de Desarrollo).<\/p>\n","protected":false},"excerpt":{"rendered":"<p>El 19 de Junio 17 personas participantes comenzaron el curso de Cocina en las instalaciones que el Elkargune tiene adecuadas en Azkoitia. El profesor Asier Plazaola, durante 60 horas, ha intentado ense\u00f1ar al grupo cocinar platos t\u00edpicos de la zona: Por un lado, primeros platos como por ejemplo, ensaladas, verduras, legumbres, aperitivos y por otro [&hellip;]<\/p>\n","protected":false},"author":1,"featured_media":0,"comment_status":"","ping_status":"closed","sticky":false,"template":"","format":"standard","meta":{"_acf_changed":false,"footnotes":""},"categories":[4],"tags":[],"class_list":["post-12227","post","type-post","status-publish","format-standard","hentry","category-noticias"],"acf":[],"yoast_head":"<!-- This site is optimized with the Yoast SEO plugin v27.4 - https:\/\/yoast.com\/product\/yoast-seo-wordpress\/ -->\n<title>Las personas participantes del programa Txertatu Merkatuan han finalizado el taller de cocina - Iraurgi Berritzen<\/title>\n<meta name=\"robots\" content=\"index, follow, max-snippet:-1, max-image-preview:large, max-video-preview:-1\" \/>\n<link rel=\"canonical\" href=\"https:\/\/iraurgiberritzen.eus\/es\/las-personas-participantes-del-programa-txertatu-merkatuan-han-finalizado-el-taller-de-cocina\/\" \/>\n<meta property=\"og:locale\" content=\"es_ES\" \/>\n<meta property=\"og:type\" content=\"article\" \/>\n<meta property=\"og:title\" content=\"Las personas participantes del programa Txertatu Merkatuan han finalizado el taller de cocina - Iraurgi Berritzen\" \/>\n<meta property=\"og:description\" content=\"El 19 de Junio 17 personas participantes comenzaron el curso de Cocina en las instalaciones que el Elkargune tiene adecuadas en Azkoitia. El profesor Asier Plazaola, durante 60 horas, ha intentado ense\u00f1ar al grupo cocinar platos t\u00edpicos de la zona: Por un lado, primeros platos como por ejemplo, ensaladas, verduras, legumbres, aperitivos y por otro [&hellip;]\" \/>\n<meta property=\"og:url\" content=\"https:\/\/iraurgiberritzen.eus\/es\/las-personas-participantes-del-programa-txertatu-merkatuan-han-finalizado-el-taller-de-cocina\/\" \/>\n<meta property=\"og:site_name\" content=\"Iraurgi Berritzen\" \/>\n<meta property=\"article:published_time\" content=\"2017-07-13T22:00:00+00:00\" \/>\n<meta name=\"author\" content=\"kudeatzailea\" \/>\n<meta name=\"twitter:card\" content=\"summary_large_image\" \/>\n<meta name=\"twitter:label1\" content=\"Escrito por\" \/>\n\t<meta name=\"twitter:data1\" content=\"kudeatzailea\" \/>\n\t<meta name=\"twitter:label2\" content=\"Tiempo de lectura\" \/>\n\t<meta name=\"twitter:data2\" content=\"1 minuto\" \/>\n<script type=\"application\/ld+json\" class=\"yoast-schema-graph\">{\"@context\":\"https:\\\/\\\/schema.org\",\"@graph\":[{\"@type\":\"Article\",\"@id\":\"https:\\\/\\\/iraurgiberritzen.eus\\\/es\\\/las-personas-participantes-del-programa-txertatu-merkatuan-han-finalizado-el-taller-de-cocina\\\/#article\",\"isPartOf\":{\"@id\":\"https:\\\/\\\/iraurgiberritzen.eus\\\/es\\\/las-personas-participantes-del-programa-txertatu-merkatuan-han-finalizado-el-taller-de-cocina\\\/\"},\"author\":{\"name\":\"kudeatzailea\",\"@id\":\"https:\\\/\\\/iraurgiberritzen.eus\\\/es\\\/#\\\/schema\\\/person\\\/5ab41aaf388a9097177601ebf45738d2\"},\"headline\":\"Las personas participantes del programa Txertatu Merkatuan han finalizado el taller de cocina\",\"datePublished\":\"2017-07-13T22:00:00+00:00\",\"mainEntityOfPage\":{\"@id\":\"https:\\\/\\\/iraurgiberritzen.eus\\\/es\\\/las-personas-participantes-del-programa-txertatu-merkatuan-han-finalizado-el-taller-de-cocina\\\/\"},\"wordCount\":173,\"publisher\":{\"@id\":\"https:\\\/\\\/iraurgiberritzen.eus\\\/es\\\/#organization\"},\"articleSection\":[\"Noticias\"],\"inLanguage\":\"es\"},{\"@type\":\"WebPage\",\"@id\":\"https:\\\/\\\/iraurgiberritzen.eus\\\/es\\\/las-personas-participantes-del-programa-txertatu-merkatuan-han-finalizado-el-taller-de-cocina\\\/\",\"url\":\"https:\\\/\\\/iraurgiberritzen.eus\\\/es\\\/las-personas-participantes-del-programa-txertatu-merkatuan-han-finalizado-el-taller-de-cocina\\\/\",\"name\":\"Las personas participantes del programa Txertatu Merkatuan han finalizado el taller de cocina - Iraurgi Berritzen\",\"isPartOf\":{\"@id\":\"https:\\\/\\\/iraurgiberritzen.eus\\\/es\\\/#website\"},\"datePublished\":\"2017-07-13T22:00:00+00:00\",\"breadcrumb\":{\"@id\":\"https:\\\/\\\/iraurgiberritzen.eus\\\/es\\\/las-personas-participantes-del-programa-txertatu-merkatuan-han-finalizado-el-taller-de-cocina\\\/#breadcrumb\"},\"inLanguage\":\"es\",\"potentialAction\":[{\"@type\":\"ReadAction\",\"target\":[\"https:\\\/\\\/iraurgiberritzen.eus\\\/es\\\/las-personas-participantes-del-programa-txertatu-merkatuan-han-finalizado-el-taller-de-cocina\\\/\"]}]},{\"@type\":\"BreadcrumbList\",\"@id\":\"https:\\\/\\\/iraurgiberritzen.eus\\\/es\\\/las-personas-participantes-del-programa-txertatu-merkatuan-han-finalizado-el-taller-de-cocina\\\/#breadcrumb\",\"itemListElement\":[{\"@type\":\"ListItem\",\"position\":1,\"name\":\"Home\",\"item\":\"https:\\\/\\\/iraurgiberritzen.eus\\\/es\\\/\"},{\"@type\":\"ListItem\",\"position\":2,\"name\":\"Las personas participantes del programa Txertatu Merkatuan han finalizado el taller de cocina\"}]},{\"@type\":\"WebSite\",\"@id\":\"https:\\\/\\\/iraurgiberritzen.eus\\\/es\\\/#website\",\"url\":\"https:\\\/\\\/iraurgiberritzen.eus\\\/es\\\/\",\"name\":\"Iraurgi Berritzen\",\"description\":\"Urola Erdiko Garapen Agentzia\",\"publisher\":{\"@id\":\"https:\\\/\\\/iraurgiberritzen.eus\\\/es\\\/#organization\"},\"potentialAction\":[{\"@type\":\"SearchAction\",\"target\":{\"@type\":\"EntryPoint\",\"urlTemplate\":\"https:\\\/\\\/iraurgiberritzen.eus\\\/es\\\/?s={search_term_string}\"},\"query-input\":{\"@type\":\"PropertyValueSpecification\",\"valueRequired\":true,\"valueName\":\"search_term_string\"}}],\"inLanguage\":\"es\"},{\"@type\":\"Organization\",\"@id\":\"https:\\\/\\\/iraurgiberritzen.eus\\\/es\\\/#organization\",\"name\":\"Iraurgi Berritzen\",\"url\":\"https:\\\/\\\/iraurgiberritzen.eus\\\/es\\\/\",\"logo\":{\"@type\":\"ImageObject\",\"inLanguage\":\"es\",\"@id\":\"https:\\\/\\\/iraurgiberritzen.eus\\\/es\\\/#\\\/schema\\\/logo\\\/image\\\/\",\"url\":\"https:\\\/\\\/iraurgiberritzen.eus\\\/wp-content\\\/uploads\\\/2024\\\/02\\\/IRAURGI-BERRITZEN-logotipoa_2.png\",\"contentUrl\":\"https:\\\/\\\/iraurgiberritzen.eus\\\/wp-content\\\/uploads\\\/2024\\\/02\\\/IRAURGI-BERRITZEN-logotipoa_2.png\",\"width\":496,\"height\":190,\"caption\":\"Iraurgi Berritzen\"},\"image\":{\"@id\":\"https:\\\/\\\/iraurgiberritzen.eus\\\/es\\\/#\\\/schema\\\/logo\\\/image\\\/\"}},{\"@type\":\"Person\",\"@id\":\"https:\\\/\\\/iraurgiberritzen.eus\\\/es\\\/#\\\/schema\\\/person\\\/5ab41aaf388a9097177601ebf45738d2\",\"name\":\"kudeatzailea\",\"sameAs\":[\"https:\\\/\\\/iraurgiberritzen.eus\"]}]}<\/script>\n<!-- \/ Yoast SEO plugin. -->","yoast_head_json":{"title":"Las personas participantes del programa Txertatu Merkatuan han finalizado el taller de cocina - Iraurgi Berritzen","robots":{"index":"index","follow":"follow","max-snippet":"max-snippet:-1","max-image-preview":"max-image-preview:large","max-video-preview":"max-video-preview:-1"},"canonical":"https:\/\/iraurgiberritzen.eus\/es\/las-personas-participantes-del-programa-txertatu-merkatuan-han-finalizado-el-taller-de-cocina\/","og_locale":"es_ES","og_type":"article","og_title":"Las personas participantes del programa Txertatu Merkatuan han finalizado el taller de cocina - Iraurgi Berritzen","og_description":"El 19 de Junio 17 personas participantes comenzaron el curso de Cocina en las instalaciones que el Elkargune tiene adecuadas en Azkoitia. El profesor Asier Plazaola, durante 60 horas, ha intentado ense\u00f1ar al grupo cocinar platos t\u00edpicos de la zona: Por un lado, primeros platos como por ejemplo, ensaladas, verduras, legumbres, aperitivos y por otro [&hellip;]","og_url":"https:\/\/iraurgiberritzen.eus\/es\/las-personas-participantes-del-programa-txertatu-merkatuan-han-finalizado-el-taller-de-cocina\/","og_site_name":"Iraurgi Berritzen","article_published_time":"2017-07-13T22:00:00+00:00","author":"kudeatzailea","twitter_card":"summary_large_image","twitter_misc":{"Escrito por":"kudeatzailea","Tiempo de lectura":"1 minuto"},"schema":{"@context":"https:\/\/schema.org","@graph":[{"@type":"Article","@id":"https:\/\/iraurgiberritzen.eus\/es\/las-personas-participantes-del-programa-txertatu-merkatuan-han-finalizado-el-taller-de-cocina\/#article","isPartOf":{"@id":"https:\/\/iraurgiberritzen.eus\/es\/las-personas-participantes-del-programa-txertatu-merkatuan-han-finalizado-el-taller-de-cocina\/"},"author":{"name":"kudeatzailea","@id":"https:\/\/iraurgiberritzen.eus\/es\/#\/schema\/person\/5ab41aaf388a9097177601ebf45738d2"},"headline":"Las personas participantes del programa Txertatu Merkatuan han finalizado el taller de cocina","datePublished":"2017-07-13T22:00:00+00:00","mainEntityOfPage":{"@id":"https:\/\/iraurgiberritzen.eus\/es\/las-personas-participantes-del-programa-txertatu-merkatuan-han-finalizado-el-taller-de-cocina\/"},"wordCount":173,"publisher":{"@id":"https:\/\/iraurgiberritzen.eus\/es\/#organization"},"articleSection":["Noticias"],"inLanguage":"es"},{"@type":"WebPage","@id":"https:\/\/iraurgiberritzen.eus\/es\/las-personas-participantes-del-programa-txertatu-merkatuan-han-finalizado-el-taller-de-cocina\/","url":"https:\/\/iraurgiberritzen.eus\/es\/las-personas-participantes-del-programa-txertatu-merkatuan-han-finalizado-el-taller-de-cocina\/","name":"Las personas participantes del programa Txertatu Merkatuan han finalizado el taller de cocina - Iraurgi Berritzen","isPartOf":{"@id":"https:\/\/iraurgiberritzen.eus\/es\/#website"},"datePublished":"2017-07-13T22:00:00+00:00","breadcrumb":{"@id":"https:\/\/iraurgiberritzen.eus\/es\/las-personas-participantes-del-programa-txertatu-merkatuan-han-finalizado-el-taller-de-cocina\/#breadcrumb"},"inLanguage":"es","potentialAction":[{"@type":"ReadAction","target":["https:\/\/iraurgiberritzen.eus\/es\/las-personas-participantes-del-programa-txertatu-merkatuan-han-finalizado-el-taller-de-cocina\/"]}]},{"@type":"BreadcrumbList","@id":"https:\/\/iraurgiberritzen.eus\/es\/las-personas-participantes-del-programa-txertatu-merkatuan-han-finalizado-el-taller-de-cocina\/#breadcrumb","itemListElement":[{"@type":"ListItem","position":1,"name":"Home","item":"https:\/\/iraurgiberritzen.eus\/es\/"},{"@type":"ListItem","position":2,"name":"Las personas participantes del programa Txertatu Merkatuan han finalizado el taller de cocina"}]},{"@type":"WebSite","@id":"https:\/\/iraurgiberritzen.eus\/es\/#website","url":"https:\/\/iraurgiberritzen.eus\/es\/","name":"Iraurgi Berritzen","description":"Urola Erdiko Garapen Agentzia","publisher":{"@id":"https:\/\/iraurgiberritzen.eus\/es\/#organization"},"potentialAction":[{"@type":"SearchAction","target":{"@type":"EntryPoint","urlTemplate":"https:\/\/iraurgiberritzen.eus\/es\/?s={search_term_string}"},"query-input":{"@type":"PropertyValueSpecification","valueRequired":true,"valueName":"search_term_string"}}],"inLanguage":"es"},{"@type":"Organization","@id":"https:\/\/iraurgiberritzen.eus\/es\/#organization","name":"Iraurgi Berritzen","url":"https:\/\/iraurgiberritzen.eus\/es\/","logo":{"@type":"ImageObject","inLanguage":"es","@id":"https:\/\/iraurgiberritzen.eus\/es\/#\/schema\/logo\/image\/","url":"https:\/\/iraurgiberritzen.eus\/wp-content\/uploads\/2024\/02\/IRAURGI-BERRITZEN-logotipoa_2.png","contentUrl":"https:\/\/iraurgiberritzen.eus\/wp-content\/uploads\/2024\/02\/IRAURGI-BERRITZEN-logotipoa_2.png","width":496,"height":190,"caption":"Iraurgi Berritzen"},"image":{"@id":"https:\/\/iraurgiberritzen.eus\/es\/#\/schema\/logo\/image\/"}},{"@type":"Person","@id":"https:\/\/iraurgiberritzen.eus\/es\/#\/schema\/person\/5ab41aaf388a9097177601ebf45738d2","name":"kudeatzailea","sameAs":["https:\/\/iraurgiberritzen.eus"]}]}},"_links":{"self":[{"href":"https:\/\/iraurgiberritzen.eus\/es\/wp-json\/wp\/v2\/posts\/12227","targetHints":{"allow":["GET"]}}],"collection":[{"href":"https:\/\/iraurgiberritzen.eus\/es\/wp-json\/wp\/v2\/posts"}],"about":[{"href":"https:\/\/iraurgiberritzen.eus\/es\/wp-json\/wp\/v2\/types\/post"}],"author":[{"embeddable":true,"href":"https:\/\/iraurgiberritzen.eus\/es\/wp-json\/wp\/v2\/users\/1"}],"replies":[{"embeddable":true,"href":"https:\/\/iraurgiberritzen.eus\/es\/wp-json\/wp\/v2\/comments?post=12227"}],"version-history":[{"count":0,"href":"https:\/\/iraurgiberritzen.eus\/es\/wp-json\/wp\/v2\/posts\/12227\/revisions"}],"wp:attachment":[{"href":"https:\/\/iraurgiberritzen.eus\/es\/wp-json\/wp\/v2\/media?parent=12227"}],"wp:term":[{"taxonomy":"category","embeddable":true,"href":"https:\/\/iraurgiberritzen.eus\/es\/wp-json\/wp\/v2\/categories?post=12227"},{"taxonomy":"post_tag","embeddable":true,"href":"https:\/\/iraurgiberritzen.eus\/es\/wp-json\/wp\/v2\/tags?post=12227"}],"curies":[{"name":"wp","href":"https:\/\/api.w.org\/{rel}","templated":true}]}}