{"id":12238,"date":"2017-09-19T06:30:52","date_gmt":"2017-09-19T04:30:52","guid":{"rendered":"https:\/\/iraurgiberritzen.eus\/se-ha-desarrollado-un-proyecto-en-urola-erdia-para-conocer-los-habitos-de-consumo-de-la-comarca\/"},"modified":"2017-09-19T06:30:52","modified_gmt":"2017-09-19T04:30:52","slug":"se-ha-desarrollado-un-proyecto-en-urola-erdia-para-conocer-los-habitos-de-consumo-de-la-comarca","status":"publish","type":"post","link":"https:\/\/iraurgiberritzen.eus\/es\/se-ha-desarrollado-un-proyecto-en-urola-erdia-para-conocer-los-habitos-de-consumo-de-la-comarca\/","title":{"rendered":"Se ha desarrollado un proyecto en Urola Erdia para conocer los h\u00e1bitos de consumo de la comarca"},"content":{"rendered":"<p style=\"text-align: justify;\">Para conocer las costumbres de consumo de la comarca se ha desarrollado un proyecto en colaboraci\u00f3n entre el Ayuntamiento de Azkoitia, Ayuntamiento de Azpeitia, Ayuntamiento de Zestoa, Dendartean<\/p>\n<ul>\n<li style=\"text-align: justify;\"><span style=\"text-align: justify;\">agrupaci\u00f3n de asociaciones de comerciantes, hosteleros, empresas de servicios y aut\u00f3nomos de Gipuzkoa, Herrixen \u2013 Asociaci\u00f3n de comerciantes de Azkoitia-, Bertan \u2013 Asociaci\u00f3n de comerciantes e Azpeitia -, Zestoan \u2013 Asociaci\u00f3n de comerciantes de Zestoa-, e Iraurgi Berritzen \u2013Agencia de desarrollo e innovaci\u00f3n de Urola Medio, con el nombre de MERKAUROLA.<\/span><\/li>\n<li style=\"text-align: justify;\">A lo largo del mes de Octubre, se realizar\u00e1n reuniones de trabajo en cada uno de los municipios para compartir con los comerciantes, los resultados obtenidos.<\/li>\n<\/ul>\n<p style=\"text-align: justify;\">La mesa de comercio, lo componen, el Ayuntamiento de Azkoitia, el Ayuntamiento de Azpeitia, Ayuntamiento de Zestoa, Dendartean-agrupaci\u00f3n de asociaciones de comerciantes, hosteleros, empresas de servicios y aut\u00f3nomos de Gipuzkoa, Herrixen \u2013 Asociaci\u00f3n de comerciantes de Azkoitia-, Bertan \u2013 Asociaci\u00f3n de comerciantse de Azpeitia-, Zestoan \u2013 Asociaci\u00f3n de comerciantes de Zestoa-, e Iraurgi Berritzen \u2013 agencia de desarrollo e innovaci\u00f3n de Urola Medio. Tiene como objetivo, fomentar el comercio minorista y para ello tiene como fin definir proyectos en colaboraci\u00f3n entre los distintos agentes que lo componen.<\/p>\n<p style=\"text-align: justify;\">Para poder llevar a cabo el estudio, se ha contado con una empresa experta en este tipo de trabajos. Se ha dise\u00f1ado un cuestionario donde se ha preguntado sobre las costumbres de consumo y sobre el comercio de la comarca, a trav\u00e9s de una encuesta telef\u00f3nica. Entre otros, se les ha preguntado sobre las costumbres de compra diaria y la ocasional, asi como la asistencia a centros comerciales, y el uso de internet.<\/p>\n<p style=\"text-align: justify;\">En total se han contestado 1.050 cuestionarios elegidos al azar, y para ello, se han tenido en cuenta criterios como la edad, el sexo asi como los municipios de origen. El proyecto dio comienzo en el mes de Marzo con la preparaci\u00f3n del cuestionario y se ha dado por finalizado en el mes de Julio con la interpretaci\u00f3n de los resultados obtenidos. El proyecto ha sido financiado por la Diputacion Foral de Gipuzkoa, dentro del programa de \u00abcompetitividad y cohesi\u00f3n territorial\u00bb.<\/p>\n<p style=\"text-align: justify;\">Los resultados obtenidos y la interpretaci\u00f3n, se quieren compartir con todos los comerciantes en reuni\u00f3nes de trabajo abiertas. Para ello, en cada uno de los municipios, y mas all\u00e1 de presentar los resultados se quiere recoger la valoraci\u00f3n de los propios comerciantes y recoger las principales inquietudes que tienen. Las presentaciones se realizaran, el 9 de Octubre a las 15:00 en Azkoitia, el d\u00eda 19 de Octubre a las 14:30 en Zestoa, y el 24 de Octubre a las 15:00 en Azpeitia. Los detalles se difundir\u00e1n a trav\u00e9s de los medios de comunicaci\u00f3n y tambi\u00e9n a trav\u00e9s de las asociaciones de comerciantes.<\/p>\n<p style=\"text-align: justify;\">El estudio realizado ha arrojado resultados significativos, entre otros, el peso que tiene el peque\u00f1o comercio en la compra del pan-fruta-carne-pescado. Por el contrario, en el resto de productos, la presencia de las grandes superficies se hace notar y tiende a ser mayor. Entre otros resultados, destacar por ejemplo que el 48% de los consumidores han comprado por Internet en el ultimo a\u00f1o. Para finalizar, destacar que la mayor\u00eda de los ciudadanos, esta satisfecho con la oferta comercial que tiene en su municipio.<\/p>\n<img decoding=\"async\" style=\"text-align: center; display: block; margin-left: auto; margin-right: auto;\" src=\"images\/Merkaurola_logoak.png\" alt=\"Merkaurola_logoak.png\" \/>\n","protected":false},"excerpt":{"rendered":"<p>Para conocer las costumbres de consumo de la comarca se ha desarrollado un proyecto en colaboraci\u00f3n entre el Ayuntamiento de Azkoitia, Ayuntamiento de Azpeitia, Ayuntamiento de Zestoa, Dendartean agrupaci\u00f3n de asociaciones de comerciantes, hosteleros, empresas de servicios y aut\u00f3nomos de Gipuzkoa, Herrixen \u2013 Asociaci\u00f3n de comerciantes de Azkoitia-, Bertan \u2013 Asociaci\u00f3n de comerciantes e Azpeitia [&hellip;]<\/p>\n","protected":false},"author":1,"featured_media":17930,"comment_status":"","ping_status":"closed","sticky":false,"template":"","format":"standard","meta":{"_acf_changed":false,"footnotes":""},"categories":[4],"tags":[],"class_list":["post-12238","post","type-post","status-publish","format-standard","has-post-thumbnail","hentry","category-noticias"],"acf":[],"yoast_head":"<!-- This site is optimized with the Yoast SEO plugin v27.4 - https:\/\/yoast.com\/product\/yoast-seo-wordpress\/ -->\n<title>Se ha desarrollado un proyecto en Urola Erdia para conocer los h\u00e1bitos de consumo de la comarca - Iraurgi Berritzen<\/title>\n<meta name=\"robots\" content=\"index, follow, max-snippet:-1, max-image-preview:large, max-video-preview:-1\" \/>\n<link rel=\"canonical\" href=\"https:\/\/iraurgiberritzen.eus\/es\/se-ha-desarrollado-un-proyecto-en-urola-erdia-para-conocer-los-habitos-de-consumo-de-la-comarca\/\" \/>\n<meta property=\"og:locale\" content=\"es_ES\" \/>\n<meta property=\"og:type\" content=\"article\" \/>\n<meta property=\"og:title\" content=\"Se ha desarrollado un proyecto en Urola Erdia para conocer los h\u00e1bitos de consumo de la comarca - Iraurgi Berritzen\" \/>\n<meta property=\"og:description\" content=\"Para conocer las costumbres de consumo de la comarca se ha desarrollado un proyecto en colaboraci\u00f3n entre el Ayuntamiento de Azkoitia, Ayuntamiento de Azpeitia, Ayuntamiento de Zestoa, Dendartean agrupaci\u00f3n de asociaciones de comerciantes, hosteleros, empresas de servicios y aut\u00f3nomos de Gipuzkoa, Herrixen \u2013 Asociaci\u00f3n de comerciantes de Azkoitia-, Bertan \u2013 Asociaci\u00f3n de comerciantes e Azpeitia [&hellip;]\" \/>\n<meta property=\"og:url\" content=\"https:\/\/iraurgiberritzen.eus\/es\/se-ha-desarrollado-un-proyecto-en-urola-erdia-para-conocer-los-habitos-de-consumo-de-la-comarca\/\" \/>\n<meta property=\"og:site_name\" content=\"Iraurgi Berritzen\" \/>\n<meta property=\"article:published_time\" content=\"2017-09-19T04:30:52+00:00\" \/>\n<meta name=\"author\" content=\"kudeatzailea\" \/>\n<meta name=\"twitter:card\" content=\"summary_large_image\" \/>\n<meta name=\"twitter:label1\" content=\"Escrito por\" \/>\n\t<meta name=\"twitter:data1\" content=\"kudeatzailea\" \/>\n\t<meta name=\"twitter:label2\" content=\"Tiempo de lectura\" \/>\n\t<meta name=\"twitter:data2\" content=\"3 minutos\" \/>\n<script type=\"application\/ld+json\" class=\"yoast-schema-graph\">{\"@context\":\"https:\\\/\\\/schema.org\",\"@graph\":[{\"@type\":\"Article\",\"@id\":\"https:\\\/\\\/iraurgiberritzen.eus\\\/es\\\/se-ha-desarrollado-un-proyecto-en-urola-erdia-para-conocer-los-habitos-de-consumo-de-la-comarca\\\/#article\",\"isPartOf\":{\"@id\":\"https:\\\/\\\/iraurgiberritzen.eus\\\/es\\\/se-ha-desarrollado-un-proyecto-en-urola-erdia-para-conocer-los-habitos-de-consumo-de-la-comarca\\\/\"},\"author\":{\"name\":\"kudeatzailea\",\"@id\":\"https:\\\/\\\/iraurgiberritzen.eus\\\/es\\\/#\\\/schema\\\/person\\\/5ab41aaf388a9097177601ebf45738d2\"},\"headline\":\"Se ha desarrollado un proyecto en Urola Erdia para conocer los h\u00e1bitos de consumo de la comarca\",\"datePublished\":\"2017-09-19T04:30:52+00:00\",\"mainEntityOfPage\":{\"@id\":\"https:\\\/\\\/iraurgiberritzen.eus\\\/es\\\/se-ha-desarrollado-un-proyecto-en-urola-erdia-para-conocer-los-habitos-de-consumo-de-la-comarca\\\/\"},\"wordCount\":567,\"publisher\":{\"@id\":\"https:\\\/\\\/iraurgiberritzen.eus\\\/es\\\/#organization\"},\"image\":{\"@id\":\"https:\\\/\\\/iraurgiberritzen.eus\\\/es\\\/se-ha-desarrollado-un-proyecto-en-urola-erdia-para-conocer-los-habitos-de-consumo-de-la-comarca\\\/#primaryimage\"},\"thumbnailUrl\":\"https:\\\/\\\/iraurgiberritzen.eus\\\/wp-content\\\/uploads\\\/2023\\\/09\\\/9e7fc301c24011e6d40ec6dd798bf290.jpg\",\"articleSection\":[\"Noticias\"],\"inLanguage\":\"es\"},{\"@type\":\"WebPage\",\"@id\":\"https:\\\/\\\/iraurgiberritzen.eus\\\/es\\\/se-ha-desarrollado-un-proyecto-en-urola-erdia-para-conocer-los-habitos-de-consumo-de-la-comarca\\\/\",\"url\":\"https:\\\/\\\/iraurgiberritzen.eus\\\/es\\\/se-ha-desarrollado-un-proyecto-en-urola-erdia-para-conocer-los-habitos-de-consumo-de-la-comarca\\\/\",\"name\":\"Se ha desarrollado un proyecto en Urola Erdia para conocer los h\u00e1bitos de consumo de la comarca - Iraurgi Berritzen\",\"isPartOf\":{\"@id\":\"https:\\\/\\\/iraurgiberritzen.eus\\\/es\\\/#website\"},\"primaryImageOfPage\":{\"@id\":\"https:\\\/\\\/iraurgiberritzen.eus\\\/es\\\/se-ha-desarrollado-un-proyecto-en-urola-erdia-para-conocer-los-habitos-de-consumo-de-la-comarca\\\/#primaryimage\"},\"image\":{\"@id\":\"https:\\\/\\\/iraurgiberritzen.eus\\\/es\\\/se-ha-desarrollado-un-proyecto-en-urola-erdia-para-conocer-los-habitos-de-consumo-de-la-comarca\\\/#primaryimage\"},\"thumbnailUrl\":\"https:\\\/\\\/iraurgiberritzen.eus\\\/wp-content\\\/uploads\\\/2023\\\/09\\\/9e7fc301c24011e6d40ec6dd798bf290.jpg\",\"datePublished\":\"2017-09-19T04:30:52+00:00\",\"breadcrumb\":{\"@id\":\"https:\\\/\\\/iraurgiberritzen.eus\\\/es\\\/se-ha-desarrollado-un-proyecto-en-urola-erdia-para-conocer-los-habitos-de-consumo-de-la-comarca\\\/#breadcrumb\"},\"inLanguage\":\"es\",\"potentialAction\":[{\"@type\":\"ReadAction\",\"target\":[\"https:\\\/\\\/iraurgiberritzen.eus\\\/es\\\/se-ha-desarrollado-un-proyecto-en-urola-erdia-para-conocer-los-habitos-de-consumo-de-la-comarca\\\/\"]}]},{\"@type\":\"ImageObject\",\"inLanguage\":\"es\",\"@id\":\"https:\\\/\\\/iraurgiberritzen.eus\\\/es\\\/se-ha-desarrollado-un-proyecto-en-urola-erdia-para-conocer-los-habitos-de-consumo-de-la-comarca\\\/#primaryimage\",\"url\":\"https:\\\/\\\/iraurgiberritzen.eus\\\/wp-content\\\/uploads\\\/2023\\\/09\\\/9e7fc301c24011e6d40ec6dd798bf290.jpg\",\"contentUrl\":\"https:\\\/\\\/iraurgiberritzen.eus\\\/wp-content\\\/uploads\\\/2023\\\/09\\\/9e7fc301c24011e6d40ec6dd798bf290.jpg\",\"width\":600,\"height\":386},{\"@type\":\"BreadcrumbList\",\"@id\":\"https:\\\/\\\/iraurgiberritzen.eus\\\/es\\\/se-ha-desarrollado-un-proyecto-en-urola-erdia-para-conocer-los-habitos-de-consumo-de-la-comarca\\\/#breadcrumb\",\"itemListElement\":[{\"@type\":\"ListItem\",\"position\":1,\"name\":\"Home\",\"item\":\"https:\\\/\\\/iraurgiberritzen.eus\\\/es\\\/\"},{\"@type\":\"ListItem\",\"position\":2,\"name\":\"Se ha desarrollado un proyecto en Urola Erdia para conocer los h\u00e1bitos de consumo de la comarca\"}]},{\"@type\":\"WebSite\",\"@id\":\"https:\\\/\\\/iraurgiberritzen.eus\\\/es\\\/#website\",\"url\":\"https:\\\/\\\/iraurgiberritzen.eus\\\/es\\\/\",\"name\":\"Iraurgi Berritzen\",\"description\":\"Urola Erdiko Garapen Agentzia\",\"publisher\":{\"@id\":\"https:\\\/\\\/iraurgiberritzen.eus\\\/es\\\/#organization\"},\"potentialAction\":[{\"@type\":\"SearchAction\",\"target\":{\"@type\":\"EntryPoint\",\"urlTemplate\":\"https:\\\/\\\/iraurgiberritzen.eus\\\/es\\\/?s={search_term_string}\"},\"query-input\":{\"@type\":\"PropertyValueSpecification\",\"valueRequired\":true,\"valueName\":\"search_term_string\"}}],\"inLanguage\":\"es\"},{\"@type\":\"Organization\",\"@id\":\"https:\\\/\\\/iraurgiberritzen.eus\\\/es\\\/#organization\",\"name\":\"Iraurgi Berritzen\",\"url\":\"https:\\\/\\\/iraurgiberritzen.eus\\\/es\\\/\",\"logo\":{\"@type\":\"ImageObject\",\"inLanguage\":\"es\",\"@id\":\"https:\\\/\\\/iraurgiberritzen.eus\\\/es\\\/#\\\/schema\\\/logo\\\/image\\\/\",\"url\":\"https:\\\/\\\/iraurgiberritzen.eus\\\/wp-content\\\/uploads\\\/2024\\\/02\\\/IRAURGI-BERRITZEN-logotipoa_2.png\",\"contentUrl\":\"https:\\\/\\\/iraurgiberritzen.eus\\\/wp-content\\\/uploads\\\/2024\\\/02\\\/IRAURGI-BERRITZEN-logotipoa_2.png\",\"width\":496,\"height\":190,\"caption\":\"Iraurgi Berritzen\"},\"image\":{\"@id\":\"https:\\\/\\\/iraurgiberritzen.eus\\\/es\\\/#\\\/schema\\\/logo\\\/image\\\/\"}},{\"@type\":\"Person\",\"@id\":\"https:\\\/\\\/iraurgiberritzen.eus\\\/es\\\/#\\\/schema\\\/person\\\/5ab41aaf388a9097177601ebf45738d2\",\"name\":\"kudeatzailea\",\"sameAs\":[\"https:\\\/\\\/iraurgiberritzen.eus\"]}]}<\/script>\n<!-- \/ Yoast SEO plugin. -->","yoast_head_json":{"title":"Se ha desarrollado un proyecto en Urola Erdia para conocer los h\u00e1bitos de consumo de la comarca - Iraurgi Berritzen","robots":{"index":"index","follow":"follow","max-snippet":"max-snippet:-1","max-image-preview":"max-image-preview:large","max-video-preview":"max-video-preview:-1"},"canonical":"https:\/\/iraurgiberritzen.eus\/es\/se-ha-desarrollado-un-proyecto-en-urola-erdia-para-conocer-los-habitos-de-consumo-de-la-comarca\/","og_locale":"es_ES","og_type":"article","og_title":"Se ha desarrollado un proyecto en Urola Erdia para conocer los h\u00e1bitos de consumo de la comarca - Iraurgi Berritzen","og_description":"Para conocer las costumbres de consumo de la comarca se ha desarrollado un proyecto en colaboraci\u00f3n entre el Ayuntamiento de Azkoitia, Ayuntamiento de Azpeitia, Ayuntamiento de Zestoa, Dendartean agrupaci\u00f3n de asociaciones de comerciantes, hosteleros, empresas de servicios y aut\u00f3nomos de Gipuzkoa, Herrixen \u2013 Asociaci\u00f3n de comerciantes de Azkoitia-, Bertan \u2013 Asociaci\u00f3n de comerciantes e Azpeitia [&hellip;]","og_url":"https:\/\/iraurgiberritzen.eus\/es\/se-ha-desarrollado-un-proyecto-en-urola-erdia-para-conocer-los-habitos-de-consumo-de-la-comarca\/","og_site_name":"Iraurgi Berritzen","article_published_time":"2017-09-19T04:30:52+00:00","author":"kudeatzailea","twitter_card":"summary_large_image","twitter_misc":{"Escrito por":"kudeatzailea","Tiempo de lectura":"3 minutos"},"schema":{"@context":"https:\/\/schema.org","@graph":[{"@type":"Article","@id":"https:\/\/iraurgiberritzen.eus\/es\/se-ha-desarrollado-un-proyecto-en-urola-erdia-para-conocer-los-habitos-de-consumo-de-la-comarca\/#article","isPartOf":{"@id":"https:\/\/iraurgiberritzen.eus\/es\/se-ha-desarrollado-un-proyecto-en-urola-erdia-para-conocer-los-habitos-de-consumo-de-la-comarca\/"},"author":{"name":"kudeatzailea","@id":"https:\/\/iraurgiberritzen.eus\/es\/#\/schema\/person\/5ab41aaf388a9097177601ebf45738d2"},"headline":"Se ha desarrollado un proyecto en Urola Erdia para conocer los h\u00e1bitos de consumo de la comarca","datePublished":"2017-09-19T04:30:52+00:00","mainEntityOfPage":{"@id":"https:\/\/iraurgiberritzen.eus\/es\/se-ha-desarrollado-un-proyecto-en-urola-erdia-para-conocer-los-habitos-de-consumo-de-la-comarca\/"},"wordCount":567,"publisher":{"@id":"https:\/\/iraurgiberritzen.eus\/es\/#organization"},"image":{"@id":"https:\/\/iraurgiberritzen.eus\/es\/se-ha-desarrollado-un-proyecto-en-urola-erdia-para-conocer-los-habitos-de-consumo-de-la-comarca\/#primaryimage"},"thumbnailUrl":"https:\/\/iraurgiberritzen.eus\/wp-content\/uploads\/2023\/09\/9e7fc301c24011e6d40ec6dd798bf290.jpg","articleSection":["Noticias"],"inLanguage":"es"},{"@type":"WebPage","@id":"https:\/\/iraurgiberritzen.eus\/es\/se-ha-desarrollado-un-proyecto-en-urola-erdia-para-conocer-los-habitos-de-consumo-de-la-comarca\/","url":"https:\/\/iraurgiberritzen.eus\/es\/se-ha-desarrollado-un-proyecto-en-urola-erdia-para-conocer-los-habitos-de-consumo-de-la-comarca\/","name":"Se ha desarrollado un proyecto en Urola Erdia para conocer los h\u00e1bitos de consumo de la comarca - Iraurgi Berritzen","isPartOf":{"@id":"https:\/\/iraurgiberritzen.eus\/es\/#website"},"primaryImageOfPage":{"@id":"https:\/\/iraurgiberritzen.eus\/es\/se-ha-desarrollado-un-proyecto-en-urola-erdia-para-conocer-los-habitos-de-consumo-de-la-comarca\/#primaryimage"},"image":{"@id":"https:\/\/iraurgiberritzen.eus\/es\/se-ha-desarrollado-un-proyecto-en-urola-erdia-para-conocer-los-habitos-de-consumo-de-la-comarca\/#primaryimage"},"thumbnailUrl":"https:\/\/iraurgiberritzen.eus\/wp-content\/uploads\/2023\/09\/9e7fc301c24011e6d40ec6dd798bf290.jpg","datePublished":"2017-09-19T04:30:52+00:00","breadcrumb":{"@id":"https:\/\/iraurgiberritzen.eus\/es\/se-ha-desarrollado-un-proyecto-en-urola-erdia-para-conocer-los-habitos-de-consumo-de-la-comarca\/#breadcrumb"},"inLanguage":"es","potentialAction":[{"@type":"ReadAction","target":["https:\/\/iraurgiberritzen.eus\/es\/se-ha-desarrollado-un-proyecto-en-urola-erdia-para-conocer-los-habitos-de-consumo-de-la-comarca\/"]}]},{"@type":"ImageObject","inLanguage":"es","@id":"https:\/\/iraurgiberritzen.eus\/es\/se-ha-desarrollado-un-proyecto-en-urola-erdia-para-conocer-los-habitos-de-consumo-de-la-comarca\/#primaryimage","url":"https:\/\/iraurgiberritzen.eus\/wp-content\/uploads\/2023\/09\/9e7fc301c24011e6d40ec6dd798bf290.jpg","contentUrl":"https:\/\/iraurgiberritzen.eus\/wp-content\/uploads\/2023\/09\/9e7fc301c24011e6d40ec6dd798bf290.jpg","width":600,"height":386},{"@type":"BreadcrumbList","@id":"https:\/\/iraurgiberritzen.eus\/es\/se-ha-desarrollado-un-proyecto-en-urola-erdia-para-conocer-los-habitos-de-consumo-de-la-comarca\/#breadcrumb","itemListElement":[{"@type":"ListItem","position":1,"name":"Home","item":"https:\/\/iraurgiberritzen.eus\/es\/"},{"@type":"ListItem","position":2,"name":"Se ha desarrollado un proyecto en Urola Erdia para conocer los h\u00e1bitos de consumo de la comarca"}]},{"@type":"WebSite","@id":"https:\/\/iraurgiberritzen.eus\/es\/#website","url":"https:\/\/iraurgiberritzen.eus\/es\/","name":"Iraurgi Berritzen","description":"Urola Erdiko Garapen Agentzia","publisher":{"@id":"https:\/\/iraurgiberritzen.eus\/es\/#organization"},"potentialAction":[{"@type":"SearchAction","target":{"@type":"EntryPoint","urlTemplate":"https:\/\/iraurgiberritzen.eus\/es\/?s={search_term_string}"},"query-input":{"@type":"PropertyValueSpecification","valueRequired":true,"valueName":"search_term_string"}}],"inLanguage":"es"},{"@type":"Organization","@id":"https:\/\/iraurgiberritzen.eus\/es\/#organization","name":"Iraurgi Berritzen","url":"https:\/\/iraurgiberritzen.eus\/es\/","logo":{"@type":"ImageObject","inLanguage":"es","@id":"https:\/\/iraurgiberritzen.eus\/es\/#\/schema\/logo\/image\/","url":"https:\/\/iraurgiberritzen.eus\/wp-content\/uploads\/2024\/02\/IRAURGI-BERRITZEN-logotipoa_2.png","contentUrl":"https:\/\/iraurgiberritzen.eus\/wp-content\/uploads\/2024\/02\/IRAURGI-BERRITZEN-logotipoa_2.png","width":496,"height":190,"caption":"Iraurgi Berritzen"},"image":{"@id":"https:\/\/iraurgiberritzen.eus\/es\/#\/schema\/logo\/image\/"}},{"@type":"Person","@id":"https:\/\/iraurgiberritzen.eus\/es\/#\/schema\/person\/5ab41aaf388a9097177601ebf45738d2","name":"kudeatzailea","sameAs":["https:\/\/iraurgiberritzen.eus"]}]}},"_links":{"self":[{"href":"https:\/\/iraurgiberritzen.eus\/es\/wp-json\/wp\/v2\/posts\/12238","targetHints":{"allow":["GET"]}}],"collection":[{"href":"https:\/\/iraurgiberritzen.eus\/es\/wp-json\/wp\/v2\/posts"}],"about":[{"href":"https:\/\/iraurgiberritzen.eus\/es\/wp-json\/wp\/v2\/types\/post"}],"author":[{"embeddable":true,"href":"https:\/\/iraurgiberritzen.eus\/es\/wp-json\/wp\/v2\/users\/1"}],"replies":[{"embeddable":true,"href":"https:\/\/iraurgiberritzen.eus\/es\/wp-json\/wp\/v2\/comments?post=12238"}],"version-history":[{"count":0,"href":"https:\/\/iraurgiberritzen.eus\/es\/wp-json\/wp\/v2\/posts\/12238\/revisions"}],"wp:featuredmedia":[{"embeddable":true,"href":"https:\/\/iraurgiberritzen.eus\/es\/wp-json\/wp\/v2\/media\/17930"}],"wp:attachment":[{"href":"https:\/\/iraurgiberritzen.eus\/es\/wp-json\/wp\/v2\/media?parent=12238"}],"wp:term":[{"taxonomy":"category","embeddable":true,"href":"https:\/\/iraurgiberritzen.eus\/es\/wp-json\/wp\/v2\/categories?post=12238"},{"taxonomy":"post_tag","embeddable":true,"href":"https:\/\/iraurgiberritzen.eus\/es\/wp-json\/wp\/v2\/tags?post=12238"}],"curies":[{"name":"wp","href":"https:\/\/api.w.org\/{rel}","templated":true}]}}