{"id":12241,"date":"2017-09-22T06:19:11","date_gmt":"2017-09-22T04:19:11","guid":{"rendered":"https:\/\/iraurgiberritzen.eus\/balance-positivo-de-la-actividad-turistica-del-verano-desde-la-oficina-de-turismo-comarcal-de-urola-erdia-santuario-de-loyola\/"},"modified":"2017-09-22T06:19:11","modified_gmt":"2017-09-22T04:19:11","slug":"balance-positivo-de-la-actividad-turistica-del-verano-desde-la-oficina-de-turismo-comarcal-de-urola-erdia-santuario-de-loyola","status":"publish","type":"post","link":"https:\/\/iraurgiberritzen.eus\/es\/balance-positivo-de-la-actividad-turistica-del-verano-desde-la-oficina-de-turismo-comarcal-de-urola-erdia-santuario-de-loyola\/","title":{"rendered":"Balance positivo de la actividad tur\u00edstica del Verano desde la oficina de turismo comarcal de Urola Erdia (Santuario de Loyola)"},"content":{"rendered":"<p>La actividad (n\u00ba de turistas atendidos) de la oficina de turismo comarcal gestionado por Iraurgi Berritzen se ha mantenido en niveles del verano del 2016, gracias sobre todo a que ha aumentado el n\u00ba de turistas extranjeros que ha paliado el descenso sufrido de los provenientes de la CAPV.<\/p>\n<p style=\"text-align: justify;\">Han sido 8.461 los turistas atendidos entre el 1 de Julio y el 31 de Agosto, temporada considerada como alta por iTourbask, la red de oficinas de turismo del Pa\u00eds Vasco. 612 (7%) proven\u00edan de Euskadi, 4.580 (54%) del Estado Espa\u00f1ol y 3.269 (39%) de pa\u00edses extranjeros.<\/p>\n<p style=\"text-align: justify;\">La mitad de ellos han sido turistas que formaban parte de un grupo organizado por Agencia de viajes o equivalentes mientras que el otro 50% han viajad por su cuenta.<\/p>\n<p style=\"text-align: justify;\">Este trasvase del turismo local hacia el extranjero es un hecho a tener en cuenta y que valoramos de manera positiva, ya que en este caso estar\u00edamos hablando de rentas provenientes del exterior, que son el pilar de la actividad tur\u00edstica en t\u00e9rminos econ\u00f3micos.<\/p>\n","protected":false},"excerpt":{"rendered":"<p>La actividad (n\u00ba de turistas atendidos) de la oficina de turismo comarcal gestionado por Iraurgi Berritzen se ha mantenido en niveles del verano del 2016, gracias sobre todo a que ha aumentado el n\u00ba de turistas extranjeros que ha paliado el descenso sufrido de los provenientes de la CAPV. Han sido 8.461 los turistas atendidos [&hellip;]<\/p>\n","protected":false},"author":1,"featured_media":17931,"comment_status":"","ping_status":"closed","sticky":false,"template":"","format":"standard","meta":{"_acf_changed":false,"footnotes":""},"categories":[4],"tags":[],"class_list":["post-12241","post","type-post","status-publish","format-standard","has-post-thumbnail","hentry","category-noticias"],"acf":[],"yoast_head":"<!-- This site is optimized with the Yoast SEO plugin v27.4 - https:\/\/yoast.com\/product\/yoast-seo-wordpress\/ -->\n<title>Balance positivo de la actividad tur\u00edstica del Verano desde la oficina de turismo comarcal de Urola Erdia (Santuario de Loyola) - Iraurgi Berritzen<\/title>\n<meta name=\"robots\" content=\"index, follow, max-snippet:-1, max-image-preview:large, max-video-preview:-1\" \/>\n<link rel=\"canonical\" href=\"https:\/\/iraurgiberritzen.eus\/es\/balance-positivo-de-la-actividad-turistica-del-verano-desde-la-oficina-de-turismo-comarcal-de-urola-erdia-santuario-de-loyola\/\" \/>\n<meta property=\"og:locale\" content=\"es_ES\" \/>\n<meta property=\"og:type\" content=\"article\" \/>\n<meta property=\"og:title\" content=\"Balance positivo de la actividad tur\u00edstica del Verano desde la oficina de turismo comarcal de Urola Erdia (Santuario de Loyola) - Iraurgi Berritzen\" \/>\n<meta property=\"og:description\" content=\"La actividad (n\u00ba de turistas atendidos) de la oficina de turismo comarcal gestionado por Iraurgi Berritzen se ha mantenido en niveles del verano del 2016, gracias sobre todo a que ha aumentado el n\u00ba de turistas extranjeros que ha paliado el descenso sufrido de los provenientes de la CAPV. Han sido 8.461 los turistas atendidos [&hellip;]\" \/>\n<meta property=\"og:url\" content=\"https:\/\/iraurgiberritzen.eus\/es\/balance-positivo-de-la-actividad-turistica-del-verano-desde-la-oficina-de-turismo-comarcal-de-urola-erdia-santuario-de-loyola\/\" \/>\n<meta property=\"og:site_name\" content=\"Iraurgi Berritzen\" \/>\n<meta property=\"article:published_time\" content=\"2017-09-22T04:19:11+00:00\" \/>\n<meta name=\"author\" content=\"kudeatzailea\" \/>\n<meta name=\"twitter:card\" content=\"summary_large_image\" \/>\n<meta name=\"twitter:label1\" content=\"Escrito por\" \/>\n\t<meta name=\"twitter:data1\" content=\"kudeatzailea\" \/>\n\t<meta name=\"twitter:label2\" content=\"Tiempo de lectura\" \/>\n\t<meta name=\"twitter:data2\" content=\"1 minuto\" \/>\n<script type=\"application\/ld+json\" class=\"yoast-schema-graph\">{\"@context\":\"https:\\\/\\\/schema.org\",\"@graph\":[{\"@type\":\"Article\",\"@id\":\"https:\\\/\\\/iraurgiberritzen.eus\\\/es\\\/balance-positivo-de-la-actividad-turistica-del-verano-desde-la-oficina-de-turismo-comarcal-de-urola-erdia-santuario-de-loyola\\\/#article\",\"isPartOf\":{\"@id\":\"https:\\\/\\\/iraurgiberritzen.eus\\\/es\\\/balance-positivo-de-la-actividad-turistica-del-verano-desde-la-oficina-de-turismo-comarcal-de-urola-erdia-santuario-de-loyola\\\/\"},\"author\":{\"name\":\"kudeatzailea\",\"@id\":\"https:\\\/\\\/iraurgiberritzen.eus\\\/es\\\/#\\\/schema\\\/person\\\/5ab41aaf388a9097177601ebf45738d2\"},\"headline\":\"Balance positivo de la actividad tur\u00edstica del Verano desde la oficina de turismo comarcal de Urola Erdia (Santuario de Loyola)\",\"datePublished\":\"2017-09-22T04:19:11+00:00\",\"mainEntityOfPage\":{\"@id\":\"https:\\\/\\\/iraurgiberritzen.eus\\\/es\\\/balance-positivo-de-la-actividad-turistica-del-verano-desde-la-oficina-de-turismo-comarcal-de-urola-erdia-santuario-de-loyola\\\/\"},\"wordCount\":188,\"publisher\":{\"@id\":\"https:\\\/\\\/iraurgiberritzen.eus\\\/es\\\/#organization\"},\"image\":{\"@id\":\"https:\\\/\\\/iraurgiberritzen.eus\\\/es\\\/balance-positivo-de-la-actividad-turistica-del-verano-desde-la-oficina-de-turismo-comarcal-de-urola-erdia-santuario-de-loyola\\\/#primaryimage\"},\"thumbnailUrl\":\"https:\\\/\\\/iraurgiberritzen.eus\\\/wp-content\\\/uploads\\\/2023\\\/09\\\/ba8105ffcbf1e654523b3092c0b2fd33.jpg\",\"articleSection\":[\"Noticias\"],\"inLanguage\":\"es\"},{\"@type\":\"WebPage\",\"@id\":\"https:\\\/\\\/iraurgiberritzen.eus\\\/es\\\/balance-positivo-de-la-actividad-turistica-del-verano-desde-la-oficina-de-turismo-comarcal-de-urola-erdia-santuario-de-loyola\\\/\",\"url\":\"https:\\\/\\\/iraurgiberritzen.eus\\\/es\\\/balance-positivo-de-la-actividad-turistica-del-verano-desde-la-oficina-de-turismo-comarcal-de-urola-erdia-santuario-de-loyola\\\/\",\"name\":\"Balance positivo de la actividad tur\u00edstica del Verano desde la oficina de turismo comarcal de Urola Erdia (Santuario de Loyola) - Iraurgi Berritzen\",\"isPartOf\":{\"@id\":\"https:\\\/\\\/iraurgiberritzen.eus\\\/es\\\/#website\"},\"primaryImageOfPage\":{\"@id\":\"https:\\\/\\\/iraurgiberritzen.eus\\\/es\\\/balance-positivo-de-la-actividad-turistica-del-verano-desde-la-oficina-de-turismo-comarcal-de-urola-erdia-santuario-de-loyola\\\/#primaryimage\"},\"image\":{\"@id\":\"https:\\\/\\\/iraurgiberritzen.eus\\\/es\\\/balance-positivo-de-la-actividad-turistica-del-verano-desde-la-oficina-de-turismo-comarcal-de-urola-erdia-santuario-de-loyola\\\/#primaryimage\"},\"thumbnailUrl\":\"https:\\\/\\\/iraurgiberritzen.eus\\\/wp-content\\\/uploads\\\/2023\\\/09\\\/ba8105ffcbf1e654523b3092c0b2fd33.jpg\",\"datePublished\":\"2017-09-22T04:19:11+00:00\",\"breadcrumb\":{\"@id\":\"https:\\\/\\\/iraurgiberritzen.eus\\\/es\\\/balance-positivo-de-la-actividad-turistica-del-verano-desde-la-oficina-de-turismo-comarcal-de-urola-erdia-santuario-de-loyola\\\/#breadcrumb\"},\"inLanguage\":\"es\",\"potentialAction\":[{\"@type\":\"ReadAction\",\"target\":[\"https:\\\/\\\/iraurgiberritzen.eus\\\/es\\\/balance-positivo-de-la-actividad-turistica-del-verano-desde-la-oficina-de-turismo-comarcal-de-urola-erdia-santuario-de-loyola\\\/\"]}]},{\"@type\":\"ImageObject\",\"inLanguage\":\"es\",\"@id\":\"https:\\\/\\\/iraurgiberritzen.eus\\\/es\\\/balance-positivo-de-la-actividad-turistica-del-verano-desde-la-oficina-de-turismo-comarcal-de-urola-erdia-santuario-de-loyola\\\/#primaryimage\",\"url\":\"https:\\\/\\\/iraurgiberritzen.eus\\\/wp-content\\\/uploads\\\/2023\\\/09\\\/ba8105ffcbf1e654523b3092c0b2fd33.jpg\",\"contentUrl\":\"https:\\\/\\\/iraurgiberritzen.eus\\\/wp-content\\\/uploads\\\/2023\\\/09\\\/ba8105ffcbf1e654523b3092c0b2fd33.jpg\",\"width\":600,\"height\":386},{\"@type\":\"BreadcrumbList\",\"@id\":\"https:\\\/\\\/iraurgiberritzen.eus\\\/es\\\/balance-positivo-de-la-actividad-turistica-del-verano-desde-la-oficina-de-turismo-comarcal-de-urola-erdia-santuario-de-loyola\\\/#breadcrumb\",\"itemListElement\":[{\"@type\":\"ListItem\",\"position\":1,\"name\":\"Home\",\"item\":\"https:\\\/\\\/iraurgiberritzen.eus\\\/es\\\/\"},{\"@type\":\"ListItem\",\"position\":2,\"name\":\"Balance positivo de la actividad tur\u00edstica del Verano desde la oficina de turismo comarcal de Urola Erdia (Santuario de Loyola)\"}]},{\"@type\":\"WebSite\",\"@id\":\"https:\\\/\\\/iraurgiberritzen.eus\\\/es\\\/#website\",\"url\":\"https:\\\/\\\/iraurgiberritzen.eus\\\/es\\\/\",\"name\":\"Iraurgi Berritzen\",\"description\":\"Urola Erdiko Garapen Agentzia\",\"publisher\":{\"@id\":\"https:\\\/\\\/iraurgiberritzen.eus\\\/es\\\/#organization\"},\"potentialAction\":[{\"@type\":\"SearchAction\",\"target\":{\"@type\":\"EntryPoint\",\"urlTemplate\":\"https:\\\/\\\/iraurgiberritzen.eus\\\/es\\\/?s={search_term_string}\"},\"query-input\":{\"@type\":\"PropertyValueSpecification\",\"valueRequired\":true,\"valueName\":\"search_term_string\"}}],\"inLanguage\":\"es\"},{\"@type\":\"Organization\",\"@id\":\"https:\\\/\\\/iraurgiberritzen.eus\\\/es\\\/#organization\",\"name\":\"Iraurgi Berritzen\",\"url\":\"https:\\\/\\\/iraurgiberritzen.eus\\\/es\\\/\",\"logo\":{\"@type\":\"ImageObject\",\"inLanguage\":\"es\",\"@id\":\"https:\\\/\\\/iraurgiberritzen.eus\\\/es\\\/#\\\/schema\\\/logo\\\/image\\\/\",\"url\":\"https:\\\/\\\/iraurgiberritzen.eus\\\/wp-content\\\/uploads\\\/2024\\\/02\\\/IRAURGI-BERRITZEN-logotipoa_2.png\",\"contentUrl\":\"https:\\\/\\\/iraurgiberritzen.eus\\\/wp-content\\\/uploads\\\/2024\\\/02\\\/IRAURGI-BERRITZEN-logotipoa_2.png\",\"width\":496,\"height\":190,\"caption\":\"Iraurgi Berritzen\"},\"image\":{\"@id\":\"https:\\\/\\\/iraurgiberritzen.eus\\\/es\\\/#\\\/schema\\\/logo\\\/image\\\/\"}},{\"@type\":\"Person\",\"@id\":\"https:\\\/\\\/iraurgiberritzen.eus\\\/es\\\/#\\\/schema\\\/person\\\/5ab41aaf388a9097177601ebf45738d2\",\"name\":\"kudeatzailea\",\"sameAs\":[\"https:\\\/\\\/iraurgiberritzen.eus\"]}]}<\/script>\n<!-- \/ Yoast SEO plugin. -->","yoast_head_json":{"title":"Balance positivo de la actividad tur\u00edstica del Verano desde la oficina de turismo comarcal de Urola Erdia (Santuario de Loyola) - Iraurgi Berritzen","robots":{"index":"index","follow":"follow","max-snippet":"max-snippet:-1","max-image-preview":"max-image-preview:large","max-video-preview":"max-video-preview:-1"},"canonical":"https:\/\/iraurgiberritzen.eus\/es\/balance-positivo-de-la-actividad-turistica-del-verano-desde-la-oficina-de-turismo-comarcal-de-urola-erdia-santuario-de-loyola\/","og_locale":"es_ES","og_type":"article","og_title":"Balance positivo de la actividad tur\u00edstica del Verano desde la oficina de turismo comarcal de Urola Erdia (Santuario de Loyola) - Iraurgi Berritzen","og_description":"La actividad (n\u00ba de turistas atendidos) de la oficina de turismo comarcal gestionado por Iraurgi Berritzen se ha mantenido en niveles del verano del 2016, gracias sobre todo a que ha aumentado el n\u00ba de turistas extranjeros que ha paliado el descenso sufrido de los provenientes de la CAPV. Han sido 8.461 los turistas atendidos [&hellip;]","og_url":"https:\/\/iraurgiberritzen.eus\/es\/balance-positivo-de-la-actividad-turistica-del-verano-desde-la-oficina-de-turismo-comarcal-de-urola-erdia-santuario-de-loyola\/","og_site_name":"Iraurgi Berritzen","article_published_time":"2017-09-22T04:19:11+00:00","author":"kudeatzailea","twitter_card":"summary_large_image","twitter_misc":{"Escrito por":"kudeatzailea","Tiempo de lectura":"1 minuto"},"schema":{"@context":"https:\/\/schema.org","@graph":[{"@type":"Article","@id":"https:\/\/iraurgiberritzen.eus\/es\/balance-positivo-de-la-actividad-turistica-del-verano-desde-la-oficina-de-turismo-comarcal-de-urola-erdia-santuario-de-loyola\/#article","isPartOf":{"@id":"https:\/\/iraurgiberritzen.eus\/es\/balance-positivo-de-la-actividad-turistica-del-verano-desde-la-oficina-de-turismo-comarcal-de-urola-erdia-santuario-de-loyola\/"},"author":{"name":"kudeatzailea","@id":"https:\/\/iraurgiberritzen.eus\/es\/#\/schema\/person\/5ab41aaf388a9097177601ebf45738d2"},"headline":"Balance positivo de la actividad tur\u00edstica del Verano desde la oficina de turismo comarcal de Urola Erdia (Santuario de Loyola)","datePublished":"2017-09-22T04:19:11+00:00","mainEntityOfPage":{"@id":"https:\/\/iraurgiberritzen.eus\/es\/balance-positivo-de-la-actividad-turistica-del-verano-desde-la-oficina-de-turismo-comarcal-de-urola-erdia-santuario-de-loyola\/"},"wordCount":188,"publisher":{"@id":"https:\/\/iraurgiberritzen.eus\/es\/#organization"},"image":{"@id":"https:\/\/iraurgiberritzen.eus\/es\/balance-positivo-de-la-actividad-turistica-del-verano-desde-la-oficina-de-turismo-comarcal-de-urola-erdia-santuario-de-loyola\/#primaryimage"},"thumbnailUrl":"https:\/\/iraurgiberritzen.eus\/wp-content\/uploads\/2023\/09\/ba8105ffcbf1e654523b3092c0b2fd33.jpg","articleSection":["Noticias"],"inLanguage":"es"},{"@type":"WebPage","@id":"https:\/\/iraurgiberritzen.eus\/es\/balance-positivo-de-la-actividad-turistica-del-verano-desde-la-oficina-de-turismo-comarcal-de-urola-erdia-santuario-de-loyola\/","url":"https:\/\/iraurgiberritzen.eus\/es\/balance-positivo-de-la-actividad-turistica-del-verano-desde-la-oficina-de-turismo-comarcal-de-urola-erdia-santuario-de-loyola\/","name":"Balance positivo de la actividad tur\u00edstica del Verano desde la oficina de turismo comarcal de Urola Erdia (Santuario de Loyola) - Iraurgi Berritzen","isPartOf":{"@id":"https:\/\/iraurgiberritzen.eus\/es\/#website"},"primaryImageOfPage":{"@id":"https:\/\/iraurgiberritzen.eus\/es\/balance-positivo-de-la-actividad-turistica-del-verano-desde-la-oficina-de-turismo-comarcal-de-urola-erdia-santuario-de-loyola\/#primaryimage"},"image":{"@id":"https:\/\/iraurgiberritzen.eus\/es\/balance-positivo-de-la-actividad-turistica-del-verano-desde-la-oficina-de-turismo-comarcal-de-urola-erdia-santuario-de-loyola\/#primaryimage"},"thumbnailUrl":"https:\/\/iraurgiberritzen.eus\/wp-content\/uploads\/2023\/09\/ba8105ffcbf1e654523b3092c0b2fd33.jpg","datePublished":"2017-09-22T04:19:11+00:00","breadcrumb":{"@id":"https:\/\/iraurgiberritzen.eus\/es\/balance-positivo-de-la-actividad-turistica-del-verano-desde-la-oficina-de-turismo-comarcal-de-urola-erdia-santuario-de-loyola\/#breadcrumb"},"inLanguage":"es","potentialAction":[{"@type":"ReadAction","target":["https:\/\/iraurgiberritzen.eus\/es\/balance-positivo-de-la-actividad-turistica-del-verano-desde-la-oficina-de-turismo-comarcal-de-urola-erdia-santuario-de-loyola\/"]}]},{"@type":"ImageObject","inLanguage":"es","@id":"https:\/\/iraurgiberritzen.eus\/es\/balance-positivo-de-la-actividad-turistica-del-verano-desde-la-oficina-de-turismo-comarcal-de-urola-erdia-santuario-de-loyola\/#primaryimage","url":"https:\/\/iraurgiberritzen.eus\/wp-content\/uploads\/2023\/09\/ba8105ffcbf1e654523b3092c0b2fd33.jpg","contentUrl":"https:\/\/iraurgiberritzen.eus\/wp-content\/uploads\/2023\/09\/ba8105ffcbf1e654523b3092c0b2fd33.jpg","width":600,"height":386},{"@type":"BreadcrumbList","@id":"https:\/\/iraurgiberritzen.eus\/es\/balance-positivo-de-la-actividad-turistica-del-verano-desde-la-oficina-de-turismo-comarcal-de-urola-erdia-santuario-de-loyola\/#breadcrumb","itemListElement":[{"@type":"ListItem","position":1,"name":"Home","item":"https:\/\/iraurgiberritzen.eus\/es\/"},{"@type":"ListItem","position":2,"name":"Balance positivo de la actividad tur\u00edstica del Verano desde la oficina de turismo comarcal de Urola Erdia (Santuario de Loyola)"}]},{"@type":"WebSite","@id":"https:\/\/iraurgiberritzen.eus\/es\/#website","url":"https:\/\/iraurgiberritzen.eus\/es\/","name":"Iraurgi Berritzen","description":"Urola Erdiko Garapen Agentzia","publisher":{"@id":"https:\/\/iraurgiberritzen.eus\/es\/#organization"},"potentialAction":[{"@type":"SearchAction","target":{"@type":"EntryPoint","urlTemplate":"https:\/\/iraurgiberritzen.eus\/es\/?s={search_term_string}"},"query-input":{"@type":"PropertyValueSpecification","valueRequired":true,"valueName":"search_term_string"}}],"inLanguage":"es"},{"@type":"Organization","@id":"https:\/\/iraurgiberritzen.eus\/es\/#organization","name":"Iraurgi Berritzen","url":"https:\/\/iraurgiberritzen.eus\/es\/","logo":{"@type":"ImageObject","inLanguage":"es","@id":"https:\/\/iraurgiberritzen.eus\/es\/#\/schema\/logo\/image\/","url":"https:\/\/iraurgiberritzen.eus\/wp-content\/uploads\/2024\/02\/IRAURGI-BERRITZEN-logotipoa_2.png","contentUrl":"https:\/\/iraurgiberritzen.eus\/wp-content\/uploads\/2024\/02\/IRAURGI-BERRITZEN-logotipoa_2.png","width":496,"height":190,"caption":"Iraurgi Berritzen"},"image":{"@id":"https:\/\/iraurgiberritzen.eus\/es\/#\/schema\/logo\/image\/"}},{"@type":"Person","@id":"https:\/\/iraurgiberritzen.eus\/es\/#\/schema\/person\/5ab41aaf388a9097177601ebf45738d2","name":"kudeatzailea","sameAs":["https:\/\/iraurgiberritzen.eus"]}]}},"_links":{"self":[{"href":"https:\/\/iraurgiberritzen.eus\/es\/wp-json\/wp\/v2\/posts\/12241","targetHints":{"allow":["GET"]}}],"collection":[{"href":"https:\/\/iraurgiberritzen.eus\/es\/wp-json\/wp\/v2\/posts"}],"about":[{"href":"https:\/\/iraurgiberritzen.eus\/es\/wp-json\/wp\/v2\/types\/post"}],"author":[{"embeddable":true,"href":"https:\/\/iraurgiberritzen.eus\/es\/wp-json\/wp\/v2\/users\/1"}],"replies":[{"embeddable":true,"href":"https:\/\/iraurgiberritzen.eus\/es\/wp-json\/wp\/v2\/comments?post=12241"}],"version-history":[{"count":0,"href":"https:\/\/iraurgiberritzen.eus\/es\/wp-json\/wp\/v2\/posts\/12241\/revisions"}],"wp:featuredmedia":[{"embeddable":true,"href":"https:\/\/iraurgiberritzen.eus\/es\/wp-json\/wp\/v2\/media\/17931"}],"wp:attachment":[{"href":"https:\/\/iraurgiberritzen.eus\/es\/wp-json\/wp\/v2\/media?parent=12241"}],"wp:term":[{"taxonomy":"category","embeddable":true,"href":"https:\/\/iraurgiberritzen.eus\/es\/wp-json\/wp\/v2\/categories?post=12241"},{"taxonomy":"post_tag","embeddable":true,"href":"https:\/\/iraurgiberritzen.eus\/es\/wp-json\/wp\/v2\/tags?post=12241"}],"curies":[{"name":"wp","href":"https:\/\/api.w.org\/{rel}","templated":true}]}}