{"id":12266,"date":"2017-10-20T12:13:37","date_gmt":"2017-10-20T10:13:37","guid":{"rendered":"https:\/\/iraurgiberritzen.eus\/orientadores-de-las-escuelas-disenando-proyectos-de-orientacion-conjuntamente\/"},"modified":"2017-10-20T12:13:37","modified_gmt":"2017-10-20T10:13:37","slug":"orientadores-de-las-escuelas-disenando-proyectos-de-orientacion-conjuntamente","status":"publish","type":"post","link":"https:\/\/iraurgiberritzen.eus\/es\/orientadores-de-las-escuelas-disenando-proyectos-de-orientacion-conjuntamente\/","title":{"rendered":"Orientadores de las escuelas dise\u00f1ando proyectos de orientaci\u00f3n conjuntamente"},"content":{"rendered":"<p style=\"text-align: justify;\">Se ha reunido el grupo de trabajo de los orientadores de los centros escolares de la comarca, dentro del marco de la agencia de innovaci\u00f3n y desarrollo IRAURGI BERRITZEN.<\/p>\n<hr id=\"system-readmore\" \/>\n<p style=\"text-align: justify;\">Han debatido sobre las oportunidades que se nos generan desde la perspectiva de orientaci\u00f3n y an trabajado en la definici\u00f3n y proyecci\u00f3n de acciones concretas en base a diferentes proyectos orientados a la acci\u00f3n.<\/p>\n<p style=\"text-align: justify;\">Uno de los principales objetivos es la de compartir el conocimiento existente entre los diferentes agentes que componen el territorio desde la perspectiva de orientaci\u00f3n, y buscar la articulaci\u00f3n conjunta de estos mundos que a d\u00eda de hoy est\u00e1n tan lejanos.<\/p>\n","protected":false},"excerpt":{"rendered":"<p>Se ha reunido el grupo de trabajo de los orientadores de los centros escolares de la comarca, dentro del marco de la agencia de innovaci\u00f3n y desarrollo IRAURGI BERRITZEN. Han debatido sobre las oportunidades que se nos generan desde la perspectiva de orientaci\u00f3n y an trabajado en la definici\u00f3n y proyecci\u00f3n de acciones concretas en [&hellip;]<\/p>\n","protected":false},"author":1,"featured_media":17923,"comment_status":"","ping_status":"closed","sticky":false,"template":"","format":"standard","meta":{"_acf_changed":false,"footnotes":""},"categories":[4],"tags":[],"class_list":["post-12266","post","type-post","status-publish","format-standard","has-post-thumbnail","hentry","category-noticias"],"acf":[],"yoast_head":"<!-- This site is optimized with the Yoast SEO plugin v27.4 - https:\/\/yoast.com\/product\/yoast-seo-wordpress\/ -->\n<title>Orientadores de las escuelas dise\u00f1ando proyectos de orientaci\u00f3n conjuntamente - Iraurgi Berritzen<\/title>\n<meta name=\"robots\" content=\"index, follow, max-snippet:-1, max-image-preview:large, max-video-preview:-1\" \/>\n<link rel=\"canonical\" href=\"https:\/\/iraurgiberritzen.eus\/es\/orientadores-de-las-escuelas-disenando-proyectos-de-orientacion-conjuntamente\/\" \/>\n<meta property=\"og:locale\" content=\"es_ES\" \/>\n<meta property=\"og:type\" content=\"article\" \/>\n<meta property=\"og:title\" content=\"Orientadores de las escuelas dise\u00f1ando proyectos de orientaci\u00f3n conjuntamente - Iraurgi Berritzen\" \/>\n<meta property=\"og:description\" content=\"Se ha reunido el grupo de trabajo de los orientadores de los centros escolares de la comarca, dentro del marco de la agencia de innovaci\u00f3n y desarrollo IRAURGI BERRITZEN. Han debatido sobre las oportunidades que se nos generan desde la perspectiva de orientaci\u00f3n y an trabajado en la definici\u00f3n y proyecci\u00f3n de acciones concretas en [&hellip;]\" \/>\n<meta property=\"og:url\" content=\"https:\/\/iraurgiberritzen.eus\/es\/orientadores-de-las-escuelas-disenando-proyectos-de-orientacion-conjuntamente\/\" \/>\n<meta property=\"og:site_name\" content=\"Iraurgi Berritzen\" \/>\n<meta property=\"article:published_time\" content=\"2017-10-20T10:13:37+00:00\" \/>\n<meta name=\"author\" content=\"kudeatzailea\" \/>\n<meta name=\"twitter:card\" content=\"summary_large_image\" \/>\n<meta name=\"twitter:label1\" content=\"Escrito por\" \/>\n\t<meta name=\"twitter:data1\" content=\"kudeatzailea\" \/>\n\t<meta name=\"twitter:label2\" content=\"Tiempo de lectura\" \/>\n\t<meta name=\"twitter:data2\" content=\"1 minuto\" \/>\n<script type=\"application\/ld+json\" class=\"yoast-schema-graph\">{\"@context\":\"https:\\\/\\\/schema.org\",\"@graph\":[{\"@type\":\"Article\",\"@id\":\"https:\\\/\\\/iraurgiberritzen.eus\\\/es\\\/orientadores-de-las-escuelas-disenando-proyectos-de-orientacion-conjuntamente\\\/#article\",\"isPartOf\":{\"@id\":\"https:\\\/\\\/iraurgiberritzen.eus\\\/es\\\/orientadores-de-las-escuelas-disenando-proyectos-de-orientacion-conjuntamente\\\/\"},\"author\":{\"name\":\"kudeatzailea\",\"@id\":\"https:\\\/\\\/iraurgiberritzen.eus\\\/es\\\/#\\\/schema\\\/person\\\/5ab41aaf388a9097177601ebf45738d2\"},\"headline\":\"Orientadores de las escuelas dise\u00f1ando proyectos de orientaci\u00f3n conjuntamente\",\"datePublished\":\"2017-10-20T10:13:37+00:00\",\"mainEntityOfPage\":{\"@id\":\"https:\\\/\\\/iraurgiberritzen.eus\\\/es\\\/orientadores-de-las-escuelas-disenando-proyectos-de-orientacion-conjuntamente\\\/\"},\"wordCount\":124,\"publisher\":{\"@id\":\"https:\\\/\\\/iraurgiberritzen.eus\\\/es\\\/#organization\"},\"image\":{\"@id\":\"https:\\\/\\\/iraurgiberritzen.eus\\\/es\\\/orientadores-de-las-escuelas-disenando-proyectos-de-orientacion-conjuntamente\\\/#primaryimage\"},\"thumbnailUrl\":\"https:\\\/\\\/iraurgiberritzen.eus\\\/wp-content\\\/uploads\\\/2023\\\/09\\\/0bb2d4215d5de184c10e9f50ee1d9553.jpg\",\"articleSection\":[\"Noticias\"],\"inLanguage\":\"es\"},{\"@type\":\"WebPage\",\"@id\":\"https:\\\/\\\/iraurgiberritzen.eus\\\/es\\\/orientadores-de-las-escuelas-disenando-proyectos-de-orientacion-conjuntamente\\\/\",\"url\":\"https:\\\/\\\/iraurgiberritzen.eus\\\/es\\\/orientadores-de-las-escuelas-disenando-proyectos-de-orientacion-conjuntamente\\\/\",\"name\":\"Orientadores de las escuelas dise\u00f1ando proyectos de orientaci\u00f3n conjuntamente - Iraurgi Berritzen\",\"isPartOf\":{\"@id\":\"https:\\\/\\\/iraurgiberritzen.eus\\\/es\\\/#website\"},\"primaryImageOfPage\":{\"@id\":\"https:\\\/\\\/iraurgiberritzen.eus\\\/es\\\/orientadores-de-las-escuelas-disenando-proyectos-de-orientacion-conjuntamente\\\/#primaryimage\"},\"image\":{\"@id\":\"https:\\\/\\\/iraurgiberritzen.eus\\\/es\\\/orientadores-de-las-escuelas-disenando-proyectos-de-orientacion-conjuntamente\\\/#primaryimage\"},\"thumbnailUrl\":\"https:\\\/\\\/iraurgiberritzen.eus\\\/wp-content\\\/uploads\\\/2023\\\/09\\\/0bb2d4215d5de184c10e9f50ee1d9553.jpg\",\"datePublished\":\"2017-10-20T10:13:37+00:00\",\"breadcrumb\":{\"@id\":\"https:\\\/\\\/iraurgiberritzen.eus\\\/es\\\/orientadores-de-las-escuelas-disenando-proyectos-de-orientacion-conjuntamente\\\/#breadcrumb\"},\"inLanguage\":\"es\",\"potentialAction\":[{\"@type\":\"ReadAction\",\"target\":[\"https:\\\/\\\/iraurgiberritzen.eus\\\/es\\\/orientadores-de-las-escuelas-disenando-proyectos-de-orientacion-conjuntamente\\\/\"]}]},{\"@type\":\"ImageObject\",\"inLanguage\":\"es\",\"@id\":\"https:\\\/\\\/iraurgiberritzen.eus\\\/es\\\/orientadores-de-las-escuelas-disenando-proyectos-de-orientacion-conjuntamente\\\/#primaryimage\",\"url\":\"https:\\\/\\\/iraurgiberritzen.eus\\\/wp-content\\\/uploads\\\/2023\\\/09\\\/0bb2d4215d5de184c10e9f50ee1d9553.jpg\",\"contentUrl\":\"https:\\\/\\\/iraurgiberritzen.eus\\\/wp-content\\\/uploads\\\/2023\\\/09\\\/0bb2d4215d5de184c10e9f50ee1d9553.jpg\",\"width\":600,\"height\":386},{\"@type\":\"BreadcrumbList\",\"@id\":\"https:\\\/\\\/iraurgiberritzen.eus\\\/es\\\/orientadores-de-las-escuelas-disenando-proyectos-de-orientacion-conjuntamente\\\/#breadcrumb\",\"itemListElement\":[{\"@type\":\"ListItem\",\"position\":1,\"name\":\"Home\",\"item\":\"https:\\\/\\\/iraurgiberritzen.eus\\\/es\\\/\"},{\"@type\":\"ListItem\",\"position\":2,\"name\":\"Orientadores de las escuelas dise\u00f1ando proyectos de orientaci\u00f3n conjuntamente\"}]},{\"@type\":\"WebSite\",\"@id\":\"https:\\\/\\\/iraurgiberritzen.eus\\\/es\\\/#website\",\"url\":\"https:\\\/\\\/iraurgiberritzen.eus\\\/es\\\/\",\"name\":\"Iraurgi Berritzen\",\"description\":\"Urola Erdiko Garapen Agentzia\",\"publisher\":{\"@id\":\"https:\\\/\\\/iraurgiberritzen.eus\\\/es\\\/#organization\"},\"potentialAction\":[{\"@type\":\"SearchAction\",\"target\":{\"@type\":\"EntryPoint\",\"urlTemplate\":\"https:\\\/\\\/iraurgiberritzen.eus\\\/es\\\/?s={search_term_string}\"},\"query-input\":{\"@type\":\"PropertyValueSpecification\",\"valueRequired\":true,\"valueName\":\"search_term_string\"}}],\"inLanguage\":\"es\"},{\"@type\":\"Organization\",\"@id\":\"https:\\\/\\\/iraurgiberritzen.eus\\\/es\\\/#organization\",\"name\":\"Iraurgi Berritzen\",\"url\":\"https:\\\/\\\/iraurgiberritzen.eus\\\/es\\\/\",\"logo\":{\"@type\":\"ImageObject\",\"inLanguage\":\"es\",\"@id\":\"https:\\\/\\\/iraurgiberritzen.eus\\\/es\\\/#\\\/schema\\\/logo\\\/image\\\/\",\"url\":\"https:\\\/\\\/iraurgiberritzen.eus\\\/wp-content\\\/uploads\\\/2024\\\/02\\\/IRAURGI-BERRITZEN-logotipoa_2.png\",\"contentUrl\":\"https:\\\/\\\/iraurgiberritzen.eus\\\/wp-content\\\/uploads\\\/2024\\\/02\\\/IRAURGI-BERRITZEN-logotipoa_2.png\",\"width\":496,\"height\":190,\"caption\":\"Iraurgi Berritzen\"},\"image\":{\"@id\":\"https:\\\/\\\/iraurgiberritzen.eus\\\/es\\\/#\\\/schema\\\/logo\\\/image\\\/\"}},{\"@type\":\"Person\",\"@id\":\"https:\\\/\\\/iraurgiberritzen.eus\\\/es\\\/#\\\/schema\\\/person\\\/5ab41aaf388a9097177601ebf45738d2\",\"name\":\"kudeatzailea\",\"sameAs\":[\"https:\\\/\\\/iraurgiberritzen.eus\"]}]}<\/script>\n<!-- \/ Yoast SEO plugin. -->","yoast_head_json":{"title":"Orientadores de las escuelas dise\u00f1ando proyectos de orientaci\u00f3n conjuntamente - Iraurgi Berritzen","robots":{"index":"index","follow":"follow","max-snippet":"max-snippet:-1","max-image-preview":"max-image-preview:large","max-video-preview":"max-video-preview:-1"},"canonical":"https:\/\/iraurgiberritzen.eus\/es\/orientadores-de-las-escuelas-disenando-proyectos-de-orientacion-conjuntamente\/","og_locale":"es_ES","og_type":"article","og_title":"Orientadores de las escuelas dise\u00f1ando proyectos de orientaci\u00f3n conjuntamente - Iraurgi Berritzen","og_description":"Se ha reunido el grupo de trabajo de los orientadores de los centros escolares de la comarca, dentro del marco de la agencia de innovaci\u00f3n y desarrollo IRAURGI BERRITZEN. Han debatido sobre las oportunidades que se nos generan desde la perspectiva de orientaci\u00f3n y an trabajado en la definici\u00f3n y proyecci\u00f3n de acciones concretas en [&hellip;]","og_url":"https:\/\/iraurgiberritzen.eus\/es\/orientadores-de-las-escuelas-disenando-proyectos-de-orientacion-conjuntamente\/","og_site_name":"Iraurgi Berritzen","article_published_time":"2017-10-20T10:13:37+00:00","author":"kudeatzailea","twitter_card":"summary_large_image","twitter_misc":{"Escrito por":"kudeatzailea","Tiempo de lectura":"1 minuto"},"schema":{"@context":"https:\/\/schema.org","@graph":[{"@type":"Article","@id":"https:\/\/iraurgiberritzen.eus\/es\/orientadores-de-las-escuelas-disenando-proyectos-de-orientacion-conjuntamente\/#article","isPartOf":{"@id":"https:\/\/iraurgiberritzen.eus\/es\/orientadores-de-las-escuelas-disenando-proyectos-de-orientacion-conjuntamente\/"},"author":{"name":"kudeatzailea","@id":"https:\/\/iraurgiberritzen.eus\/es\/#\/schema\/person\/5ab41aaf388a9097177601ebf45738d2"},"headline":"Orientadores de las escuelas dise\u00f1ando proyectos de orientaci\u00f3n conjuntamente","datePublished":"2017-10-20T10:13:37+00:00","mainEntityOfPage":{"@id":"https:\/\/iraurgiberritzen.eus\/es\/orientadores-de-las-escuelas-disenando-proyectos-de-orientacion-conjuntamente\/"},"wordCount":124,"publisher":{"@id":"https:\/\/iraurgiberritzen.eus\/es\/#organization"},"image":{"@id":"https:\/\/iraurgiberritzen.eus\/es\/orientadores-de-las-escuelas-disenando-proyectos-de-orientacion-conjuntamente\/#primaryimage"},"thumbnailUrl":"https:\/\/iraurgiberritzen.eus\/wp-content\/uploads\/2023\/09\/0bb2d4215d5de184c10e9f50ee1d9553.jpg","articleSection":["Noticias"],"inLanguage":"es"},{"@type":"WebPage","@id":"https:\/\/iraurgiberritzen.eus\/es\/orientadores-de-las-escuelas-disenando-proyectos-de-orientacion-conjuntamente\/","url":"https:\/\/iraurgiberritzen.eus\/es\/orientadores-de-las-escuelas-disenando-proyectos-de-orientacion-conjuntamente\/","name":"Orientadores de las escuelas dise\u00f1ando proyectos de orientaci\u00f3n conjuntamente - Iraurgi Berritzen","isPartOf":{"@id":"https:\/\/iraurgiberritzen.eus\/es\/#website"},"primaryImageOfPage":{"@id":"https:\/\/iraurgiberritzen.eus\/es\/orientadores-de-las-escuelas-disenando-proyectos-de-orientacion-conjuntamente\/#primaryimage"},"image":{"@id":"https:\/\/iraurgiberritzen.eus\/es\/orientadores-de-las-escuelas-disenando-proyectos-de-orientacion-conjuntamente\/#primaryimage"},"thumbnailUrl":"https:\/\/iraurgiberritzen.eus\/wp-content\/uploads\/2023\/09\/0bb2d4215d5de184c10e9f50ee1d9553.jpg","datePublished":"2017-10-20T10:13:37+00:00","breadcrumb":{"@id":"https:\/\/iraurgiberritzen.eus\/es\/orientadores-de-las-escuelas-disenando-proyectos-de-orientacion-conjuntamente\/#breadcrumb"},"inLanguage":"es","potentialAction":[{"@type":"ReadAction","target":["https:\/\/iraurgiberritzen.eus\/es\/orientadores-de-las-escuelas-disenando-proyectos-de-orientacion-conjuntamente\/"]}]},{"@type":"ImageObject","inLanguage":"es","@id":"https:\/\/iraurgiberritzen.eus\/es\/orientadores-de-las-escuelas-disenando-proyectos-de-orientacion-conjuntamente\/#primaryimage","url":"https:\/\/iraurgiberritzen.eus\/wp-content\/uploads\/2023\/09\/0bb2d4215d5de184c10e9f50ee1d9553.jpg","contentUrl":"https:\/\/iraurgiberritzen.eus\/wp-content\/uploads\/2023\/09\/0bb2d4215d5de184c10e9f50ee1d9553.jpg","width":600,"height":386},{"@type":"BreadcrumbList","@id":"https:\/\/iraurgiberritzen.eus\/es\/orientadores-de-las-escuelas-disenando-proyectos-de-orientacion-conjuntamente\/#breadcrumb","itemListElement":[{"@type":"ListItem","position":1,"name":"Home","item":"https:\/\/iraurgiberritzen.eus\/es\/"},{"@type":"ListItem","position":2,"name":"Orientadores de las escuelas dise\u00f1ando proyectos de orientaci\u00f3n conjuntamente"}]},{"@type":"WebSite","@id":"https:\/\/iraurgiberritzen.eus\/es\/#website","url":"https:\/\/iraurgiberritzen.eus\/es\/","name":"Iraurgi Berritzen","description":"Urola Erdiko Garapen Agentzia","publisher":{"@id":"https:\/\/iraurgiberritzen.eus\/es\/#organization"},"potentialAction":[{"@type":"SearchAction","target":{"@type":"EntryPoint","urlTemplate":"https:\/\/iraurgiberritzen.eus\/es\/?s={search_term_string}"},"query-input":{"@type":"PropertyValueSpecification","valueRequired":true,"valueName":"search_term_string"}}],"inLanguage":"es"},{"@type":"Organization","@id":"https:\/\/iraurgiberritzen.eus\/es\/#organization","name":"Iraurgi Berritzen","url":"https:\/\/iraurgiberritzen.eus\/es\/","logo":{"@type":"ImageObject","inLanguage":"es","@id":"https:\/\/iraurgiberritzen.eus\/es\/#\/schema\/logo\/image\/","url":"https:\/\/iraurgiberritzen.eus\/wp-content\/uploads\/2024\/02\/IRAURGI-BERRITZEN-logotipoa_2.png","contentUrl":"https:\/\/iraurgiberritzen.eus\/wp-content\/uploads\/2024\/02\/IRAURGI-BERRITZEN-logotipoa_2.png","width":496,"height":190,"caption":"Iraurgi Berritzen"},"image":{"@id":"https:\/\/iraurgiberritzen.eus\/es\/#\/schema\/logo\/image\/"}},{"@type":"Person","@id":"https:\/\/iraurgiberritzen.eus\/es\/#\/schema\/person\/5ab41aaf388a9097177601ebf45738d2","name":"kudeatzailea","sameAs":["https:\/\/iraurgiberritzen.eus"]}]}},"_links":{"self":[{"href":"https:\/\/iraurgiberritzen.eus\/es\/wp-json\/wp\/v2\/posts\/12266","targetHints":{"allow":["GET"]}}],"collection":[{"href":"https:\/\/iraurgiberritzen.eus\/es\/wp-json\/wp\/v2\/posts"}],"about":[{"href":"https:\/\/iraurgiberritzen.eus\/es\/wp-json\/wp\/v2\/types\/post"}],"author":[{"embeddable":true,"href":"https:\/\/iraurgiberritzen.eus\/es\/wp-json\/wp\/v2\/users\/1"}],"replies":[{"embeddable":true,"href":"https:\/\/iraurgiberritzen.eus\/es\/wp-json\/wp\/v2\/comments?post=12266"}],"version-history":[{"count":0,"href":"https:\/\/iraurgiberritzen.eus\/es\/wp-json\/wp\/v2\/posts\/12266\/revisions"}],"wp:featuredmedia":[{"embeddable":true,"href":"https:\/\/iraurgiberritzen.eus\/es\/wp-json\/wp\/v2\/media\/17923"}],"wp:attachment":[{"href":"https:\/\/iraurgiberritzen.eus\/es\/wp-json\/wp\/v2\/media?parent=12266"}],"wp:term":[{"taxonomy":"category","embeddable":true,"href":"https:\/\/iraurgiberritzen.eus\/es\/wp-json\/wp\/v2\/categories?post=12266"},{"taxonomy":"post_tag","embeddable":true,"href":"https:\/\/iraurgiberritzen.eus\/es\/wp-json\/wp\/v2\/tags?post=12266"}],"curies":[{"name":"wp","href":"https:\/\/api.w.org\/{rel}","templated":true}]}}